{"id":55180,"date":"2026-03-12T11:26:03","date_gmt":"2026-03-12T10:26:03","guid":{"rendered":"https:\/\/poblenouurbandistrict.com\/?p=55180"},"modified":"2026-03-12T11:26:03","modified_gmt":"2026-03-12T10:26:03","slug":"descobreix-els-cursos-despecilitzacio-professional-de-barcelona-school-of-creativity","status":"publish","type":"post","link":"https:\/\/poblenouurbandistrict.com\/ca\/descobreix-els-cursos-despecilitzacio-professional-de-barcelona-school-of-creativity\/","title":{"rendered":"Descobreix els cursos d&#8217;especilitzaci\u00f3 professional de Barcelona School of Creativity"},"content":{"rendered":"<p><\/p>\n<p data-start=\"29\" data-end=\"396\">Amb els <strong data-start=\"37\" data-end=\"99\">Cursos d\u2019Especialitzaci\u00f3 de <a href=\"https:\/\/barcelonaschoolofcreativity.com\/?gad_source=1&amp;gad_campaignid=13335502692&amp;gbraid=0AAAAADSVhhoDtt0TuEZglmDwHwdZcYA8-&amp;gclid=Cj0KCQjw8p7GBhCjARIsAEhghZ1SGvin0FO9gysuHbMAXAKKsxMH-DcrXJ6U163dshnirUV0VEEg3IIaAjlxEALw_wcB\">Barcelona School of Creativity<\/a><\/strong> tens la possibilitat de continuar formant-te en temes concrets vinculats a la realitat professional; des del <em data-start=\"209\" data-end=\"224\">motion design<\/em> fins a la innovaci\u00f3 creativa o el <em data-start=\"259\" data-end=\"276\">branded content<\/em>. S\u00f3n cursos impartits per professionals i tracten les mat\u00e8ries m\u00e9s actuals i rellevants de la creativitat professional.<\/p>\n<ul>\n<li data-start=\"398\" data-end=\"513\"><a href=\"https:\/\/barcelonaschoolofcreativity.com\/curso\/curso-intensivo-de-motion-graphics-para-directores-de-arte-y-disenadores\/\"><strong data-start=\"398\" data-end=\"479\">Curs intensiu de Motion Graphics per a directors d\u2019art i dissenyadors gr\u00e0fics<\/strong><\/a><br data-start=\"479\" data-end=\"482\" \/>Del <strong data-start=\"486\" data-end=\"513\">7 d\u2019abril al 27 de juny<\/strong><\/li>\n<\/ul>\n<p data-start=\"515\" data-end=\"713\">Si ets director\/a d\u2019art, dissenyador\/a gr\u00e0fic\/a o il\u00b7lustrador\/a, avui dia \u00e9s imprescindible donar moviment a les teves creacions. El <em data-start=\"649\" data-end=\"666\">Motion Graphics<\/em> ha arribat per quedar-se i has d\u2019estar al dia.<\/p>\n<hr \/>\n<ul>\n<li data-start=\"715\" data-end=\"778\"><a href=\"https:\/\/barcelonaschoolofcreativity.com\/curso\/fashion-branding\/\"><strong data-start=\"715\" data-end=\"743\">Curs de Fashion Branding<\/strong><\/a><br data-start=\"743\" data-end=\"746\" \/>Del <strong data-start=\"750\" data-end=\"778\">8 d\u2019abril al 6 de juliol<\/strong><\/li>\n<\/ul>\n<p data-start=\"780\" data-end=\"1250\">El curs de <strong data-start=\"791\" data-end=\"811\">FASHION BRANDING<\/strong> adopta una perspectiva integral sobre el desenvolupament de la publicitat i el <em data-start=\"891\" data-end=\"901\">branding<\/em> en moda, implicant activament l\u2019alumnat a trav\u00e9s dels diversos mitjans expressius contemporanis i el seu llenguatge: la fotografia, l\u2019estrat\u00e8gia, el posicionament, el disseny de marca, l\u2019editorial o l\u2019espai expositiu; entenent-los tots des d\u2019un punt de vista sin\u00e8rgic i col\u00b7laboratiu en la construcci\u00f3 conjunta dels valors i territoris d\u2019una marca.<\/p>\n<hr \/>\n<ul>\n<li data-start=\"1252\" data-end=\"1327\"><a href=\"https:\/\/barcelonaschoolofcreativity.com\/curso\/curso-de-creative-community-management\/\"><strong data-start=\"1252\" data-end=\"1293\">Curs de Creative Community Management<\/strong><\/a><br data-start=\"1293\" data-end=\"1296\" \/>Del <strong data-start=\"1300\" data-end=\"1327\">7 d\u2019abril al 25 de juny<\/strong><\/li>\n<\/ul>\n<p data-start=\"1329\" data-end=\"1584\">Els nous <strong data-start=\"1338\" data-end=\"1369\">Creative Community Managers<\/strong> dominaran des de la planificaci\u00f3 estrat\u00e8gica, la creaci\u00f3 i producci\u00f3 de contingut fins a la gesti\u00f3 integral de xarxes. Perqu\u00e8 els nous especialistes en <em data-start=\"1522\" data-end=\"1536\">Social Media<\/em> seran molt bons creatius i molt bons estrategs.<\/p>\n<hr \/>\n<ul>\n<li data-start=\"1586\" data-end=\"1700\"><a href=\"https:\/\/barcelonaschoolofcreativity.com\/curso\/curso-de-ia-generativa-para-directores-de-arte-y-disenadores\/\"><strong data-start=\"1586\" data-end=\"1664\">Curs intensiu d\u2019IA generativa per a directors d\u2019art i dissenyadors gr\u00e0fics<\/strong><\/a><br data-start=\"1664\" data-end=\"1667\" \/>Del <strong data-start=\"1671\" data-end=\"1700\">4 de maig al 29 de juliol<\/strong><\/li>\n<\/ul>\n<p data-start=\"1702\" data-end=\"1991\">Es tracta del primer curs de car\u00e0cter estrictament professional, enfocat exclusivament a la formaci\u00f3 dels diferents professionals de la ind\u00fastria creativa, amb especial focus en directors d\u2019art, dissenyadors gr\u00e0fics, fot\u00f2grafs, realitzadors audiovisuals, il\u00b7lustradors i <em data-start=\"1973\" data-end=\"1990\">concept artists<\/em>.<\/p>\n<hr \/>\n<ul>\n<li data-start=\"1993\" data-end=\"2064\"><a href=\"https:\/\/barcelonaschoolofcreativity.com\/curso\/curso-intensivo-de-verano-666\/\"><strong data-start=\"1993\" data-end=\"2027\">Curs intensiu de campanyes 666<\/strong><\/a><br data-start=\"2027\" data-end=\"2030\" \/>Del <strong data-start=\"2034\" data-end=\"2064\">15 de juny al 23 de juliol<\/strong><\/li>\n<\/ul>\n<p data-start=\"2066\" data-end=\"2292\">6 setmanes, 6 directors creatius i 6 campanyes en diferents mitjans i formats. Aix\u00f2 \u00e9s el que et proposem en el nostre <strong data-start=\"2185\" data-end=\"2210\">Intensiu d\u2019Estiu 2025<\/strong>. No hi ha millor manera de comen\u00e7ar en la professi\u00f3 que presentant un bon <em data-start=\"2285\" data-end=\"2291\">book<\/em>.<\/p>\n<hr \/>\n<ul>\n<li data-start=\"2294\" data-end=\"2354\"><a href=\"https:\/\/barcelonaschoolofcreativity.com\/curso\/curso-de-video-con-ia\/\"><strong data-start=\"2294\" data-end=\"2318\">Curs de v\u00eddeo amb IA<\/strong><\/a><br data-start=\"2318\" data-end=\"2321\" \/>Del <strong data-start=\"2325\" data-end=\"2354\">5 de juny al 27 de juliol<\/strong><\/li>\n<\/ul>\n<p data-start=\"2356\" data-end=\"2549\">La generaci\u00f3 de v\u00eddeo amb IA evoluciona molt r\u00e0pidament. Realitzadors, directors d\u2019art, creadors de contingut, fot\u00f2grafs i dissenyadors ja estan creant i produint v\u00eddeos per als seus projectes.<\/p>\n<hr \/>\n<p data-start=\"2551\" data-end=\"2729\"><strong data-start=\"2551\" data-end=\"2580\">No deixis mai d\u2019aprendre.<\/strong> Aprofundeix, especialitza\u2019t, creix. Consulta la informaci\u00f3 d\u2019aquests cursos de <a href=\"https:\/\/barcelonaschoolofcreativity.com\/?gad_source=1&amp;gad_campaignid=13335502692&amp;gbraid=0AAAAADSVhhoDtt0TuEZglmDwHwdZcYA8-&amp;gclid=Cj0KCQjw8p7GBhCjARIsAEhghZ1SGvin0FO9gysuHbMAXAKKsxMH-DcrXJ6U163dshnirUV0VEEg3IIaAjlxEALw_wcB\"><strong data-start=\"2660\" data-end=\"2694\">Barcelona School of Creativity<\/strong> <\/a>i apunta\u2019t al que m\u00e9s t\u2019interessi.<\/p>\n<p><\/p>","protected":false},"excerpt":{"rendered":"<p>Amb els Cursos d\u2019Especialitzaci\u00f3 de Barcelona School of Creativity tens la possibilitat de continuar formant-te en temes concrets vinculats a&#8230; <a href=\"https:\/\/poblenouurbandistrict.com\/ca\/descobreix-els-cursos-despecilitzacio-professional-de-barcelona-school-of-creativity\/\">M\u00e9s  \u2192<\/a><\/p>\n","protected":false},"author":5,"featured_media":52632,"comment_status":"closed","ping_status":"closed","sticky":false,"template":"","format":"standard","meta":{"_acf_changed":false,"footnotes":""},"categories":[3628],"tags":[],"class_list":["post-55180","post","type-post","status-publish","format-standard","has-post-thumbnail","hentry","category-universitats"],"acf":[],"yoast_head":"<!-- This site is optimized with the Yoast SEO plugin v27.5 - https:\/\/yoast.com\/product\/yoast-seo-wordpress\/ -->\n<title>Descobreix els cursos d&#039;especilitzaci\u00f3 professional de Barcelona School of Creativity &#8211; Poblenou Urban District<\/title>\n<meta name=\"robots\" content=\"index, follow, max-snippet:-1, max-image-preview:large, max-video-preview:-1\" \/>\n<link rel=\"canonical\" href=\"https:\/\/poblenouurbandistrict.com\/ca\/descobreix-els-cursos-despecilitzacio-professional-de-barcelona-school-of-creativity\/\" \/>\n<meta property=\"og:locale\" content=\"ca_ES\" \/>\n<meta property=\"og:type\" content=\"article\" \/>\n<meta property=\"og:title\" content=\"Descobreix els cursos d&#039;especilitzaci\u00f3 professional de Barcelona School of Creativity &#8211; Poblenou Urban District\" \/>\n<meta property=\"og:description\" content=\"Amb els Cursos d\u2019Especialitzaci\u00f3 de Barcelona School of Creativity tens la possibilitat de continuar formant-te en temes concrets vinculats a... M\u00e9s \u2192\" \/>\n<meta property=\"og:url\" content=\"https:\/\/poblenouurbandistrict.com\/ca\/descobreix-els-cursos-despecilitzacio-professional-de-barcelona-school-of-creativity\/\" \/>\n<meta property=\"og:site_name\" content=\"Poblenou Urban District\" \/>\n<meta property=\"article:published_time\" content=\"2026-03-12T10:26:03+00:00\" \/>\n<meta property=\"og:image\" content=\"https:\/\/media.poblenouurbandistrict.com\/2025\/09\/25093050\/open-day-barcelona-school-of-creativity-ricard-lopez00001.jpg\" \/>\n\t<meta property=\"og:image:width\" content=\"2560\" \/>\n\t<meta property=\"og:image:height\" content=\"1708\" \/>\n\t<meta property=\"og:image:type\" content=\"image\/jpeg\" \/>\n<meta name=\"author\" content=\"pnud\" \/>\n<meta name=\"twitter:card\" content=\"summary_large_image\" \/>\n<meta name=\"twitter:label1\" content=\"Escrit per\" \/>\n\t<meta name=\"twitter:data1\" content=\"pnud\" \/>\n\t<meta name=\"twitter:label2\" content=\"Temps estimat de lectura\" \/>\n\t<meta name=\"twitter:data2\" content=\"3 minuts\" \/>\n<script type=\"application\/ld+json\" class=\"yoast-schema-graph\">{\"@context\":\"https:\\\/\\\/schema.org\",\"@graph\":[{\"@type\":\"Article\",\"@id\":\"https:\\\/\\\/poblenouurbandistrict.com\\\/descobreix-els-cursos-despecilitzacio-professional-de-barcelona-school-of-creativity\\\/#article\",\"isPartOf\":{\"@id\":\"https:\\\/\\\/poblenouurbandistrict.com\\\/descobreix-els-cursos-despecilitzacio-professional-de-barcelona-school-of-creativity\\\/\"},\"author\":{\"name\":\"pnud\",\"@id\":\"https:\\\/\\\/poblenouurbandistrict.com\\\/#\\\/schema\\\/person\\\/980a2cf34b399d5218205730acd54a7e\"},\"headline\":\"Descobreix els cursos d&#8217;especilitzaci\u00f3 professional de Barcelona School of Creativity\",\"datePublished\":\"2026-03-12T10:26:03+00:00\",\"mainEntityOfPage\":{\"@id\":\"https:\\\/\\\/poblenouurbandistrict.com\\\/descobreix-els-cursos-despecilitzacio-professional-de-barcelona-school-of-creativity\\\/\"},\"wordCount\":1289,\"image\":{\"@id\":\"https:\\\/\\\/poblenouurbandistrict.com\\\/descobreix-els-cursos-despecilitzacio-professional-de-barcelona-school-of-creativity\\\/#primaryimage\"},\"thumbnailUrl\":\"https:\\\/\\\/media.poblenouurbandistrict.com\\\/2025\\\/09\\\/25093050\\\/open-day-barcelona-school-of-creativity-ricard-lopez00001.jpg\",\"articleSection\":[\"Universitats\"],\"inLanguage\":\"ca\"},{\"@type\":\"WebPage\",\"@id\":\"https:\\\/\\\/poblenouurbandistrict.com\\\/ca\\\/descobreix-els-cursos-despecilitzacio-professional-de-barcelona-school-of-creativity\\\/\",\"url\":\"https:\\\/\\\/poblenouurbandistrict.com\\\/ca\\\/descobreix-els-cursos-despecilitzacio-professional-de-barcelona-school-of-creativity\\\/\",\"name\":\"Descobreix els cursos d'especilitzaci\u00f3 professional de Barcelona School of Creativity &#8211; Poblenou Urban District\",\"isPartOf\":{\"@id\":\"https:\\\/\\\/poblenouurbandistrict.com\\\/ca\\\/#website\"},\"primaryImageOfPage\":{\"@id\":\"https:\\\/\\\/poblenouurbandistrict.com\\\/ca\\\/descobreix-els-cursos-despecilitzacio-professional-de-barcelona-school-of-creativity\\\/#primaryimage\"},\"image\":{\"@id\":\"https:\\\/\\\/poblenouurbandistrict.com\\\/descobreix-els-cursos-despecilitzacio-professional-de-barcelona-school-of-creativity\\\/#primaryimage\"},\"thumbnailUrl\":\"https:\\\/\\\/media.poblenouurbandistrict.com\\\/2025\\\/09\\\/25093050\\\/open-day-barcelona-school-of-creativity-ricard-lopez00001.jpg\",\"datePublished\":\"2026-03-12T10:26:03+00:00\",\"author\":{\"@id\":\"https:\\\/\\\/poblenouurbandistrict.com\\\/#\\\/schema\\\/person\\\/980a2cf34b399d5218205730acd54a7e\"},\"breadcrumb\":{\"@id\":\"https:\\\/\\\/poblenouurbandistrict.com\\\/ca\\\/descobreix-els-cursos-despecilitzacio-professional-de-barcelona-school-of-creativity\\\/#breadcrumb\"},\"inLanguage\":\"ca\",\"potentialAction\":[{\"@type\":\"ReadAction\",\"target\":[[\"https:\\\/\\\/poblenouurbandistrict.com\\\/ca\\\/descobreix-els-cursos-despecilitzacio-professional-de-barcelona-school-of-creativity\\\/\"]]}]},{\"@type\":\"ImageObject\",\"inLanguage\":\"ca\",\"@id\":\"https:\\\/\\\/poblenouurbandistrict.com\\\/ca\\\/descobreix-els-cursos-despecilitzacio-professional-de-barcelona-school-of-creativity\\\/#primaryimage\",\"url\":\"https:\\\/\\\/media.poblenouurbandistrict.com\\\/2025\\\/09\\\/25093050\\\/open-day-barcelona-school-of-creativity-ricard-lopez00001.jpg\",\"contentUrl\":\"https:\\\/\\\/media.poblenouurbandistrict.com\\\/2025\\\/09\\\/25093050\\\/open-day-barcelona-school-of-creativity-ricard-lopez00001.jpg\",\"width\":2560,\"height\":1708},{\"@type\":\"BreadcrumbList\",\"@id\":\"https:\\\/\\\/poblenouurbandistrict.com\\\/ca\\\/descobreix-els-cursos-despecilitzacio-professional-de-barcelona-school-of-creativity\\\/#breadcrumb\",\"itemListElement\":[{\"@type\":\"ListItem\",\"position\":1,\"name\":\"Home\",\"item\":\"https:\\\/\\\/poblenouurbandistrict.com\\\/ca\\\/\"},{\"@type\":\"ListItem\",\"position\":2,\"name\":\"Descobreix els cursos d&#8217;especilitzaci\u00f3 professional de Barcelona School of Creativity\"}]},{\"@type\":\"WebSite\",\"@id\":\"https:\\\/\\\/poblenouurbandistrict.com\\\/ca\\\/#website\",\"url\":\"https:\\\/\\\/poblenouurbandistrict.com\\\/ca\\\/\",\"name\":\"Poblenou Urban District\",\"description\":\"Comunitat Creativa\",\"potentialAction\":[{\"@type\":\"SearchAction\",\"target\":{\"@type\":\"EntryPoint\",\"urlTemplate\":\"https:\\\/\\\/poblenouurbandistrict.com\\\/ca\\\/?s={search_term_string}\"},\"query-input\":{\"@type\":\"PropertyValueSpecification\",\"valueRequired\":true,\"valueName\":\"search_term_string\"}}],\"inLanguage\":\"ca\"},{\"@type\":\"Person\",\"@id\":\"https:\\\/\\\/poblenouurbandistrict.com\\\/#\\\/schema\\\/person\\\/980a2cf34b399d5218205730acd54a7e\",\"name\":\"pnud\",\"image\":{\"@type\":\"ImageObject\",\"inLanguage\":\"ca\",\"@id\":\"https:\\\/\\\/secure.gravatar.com\\\/avatar\\\/67146597b405ee077a24e519f75c3e2031736596d6ce35af3a34c122c93d0d7b?s=96&d=retro&r=g\",\"url\":\"https:\\\/\\\/secure.gravatar.com\\\/avatar\\\/67146597b405ee077a24e519f75c3e2031736596d6ce35af3a34c122c93d0d7b?s=96&d=retro&r=g\",\"contentUrl\":\"https:\\\/\\\/secure.gravatar.com\\\/avatar\\\/67146597b405ee077a24e519f75c3e2031736596d6ce35af3a34c122c93d0d7b?s=96&d=retro&r=g\",\"caption\":\"pnud\"}}]}<\/script>\n<!-- \/ Yoast SEO plugin. -->","yoast_head_json":{"title":"Descobreix els cursos d'especilitzaci\u00f3 professional de Barcelona School of Creativity &#8211; Poblenou Urban District","robots":{"index":"index","follow":"follow","max-snippet":"max-snippet:-1","max-image-preview":"max-image-preview:large","max-video-preview":"max-video-preview:-1"},"canonical":"https:\/\/poblenouurbandistrict.com\/ca\/descobreix-els-cursos-despecilitzacio-professional-de-barcelona-school-of-creativity\/","og_locale":"ca_ES","og_type":"article","og_title":"Descobreix els cursos d'especilitzaci\u00f3 professional de Barcelona School of Creativity &#8211; Poblenou Urban District","og_description":"Amb els Cursos d\u2019Especialitzaci\u00f3 de Barcelona School of Creativity tens la possibilitat de continuar formant-te en temes concrets vinculats a... M\u00e9s \u2192","og_url":"https:\/\/poblenouurbandistrict.com\/ca\/descobreix-els-cursos-despecilitzacio-professional-de-barcelona-school-of-creativity\/","og_site_name":"Poblenou Urban District","article_published_time":"2026-03-12T10:26:03+00:00","og_image":[{"width":2560,"height":1708,"url":"https:\/\/media.poblenouurbandistrict.com\/2025\/09\/25093050\/open-day-barcelona-school-of-creativity-ricard-lopez00001.jpg","type":"image\/jpeg"}],"author":"pnud","twitter_card":"summary_large_image","twitter_misc":{"Escrit per":"pnud","Temps estimat de lectura":"3 minuts"},"schema":{"@context":"https:\/\/schema.org","@graph":[{"@type":"Article","@id":"https:\/\/poblenouurbandistrict.com\/descobreix-els-cursos-despecilitzacio-professional-de-barcelona-school-of-creativity\/#article","isPartOf":{"@id":"https:\/\/poblenouurbandistrict.com\/descobreix-els-cursos-despecilitzacio-professional-de-barcelona-school-of-creativity\/"},"author":{"name":"pnud","@id":"https:\/\/poblenouurbandistrict.com\/#\/schema\/person\/980a2cf34b399d5218205730acd54a7e"},"headline":"Descobreix els cursos d&#8217;especilitzaci\u00f3 professional de Barcelona School of Creativity","datePublished":"2026-03-12T10:26:03+00:00","mainEntityOfPage":{"@id":"https:\/\/poblenouurbandistrict.com\/descobreix-els-cursos-despecilitzacio-professional-de-barcelona-school-of-creativity\/"},"wordCount":1289,"image":{"@id":"https:\/\/poblenouurbandistrict.com\/descobreix-els-cursos-despecilitzacio-professional-de-barcelona-school-of-creativity\/#primaryimage"},"thumbnailUrl":"https:\/\/media.poblenouurbandistrict.com\/2025\/09\/25093050\/open-day-barcelona-school-of-creativity-ricard-lopez00001.jpg","articleSection":["Universitats"],"inLanguage":"ca"},{"@type":"WebPage","@id":"https:\/\/poblenouurbandistrict.com\/ca\/descobreix-els-cursos-despecilitzacio-professional-de-barcelona-school-of-creativity\/","url":"https:\/\/poblenouurbandistrict.com\/ca\/descobreix-els-cursos-despecilitzacio-professional-de-barcelona-school-of-creativity\/","name":"Descobreix els cursos d'especilitzaci\u00f3 professional de Barcelona School of Creativity &#8211; Poblenou Urban District","isPartOf":{"@id":"https:\/\/poblenouurbandistrict.com\/ca\/#website"},"primaryImageOfPage":{"@id":"https:\/\/poblenouurbandistrict.com\/ca\/descobreix-els-cursos-despecilitzacio-professional-de-barcelona-school-of-creativity\/#primaryimage"},"image":{"@id":"https:\/\/poblenouurbandistrict.com\/descobreix-els-cursos-despecilitzacio-professional-de-barcelona-school-of-creativity\/#primaryimage"},"thumbnailUrl":"https:\/\/media.poblenouurbandistrict.com\/2025\/09\/25093050\/open-day-barcelona-school-of-creativity-ricard-lopez00001.jpg","datePublished":"2026-03-12T10:26:03+00:00","author":{"@id":"https:\/\/poblenouurbandistrict.com\/#\/schema\/person\/980a2cf34b399d5218205730acd54a7e"},"breadcrumb":{"@id":"https:\/\/poblenouurbandistrict.com\/ca\/descobreix-els-cursos-despecilitzacio-professional-de-barcelona-school-of-creativity\/#breadcrumb"},"inLanguage":"ca","potentialAction":[{"@type":"ReadAction","target":[["https:\/\/poblenouurbandistrict.com\/ca\/descobreix-els-cursos-despecilitzacio-professional-de-barcelona-school-of-creativity\/"]]}]},{"@type":"ImageObject","inLanguage":"ca","@id":"https:\/\/poblenouurbandistrict.com\/ca\/descobreix-els-cursos-despecilitzacio-professional-de-barcelona-school-of-creativity\/#primaryimage","url":"https:\/\/media.poblenouurbandistrict.com\/2025\/09\/25093050\/open-day-barcelona-school-of-creativity-ricard-lopez00001.jpg","contentUrl":"https:\/\/media.poblenouurbandistrict.com\/2025\/09\/25093050\/open-day-barcelona-school-of-creativity-ricard-lopez00001.jpg","width":2560,"height":1708},{"@type":"BreadcrumbList","@id":"https:\/\/poblenouurbandistrict.com\/ca\/descobreix-els-cursos-despecilitzacio-professional-de-barcelona-school-of-creativity\/#breadcrumb","itemListElement":[{"@type":"ListItem","position":1,"name":"Home","item":"https:\/\/poblenouurbandistrict.com\/ca\/"},{"@type":"ListItem","position":2,"name":"Descobreix els cursos d&#8217;especilitzaci\u00f3 professional de Barcelona School of Creativity"}]},{"@type":"WebSite","@id":"https:\/\/poblenouurbandistrict.com\/ca\/#website","url":"https:\/\/poblenouurbandistrict.com\/ca\/","name":"Poblenou Urban District","description":"Comunitat Creativa","potentialAction":[{"@type":"SearchAction","target":{"@type":"EntryPoint","urlTemplate":"https:\/\/poblenouurbandistrict.com\/ca\/?s={search_term_string}"},"query-input":{"@type":"PropertyValueSpecification","valueRequired":true,"valueName":"search_term_string"}}],"inLanguage":"ca"},{"@type":"Person","@id":"https:\/\/poblenouurbandistrict.com\/#\/schema\/person\/980a2cf34b399d5218205730acd54a7e","name":"pnud","image":{"@type":"ImageObject","inLanguage":"ca","@id":"https:\/\/secure.gravatar.com\/avatar\/67146597b405ee077a24e519f75c3e2031736596d6ce35af3a34c122c93d0d7b?s=96&d=retro&r=g","url":"https:\/\/secure.gravatar.com\/avatar\/67146597b405ee077a24e519f75c3e2031736596d6ce35af3a34c122c93d0d7b?s=96&d=retro&r=g","contentUrl":"https:\/\/secure.gravatar.com\/avatar\/67146597b405ee077a24e519f75c3e2031736596d6ce35af3a34c122c93d0d7b?s=96&d=retro&r=g","caption":"pnud"}}]}},"_links":{"self":[{"href":"https:\/\/poblenouurbandistrict.com\/ca\/wp-json\/wp\/v2\/posts\/55180","targetHints":{"allow":["GET"]}}],"collection":[{"href":"https:\/\/poblenouurbandistrict.com\/ca\/wp-json\/wp\/v2\/posts"}],"about":[{"href":"https:\/\/poblenouurbandistrict.com\/ca\/wp-json\/wp\/v2\/types\/post"}],"author":[{"embeddable":true,"href":"https:\/\/poblenouurbandistrict.com\/ca\/wp-json\/wp\/v2\/users\/5"}],"replies":[{"embeddable":true,"href":"https:\/\/poblenouurbandistrict.com\/ca\/wp-json\/wp\/v2\/comments?post=55180"}],"version-history":[{"count":2,"href":"https:\/\/poblenouurbandistrict.com\/ca\/wp-json\/wp\/v2\/posts\/55180\/revisions"}],"predecessor-version":[{"id":55185,"href":"https:\/\/poblenouurbandistrict.com\/ca\/wp-json\/wp\/v2\/posts\/55180\/revisions\/55185"}],"wp:featuredmedia":[{"embeddable":true,"href":"https:\/\/poblenouurbandistrict.com\/ca\/wp-json\/wp\/v2\/media\/52632"}],"wp:attachment":[{"href":"https:\/\/poblenouurbandistrict.com\/ca\/wp-json\/wp\/v2\/media?parent=55180"}],"wp:term":[{"taxonomy":"category","embeddable":true,"href":"https:\/\/poblenouurbandistrict.com\/ca\/wp-json\/wp\/v2\/categories?post=55180"},{"taxonomy":"post_tag","embeddable":true,"href":"https:\/\/poblenouurbandistrict.com\/ca\/wp-json\/wp\/v2\/tags?post=55180"}],"curies":[{"name":"wp","href":"https:\/\/api.w.org\/{rel}","templated":true}]}}