{"id":55208,"date":"2026-03-12T14:31:45","date_gmt":"2026-03-12T13:31:45","guid":{"rendered":"https:\/\/poblenouurbandistrict.com\/?p=55208"},"modified":"2026-03-12T14:31:45","modified_gmt":"2026-03-12T13:31:45","slug":"la-fundacio-carulla-impulsa-al-poblenou-fem-performances-nova-beca-de-suport-a-la-creacio","status":"publish","type":"post","link":"https:\/\/poblenouurbandistrict.com\/ca\/la-fundacio-carulla-impulsa-al-poblenou-fem-performances-nova-beca-de-suport-a-la-creacio\/","title":{"rendered":"La Fundaci\u00f3 Carulla impulsa \u201cAl Poblenou fem performances\u201d, nova beca de suport a la creaci\u00f3"},"content":{"rendered":"<p><span data-contrast=\"auto\"><a href=\"https:\/\/fundaciocarulla.cat\/\">La Fundaci\u00f3 Carulla<\/a>\u00a0coorganitza\u00a0la nova beca de suport a la creaci\u00f3 art\u00edstica del\u00a0<\/span><b><span data-contrast=\"auto\">Festival Escena Poblenou<\/span><\/b><span data-contrast=\"auto\">.\u00a0<\/span><a href=\"https:\/\/www.escenapoblenou.com\/convocatories-2026\/al-poblenou-fem-performances\/\" target=\"_blank\" rel=\"noopener\"><b><i><span data-contrast=\"auto\">Al Poblenou fem performances<\/span><\/i><\/b><\/a><i><span data-contrast=\"auto\">\u00a0<\/span><\/i><span data-contrast=\"auto\">busca impulsar\u00a0pr\u00e0ctiques art\u00edstiques\u00a0col\u00b7laboratives\u00a0i generar processos que apropin les arts contempor\u00e0nies als ve\u00efns i ve\u00efnes del Poblenou. La convocat\u00f2ria ser\u00e0 oberta\u00a0<\/span><b><span data-contrast=\"auto\">fins al 6 d\u2019abril.\u00a0<\/span><\/b><span data-ccp-props=\"{}\">\u00a0<\/span><\/p>\n<p><span data-contrast=\"auto\">La\u00a0beca\u00a0s\u2019adre\u00e7a a artistes o col\u00b7lectius professionals d\u2019arts visuals, arts esc\u00e8niques o pr\u00e0ctiques multidisciplin\u00e0ries que vulguin desenvolupar un projecte de\u00a0<\/span><b><span data-contrast=\"auto\">cocreaci\u00f3\u00a0amb\u00a0els ve\u00efns i ve\u00efnes\u00a0del Poblenou<\/span><\/b><span data-contrast=\"auto\">. Les propostes han de plantejar un proc\u00e9s art\u00edstic en di\u00e0leg amb el territori i amb la voluntat d\u2019implicar comunitats, entitats socials o culturals del barri.\u00a0L\u2019objectiu, doncs, no \u00e9s nom\u00e9s emp\u00e8nyer la creaci\u00f3 d\u2019una obra individual, sin\u00f3 tamb\u00e9 generar processos comunitaris sostinguts al territori\u00a0que generin nous vincles entre els seus habitants.\u00a0<\/span><span data-ccp-props=\"{&quot;335559738&quot;:240,&quot;335559739&quot;:240}\">\u00a0<\/span><\/p>\n<p><span data-contrast=\"auto\">El projecte seleccionat rebr\u00e0\u00a0<\/span><b><span data-contrast=\"auto\">una dotaci\u00f3 econ\u00f2mica de 6.000 \u20ac,<\/span><\/b><span data-contrast=\"auto\">\u00a0aix\u00ed com espais de creaci\u00f3 i assaig al Centre C\u00edvic Can Felipa i a la Fundaci\u00f3 Carulla. A m\u00e9s a m\u00e9s, comptar\u00e0 amb\u00a0<\/span><b><span data-contrast=\"auto\">acompanyament professional<\/span><\/b><span data-contrast=\"auto\">\u00a0de les entitats organitzadores durant les diferents fases del proc\u00e9s. <\/span><\/p>\n<p><span data-contrast=\"auto\">La proposta escollida s\u2019exhibir\u00e0 dins del\u00a0<\/span><b><span data-contrast=\"auto\">25\u00e8 Festival Escena Poblenou<\/span><\/b><span data-contrast=\"auto\">, que tindr\u00e0 lloc del\u00a0<\/span><b><span data-contrast=\"auto\">22 al 25 d\u2019octubre de 2026<\/span><\/b><span data-contrast=\"auto\">. Posteriorment,\u00a0formar\u00e0 part de la programaci\u00f3\u00a0d\u2019<\/span><b><span data-contrast=\"auto\">Escenaris de Llum<\/span><\/b><span data-contrast=\"auto\">\u00a0de la Fundaci\u00f3 Carulla, prevista per a\u00a0<\/span><b><span data-contrast=\"auto\">l\u2019abril de 2027<\/span><\/b><span data-contrast=\"auto\">.<\/span><span data-ccp-props=\"{&quot;335559738&quot;:240,&quot;335559739&quot;:240}\">\u00a0<\/span><\/p>\n<p><a href=\"https:\/\/www.escenapoblenou.com\/convocatories-2026\/al-poblenou-fem-performances\/\"><strong>Consulta les bases i inscripcions<\/strong><\/a>.<\/p>","protected":false},"excerpt":{"rendered":"<p>La Fundaci\u00f3 Carulla\u00a0coorganitza\u00a0la nova beca de suport a la creaci\u00f3 art\u00edstica del\u00a0Festival Escena Poblenou.\u00a0Al Poblenou fem performances\u00a0busca impulsar\u00a0pr\u00e0ctiques art\u00edstiques\u00a0col\u00b7laboratives\u00a0i generar&#8230; <a href=\"https:\/\/poblenouurbandistrict.com\/ca\/la-fundacio-carulla-impulsa-al-poblenou-fem-performances-nova-beca-de-suport-a-la-creacio\/\">M\u00e9s  \u2192<\/a><\/p>\n","protected":false},"author":5,"featured_media":55209,"comment_status":"closed","ping_status":"closed","sticky":false,"template":"","format":"standard","meta":{"_acf_changed":false,"footnotes":""},"categories":[1],"tags":[],"class_list":["post-55208","post","type-post","status-publish","format-standard","has-post-thumbnail","hentry","category-noticias"],"acf":[],"yoast_head":"<!-- This site is optimized with the Yoast SEO plugin v27.4 - https:\/\/yoast.com\/product\/yoast-seo-wordpress\/ -->\n<title>La Fundaci\u00f3 Carulla impulsa \u201cAl Poblenou fem performances\u201d, nova beca de suport a la creaci\u00f3 &#8211; Poblenou Urban District<\/title>\n<meta name=\"robots\" content=\"index, follow, max-snippet:-1, max-image-preview:large, max-video-preview:-1\" \/>\n<link rel=\"canonical\" href=\"https:\/\/poblenouurbandistrict.com\/ca\/la-fundacio-carulla-impulsa-al-poblenou-fem-performances-nova-beca-de-suport-a-la-creacio\/\" \/>\n<meta property=\"og:locale\" content=\"ca_ES\" \/>\n<meta property=\"og:type\" content=\"article\" \/>\n<meta property=\"og:title\" content=\"La Fundaci\u00f3 Carulla impulsa \u201cAl Poblenou fem performances\u201d, nova beca de suport a la creaci\u00f3 &#8211; Poblenou Urban District\" \/>\n<meta property=\"og:description\" content=\"La Fundaci\u00f3 Carulla\u00a0coorganitza\u00a0la nova beca de suport a la creaci\u00f3 art\u00edstica del\u00a0Festival Escena Poblenou.\u00a0Al Poblenou fem performances\u00a0busca impulsar\u00a0pr\u00e0ctiques art\u00edstiques\u00a0col\u00b7laboratives\u00a0i generar... M\u00e9s \u2192\" \/>\n<meta property=\"og:url\" content=\"https:\/\/poblenouurbandistrict.com\/ca\/la-fundacio-carulla-impulsa-al-poblenou-fem-performances-nova-beca-de-suport-a-la-creacio\/\" \/>\n<meta property=\"og:site_name\" content=\"Poblenou Urban District\" \/>\n<meta property=\"article:published_time\" content=\"2026-03-12T13:31:45+00:00\" \/>\n<meta property=\"og:image\" content=\"https:\/\/media.poblenouurbandistrict.com\/2026\/03\/12125611\/image003.jpg\" \/>\n\t<meta property=\"og:image:width\" content=\"1920\" \/>\n\t<meta property=\"og:image:height\" content=\"1279\" \/>\n\t<meta property=\"og:image:type\" content=\"image\/jpeg\" \/>\n<meta name=\"author\" content=\"pnud\" \/>\n<meta name=\"twitter:card\" content=\"summary_large_image\" \/>\n<meta name=\"twitter:label1\" content=\"Escrit per\" \/>\n\t<meta name=\"twitter:data1\" content=\"pnud\" \/>\n\t<meta name=\"twitter:label2\" content=\"Temps estimat de lectura\" \/>\n\t<meta name=\"twitter:data2\" content=\"2 minuts\" \/>\n<script type=\"application\/ld+json\" class=\"yoast-schema-graph\">{\"@context\":\"https:\\\/\\\/schema.org\",\"@graph\":[{\"@type\":\"Article\",\"@id\":\"https:\\\/\\\/poblenouurbandistrict.com\\\/la-fundacio-carulla-impulsa-al-poblenou-fem-performances-nova-beca-de-suport-a-la-creacio\\\/#article\",\"isPartOf\":{\"@id\":\"https:\\\/\\\/poblenouurbandistrict.com\\\/la-fundacio-carulla-impulsa-al-poblenou-fem-performances-nova-beca-de-suport-a-la-creacio\\\/\"},\"author\":{\"name\":\"pnud\",\"@id\":\"https:\\\/\\\/poblenouurbandistrict.com\\\/#\\\/schema\\\/person\\\/980a2cf34b399d5218205730acd54a7e\"},\"headline\":\"La Fundaci\u00f3 Carulla impulsa \u201cAl Poblenou fem performances\u201d, nova beca de suport a la creaci\u00f3\",\"datePublished\":\"2026-03-12T13:31:45+00:00\",\"mainEntityOfPage\":{\"@id\":\"https:\\\/\\\/poblenouurbandistrict.com\\\/la-fundacio-carulla-impulsa-al-poblenou-fem-performances-nova-beca-de-suport-a-la-creacio\\\/\"},\"wordCount\":758,\"image\":{\"@id\":\"https:\\\/\\\/poblenouurbandistrict.com\\\/la-fundacio-carulla-impulsa-al-poblenou-fem-performances-nova-beca-de-suport-a-la-creacio\\\/#primaryimage\"},\"thumbnailUrl\":\"https:\\\/\\\/media.poblenouurbandistrict.com\\\/2026\\\/03\\\/12125611\\\/image003.jpg\",\"articleSection\":[\"Est\u00e0 passant\"],\"inLanguage\":\"ca\"},{\"@type\":\"WebPage\",\"@id\":\"https:\\\/\\\/poblenouurbandistrict.com\\\/ca\\\/la-fundacio-carulla-impulsa-al-poblenou-fem-performances-nova-beca-de-suport-a-la-creacio\\\/\",\"url\":\"https:\\\/\\\/poblenouurbandistrict.com\\\/ca\\\/la-fundacio-carulla-impulsa-al-poblenou-fem-performances-nova-beca-de-suport-a-la-creacio\\\/\",\"name\":\"La Fundaci\u00f3 Carulla impulsa \u201cAl Poblenou fem performances\u201d, nova beca de suport a la creaci\u00f3 &#8211; Poblenou Urban District\",\"isPartOf\":{\"@id\":\"https:\\\/\\\/poblenouurbandistrict.com\\\/ca\\\/#website\"},\"primaryImageOfPage\":{\"@id\":\"https:\\\/\\\/poblenouurbandistrict.com\\\/ca\\\/la-fundacio-carulla-impulsa-al-poblenou-fem-performances-nova-beca-de-suport-a-la-creacio\\\/#primaryimage\"},\"image\":{\"@id\":\"https:\\\/\\\/poblenouurbandistrict.com\\\/la-fundacio-carulla-impulsa-al-poblenou-fem-performances-nova-beca-de-suport-a-la-creacio\\\/#primaryimage\"},\"thumbnailUrl\":\"https:\\\/\\\/media.poblenouurbandistrict.com\\\/2026\\\/03\\\/12125611\\\/image003.jpg\",\"datePublished\":\"2026-03-12T13:31:45+00:00\",\"author\":{\"@id\":\"https:\\\/\\\/poblenouurbandistrict.com\\\/#\\\/schema\\\/person\\\/980a2cf34b399d5218205730acd54a7e\"},\"breadcrumb\":{\"@id\":\"https:\\\/\\\/poblenouurbandistrict.com\\\/ca\\\/la-fundacio-carulla-impulsa-al-poblenou-fem-performances-nova-beca-de-suport-a-la-creacio\\\/#breadcrumb\"},\"inLanguage\":\"ca\",\"potentialAction\":[{\"@type\":\"ReadAction\",\"target\":[[\"https:\\\/\\\/poblenouurbandistrict.com\\\/ca\\\/la-fundacio-carulla-impulsa-al-poblenou-fem-performances-nova-beca-de-suport-a-la-creacio\\\/\"]]}]},{\"@type\":\"ImageObject\",\"inLanguage\":\"ca\",\"@id\":\"https:\\\/\\\/poblenouurbandistrict.com\\\/ca\\\/la-fundacio-carulla-impulsa-al-poblenou-fem-performances-nova-beca-de-suport-a-la-creacio\\\/#primaryimage\",\"url\":\"https:\\\/\\\/media.poblenouurbandistrict.com\\\/2026\\\/03\\\/12125611\\\/image003.jpg\",\"contentUrl\":\"https:\\\/\\\/media.poblenouurbandistrict.com\\\/2026\\\/03\\\/12125611\\\/image003.jpg\",\"width\":1920,\"height\":1279},{\"@type\":\"BreadcrumbList\",\"@id\":\"https:\\\/\\\/poblenouurbandistrict.com\\\/ca\\\/la-fundacio-carulla-impulsa-al-poblenou-fem-performances-nova-beca-de-suport-a-la-creacio\\\/#breadcrumb\",\"itemListElement\":[{\"@type\":\"ListItem\",\"position\":1,\"name\":\"Home\",\"item\":\"https:\\\/\\\/poblenouurbandistrict.com\\\/ca\\\/\"},{\"@type\":\"ListItem\",\"position\":2,\"name\":\"La Fundaci\u00f3 Carulla impulsa \u201cAl Poblenou fem performances\u201d, nova beca de suport a la creaci\u00f3\"}]},{\"@type\":\"WebSite\",\"@id\":\"https:\\\/\\\/poblenouurbandistrict.com\\\/ca\\\/#website\",\"url\":\"https:\\\/\\\/poblenouurbandistrict.com\\\/ca\\\/\",\"name\":\"Poblenou Urban District\",\"description\":\"Comunitat Creativa\",\"potentialAction\":[{\"@type\":\"SearchAction\",\"target\":{\"@type\":\"EntryPoint\",\"urlTemplate\":\"https:\\\/\\\/poblenouurbandistrict.com\\\/ca\\\/?s={search_term_string}\"},\"query-input\":{\"@type\":\"PropertyValueSpecification\",\"valueRequired\":true,\"valueName\":\"search_term_string\"}}],\"inLanguage\":\"ca\"},{\"@type\":\"Person\",\"@id\":\"https:\\\/\\\/poblenouurbandistrict.com\\\/#\\\/schema\\\/person\\\/980a2cf34b399d5218205730acd54a7e\",\"name\":\"pnud\",\"image\":{\"@type\":\"ImageObject\",\"inLanguage\":\"ca\",\"@id\":\"https:\\\/\\\/secure.gravatar.com\\\/avatar\\\/67146597b405ee077a24e519f75c3e2031736596d6ce35af3a34c122c93d0d7b?s=96&d=retro&r=g\",\"url\":\"https:\\\/\\\/secure.gravatar.com\\\/avatar\\\/67146597b405ee077a24e519f75c3e2031736596d6ce35af3a34c122c93d0d7b?s=96&d=retro&r=g\",\"contentUrl\":\"https:\\\/\\\/secure.gravatar.com\\\/avatar\\\/67146597b405ee077a24e519f75c3e2031736596d6ce35af3a34c122c93d0d7b?s=96&d=retro&r=g\",\"caption\":\"pnud\"}}]}<\/script>\n<!-- \/ Yoast SEO plugin. -->","yoast_head_json":{"title":"La Fundaci\u00f3 Carulla impulsa \u201cAl Poblenou fem performances\u201d, nova beca de suport a la creaci\u00f3 &#8211; Poblenou Urban District","robots":{"index":"index","follow":"follow","max-snippet":"max-snippet:-1","max-image-preview":"max-image-preview:large","max-video-preview":"max-video-preview:-1"},"canonical":"https:\/\/poblenouurbandistrict.com\/ca\/la-fundacio-carulla-impulsa-al-poblenou-fem-performances-nova-beca-de-suport-a-la-creacio\/","og_locale":"ca_ES","og_type":"article","og_title":"La Fundaci\u00f3 Carulla impulsa \u201cAl Poblenou fem performances\u201d, nova beca de suport a la creaci\u00f3 &#8211; Poblenou Urban District","og_description":"La Fundaci\u00f3 Carulla\u00a0coorganitza\u00a0la nova beca de suport a la creaci\u00f3 art\u00edstica del\u00a0Festival Escena Poblenou.\u00a0Al Poblenou fem performances\u00a0busca impulsar\u00a0pr\u00e0ctiques art\u00edstiques\u00a0col\u00b7laboratives\u00a0i generar... M\u00e9s \u2192","og_url":"https:\/\/poblenouurbandistrict.com\/ca\/la-fundacio-carulla-impulsa-al-poblenou-fem-performances-nova-beca-de-suport-a-la-creacio\/","og_site_name":"Poblenou Urban District","article_published_time":"2026-03-12T13:31:45+00:00","og_image":[{"width":1920,"height":1279,"url":"https:\/\/media.poblenouurbandistrict.com\/2026\/03\/12125611\/image003.jpg","type":"image\/jpeg"}],"author":"pnud","twitter_card":"summary_large_image","twitter_misc":{"Escrit per":"pnud","Temps estimat de lectura":"2 minuts"},"schema":{"@context":"https:\/\/schema.org","@graph":[{"@type":"Article","@id":"https:\/\/poblenouurbandistrict.com\/la-fundacio-carulla-impulsa-al-poblenou-fem-performances-nova-beca-de-suport-a-la-creacio\/#article","isPartOf":{"@id":"https:\/\/poblenouurbandistrict.com\/la-fundacio-carulla-impulsa-al-poblenou-fem-performances-nova-beca-de-suport-a-la-creacio\/"},"author":{"name":"pnud","@id":"https:\/\/poblenouurbandistrict.com\/#\/schema\/person\/980a2cf34b399d5218205730acd54a7e"},"headline":"La Fundaci\u00f3 Carulla impulsa \u201cAl Poblenou fem performances\u201d, nova beca de suport a la creaci\u00f3","datePublished":"2026-03-12T13:31:45+00:00","mainEntityOfPage":{"@id":"https:\/\/poblenouurbandistrict.com\/la-fundacio-carulla-impulsa-al-poblenou-fem-performances-nova-beca-de-suport-a-la-creacio\/"},"wordCount":758,"image":{"@id":"https:\/\/poblenouurbandistrict.com\/la-fundacio-carulla-impulsa-al-poblenou-fem-performances-nova-beca-de-suport-a-la-creacio\/#primaryimage"},"thumbnailUrl":"https:\/\/media.poblenouurbandistrict.com\/2026\/03\/12125611\/image003.jpg","articleSection":["Est\u00e0 passant"],"inLanguage":"ca"},{"@type":"WebPage","@id":"https:\/\/poblenouurbandistrict.com\/ca\/la-fundacio-carulla-impulsa-al-poblenou-fem-performances-nova-beca-de-suport-a-la-creacio\/","url":"https:\/\/poblenouurbandistrict.com\/ca\/la-fundacio-carulla-impulsa-al-poblenou-fem-performances-nova-beca-de-suport-a-la-creacio\/","name":"La Fundaci\u00f3 Carulla impulsa \u201cAl Poblenou fem performances\u201d, nova beca de suport a la creaci\u00f3 &#8211; Poblenou Urban District","isPartOf":{"@id":"https:\/\/poblenouurbandistrict.com\/ca\/#website"},"primaryImageOfPage":{"@id":"https:\/\/poblenouurbandistrict.com\/ca\/la-fundacio-carulla-impulsa-al-poblenou-fem-performances-nova-beca-de-suport-a-la-creacio\/#primaryimage"},"image":{"@id":"https:\/\/poblenouurbandistrict.com\/la-fundacio-carulla-impulsa-al-poblenou-fem-performances-nova-beca-de-suport-a-la-creacio\/#primaryimage"},"thumbnailUrl":"https:\/\/media.poblenouurbandistrict.com\/2026\/03\/12125611\/image003.jpg","datePublished":"2026-03-12T13:31:45+00:00","author":{"@id":"https:\/\/poblenouurbandistrict.com\/#\/schema\/person\/980a2cf34b399d5218205730acd54a7e"},"breadcrumb":{"@id":"https:\/\/poblenouurbandistrict.com\/ca\/la-fundacio-carulla-impulsa-al-poblenou-fem-performances-nova-beca-de-suport-a-la-creacio\/#breadcrumb"},"inLanguage":"ca","potentialAction":[{"@type":"ReadAction","target":[["https:\/\/poblenouurbandistrict.com\/ca\/la-fundacio-carulla-impulsa-al-poblenou-fem-performances-nova-beca-de-suport-a-la-creacio\/"]]}]},{"@type":"ImageObject","inLanguage":"ca","@id":"https:\/\/poblenouurbandistrict.com\/ca\/la-fundacio-carulla-impulsa-al-poblenou-fem-performances-nova-beca-de-suport-a-la-creacio\/#primaryimage","url":"https:\/\/media.poblenouurbandistrict.com\/2026\/03\/12125611\/image003.jpg","contentUrl":"https:\/\/media.poblenouurbandistrict.com\/2026\/03\/12125611\/image003.jpg","width":1920,"height":1279},{"@type":"BreadcrumbList","@id":"https:\/\/poblenouurbandistrict.com\/ca\/la-fundacio-carulla-impulsa-al-poblenou-fem-performances-nova-beca-de-suport-a-la-creacio\/#breadcrumb","itemListElement":[{"@type":"ListItem","position":1,"name":"Home","item":"https:\/\/poblenouurbandistrict.com\/ca\/"},{"@type":"ListItem","position":2,"name":"La Fundaci\u00f3 Carulla impulsa \u201cAl Poblenou fem performances\u201d, nova beca de suport a la creaci\u00f3"}]},{"@type":"WebSite","@id":"https:\/\/poblenouurbandistrict.com\/ca\/#website","url":"https:\/\/poblenouurbandistrict.com\/ca\/","name":"Poblenou Urban District","description":"Comunitat Creativa","potentialAction":[{"@type":"SearchAction","target":{"@type":"EntryPoint","urlTemplate":"https:\/\/poblenouurbandistrict.com\/ca\/?s={search_term_string}"},"query-input":{"@type":"PropertyValueSpecification","valueRequired":true,"valueName":"search_term_string"}}],"inLanguage":"ca"},{"@type":"Person","@id":"https:\/\/poblenouurbandistrict.com\/#\/schema\/person\/980a2cf34b399d5218205730acd54a7e","name":"pnud","image":{"@type":"ImageObject","inLanguage":"ca","@id":"https:\/\/secure.gravatar.com\/avatar\/67146597b405ee077a24e519f75c3e2031736596d6ce35af3a34c122c93d0d7b?s=96&d=retro&r=g","url":"https:\/\/secure.gravatar.com\/avatar\/67146597b405ee077a24e519f75c3e2031736596d6ce35af3a34c122c93d0d7b?s=96&d=retro&r=g","contentUrl":"https:\/\/secure.gravatar.com\/avatar\/67146597b405ee077a24e519f75c3e2031736596d6ce35af3a34c122c93d0d7b?s=96&d=retro&r=g","caption":"pnud"}}]}},"_links":{"self":[{"href":"https:\/\/poblenouurbandistrict.com\/ca\/wp-json\/wp\/v2\/posts\/55208","targetHints":{"allow":["GET"]}}],"collection":[{"href":"https:\/\/poblenouurbandistrict.com\/ca\/wp-json\/wp\/v2\/posts"}],"about":[{"href":"https:\/\/poblenouurbandistrict.com\/ca\/wp-json\/wp\/v2\/types\/post"}],"author":[{"embeddable":true,"href":"https:\/\/poblenouurbandistrict.com\/ca\/wp-json\/wp\/v2\/users\/5"}],"replies":[{"embeddable":true,"href":"https:\/\/poblenouurbandistrict.com\/ca\/wp-json\/wp\/v2\/comments?post=55208"}],"version-history":[{"count":3,"href":"https:\/\/poblenouurbandistrict.com\/ca\/wp-json\/wp\/v2\/posts\/55208\/revisions"}],"predecessor-version":[{"id":55225,"href":"https:\/\/poblenouurbandistrict.com\/ca\/wp-json\/wp\/v2\/posts\/55208\/revisions\/55225"}],"wp:featuredmedia":[{"embeddable":true,"href":"https:\/\/poblenouurbandistrict.com\/ca\/wp-json\/wp\/v2\/media\/55209"}],"wp:attachment":[{"href":"https:\/\/poblenouurbandistrict.com\/ca\/wp-json\/wp\/v2\/media?parent=55208"}],"wp:term":[{"taxonomy":"category","embeddable":true,"href":"https:\/\/poblenouurbandistrict.com\/ca\/wp-json\/wp\/v2\/categories?post=55208"},{"taxonomy":"post_tag","embeddable":true,"href":"https:\/\/poblenouurbandistrict.com\/ca\/wp-json\/wp\/v2\/tags?post=55208"}],"curies":[{"name":"wp","href":"https:\/\/api.w.org\/{rel}","templated":true}]}}