{"id":55858,"date":"2026-04-28T11:45:10","date_gmt":"2026-04-28T09:45:10","guid":{"rendered":"https:\/\/poblenouurbandistrict.com\/?p=55858"},"modified":"2026-04-28T12:13:36","modified_gmt":"2026-04-28T10:13:36","slug":"els-teatres-alcen-el-telo-pel-poblenou-open-day","status":"publish","type":"post","link":"https:\/\/poblenouurbandistrict.com\/ca\/els-teatres-alcen-el-telo-pel-poblenou-open-day\/","title":{"rendered":"Els teatres alcen el tel\u00f3 pel Poblenou Open Day"},"content":{"rendered":"<p>Anar al teatre \u00e9s com emprendre un viatge cap a all\u00f2 desconegut, una experi\u00e8ncia que mai deixa indiferent, que emociona i que provoca reaccions. En el marc del Poblenou Open Day, el pr\u00f2xim 9 de maig, les principals sales de teatre del Poblenou ofereixen descomptes per gaudir dels seus espectacles i activitats a un preu m\u00e9s redu\u00eft.<\/p>\n<h3><a href=\"https:\/\/www.tnc.cat\/\">Teatre Nacional de Catalunya<\/a><\/h3>\n<p>El<strong>\u00a0TNC<\/strong>\u00a0estrena\u00a0<em><strong><a href=\"https:\/\/www.tnc.cat\/ca\/edip-antigona\">\u00c9dip &amp; Ant\u00edgona.<\/a><\/strong>\u00a0<\/em>En aquesta versi\u00f3 lliure de Carlota Subir\u00f3s de les tres immenses trag\u00e8dies de S\u00f2focles \u2013<em>\u00c8dip rei<\/em>,\u00a0<em>\u00c8dip a Colonos\u00a0<\/em>i\u00a0<em>Ant\u00edgona<\/em>\u2013 viatgem al cor mateix de la nostra cultura, al trasbals absolut de totes les certeses on, enmig de les viol\u00e8ncies desfermades, la veu d\u2019Ant\u00edgona clama amb for\u00e7a per la pietat, per la dignitat humana, per l\u2019amor en lloc de l\u2019odi.<\/p>\n<p>Amb el codi \u00a0<b>OPENDAY_EDIPANTIGONA\u00a0<\/b>teniu 15% de descompte a la funci\u00f3 del 9\/5.<\/p>\n<h5 style=\"text-align: center;\">Pla\u00e7a de les Arts, 1<br \/>\n19 h<\/h5>\n<h3><a href=\"https:\/\/www.salabeckett.cat\/es\/\">Sala Beckett<\/a><\/h3>\n<p>Aquest Open Day la Sala Beckett et convida a gaudir\u00a0de<a href=\"https:\/\/www.salabeckett.cat\/espectacle\/tinc-un-bosc-al-cervell\/\">\u00a0<\/a><em><strong><a href=\"https:\/\/www.salabeckett.cat\/espectacle\/tinc-un-bosc-al-cervell\/\">Tinc un bosc al cervell<\/a>,<\/strong>\u00a0<\/em>un espectacle que oscil\u00b7la entre el thriller i la poesia\u00a0a un\u00a0<strong>preu redu\u00eft amb el codi OPEN DAY.\u00a0<\/strong>Reserva les entrades a la\u00a0<a href=\"http:\/\/www.salabeckett.cat\/\"><strong>seva web<\/strong><\/a><\/p>\n<h5 style=\"text-align: center;\">Pere IV, 228<br \/>\n20h<\/h5>\n<h3><a href=\"https:\/\/www.casinoalianca.cat\/\">Casino l\u2019Alian\u00e7a del Poblenou<\/a><\/h3>\n<p>La Sala Petit Club de l\u2019Alian\u00e7a del Poblenou es transforma en una aut\u00e8ntica pista de ball amb la <strong><a href=\"https:\/\/casinoalianca.cat\/petit-club-disco-party-9-de-maig-19h\/\">Petit Club Disco Party.<\/a><\/strong> Un \u201ctardeo\u201d dedicat als grans \u00e8xits dels 80 i 90, on els ritmes pop, disco i dance seran els protagonistes. L\u2019esdeveniment compta amb servei de barra i l\u2019entrada \u00e9s gratu\u00efta (aforament limitat), ideal per gaudir de la cultura del barri i cremar la pista amb la millor m\u00fasica retro.<\/p>\n<h5 style=\"text-align: center;\">Rambla del Poblenou, 42<br \/>\n19 h \u2013 22 h<\/h5>\n<h4 style=\"text-align: center;\"><\/h4>\n<p><\/p>","protected":false},"excerpt":{"rendered":"<p>Anar al teatre \u00e9s com emprendre un viatge cap a all\u00f2 desconegut, una experi\u00e8ncia que mai deixa indiferent, que emociona&#8230; <a href=\"https:\/\/poblenouurbandistrict.com\/ca\/els-teatres-alcen-el-telo-pel-poblenou-open-day\/\">M\u00e9s  \u2192<\/a><\/p>\n","protected":false},"author":5,"featured_media":55738,"comment_status":"closed","ping_status":"closed","sticky":false,"template":"","format":"standard","meta":{"_acf_changed":false,"footnotes":""},"categories":[3565,3560],"tags":[],"class_list":["post-55858","post","type-post","status-publish","format-standard","has-post-thumbnail","hentry","category-poblenou-open-day","category-teatre"],"acf":[],"yoast_head":"<!-- This site is optimized with the Yoast SEO plugin v27.4 - https:\/\/yoast.com\/product\/yoast-seo-wordpress\/ -->\n<title>Els teatres alcen el tel\u00f3 pel Poblenou Open Day &#8211; Poblenou Urban District<\/title>\n<meta name=\"robots\" content=\"index, follow, max-snippet:-1, max-image-preview:large, max-video-preview:-1\" \/>\n<link rel=\"canonical\" href=\"https:\/\/poblenouurbandistrict.com\/ca\/els-teatres-alcen-el-telo-pel-poblenou-open-day\/\" \/>\n<meta property=\"og:locale\" content=\"ca_ES\" \/>\n<meta property=\"og:type\" content=\"article\" \/>\n<meta property=\"og:title\" content=\"Els teatres alcen el tel\u00f3 pel Poblenou Open Day &#8211; Poblenou Urban District\" \/>\n<meta property=\"og:description\" content=\"Anar al teatre \u00e9s com emprendre un viatge cap a all\u00f2 desconegut, una experi\u00e8ncia que mai deixa indiferent, que emociona... M\u00e9s \u2192\" \/>\n<meta property=\"og:url\" content=\"https:\/\/poblenouurbandistrict.com\/ca\/els-teatres-alcen-el-telo-pel-poblenou-open-day\/\" \/>\n<meta property=\"og:site_name\" content=\"Poblenou Urban District\" \/>\n<meta property=\"article:published_time\" content=\"2026-04-28T09:45:10+00:00\" \/>\n<meta property=\"article:modified_time\" content=\"2026-04-28T10:13:36+00:00\" \/>\n<meta property=\"og:image\" content=\"https:\/\/media.poblenouurbandistrict.com\/2026\/04\/22104904\/cartell-tinc-un-bosc-al-cervell0369-copia-sala-beckett.jpg\" \/>\n\t<meta property=\"og:image:width\" content=\"2560\" \/>\n\t<meta property=\"og:image:height\" content=\"1708\" \/>\n\t<meta property=\"og:image:type\" content=\"image\/jpeg\" \/>\n<meta name=\"author\" content=\"pnud\" \/>\n<meta name=\"twitter:card\" content=\"summary_large_image\" \/>\n<meta name=\"twitter:label1\" content=\"Escrit per\" \/>\n\t<meta name=\"twitter:data1\" content=\"pnud\" \/>\n\t<meta name=\"twitter:label2\" content=\"Temps estimat de lectura\" \/>\n\t<meta name=\"twitter:data2\" content=\"2 minuts\" \/>\n<script type=\"application\/ld+json\" class=\"yoast-schema-graph\">{\"@context\":\"https:\\\/\\\/schema.org\",\"@graph\":[{\"@type\":\"Article\",\"@id\":\"https:\\\/\\\/poblenouurbandistrict.com\\\/els-teatres-alcen-el-telo-pel-poblenou-open-day\\\/#article\",\"isPartOf\":{\"@id\":\"https:\\\/\\\/poblenouurbandistrict.com\\\/els-teatres-alcen-el-telo-pel-poblenou-open-day\\\/\"},\"author\":{\"name\":\"pnud\",\"@id\":\"https:\\\/\\\/poblenouurbandistrict.com\\\/#\\\/schema\\\/person\\\/980a2cf34b399d5218205730acd54a7e\"},\"headline\":\"Els teatres alcen el tel\u00f3 pel Poblenou Open Day\",\"datePublished\":\"2026-04-28T09:45:10+00:00\",\"dateModified\":\"2026-04-28T10:13:36+00:00\",\"mainEntityOfPage\":{\"@id\":\"https:\\\/\\\/poblenouurbandistrict.com\\\/els-teatres-alcen-el-telo-pel-poblenou-open-day\\\/\"},\"wordCount\":880,\"image\":{\"@id\":\"https:\\\/\\\/poblenouurbandistrict.com\\\/els-teatres-alcen-el-telo-pel-poblenou-open-day\\\/#primaryimage\"},\"thumbnailUrl\":\"https:\\\/\\\/media.poblenouurbandistrict.com\\\/2026\\\/04\\\/22104904\\\/cartell-tinc-un-bosc-al-cervell0369-copia-sala-beckett.jpg\",\"articleSection\":[\"Poblenou Open Day\",\"Teatre\"],\"inLanguage\":\"ca\"},{\"@type\":\"WebPage\",\"@id\":\"https:\\\/\\\/poblenouurbandistrict.com\\\/ca\\\/els-teatres-alcen-el-telo-pel-poblenou-open-day\\\/\",\"url\":\"https:\\\/\\\/poblenouurbandistrict.com\\\/ca\\\/els-teatres-alcen-el-telo-pel-poblenou-open-day\\\/\",\"name\":\"Els teatres alcen el tel\u00f3 pel Poblenou Open Day &#8211; Poblenou Urban District\",\"isPartOf\":{\"@id\":\"https:\\\/\\\/poblenouurbandistrict.com\\\/ca\\\/#website\"},\"primaryImageOfPage\":{\"@id\":\"https:\\\/\\\/poblenouurbandistrict.com\\\/ca\\\/els-teatres-alcen-el-telo-pel-poblenou-open-day\\\/#primaryimage\"},\"image\":{\"@id\":\"https:\\\/\\\/poblenouurbandistrict.com\\\/els-teatres-alcen-el-telo-pel-poblenou-open-day\\\/#primaryimage\"},\"thumbnailUrl\":\"https:\\\/\\\/media.poblenouurbandistrict.com\\\/2026\\\/04\\\/22104904\\\/cartell-tinc-un-bosc-al-cervell0369-copia-sala-beckett.jpg\",\"datePublished\":\"2026-04-28T09:45:10+00:00\",\"dateModified\":\"2026-04-28T10:13:36+00:00\",\"author\":{\"@id\":\"https:\\\/\\\/poblenouurbandistrict.com\\\/#\\\/schema\\\/person\\\/980a2cf34b399d5218205730acd54a7e\"},\"breadcrumb\":{\"@id\":\"https:\\\/\\\/poblenouurbandistrict.com\\\/ca\\\/els-teatres-alcen-el-telo-pel-poblenou-open-day\\\/#breadcrumb\"},\"inLanguage\":\"ca\",\"potentialAction\":[{\"@type\":\"ReadAction\",\"target\":[[\"https:\\\/\\\/poblenouurbandistrict.com\\\/ca\\\/els-teatres-alcen-el-telo-pel-poblenou-open-day\\\/\"]]}]},{\"@type\":\"ImageObject\",\"inLanguage\":\"ca\",\"@id\":\"https:\\\/\\\/poblenouurbandistrict.com\\\/ca\\\/els-teatres-alcen-el-telo-pel-poblenou-open-day\\\/#primaryimage\",\"url\":\"https:\\\/\\\/media.poblenouurbandistrict.com\\\/2026\\\/04\\\/22104904\\\/cartell-tinc-un-bosc-al-cervell0369-copia-sala-beckett.jpg\",\"contentUrl\":\"https:\\\/\\\/media.poblenouurbandistrict.com\\\/2026\\\/04\\\/22104904\\\/cartell-tinc-un-bosc-al-cervell0369-copia-sala-beckett.jpg\",\"width\":2560,\"height\":1708},{\"@type\":\"BreadcrumbList\",\"@id\":\"https:\\\/\\\/poblenouurbandistrict.com\\\/ca\\\/els-teatres-alcen-el-telo-pel-poblenou-open-day\\\/#breadcrumb\",\"itemListElement\":[{\"@type\":\"ListItem\",\"position\":1,\"name\":\"Home\",\"item\":\"https:\\\/\\\/poblenouurbandistrict.com\\\/ca\\\/\"},{\"@type\":\"ListItem\",\"position\":2,\"name\":\"Els teatres alcen el tel\u00f3 pel Poblenou Open Day\"}]},{\"@type\":\"WebSite\",\"@id\":\"https:\\\/\\\/poblenouurbandistrict.com\\\/ca\\\/#website\",\"url\":\"https:\\\/\\\/poblenouurbandistrict.com\\\/ca\\\/\",\"name\":\"Poblenou Urban District\",\"description\":\"Comunitat Creativa\",\"potentialAction\":[{\"@type\":\"SearchAction\",\"target\":{\"@type\":\"EntryPoint\",\"urlTemplate\":\"https:\\\/\\\/poblenouurbandistrict.com\\\/ca\\\/?s={search_term_string}\"},\"query-input\":{\"@type\":\"PropertyValueSpecification\",\"valueRequired\":true,\"valueName\":\"search_term_string\"}}],\"inLanguage\":\"ca\"},{\"@type\":\"Person\",\"@id\":\"https:\\\/\\\/poblenouurbandistrict.com\\\/#\\\/schema\\\/person\\\/980a2cf34b399d5218205730acd54a7e\",\"name\":\"pnud\",\"image\":{\"@type\":\"ImageObject\",\"inLanguage\":\"ca\",\"@id\":\"https:\\\/\\\/secure.gravatar.com\\\/avatar\\\/67146597b405ee077a24e519f75c3e2031736596d6ce35af3a34c122c93d0d7b?s=96&d=retro&r=g\",\"url\":\"https:\\\/\\\/secure.gravatar.com\\\/avatar\\\/67146597b405ee077a24e519f75c3e2031736596d6ce35af3a34c122c93d0d7b?s=96&d=retro&r=g\",\"contentUrl\":\"https:\\\/\\\/secure.gravatar.com\\\/avatar\\\/67146597b405ee077a24e519f75c3e2031736596d6ce35af3a34c122c93d0d7b?s=96&d=retro&r=g\",\"caption\":\"pnud\"}}]}<\/script>\n<!-- \/ Yoast SEO plugin. -->","yoast_head_json":{"title":"Els teatres alcen el tel\u00f3 pel Poblenou Open Day &#8211; Poblenou Urban District","robots":{"index":"index","follow":"follow","max-snippet":"max-snippet:-1","max-image-preview":"max-image-preview:large","max-video-preview":"max-video-preview:-1"},"canonical":"https:\/\/poblenouurbandistrict.com\/ca\/els-teatres-alcen-el-telo-pel-poblenou-open-day\/","og_locale":"ca_ES","og_type":"article","og_title":"Els teatres alcen el tel\u00f3 pel Poblenou Open Day &#8211; Poblenou Urban District","og_description":"Anar al teatre \u00e9s com emprendre un viatge cap a all\u00f2 desconegut, una experi\u00e8ncia que mai deixa indiferent, que emociona... M\u00e9s \u2192","og_url":"https:\/\/poblenouurbandistrict.com\/ca\/els-teatres-alcen-el-telo-pel-poblenou-open-day\/","og_site_name":"Poblenou Urban District","article_published_time":"2026-04-28T09:45:10+00:00","article_modified_time":"2026-04-28T10:13:36+00:00","og_image":[{"width":2560,"height":1708,"url":"https:\/\/media.poblenouurbandistrict.com\/2026\/04\/22104904\/cartell-tinc-un-bosc-al-cervell0369-copia-sala-beckett.jpg","type":"image\/jpeg"}],"author":"pnud","twitter_card":"summary_large_image","twitter_misc":{"Escrit per":"pnud","Temps estimat de lectura":"2 minuts"},"schema":{"@context":"https:\/\/schema.org","@graph":[{"@type":"Article","@id":"https:\/\/poblenouurbandistrict.com\/els-teatres-alcen-el-telo-pel-poblenou-open-day\/#article","isPartOf":{"@id":"https:\/\/poblenouurbandistrict.com\/els-teatres-alcen-el-telo-pel-poblenou-open-day\/"},"author":{"name":"pnud","@id":"https:\/\/poblenouurbandistrict.com\/#\/schema\/person\/980a2cf34b399d5218205730acd54a7e"},"headline":"Els teatres alcen el tel\u00f3 pel Poblenou Open Day","datePublished":"2026-04-28T09:45:10+00:00","dateModified":"2026-04-28T10:13:36+00:00","mainEntityOfPage":{"@id":"https:\/\/poblenouurbandistrict.com\/els-teatres-alcen-el-telo-pel-poblenou-open-day\/"},"wordCount":880,"image":{"@id":"https:\/\/poblenouurbandistrict.com\/els-teatres-alcen-el-telo-pel-poblenou-open-day\/#primaryimage"},"thumbnailUrl":"https:\/\/media.poblenouurbandistrict.com\/2026\/04\/22104904\/cartell-tinc-un-bosc-al-cervell0369-copia-sala-beckett.jpg","articleSection":["Poblenou Open Day","Teatre"],"inLanguage":"ca"},{"@type":"WebPage","@id":"https:\/\/poblenouurbandistrict.com\/ca\/els-teatres-alcen-el-telo-pel-poblenou-open-day\/","url":"https:\/\/poblenouurbandistrict.com\/ca\/els-teatres-alcen-el-telo-pel-poblenou-open-day\/","name":"Els teatres alcen el tel\u00f3 pel Poblenou Open Day &#8211; Poblenou Urban District","isPartOf":{"@id":"https:\/\/poblenouurbandistrict.com\/ca\/#website"},"primaryImageOfPage":{"@id":"https:\/\/poblenouurbandistrict.com\/ca\/els-teatres-alcen-el-telo-pel-poblenou-open-day\/#primaryimage"},"image":{"@id":"https:\/\/poblenouurbandistrict.com\/els-teatres-alcen-el-telo-pel-poblenou-open-day\/#primaryimage"},"thumbnailUrl":"https:\/\/media.poblenouurbandistrict.com\/2026\/04\/22104904\/cartell-tinc-un-bosc-al-cervell0369-copia-sala-beckett.jpg","datePublished":"2026-04-28T09:45:10+00:00","dateModified":"2026-04-28T10:13:36+00:00","author":{"@id":"https:\/\/poblenouurbandistrict.com\/#\/schema\/person\/980a2cf34b399d5218205730acd54a7e"},"breadcrumb":{"@id":"https:\/\/poblenouurbandistrict.com\/ca\/els-teatres-alcen-el-telo-pel-poblenou-open-day\/#breadcrumb"},"inLanguage":"ca","potentialAction":[{"@type":"ReadAction","target":[["https:\/\/poblenouurbandistrict.com\/ca\/els-teatres-alcen-el-telo-pel-poblenou-open-day\/"]]}]},{"@type":"ImageObject","inLanguage":"ca","@id":"https:\/\/poblenouurbandistrict.com\/ca\/els-teatres-alcen-el-telo-pel-poblenou-open-day\/#primaryimage","url":"https:\/\/media.poblenouurbandistrict.com\/2026\/04\/22104904\/cartell-tinc-un-bosc-al-cervell0369-copia-sala-beckett.jpg","contentUrl":"https:\/\/media.poblenouurbandistrict.com\/2026\/04\/22104904\/cartell-tinc-un-bosc-al-cervell0369-copia-sala-beckett.jpg","width":2560,"height":1708},{"@type":"BreadcrumbList","@id":"https:\/\/poblenouurbandistrict.com\/ca\/els-teatres-alcen-el-telo-pel-poblenou-open-day\/#breadcrumb","itemListElement":[{"@type":"ListItem","position":1,"name":"Home","item":"https:\/\/poblenouurbandistrict.com\/ca\/"},{"@type":"ListItem","position":2,"name":"Els teatres alcen el tel\u00f3 pel Poblenou Open Day"}]},{"@type":"WebSite","@id":"https:\/\/poblenouurbandistrict.com\/ca\/#website","url":"https:\/\/poblenouurbandistrict.com\/ca\/","name":"Poblenou Urban District","description":"Comunitat Creativa","potentialAction":[{"@type":"SearchAction","target":{"@type":"EntryPoint","urlTemplate":"https:\/\/poblenouurbandistrict.com\/ca\/?s={search_term_string}"},"query-input":{"@type":"PropertyValueSpecification","valueRequired":true,"valueName":"search_term_string"}}],"inLanguage":"ca"},{"@type":"Person","@id":"https:\/\/poblenouurbandistrict.com\/#\/schema\/person\/980a2cf34b399d5218205730acd54a7e","name":"pnud","image":{"@type":"ImageObject","inLanguage":"ca","@id":"https:\/\/secure.gravatar.com\/avatar\/67146597b405ee077a24e519f75c3e2031736596d6ce35af3a34c122c93d0d7b?s=96&d=retro&r=g","url":"https:\/\/secure.gravatar.com\/avatar\/67146597b405ee077a24e519f75c3e2031736596d6ce35af3a34c122c93d0d7b?s=96&d=retro&r=g","contentUrl":"https:\/\/secure.gravatar.com\/avatar\/67146597b405ee077a24e519f75c3e2031736596d6ce35af3a34c122c93d0d7b?s=96&d=retro&r=g","caption":"pnud"}}]}},"_links":{"self":[{"href":"https:\/\/poblenouurbandistrict.com\/ca\/wp-json\/wp\/v2\/posts\/55858","targetHints":{"allow":["GET"]}}],"collection":[{"href":"https:\/\/poblenouurbandistrict.com\/ca\/wp-json\/wp\/v2\/posts"}],"about":[{"href":"https:\/\/poblenouurbandistrict.com\/ca\/wp-json\/wp\/v2\/types\/post"}],"author":[{"embeddable":true,"href":"https:\/\/poblenouurbandistrict.com\/ca\/wp-json\/wp\/v2\/users\/5"}],"replies":[{"embeddable":true,"href":"https:\/\/poblenouurbandistrict.com\/ca\/wp-json\/wp\/v2\/comments?post=55858"}],"version-history":[{"count":8,"href":"https:\/\/poblenouurbandistrict.com\/ca\/wp-json\/wp\/v2\/posts\/55858\/revisions"}],"predecessor-version":[{"id":55877,"href":"https:\/\/poblenouurbandistrict.com\/ca\/wp-json\/wp\/v2\/posts\/55858\/revisions\/55877"}],"wp:featuredmedia":[{"embeddable":true,"href":"https:\/\/poblenouurbandistrict.com\/ca\/wp-json\/wp\/v2\/media\/55738"}],"wp:attachment":[{"href":"https:\/\/poblenouurbandistrict.com\/ca\/wp-json\/wp\/v2\/media?parent=55858"}],"wp:term":[{"taxonomy":"category","embeddable":true,"href":"https:\/\/poblenouurbandistrict.com\/ca\/wp-json\/wp\/v2\/categories?post=55858"},{"taxonomy":"post_tag","embeddable":true,"href":"https:\/\/poblenouurbandistrict.com\/ca\/wp-json\/wp\/v2\/tags?post=55858"}],"curies":[{"name":"wp","href":"https:\/\/api.w.org\/{rel}","templated":true}]}}