{"id":55898,"date":"2026-04-29T14:28:26","date_gmt":"2026-04-29T12:28:26","guid":{"rendered":"https:\/\/poblenouurbandistrict.com\/?p=55898"},"modified":"2026-04-29T16:09:21","modified_gmt":"2026-04-29T14:09:21","slug":"arriba-la-7a-edicio-del-simposi-de-moda-de-lci-barcelona","status":"publish","type":"post","link":"https:\/\/poblenouurbandistrict.com\/ca\/arriba-la-7a-edicio-del-simposi-de-moda-de-lci-barcelona\/","title":{"rendered":"Arriba la 7a edici\u00f3 del Simposi de Moda de LCI Barcelona"},"content":{"rendered":"<p>Els dies\u00a0<b>5 i 6 de maig<\/b>\u00a0<a href=\"https:\/\/barcelona.lcieducation.com\/ca\"><strong>LCI Barcelona <\/strong><\/a>celebra el\u00a0<strong>VII BCN Fashion Symposium.<\/strong><\/p>\n<p>Sota el t\u00edtol\u00a0<strong>THREADING FUTURES. Fashion Design and the Imaginaries of Tomorrow<\/strong>, aquesta edici\u00f3 proposa explorar la intersecci\u00f3 entre moda i ficci\u00f3 especulativa com un dels territoris metodol\u00f2gics m\u00e9s f\u00e8rtils per pensar cr\u00edticament les condicions presents del sistema de la moda i imaginar futurs alternatius capa\u00e7os d&#8217;afrontar la crisi ecol\u00f2gica, social i tecnol\u00f2gica del segle XXI.<\/p>\n<p>El Simposi s&#8217;articula al voltant del\u00a0<strong>Fashion Futuring<\/strong>\u00a0com a marc conceptual que ent\u00e9n la moda no nom\u00e9s com a generadora de formes, imatges i productes, sin\u00f3 com un ecosistema cultural amb capacitat per activar narratives col\u00b7lectives, materialitzar imaginaris i assajar transformacions socials en un present saturat.<\/p>\n<p>La programaci\u00f3 es desplegar\u00e0 al llarg de\u00a0<strong>dues jornades diferenciades<\/strong>: el primer dia estar\u00e0 dedicat principalment a la\u00a0<strong>reflexi\u00f3 acad\u00e8mica i te\u00f2rica<\/strong>, mentre que el segon posar\u00e0 el focus en el\u00a0<strong>di\u00e0leg entre acad\u00e8mia i ind\u00fastria<\/strong>, refor\u00e7ant els encreuaments entre pensament cr\u00edtic i pr\u00e0ctica professional.<\/p>\n<p>Com a tancament del Simposi, el\u00a0<strong>6 de maig<\/strong>\u00a0se celebrar\u00e0 el lliurament del\u00a0<strong>Premi Felicidad Duce 2025<\/strong>\u00a0a la dissenyadora de moda, empres\u00e0ria i fot\u00f2grafa\u00a0<strong>Ana Locking<\/strong>, Medalla d&#8217;Or al M\u00e8rit en les Belles Arts i Premi Nacional de Disseny de Moda. Aquest guard\u00f3, impulsat per\u00a0<a href=\"https:\/\/barcelona.lcieducation.com\/ca\"><strong>LCI Barcelona<\/strong>,<\/a> reconeix traject\u00f2ries destacades en l&#8217;\u00e0mbit del disseny i la moda.<\/p>\n<p><a href=\"https:\/\/lci.one\/0NoTpG\">Aqu\u00ed teniu l&#8217;agenda completa i la inscripci\u00f3<\/a><\/p>\n<p>&nbsp;<\/p>","protected":false},"excerpt":{"rendered":"<p>Els dies\u00a05 i 6 de maig\u00a0LCI Barcelona celebra el\u00a0VII BCN Fashion Symposium. Sota el t\u00edtol\u00a0THREADING FUTURES. Fashion Design and the&#8230; <a href=\"https:\/\/poblenouurbandistrict.com\/ca\/arriba-la-7a-edicio-del-simposi-de-moda-de-lci-barcelona\/\">M\u00e9s  \u2192<\/a><\/p>\n","protected":false},"author":5,"featured_media":55988,"comment_status":"closed","ping_status":"closed","sticky":false,"template":"","format":"standard","meta":{"_acf_changed":false,"footnotes":""},"categories":[3628,3609],"tags":[],"class_list":["post-55898","post","type-post","status-publish","format-standard","has-post-thumbnail","hentry","category-universitats","category-moda"],"acf":[],"yoast_head":"<!-- This site is optimized with the Yoast SEO plugin v27.5 - https:\/\/yoast.com\/product\/yoast-seo-wordpress\/ -->\n<title>Arriba la 7a edici\u00f3 del Simposi de Moda de LCI Barcelona &#8211; Poblenou Urban District<\/title>\n<meta name=\"robots\" content=\"index, follow, max-snippet:-1, max-image-preview:large, max-video-preview:-1\" \/>\n<link rel=\"canonical\" href=\"https:\/\/poblenouurbandistrict.com\/ca\/arriba-la-7a-edicio-del-simposi-de-moda-de-lci-barcelona\/\" \/>\n<meta property=\"og:locale\" content=\"ca_ES\" \/>\n<meta property=\"og:type\" content=\"article\" \/>\n<meta property=\"og:title\" content=\"Arriba la 7a edici\u00f3 del Simposi de Moda de LCI Barcelona &#8211; Poblenou Urban District\" \/>\n<meta property=\"og:description\" content=\"Els dies\u00a05 i 6 de maig\u00a0LCI Barcelona celebra el\u00a0VII BCN Fashion Symposium. Sota el t\u00edtol\u00a0THREADING FUTURES. Fashion Design and the... M\u00e9s \u2192\" \/>\n<meta property=\"og:url\" content=\"https:\/\/poblenouurbandistrict.com\/ca\/arriba-la-7a-edicio-del-simposi-de-moda-de-lci-barcelona\/\" \/>\n<meta property=\"og:site_name\" content=\"Poblenou Urban District\" \/>\n<meta property=\"article:published_time\" content=\"2026-04-29T12:28:26+00:00\" \/>\n<meta property=\"article:modified_time\" content=\"2026-04-29T14:09:21+00:00\" \/>\n<meta property=\"og:image\" content=\"https:\/\/media.poblenouurbandistrict.com\/2026\/04\/29124737\/lci-barcelona-vii-bcn-fashion-symposium-2.jpg\" \/>\n\t<meta property=\"og:image:width\" content=\"2560\" \/>\n\t<meta property=\"og:image:height\" content=\"1707\" \/>\n\t<meta property=\"og:image:type\" content=\"image\/jpeg\" \/>\n<meta name=\"author\" content=\"pnud\" \/>\n<meta name=\"twitter:card\" content=\"summary_large_image\" \/>\n<meta name=\"twitter:label1\" content=\"Escrit per\" \/>\n\t<meta name=\"twitter:data1\" content=\"pnud\" \/>\n\t<meta name=\"twitter:label2\" content=\"Temps estimat de lectura\" \/>\n\t<meta name=\"twitter:data2\" content=\"2 minuts\" \/>\n<script type=\"application\/ld+json\" class=\"yoast-schema-graph\">{\"@context\":\"https:\\\/\\\/schema.org\",\"@graph\":[{\"@type\":\"Article\",\"@id\":\"https:\\\/\\\/poblenouurbandistrict.com\\\/arriba-la-7a-edicio-del-simposi-de-moda-de-lci-barcelona\\\/#article\",\"isPartOf\":{\"@id\":\"https:\\\/\\\/poblenouurbandistrict.com\\\/arriba-la-7a-edicio-del-simposi-de-moda-de-lci-barcelona\\\/\"},\"author\":{\"name\":\"pnud\",\"@id\":\"https:\\\/\\\/poblenouurbandistrict.com\\\/#\\\/schema\\\/person\\\/980a2cf34b399d5218205730acd54a7e\"},\"headline\":\"Arriba la 7a edici\u00f3 del Simposi de Moda de LCI Barcelona\",\"datePublished\":\"2026-04-29T12:28:26+00:00\",\"dateModified\":\"2026-04-29T14:09:21+00:00\",\"mainEntityOfPage\":{\"@id\":\"https:\\\/\\\/poblenouurbandistrict.com\\\/arriba-la-7a-edicio-del-simposi-de-moda-de-lci-barcelona\\\/\"},\"wordCount\":767,\"image\":{\"@id\":\"https:\\\/\\\/poblenouurbandistrict.com\\\/arriba-la-7a-edicio-del-simposi-de-moda-de-lci-barcelona\\\/#primaryimage\"},\"thumbnailUrl\":\"https:\\\/\\\/media.poblenouurbandistrict.com\\\/2026\\\/04\\\/29124737\\\/lci-barcelona-vii-bcn-fashion-symposium-2.jpg\",\"articleSection\":[\"Universitats\",\"Moda\"],\"inLanguage\":\"ca\"},{\"@type\":\"WebPage\",\"@id\":\"https:\\\/\\\/poblenouurbandistrict.com\\\/ca\\\/arriba-la-7a-edicio-del-simposi-de-moda-de-lci-barcelona\\\/\",\"url\":\"https:\\\/\\\/poblenouurbandistrict.com\\\/ca\\\/arriba-la-7a-edicio-del-simposi-de-moda-de-lci-barcelona\\\/\",\"name\":\"Arriba la 7a edici\u00f3 del Simposi de Moda de LCI Barcelona &#8211; Poblenou Urban District\",\"isPartOf\":{\"@id\":\"https:\\\/\\\/poblenouurbandistrict.com\\\/ca\\\/#website\"},\"primaryImageOfPage\":{\"@id\":\"https:\\\/\\\/poblenouurbandistrict.com\\\/ca\\\/arriba-la-7a-edicio-del-simposi-de-moda-de-lci-barcelona\\\/#primaryimage\"},\"image\":{\"@id\":\"https:\\\/\\\/poblenouurbandistrict.com\\\/arriba-la-7a-edicio-del-simposi-de-moda-de-lci-barcelona\\\/#primaryimage\"},\"thumbnailUrl\":\"https:\\\/\\\/media.poblenouurbandistrict.com\\\/2026\\\/04\\\/29124737\\\/lci-barcelona-vii-bcn-fashion-symposium-2.jpg\",\"datePublished\":\"2026-04-29T12:28:26+00:00\",\"dateModified\":\"2026-04-29T14:09:21+00:00\",\"author\":{\"@id\":\"https:\\\/\\\/poblenouurbandistrict.com\\\/#\\\/schema\\\/person\\\/980a2cf34b399d5218205730acd54a7e\"},\"breadcrumb\":{\"@id\":\"https:\\\/\\\/poblenouurbandistrict.com\\\/ca\\\/arriba-la-7a-edicio-del-simposi-de-moda-de-lci-barcelona\\\/#breadcrumb\"},\"inLanguage\":\"ca\",\"potentialAction\":[{\"@type\":\"ReadAction\",\"target\":[[\"https:\\\/\\\/poblenouurbandistrict.com\\\/ca\\\/arriba-la-7a-edicio-del-simposi-de-moda-de-lci-barcelona\\\/\"]]}]},{\"@type\":\"ImageObject\",\"inLanguage\":\"ca\",\"@id\":\"https:\\\/\\\/poblenouurbandistrict.com\\\/ca\\\/arriba-la-7a-edicio-del-simposi-de-moda-de-lci-barcelona\\\/#primaryimage\",\"url\":\"https:\\\/\\\/media.poblenouurbandistrict.com\\\/2026\\\/04\\\/29124737\\\/lci-barcelona-vii-bcn-fashion-symposium-2.jpg\",\"contentUrl\":\"https:\\\/\\\/media.poblenouurbandistrict.com\\\/2026\\\/04\\\/29124737\\\/lci-barcelona-vii-bcn-fashion-symposium-2.jpg\",\"width\":2560,\"height\":1707},{\"@type\":\"BreadcrumbList\",\"@id\":\"https:\\\/\\\/poblenouurbandistrict.com\\\/ca\\\/arriba-la-7a-edicio-del-simposi-de-moda-de-lci-barcelona\\\/#breadcrumb\",\"itemListElement\":[{\"@type\":\"ListItem\",\"position\":1,\"name\":\"Home\",\"item\":\"https:\\\/\\\/poblenouurbandistrict.com\\\/ca\\\/\"},{\"@type\":\"ListItem\",\"position\":2,\"name\":\"Arriba la 7a edici\u00f3 del Simposi de Moda de LCI Barcelona\"}]},{\"@type\":\"WebSite\",\"@id\":\"https:\\\/\\\/poblenouurbandistrict.com\\\/ca\\\/#website\",\"url\":\"https:\\\/\\\/poblenouurbandistrict.com\\\/ca\\\/\",\"name\":\"Poblenou Urban District\",\"description\":\"Comunitat Creativa\",\"potentialAction\":[{\"@type\":\"SearchAction\",\"target\":{\"@type\":\"EntryPoint\",\"urlTemplate\":\"https:\\\/\\\/poblenouurbandistrict.com\\\/ca\\\/?s={search_term_string}\"},\"query-input\":{\"@type\":\"PropertyValueSpecification\",\"valueRequired\":true,\"valueName\":\"search_term_string\"}}],\"inLanguage\":\"ca\"},{\"@type\":\"Person\",\"@id\":\"https:\\\/\\\/poblenouurbandistrict.com\\\/#\\\/schema\\\/person\\\/980a2cf34b399d5218205730acd54a7e\",\"name\":\"pnud\",\"image\":{\"@type\":\"ImageObject\",\"inLanguage\":\"ca\",\"@id\":\"https:\\\/\\\/secure.gravatar.com\\\/avatar\\\/67146597b405ee077a24e519f75c3e2031736596d6ce35af3a34c122c93d0d7b?s=96&d=retro&r=g\",\"url\":\"https:\\\/\\\/secure.gravatar.com\\\/avatar\\\/67146597b405ee077a24e519f75c3e2031736596d6ce35af3a34c122c93d0d7b?s=96&d=retro&r=g\",\"contentUrl\":\"https:\\\/\\\/secure.gravatar.com\\\/avatar\\\/67146597b405ee077a24e519f75c3e2031736596d6ce35af3a34c122c93d0d7b?s=96&d=retro&r=g\",\"caption\":\"pnud\"}}]}<\/script>\n<!-- \/ Yoast SEO plugin. -->","yoast_head_json":{"title":"Arriba la 7a edici\u00f3 del Simposi de Moda de LCI Barcelona &#8211; Poblenou Urban District","robots":{"index":"index","follow":"follow","max-snippet":"max-snippet:-1","max-image-preview":"max-image-preview:large","max-video-preview":"max-video-preview:-1"},"canonical":"https:\/\/poblenouurbandistrict.com\/ca\/arriba-la-7a-edicio-del-simposi-de-moda-de-lci-barcelona\/","og_locale":"ca_ES","og_type":"article","og_title":"Arriba la 7a edici\u00f3 del Simposi de Moda de LCI Barcelona &#8211; Poblenou Urban District","og_description":"Els dies\u00a05 i 6 de maig\u00a0LCI Barcelona celebra el\u00a0VII BCN Fashion Symposium. Sota el t\u00edtol\u00a0THREADING FUTURES. Fashion Design and the... M\u00e9s \u2192","og_url":"https:\/\/poblenouurbandistrict.com\/ca\/arriba-la-7a-edicio-del-simposi-de-moda-de-lci-barcelona\/","og_site_name":"Poblenou Urban District","article_published_time":"2026-04-29T12:28:26+00:00","article_modified_time":"2026-04-29T14:09:21+00:00","og_image":[{"width":2560,"height":1707,"url":"https:\/\/media.poblenouurbandistrict.com\/2026\/04\/29124737\/lci-barcelona-vii-bcn-fashion-symposium-2.jpg","type":"image\/jpeg"}],"author":"pnud","twitter_card":"summary_large_image","twitter_misc":{"Escrit per":"pnud","Temps estimat de lectura":"2 minuts"},"schema":{"@context":"https:\/\/schema.org","@graph":[{"@type":"Article","@id":"https:\/\/poblenouurbandistrict.com\/arriba-la-7a-edicio-del-simposi-de-moda-de-lci-barcelona\/#article","isPartOf":{"@id":"https:\/\/poblenouurbandistrict.com\/arriba-la-7a-edicio-del-simposi-de-moda-de-lci-barcelona\/"},"author":{"name":"pnud","@id":"https:\/\/poblenouurbandistrict.com\/#\/schema\/person\/980a2cf34b399d5218205730acd54a7e"},"headline":"Arriba la 7a edici\u00f3 del Simposi de Moda de LCI Barcelona","datePublished":"2026-04-29T12:28:26+00:00","dateModified":"2026-04-29T14:09:21+00:00","mainEntityOfPage":{"@id":"https:\/\/poblenouurbandistrict.com\/arriba-la-7a-edicio-del-simposi-de-moda-de-lci-barcelona\/"},"wordCount":767,"image":{"@id":"https:\/\/poblenouurbandistrict.com\/arriba-la-7a-edicio-del-simposi-de-moda-de-lci-barcelona\/#primaryimage"},"thumbnailUrl":"https:\/\/media.poblenouurbandistrict.com\/2026\/04\/29124737\/lci-barcelona-vii-bcn-fashion-symposium-2.jpg","articleSection":["Universitats","Moda"],"inLanguage":"ca"},{"@type":"WebPage","@id":"https:\/\/poblenouurbandistrict.com\/ca\/arriba-la-7a-edicio-del-simposi-de-moda-de-lci-barcelona\/","url":"https:\/\/poblenouurbandistrict.com\/ca\/arriba-la-7a-edicio-del-simposi-de-moda-de-lci-barcelona\/","name":"Arriba la 7a edici\u00f3 del Simposi de Moda de LCI Barcelona &#8211; Poblenou Urban District","isPartOf":{"@id":"https:\/\/poblenouurbandistrict.com\/ca\/#website"},"primaryImageOfPage":{"@id":"https:\/\/poblenouurbandistrict.com\/ca\/arriba-la-7a-edicio-del-simposi-de-moda-de-lci-barcelona\/#primaryimage"},"image":{"@id":"https:\/\/poblenouurbandistrict.com\/arriba-la-7a-edicio-del-simposi-de-moda-de-lci-barcelona\/#primaryimage"},"thumbnailUrl":"https:\/\/media.poblenouurbandistrict.com\/2026\/04\/29124737\/lci-barcelona-vii-bcn-fashion-symposium-2.jpg","datePublished":"2026-04-29T12:28:26+00:00","dateModified":"2026-04-29T14:09:21+00:00","author":{"@id":"https:\/\/poblenouurbandistrict.com\/#\/schema\/person\/980a2cf34b399d5218205730acd54a7e"},"breadcrumb":{"@id":"https:\/\/poblenouurbandistrict.com\/ca\/arriba-la-7a-edicio-del-simposi-de-moda-de-lci-barcelona\/#breadcrumb"},"inLanguage":"ca","potentialAction":[{"@type":"ReadAction","target":[["https:\/\/poblenouurbandistrict.com\/ca\/arriba-la-7a-edicio-del-simposi-de-moda-de-lci-barcelona\/"]]}]},{"@type":"ImageObject","inLanguage":"ca","@id":"https:\/\/poblenouurbandistrict.com\/ca\/arriba-la-7a-edicio-del-simposi-de-moda-de-lci-barcelona\/#primaryimage","url":"https:\/\/media.poblenouurbandistrict.com\/2026\/04\/29124737\/lci-barcelona-vii-bcn-fashion-symposium-2.jpg","contentUrl":"https:\/\/media.poblenouurbandistrict.com\/2026\/04\/29124737\/lci-barcelona-vii-bcn-fashion-symposium-2.jpg","width":2560,"height":1707},{"@type":"BreadcrumbList","@id":"https:\/\/poblenouurbandistrict.com\/ca\/arriba-la-7a-edicio-del-simposi-de-moda-de-lci-barcelona\/#breadcrumb","itemListElement":[{"@type":"ListItem","position":1,"name":"Home","item":"https:\/\/poblenouurbandistrict.com\/ca\/"},{"@type":"ListItem","position":2,"name":"Arriba la 7a edici\u00f3 del Simposi de Moda de LCI Barcelona"}]},{"@type":"WebSite","@id":"https:\/\/poblenouurbandistrict.com\/ca\/#website","url":"https:\/\/poblenouurbandistrict.com\/ca\/","name":"Poblenou Urban District","description":"Comunitat Creativa","potentialAction":[{"@type":"SearchAction","target":{"@type":"EntryPoint","urlTemplate":"https:\/\/poblenouurbandistrict.com\/ca\/?s={search_term_string}"},"query-input":{"@type":"PropertyValueSpecification","valueRequired":true,"valueName":"search_term_string"}}],"inLanguage":"ca"},{"@type":"Person","@id":"https:\/\/poblenouurbandistrict.com\/#\/schema\/person\/980a2cf34b399d5218205730acd54a7e","name":"pnud","image":{"@type":"ImageObject","inLanguage":"ca","@id":"https:\/\/secure.gravatar.com\/avatar\/67146597b405ee077a24e519f75c3e2031736596d6ce35af3a34c122c93d0d7b?s=96&d=retro&r=g","url":"https:\/\/secure.gravatar.com\/avatar\/67146597b405ee077a24e519f75c3e2031736596d6ce35af3a34c122c93d0d7b?s=96&d=retro&r=g","contentUrl":"https:\/\/secure.gravatar.com\/avatar\/67146597b405ee077a24e519f75c3e2031736596d6ce35af3a34c122c93d0d7b?s=96&d=retro&r=g","caption":"pnud"}}]}},"_links":{"self":[{"href":"https:\/\/poblenouurbandistrict.com\/ca\/wp-json\/wp\/v2\/posts\/55898","targetHints":{"allow":["GET"]}}],"collection":[{"href":"https:\/\/poblenouurbandistrict.com\/ca\/wp-json\/wp\/v2\/posts"}],"about":[{"href":"https:\/\/poblenouurbandistrict.com\/ca\/wp-json\/wp\/v2\/types\/post"}],"author":[{"embeddable":true,"href":"https:\/\/poblenouurbandistrict.com\/ca\/wp-json\/wp\/v2\/users\/5"}],"replies":[{"embeddable":true,"href":"https:\/\/poblenouurbandistrict.com\/ca\/wp-json\/wp\/v2\/comments?post=55898"}],"version-history":[{"count":12,"href":"https:\/\/poblenouurbandistrict.com\/ca\/wp-json\/wp\/v2\/posts\/55898\/revisions"}],"predecessor-version":[{"id":56001,"href":"https:\/\/poblenouurbandistrict.com\/ca\/wp-json\/wp\/v2\/posts\/55898\/revisions\/56001"}],"wp:featuredmedia":[{"embeddable":true,"href":"https:\/\/poblenouurbandistrict.com\/ca\/wp-json\/wp\/v2\/media\/55988"}],"wp:attachment":[{"href":"https:\/\/poblenouurbandistrict.com\/ca\/wp-json\/wp\/v2\/media?parent=55898"}],"wp:term":[{"taxonomy":"category","embeddable":true,"href":"https:\/\/poblenouurbandistrict.com\/ca\/wp-json\/wp\/v2\/categories?post=55898"},{"taxonomy":"post_tag","embeddable":true,"href":"https:\/\/poblenouurbandistrict.com\/ca\/wp-json\/wp\/v2\/tags?post=55898"}],"curies":[{"name":"wp","href":"https:\/\/api.w.org\/{rel}","templated":true}]}}