{"id":55916,"date":"2026-04-28T13:48:34","date_gmt":"2026-04-28T11:48:34","guid":{"rendered":"https:\/\/poblenouurbandistrict.com\/?p=55916"},"modified":"2026-04-28T13:48:34","modified_gmt":"2026-04-28T11:48:34","slug":"tota-la-proposta-gastronomica-del-poblenou-open-day-4","status":"publish","type":"post","link":"https:\/\/poblenouurbandistrict.com\/ca\/tota-la-proposta-gastronomica-del-poblenou-open-day-4\/","title":{"rendered":"Tota la proposta gastron\u00f2mica del Poblenou Open Day"},"content":{"rendered":"<p><\/p>\n<p class=\"\" data-start=\"123\" data-end=\"399\">Deixa\u2019t sorprendre per la gran varietat d\u2019ofertes gastron\u00f2miques i de cocteleria que han preparat els restaurants i bars associats a Poblenou Urban District per a aquest Open Day. Delicioses delicatessen acompanyades de m\u00fasica en <span style=\"color: #333333;\">directe, DJs i altres propostes culturals.<\/span><\/p>\n<h3><\/h3>\n<h3 data-start=\"596\" data-end=\"783\"><span style=\"color: #333333;\"><a style=\"color: #333333;\" href=\"https:\/\/botanicusbcn.com\/\"><strong data-start=\"596\" data-end=\"609\">Botanicus<\/strong><\/a><\/span><\/h3>\n<p class=\"\" data-start=\"596\" data-end=\"783\">Botanicus ha creat un c\u00f2ctel exclusiu a un preu especial per a l&#8217;Open Day.<\/p>\n<h6 style=\"text-align: center;\" data-start=\"596\" data-end=\"783\"><span style=\"color: #333333;\">Pujades, 177<\/span><br data-start=\"769\" data-end=\"772\" \/><span style=\"color: #333333;\">18 h a 03 h<\/span><\/h6>\n<h3 data-start=\"785\" data-end=\"1057\"><a href=\"https:\/\/www.instagram.com\/cuadrobcn\/?hl=es\">Cuadro<\/a><\/h3>\n<p data-path-to-node=\"2\">Gaudeix d\u2019una promoci\u00f3 de 2\u00d71 en vermut durant tot el dia per refrescar la jornada. Per tancar la tarda amb la millor energia, l\u2019espai comptar\u00e0 amb un DJ Set de m\u00fasica funky de 18:00h a 20:00h.<\/p>\n<h6 style=\"text-align: center;\" data-start=\"785\" data-end=\"1057\"><span style=\"color: #333333;\">Pamplona, 33<\/span><br data-start=\"1043\" data-end=\"1046\" \/><span style=\"color: #333333;\">12 h a 00 h<\/span><\/h6>\n<h3 data-start=\"1059\" data-end=\"1295\"><\/h3>\n<h3 data-start=\"785\" data-end=\"1057\"><span style=\"color: #333333;\"><a style=\"color: #333333;\" href=\"https:\/\/wearecacho.com\/\"><strong data-start=\"785\" data-end=\"794\">Cacho<\/strong><\/a><\/span><\/h3>\n<p data-path-to-node=\"2\">Gaudeix del \u201cCombo Open Day\u201d d\u2019empanada i vi natural o una Cacho Beer, disponible de 17:00 h a 23:00 h. Una opci\u00f3 r\u00e0pida i artesana per fer una parada durant la jornada al barri.<\/p>\n<h6 style=\"text-align: center;\" data-start=\"785\" data-end=\"1057\"><span style=\"color: #333333;\">Llull, 27 Baixos<\/span><br data-start=\"1043\" data-end=\"1046\" \/><span style=\"color: #333333;\">12 h a 00 h<\/span><\/h6>\n<h3 data-start=\"785\" data-end=\"1057\"><span style=\"color: #333333;\"><a style=\"color: #333333;\" href=\"https:\/\/wearecacho.com\/\"><strong data-start=\"785\" data-end=\"794\">Cacho Burgers<\/strong><\/a><\/span><\/h3>\n<p data-path-to-node=\"2\">Si busques menjar b\u00e9 sense complicacions, Cacho Burger \u00e9s el teu lloc. Durant l\u2019Open Day, pots pillar el seu combo estrella: la Cheese Burger i una Cacho Beer artesana per nom\u00e9s 9,9 \u20ac. El pla ideal per carregar piles amb una bona burger i una birra de la casa abans de seguir amb la ruta.<\/p>\n<h6 style=\"text-align: center;\" data-start=\"785\" data-end=\"1057\"><span style=\"color: #333333;\">Pujades, 195<\/span><br data-start=\"1043\" data-end=\"1046\" \/><span style=\"color: #333333;\">13h a 16h i de 19h a 23h\u00a0<\/span><\/h6>\n<h3 data-start=\"1059\" data-end=\"1295\"><\/h3>\n<h3 data-start=\"1059\" data-end=\"1295\"><span style=\"color: #333333;\"><a style=\"color: #333333;\" href=\"https:\/\/catacroquet.es\/\"><strong data-start=\"1059\" data-end=\"1074\">Catacroquet<\/strong><\/a><\/span><\/h3>\n<p class=\"\" data-start=\"1059\" data-end=\"1295\">Catacroquet \u00e9s el parad\u00eds per als amants de les bones\u00a0<strong>croquetes<\/strong>\u00a0on podr\u00e0s triar entre moltes varietats i gaudir d\u2019altres\u00a0<strong>tapes, vins i copes<\/strong>\u00a0a la seva\u00a0<strong>enorme terrassa.<\/strong><\/p>\n<h6 style=\"text-align: center;\" data-start=\"1059\" data-end=\"1295\"><span style=\"color: #333333;\">Almog\u00e0vers, 211<\/span><br data-start=\"1278\" data-end=\"1281\" \/><span style=\"color: #333333;\">12.30 h a 01 h<\/span><\/h6>\n<h3 data-start=\"1297\" data-end=\"1634\"><\/h3>\n<h3 data-start=\"1297\" data-end=\"1634\"><span style=\"color: #333333;\"><a style=\"color: #333333;\" href=\"https:\/\/www.corpenbarcelona.com\/\"><strong data-start=\"1297\" data-end=\"1311\">Corpen Gin<\/strong><\/a><\/span><\/h3>\n<p data-start=\"0\" data-end=\"276\">Torna el BLOCK PARTY de CORPEN per l\u2019Open Day, una jornada per gaudir de m\u00fasica, gastronomia i bon ambient. Hi haur\u00e0 c\u00f2ctels de Corpen Gin i opcions sense alcohol, proposta gastron\u00f2mica de Hi-Fried i sessions de DJ amb Chloe de Gucci i Realname Travis &amp; Friends.<\/p>\n<p data-start=\"278\" data-end=\"365\">Amb la participaci\u00f3 especial de Soil \u2013 Savory Spirits.<\/p>\n<h6 style=\"text-align: center;\" data-start=\"1297\" data-end=\"1634\"><span style=\"color: #333333;\">Pujades, 74, local 6<\/span><br data-start=\"1620\" data-end=\"1623\" \/><span style=\"color: #333333;\">12 h a 23 h<\/span><\/h6>\n<h3 data-start=\"2090\" data-end=\"2352\"><\/h3>\n<h3 data-start=\"2090\" data-end=\"2352\"><span style=\"color: #333333;\"><a style=\"color: #333333;\" href=\"https:\/\/escuelapizzamakers.com\/\"><strong data-start=\"2090\" data-end=\"2105\">Escuela Pizza Makers<\/strong><\/a><\/span><\/h3>\n<p>Experi\u00e8ncia Gastron\u00f2mica: Pizza &amp; Degustaci\u00f3. <strong><a href=\"https:\/\/www.eventbrite.com\/e\/taller-pizza-open-day-degustacion-open-day-tickets-1987902623259?aff=oddtdtcreator\">Reserva la teva pla\u00e7a.<\/a><\/strong><\/p>\n<p>Taller Pr\u00e0ctic de pizzas (1:30h): Apr\u00e8n a fer pizza des de zero. Una proposta que combina aprenentatge, creativitat i gastronomia a l\u2019entorn del m\u00f3n de la pizza, en un format din\u00e0mic pensat per gaudir en grup. L\u2019experi\u00e8ncia es desenvolupa en una escola professional de pizzers, aportant un enfocament aut\u00e8ntic i especialitzat.<\/p>\n<h6 style=\"text-align: center;\"><strong>11:30h a 13:00h<\/strong><br \/>\n<strong>18:00h a 19:30h<\/strong><\/h6>\n<p data-path-to-node=\"2,1,0\">Degustaci\u00f3 italiana a la zona\u00a0<i data-path-to-node=\"1\" data-index-in-node=\"30\">lounge<\/i>, un espai ideal per relaxar-se i gaudir sense presses d\u2019una selecci\u00f3 de pizzes i foc\u00e0ccies variades. L\u2019experi\u00e8ncia inclou postres italians i begudes, en un format perfecte per compartir i allargar la vetllada en un ambient dist\u00e8s.<\/p>\n<h6 style=\"text-align: center;\"><strong>14:00h a 16:00h<\/strong><\/h6>\n<h6 style=\"text-align: center;\" data-start=\"2354\" data-end=\"2679\"><span style=\"color: #333333;\">Bilbao, 58<\/span><\/h6>\n<p>&nbsp;<\/p>\n<h3 data-start=\"2354\" data-end=\"2679\"><span style=\"color: #333333;\"><a style=\"color: #333333;\" href=\"https:\/\/garagebeer.co\/\"><strong data-start=\"2354\" data-end=\"2381\">Garage Beer Co Poblenou<\/strong><\/a><\/span><\/h3>\n<p data-path-to-node=\"2\">Garage Beer Co Poblenou marida cervesa artesana i art local amb l\u2019exposici\u00f3 de Silustra. Una oportunitat per gaudir de la proposta visual d\u2019aquesta artista en l\u2019ambient industrial i relaxat del Garage, ideal per als amants de la il\u00b7lustraci\u00f3 i la bona birra.<\/p>\n<h6 style=\"text-align: center;\" data-start=\"2354\" data-end=\"2679\"><span style=\"color: #333333;\">Passeig de Calvell, 45<\/span><br data-start=\"2665\" data-end=\"2668\" \/><span style=\"color: #333333;\">13 h a 01 h<\/span><\/h6>\n<h3 data-start=\"2681\" data-end=\"2855\"><\/h3>\n<h3 data-start=\"2681\" data-end=\"2855\"><span style=\"color: #333333;\"><a style=\"color: #333333;\" href=\"https:\/\/www.instagram.com\/hoppinessbcn\/?hl=es\"><strong data-start=\"2681\" data-end=\"2694\">Hoppiness<\/strong><\/a><\/span><\/h3>\n<p data-path-to-node=\"2\">Amb motiu de l\u2019Open Day, s\u2019ofereix una promoci\u00f3 especial que combina gastronomia local i cervesa de proximitat. La proposta inclou una mitja raci\u00f3 de les nostres patates braves acompanyada d\u2019una mitja pinta de la cervesa artesana Tokiski Pils per un preu tancat de 5,50 \u20ac.<\/p>\n<h6 style=\"text-align: center;\" data-start=\"2681\" data-end=\"2855\"><span style=\"color: #333333;\">Ramon Turr\u00f3, 180<\/span><br data-start=\"2841\" data-end=\"2844\" \/><span style=\"color: #333333;\">12:30 h a 0:30 h<\/span><\/h6>\n<h3 data-start=\"2857\" data-end=\"3130\"><\/h3>\n<h3 data-start=\"3132\" data-end=\"3398\"><span style=\"color: #333333;\"><a style=\"color: #333333;\" href=\"https:\/\/www.instagram.com\/lataqueriabcn\/?hl=es\"><strong data-start=\"3132\" data-end=\"3147\">La Taquer\u00eda<\/strong><\/a><\/span><\/h3>\n<p>La Taqueria de Poblenou presenta una exposici\u00f3 de pinyates mexicanes i una proposta gastron\u00f2mica amb la millor birria de vedella, tacos i quesabirrias amb el seu consom\u00e9. Tot acompanyat de michelades amb cervesa Chabela i, per acabar, mojitos mexicans de mezcal i guaiaba.<\/p>\n<h6 style=\"text-align: center;\" data-start=\"3132\" data-end=\"3398\"><span style=\"color: #333333;\">Pujades, 172<\/span><br data-start=\"3384\" data-end=\"3387\" \/><span style=\"color: #333333;\">13 h a 00 h<\/span><\/h6>\n<h3 data-start=\"3400\" data-end=\"3769\"><\/h3>\n<h3 data-start=\"3400\" data-end=\"3769\"><span style=\"color: #333333;\"><a style=\"color: #333333;\" href=\"https:\/\/latavernicola.com\/\"><strong data-start=\"3400\" data-end=\"3418\">La Tavern\u00edcola<\/strong><\/a><\/span><\/h3>\n<p data-start=\"0\" data-end=\"241\">Un restaurant per gaudir d\u2019excel\u00b7lents carns argentines i nacionals amb una \u00e0mplia selecci\u00f3 de vins. Amb motiu de l\u2019Open Day, ofereix el \u201cCombo Open Day\u201d: Loco d\u2019Angus en pa de xapata amb chimichurri + copa de Malbec Alma Loca per 12\u20ac<\/p>\n<p data-start=\"243\" data-end=\"248\">Combo Open Day: 15.30h \u2013 22.30h<\/p>\n<h6 style=\"text-align: center;\" data-start=\"3400\" data-end=\"3769\"><span style=\"color: #333333;\">Roc Boronat, 70<\/span><br data-start=\"3749\" data-end=\"3752\" \/><span style=\"color: #333333;\">12 h a 23:00 h<\/span><\/h6>\n<h3 data-start=\"3771\" data-end=\"3991\"><\/h3>\n<h3>Local 225<\/h3>\n<p class=\"\" data-start=\"4147\" data-end=\"4414\">Dia de vermut al Local 225 Barrio Bar. Carta de tapes i truites non stop, terrassa, sol i per la tarda \u00a1Hi haur\u00e0 DJ!<\/p>\n<h6 style=\"text-align: center;\" data-start=\"4147\" data-end=\"4414\"><span style=\"color: #333333;\">Doctor Trueta, 225<\/span><br data-start=\"4400\" data-end=\"4403\" \/><span style=\"color: #333333;\">12 h a 00 h<\/span><\/h6>\n<p>&nbsp;<\/p>\n<h3><span style=\"text-decoration: underline;\">Local 225<\/span><\/h3>\n<p>Un pla de tarda excel\u00b7lent amb un mercat de roba vintage, la inauguraci\u00f3 de l&#8217;exposici\u00f3 fotogr\u00e0fica de LOLA FRITZ, m\u00fasica, menjar i beguda. A m\u00e9s, nom\u00e9s per un dia fan promoci\u00f3 amb preu especial del &#8220;C\u00f2ctel Open Day&#8221;, el seu c\u00f2ctel Pomada.<\/p>\n<h6 style=\"text-align: center;\" data-start=\"4914\" data-end=\"5113\"><span style=\"color: #333333;\">Doctor Trueta, 225<\/span><br data-start=\"5090\" data-end=\"5093\" \/><span style=\"color: #333333;\">13h a 22h<\/span><\/h6>\n<p>&nbsp;<\/p>\n<h3><a href=\"https:\/\/www.sisirooftop.com\/es\/barcelona\"><strong>S\u00edS\u00ed Rooftop<\/strong><\/a><\/h3>\n<p>Dona la benvinguda a la temporada d\u2019estiu amb una vibrant trobada a la vora de la piscina amb vistes panor\u00e0miques de Barcelona. Gaudeix de refrescants begudes seleccionades, degusta canap\u00e8s gurmet del nostre nou men\u00fa i viu sessions de DJ en directe amb MR. B i Crossroads de 15:00 a 18:00, seguides de Dixselia i Pau Za\u00f1artu de 18:00 a 22:00, tot en una atmosfera relaxada per\u00f2 din\u00e0mica. El comen\u00e7ament perfecte de l\u2019estiu.<\/p>\n<h6 style=\"text-align: center;\" data-start=\"4914\" data-end=\"5113\"><span style=\"color: #333333;\">Cristobal de Moura, 49<\/span><br data-start=\"5090\" data-end=\"5093\" \/><span style=\"color: #333333;\">14h a 22h<\/span><\/h6>\n<p>&nbsp;<\/p>\n<h3 data-start=\"4914\" data-end=\"5113\"><span style=\"color: #333333;\"><a style=\"color: #333333;\" href=\"https:\/\/www.warikeproject.com\/\"><strong data-start=\"4914\" data-end=\"4932\">Warike Project<\/strong><\/a><\/span><\/h3>\n<p class=\"\" data-start=\"4914\" data-end=\"5113\">No et perdis l\u2019autentic sabor de la cuina peruana de Warike durant la seva Happy Hour en Pisco Sour i tapes.<\/p>\n<h6 style=\"text-align: center;\" data-start=\"4914\" data-end=\"5113\"><span style=\"color: #333333;\">Bilbao, 24<\/span><br data-start=\"5090\" data-end=\"5093\" \/><span style=\"color: #333333;\">13h a 15:30 h<\/span><\/h6>\n<p>&nbsp;<\/p>","protected":false},"excerpt":{"rendered":"<p>Deixa\u2019t sorprendre per la gran varietat d\u2019ofertes gastron\u00f2miques i de cocteleria que han preparat els restaurants i bars associats a&#8230; <a href=\"https:\/\/poblenouurbandistrict.com\/ca\/tota-la-proposta-gastronomica-del-poblenou-open-day-4\/\">M\u00e9s  \u2192<\/a><\/p>\n","protected":false},"author":5,"featured_media":55701,"comment_status":"closed","ping_status":"closed","sticky":false,"template":"","format":"standard","meta":{"_acf_changed":false,"footnotes":""},"categories":[3565,3353],"tags":[],"class_list":["post-55916","post","type-post","status-publish","format-standard","has-post-thumbnail","hentry","category-poblenou-open-day","category-gastronomia"],"acf":[],"yoast_head":"<!-- This site is optimized with the Yoast SEO plugin v27.4 - https:\/\/yoast.com\/product\/yoast-seo-wordpress\/ -->\n<title>Tota la proposta gastron\u00f2mica del Poblenou Open Day &#8211; Poblenou Urban District<\/title>\n<meta name=\"robots\" content=\"index, follow, max-snippet:-1, max-image-preview:large, max-video-preview:-1\" \/>\n<link rel=\"canonical\" href=\"https:\/\/poblenouurbandistrict.com\/ca\/tota-la-proposta-gastronomica-del-poblenou-open-day-4\/\" \/>\n<meta property=\"og:locale\" content=\"ca_ES\" \/>\n<meta property=\"og:type\" content=\"article\" \/>\n<meta property=\"og:title\" content=\"Tota la proposta gastron\u00f2mica del Poblenou Open Day &#8211; Poblenou Urban District\" \/>\n<meta property=\"og:description\" content=\"Deixa\u2019t sorprendre per la gran varietat d\u2019ofertes gastron\u00f2miques i de cocteleria que han preparat els restaurants i bars associats a... M\u00e9s \u2192\" \/>\n<meta property=\"og:url\" content=\"https:\/\/poblenouurbandistrict.com\/ca\/tota-la-proposta-gastronomica-del-poblenou-open-day-4\/\" \/>\n<meta property=\"og:site_name\" content=\"Poblenou Urban District\" \/>\n<meta property=\"article:published_time\" content=\"2026-04-28T11:48:34+00:00\" \/>\n<meta property=\"og:image\" content=\"https:\/\/media.poblenouurbandistrict.com\/2026\/04\/20134112\/saveclipapp-582604782-18547174387005217-4615677867561810026-n-e1776685291290.jpg\" \/>\n\t<meta property=\"og:image:width\" content=\"1440\" \/>\n\t<meta property=\"og:image:height\" content=\"1080\" \/>\n\t<meta property=\"og:image:type\" content=\"image\/jpeg\" \/>\n<meta name=\"author\" content=\"pnud\" \/>\n<meta name=\"twitter:card\" content=\"summary_large_image\" \/>\n<meta name=\"twitter:label1\" content=\"Escrit per\" \/>\n\t<meta name=\"twitter:data1\" content=\"pnud\" \/>\n\t<meta name=\"twitter:label2\" content=\"Temps estimat de lectura\" \/>\n\t<meta name=\"twitter:data2\" content=\"5 minuts\" \/>\n<script type=\"application\/ld+json\" class=\"yoast-schema-graph\">{\"@context\":\"https:\\\/\\\/schema.org\",\"@graph\":[{\"@type\":\"Article\",\"@id\":\"https:\\\/\\\/poblenouurbandistrict.com\\\/tota-la-proposta-gastronomica-del-poblenou-open-day-4\\\/#article\",\"isPartOf\":{\"@id\":\"https:\\\/\\\/poblenouurbandistrict.com\\\/tota-la-proposta-gastronomica-del-poblenou-open-day-4\\\/\"},\"author\":{\"name\":\"pnud\",\"@id\":\"https:\\\/\\\/poblenouurbandistrict.com\\\/#\\\/schema\\\/person\\\/980a2cf34b399d5218205730acd54a7e\"},\"headline\":\"Tota la proposta gastron\u00f2mica del Poblenou Open Day\",\"datePublished\":\"2026-04-28T11:48:34+00:00\",\"mainEntityOfPage\":{\"@id\":\"https:\\\/\\\/poblenouurbandistrict.com\\\/tota-la-proposta-gastronomica-del-poblenou-open-day-4\\\/\"},\"wordCount\":2420,\"image\":{\"@id\":\"https:\\\/\\\/poblenouurbandistrict.com\\\/tota-la-proposta-gastronomica-del-poblenou-open-day-4\\\/#primaryimage\"},\"thumbnailUrl\":\"https:\\\/\\\/media.poblenouurbandistrict.com\\\/2026\\\/04\\\/20134112\\\/saveclipapp-582604782-18547174387005217-4615677867561810026-n-e1776685291290.jpg\",\"articleSection\":[\"Poblenou Open Day\",\"Gastronomia\"],\"inLanguage\":\"ca\"},{\"@type\":\"WebPage\",\"@id\":\"https:\\\/\\\/poblenouurbandistrict.com\\\/ca\\\/tota-la-proposta-gastronomica-del-poblenou-open-day-4\\\/\",\"url\":\"https:\\\/\\\/poblenouurbandistrict.com\\\/ca\\\/tota-la-proposta-gastronomica-del-poblenou-open-day-4\\\/\",\"name\":\"Tota la proposta gastron\u00f2mica del Poblenou Open Day &#8211; Poblenou Urban District\",\"isPartOf\":{\"@id\":\"https:\\\/\\\/poblenouurbandistrict.com\\\/ca\\\/#website\"},\"primaryImageOfPage\":{\"@id\":\"https:\\\/\\\/poblenouurbandistrict.com\\\/ca\\\/tota-la-proposta-gastronomica-del-poblenou-open-day-4\\\/#primaryimage\"},\"image\":{\"@id\":\"https:\\\/\\\/poblenouurbandistrict.com\\\/tota-la-proposta-gastronomica-del-poblenou-open-day-4\\\/#primaryimage\"},\"thumbnailUrl\":\"https:\\\/\\\/media.poblenouurbandistrict.com\\\/2026\\\/04\\\/20134112\\\/saveclipapp-582604782-18547174387005217-4615677867561810026-n-e1776685291290.jpg\",\"datePublished\":\"2026-04-28T11:48:34+00:00\",\"author\":{\"@id\":\"https:\\\/\\\/poblenouurbandistrict.com\\\/#\\\/schema\\\/person\\\/980a2cf34b399d5218205730acd54a7e\"},\"breadcrumb\":{\"@id\":\"https:\\\/\\\/poblenouurbandistrict.com\\\/ca\\\/tota-la-proposta-gastronomica-del-poblenou-open-day-4\\\/#breadcrumb\"},\"inLanguage\":\"ca\",\"potentialAction\":[{\"@type\":\"ReadAction\",\"target\":[[\"https:\\\/\\\/poblenouurbandistrict.com\\\/ca\\\/tota-la-proposta-gastronomica-del-poblenou-open-day-4\\\/\"]]}]},{\"@type\":\"ImageObject\",\"inLanguage\":\"ca\",\"@id\":\"https:\\\/\\\/poblenouurbandistrict.com\\\/ca\\\/tota-la-proposta-gastronomica-del-poblenou-open-day-4\\\/#primaryimage\",\"url\":\"https:\\\/\\\/media.poblenouurbandistrict.com\\\/2026\\\/04\\\/20134112\\\/saveclipapp-582604782-18547174387005217-4615677867561810026-n-e1776685291290.jpg\",\"contentUrl\":\"https:\\\/\\\/media.poblenouurbandistrict.com\\\/2026\\\/04\\\/20134112\\\/saveclipapp-582604782-18547174387005217-4615677867561810026-n-e1776685291290.jpg\",\"width\":1440,\"height\":1080},{\"@type\":\"BreadcrumbList\",\"@id\":\"https:\\\/\\\/poblenouurbandistrict.com\\\/ca\\\/tota-la-proposta-gastronomica-del-poblenou-open-day-4\\\/#breadcrumb\",\"itemListElement\":[{\"@type\":\"ListItem\",\"position\":1,\"name\":\"Home\",\"item\":\"https:\\\/\\\/poblenouurbandistrict.com\\\/ca\\\/\"},{\"@type\":\"ListItem\",\"position\":2,\"name\":\"Tota la proposta gastron\u00f2mica del Poblenou Open Day\"}]},{\"@type\":\"WebSite\",\"@id\":\"https:\\\/\\\/poblenouurbandistrict.com\\\/ca\\\/#website\",\"url\":\"https:\\\/\\\/poblenouurbandistrict.com\\\/ca\\\/\",\"name\":\"Poblenou Urban District\",\"description\":\"Comunitat Creativa\",\"potentialAction\":[{\"@type\":\"SearchAction\",\"target\":{\"@type\":\"EntryPoint\",\"urlTemplate\":\"https:\\\/\\\/poblenouurbandistrict.com\\\/ca\\\/?s={search_term_string}\"},\"query-input\":{\"@type\":\"PropertyValueSpecification\",\"valueRequired\":true,\"valueName\":\"search_term_string\"}}],\"inLanguage\":\"ca\"},{\"@type\":\"Person\",\"@id\":\"https:\\\/\\\/poblenouurbandistrict.com\\\/#\\\/schema\\\/person\\\/980a2cf34b399d5218205730acd54a7e\",\"name\":\"pnud\",\"image\":{\"@type\":\"ImageObject\",\"inLanguage\":\"ca\",\"@id\":\"https:\\\/\\\/secure.gravatar.com\\\/avatar\\\/67146597b405ee077a24e519f75c3e2031736596d6ce35af3a34c122c93d0d7b?s=96&d=retro&r=g\",\"url\":\"https:\\\/\\\/secure.gravatar.com\\\/avatar\\\/67146597b405ee077a24e519f75c3e2031736596d6ce35af3a34c122c93d0d7b?s=96&d=retro&r=g\",\"contentUrl\":\"https:\\\/\\\/secure.gravatar.com\\\/avatar\\\/67146597b405ee077a24e519f75c3e2031736596d6ce35af3a34c122c93d0d7b?s=96&d=retro&r=g\",\"caption\":\"pnud\"}}]}<\/script>\n<!-- \/ Yoast SEO plugin. -->","yoast_head_json":{"title":"Tota la proposta gastron\u00f2mica del Poblenou Open Day &#8211; Poblenou Urban District","robots":{"index":"index","follow":"follow","max-snippet":"max-snippet:-1","max-image-preview":"max-image-preview:large","max-video-preview":"max-video-preview:-1"},"canonical":"https:\/\/poblenouurbandistrict.com\/ca\/tota-la-proposta-gastronomica-del-poblenou-open-day-4\/","og_locale":"ca_ES","og_type":"article","og_title":"Tota la proposta gastron\u00f2mica del Poblenou Open Day &#8211; Poblenou Urban District","og_description":"Deixa\u2019t sorprendre per la gran varietat d\u2019ofertes gastron\u00f2miques i de cocteleria que han preparat els restaurants i bars associats a... M\u00e9s \u2192","og_url":"https:\/\/poblenouurbandistrict.com\/ca\/tota-la-proposta-gastronomica-del-poblenou-open-day-4\/","og_site_name":"Poblenou Urban District","article_published_time":"2026-04-28T11:48:34+00:00","og_image":[{"width":1440,"height":1080,"url":"https:\/\/media.poblenouurbandistrict.com\/2026\/04\/20134112\/saveclipapp-582604782-18547174387005217-4615677867561810026-n-e1776685291290.jpg","type":"image\/jpeg"}],"author":"pnud","twitter_card":"summary_large_image","twitter_misc":{"Escrit per":"pnud","Temps estimat de lectura":"5 minuts"},"schema":{"@context":"https:\/\/schema.org","@graph":[{"@type":"Article","@id":"https:\/\/poblenouurbandistrict.com\/tota-la-proposta-gastronomica-del-poblenou-open-day-4\/#article","isPartOf":{"@id":"https:\/\/poblenouurbandistrict.com\/tota-la-proposta-gastronomica-del-poblenou-open-day-4\/"},"author":{"name":"pnud","@id":"https:\/\/poblenouurbandistrict.com\/#\/schema\/person\/980a2cf34b399d5218205730acd54a7e"},"headline":"Tota la proposta gastron\u00f2mica del Poblenou Open Day","datePublished":"2026-04-28T11:48:34+00:00","mainEntityOfPage":{"@id":"https:\/\/poblenouurbandistrict.com\/tota-la-proposta-gastronomica-del-poblenou-open-day-4\/"},"wordCount":2420,"image":{"@id":"https:\/\/poblenouurbandistrict.com\/tota-la-proposta-gastronomica-del-poblenou-open-day-4\/#primaryimage"},"thumbnailUrl":"https:\/\/media.poblenouurbandistrict.com\/2026\/04\/20134112\/saveclipapp-582604782-18547174387005217-4615677867561810026-n-e1776685291290.jpg","articleSection":["Poblenou Open Day","Gastronomia"],"inLanguage":"ca"},{"@type":"WebPage","@id":"https:\/\/poblenouurbandistrict.com\/ca\/tota-la-proposta-gastronomica-del-poblenou-open-day-4\/","url":"https:\/\/poblenouurbandistrict.com\/ca\/tota-la-proposta-gastronomica-del-poblenou-open-day-4\/","name":"Tota la proposta gastron\u00f2mica del Poblenou Open Day &#8211; Poblenou Urban District","isPartOf":{"@id":"https:\/\/poblenouurbandistrict.com\/ca\/#website"},"primaryImageOfPage":{"@id":"https:\/\/poblenouurbandistrict.com\/ca\/tota-la-proposta-gastronomica-del-poblenou-open-day-4\/#primaryimage"},"image":{"@id":"https:\/\/poblenouurbandistrict.com\/tota-la-proposta-gastronomica-del-poblenou-open-day-4\/#primaryimage"},"thumbnailUrl":"https:\/\/media.poblenouurbandistrict.com\/2026\/04\/20134112\/saveclipapp-582604782-18547174387005217-4615677867561810026-n-e1776685291290.jpg","datePublished":"2026-04-28T11:48:34+00:00","author":{"@id":"https:\/\/poblenouurbandistrict.com\/#\/schema\/person\/980a2cf34b399d5218205730acd54a7e"},"breadcrumb":{"@id":"https:\/\/poblenouurbandistrict.com\/ca\/tota-la-proposta-gastronomica-del-poblenou-open-day-4\/#breadcrumb"},"inLanguage":"ca","potentialAction":[{"@type":"ReadAction","target":[["https:\/\/poblenouurbandistrict.com\/ca\/tota-la-proposta-gastronomica-del-poblenou-open-day-4\/"]]}]},{"@type":"ImageObject","inLanguage":"ca","@id":"https:\/\/poblenouurbandistrict.com\/ca\/tota-la-proposta-gastronomica-del-poblenou-open-day-4\/#primaryimage","url":"https:\/\/media.poblenouurbandistrict.com\/2026\/04\/20134112\/saveclipapp-582604782-18547174387005217-4615677867561810026-n-e1776685291290.jpg","contentUrl":"https:\/\/media.poblenouurbandistrict.com\/2026\/04\/20134112\/saveclipapp-582604782-18547174387005217-4615677867561810026-n-e1776685291290.jpg","width":1440,"height":1080},{"@type":"BreadcrumbList","@id":"https:\/\/poblenouurbandistrict.com\/ca\/tota-la-proposta-gastronomica-del-poblenou-open-day-4\/#breadcrumb","itemListElement":[{"@type":"ListItem","position":1,"name":"Home","item":"https:\/\/poblenouurbandistrict.com\/ca\/"},{"@type":"ListItem","position":2,"name":"Tota la proposta gastron\u00f2mica del Poblenou Open Day"}]},{"@type":"WebSite","@id":"https:\/\/poblenouurbandistrict.com\/ca\/#website","url":"https:\/\/poblenouurbandistrict.com\/ca\/","name":"Poblenou Urban District","description":"Comunitat Creativa","potentialAction":[{"@type":"SearchAction","target":{"@type":"EntryPoint","urlTemplate":"https:\/\/poblenouurbandistrict.com\/ca\/?s={search_term_string}"},"query-input":{"@type":"PropertyValueSpecification","valueRequired":true,"valueName":"search_term_string"}}],"inLanguage":"ca"},{"@type":"Person","@id":"https:\/\/poblenouurbandistrict.com\/#\/schema\/person\/980a2cf34b399d5218205730acd54a7e","name":"pnud","image":{"@type":"ImageObject","inLanguage":"ca","@id":"https:\/\/secure.gravatar.com\/avatar\/67146597b405ee077a24e519f75c3e2031736596d6ce35af3a34c122c93d0d7b?s=96&d=retro&r=g","url":"https:\/\/secure.gravatar.com\/avatar\/67146597b405ee077a24e519f75c3e2031736596d6ce35af3a34c122c93d0d7b?s=96&d=retro&r=g","contentUrl":"https:\/\/secure.gravatar.com\/avatar\/67146597b405ee077a24e519f75c3e2031736596d6ce35af3a34c122c93d0d7b?s=96&d=retro&r=g","caption":"pnud"}}]}},"_links":{"self":[{"href":"https:\/\/poblenouurbandistrict.com\/ca\/wp-json\/wp\/v2\/posts\/55916","targetHints":{"allow":["GET"]}}],"collection":[{"href":"https:\/\/poblenouurbandistrict.com\/ca\/wp-json\/wp\/v2\/posts"}],"about":[{"href":"https:\/\/poblenouurbandistrict.com\/ca\/wp-json\/wp\/v2\/types\/post"}],"author":[{"embeddable":true,"href":"https:\/\/poblenouurbandistrict.com\/ca\/wp-json\/wp\/v2\/users\/5"}],"replies":[{"embeddable":true,"href":"https:\/\/poblenouurbandistrict.com\/ca\/wp-json\/wp\/v2\/comments?post=55916"}],"version-history":[{"count":14,"href":"https:\/\/poblenouurbandistrict.com\/ca\/wp-json\/wp\/v2\/posts\/55916\/revisions"}],"predecessor-version":[{"id":55930,"href":"https:\/\/poblenouurbandistrict.com\/ca\/wp-json\/wp\/v2\/posts\/55916\/revisions\/55930"}],"wp:featuredmedia":[{"embeddable":true,"href":"https:\/\/poblenouurbandistrict.com\/ca\/wp-json\/wp\/v2\/media\/55701"}],"wp:attachment":[{"href":"https:\/\/poblenouurbandistrict.com\/ca\/wp-json\/wp\/v2\/media?parent=55916"}],"wp:term":[{"taxonomy":"category","embeddable":true,"href":"https:\/\/poblenouurbandistrict.com\/ca\/wp-json\/wp\/v2\/categories?post=55916"},{"taxonomy":"post_tag","embeddable":true,"href":"https:\/\/poblenouurbandistrict.com\/ca\/wp-json\/wp\/v2\/tags?post=55916"}],"curies":[{"name":"wp","href":"https:\/\/api.w.org\/{rel}","templated":true}]}}