{"id":55958,"date":"2026-04-29T11:48:42","date_gmt":"2026-04-29T09:48:42","guid":{"rendered":"https:\/\/poblenouurbandistrict.com\/?p=55958"},"modified":"2026-04-29T11:48:42","modified_gmt":"2026-04-29T09:48:42","slug":"art-i-creativitat-les-propostes-del-poblenou-open-day-2","status":"publish","type":"post","link":"https:\/\/poblenouurbandistrict.com\/ca\/art-i-creativitat-les-propostes-del-poblenou-open-day-2\/","title":{"rendered":"Art i creativitat: les propostes del Poblenou Open Day"},"content":{"rendered":"<p><span style=\"color: #333333;\">Museus i galeries d&#8217;art vinculats a Poblenou Urban District obriran les seves portes el pr\u00f2xim 9 de maig per celebrar l&#8217;Open Day. Una jornada per descobrir art i disseny a trav\u00e9s de diferents formats, cat\u00e0legs i exposicions.<\/span><\/p>\n<h3><\/h3>\n<h3 style=\"text-align: left;\"><strong><a href=\"https:\/\/www.paloalto.barcelona\/expogest\">Fundaci\u00f3 Palo Alto<\/a><\/strong><\/h3>\n<p style=\"text-align: left;\">Palo Alto acull \u201cArt en Connexi\u00f3\u201d, una jornada que vincula l\u2019art emergent de Catalunya amb la creativitat ucra\u00efnesa contempor\u00e0nia. El programa inclou l\u2019exposici\u00f3 \u201cFem art\u201d, amb projectes d\u2019escoles de disseny catalanes, i l\u2019espai \u201cUA Culture Lab\u201d, amb una mostra de Daria Alyoshkina, tallers, DJ i venda d\u2019obra. L\u2019esdeveniment \u00e9s una iniciativa del Centre Cultural Ucra\u00efn\u00e8s i la Fundaci\u00f3 Palo Alto, i tota la recaptaci\u00f3 es destinar\u00e0 a fins ben\u00e8fics.<\/p>\n<h6 style=\"text-align: center;\">Pellaires 30 &#8211; 38<br \/>\n11h a 00h<\/h6>\n<h3 data-start=\"823\" data-end=\"848\"><\/h3>\n<h3 data-start=\"823\" data-end=\"848\"><span style=\"color: #333333;\"><a style=\"color: #333333;\" href=\"https:\/\/www.dissenyhub.barcelona\/\"><strong data-start=\"823\" data-end=\"848\">Disseny Hub Barcelona<\/strong><\/a><\/span><\/h3>\n<p>Disseny Hub Barcelona obre les seves portes de manera gratu\u00efta durant tot el dissabte 9 de maig. Descobreix la seva varietat d\u2019exposicions permanents i una mostra temporal:<\/p>\n<ul>\n<li><a href=\"https:\/\/ajuntament.barcelona.cat\/museudeldisseny\/ca\/exposicio\/objectes-comuns-histories-locals-debats-globals\">\u201cObjectes comuns. Hist\u00f2ries locals, debats globals\u201d<\/a><\/li>\n<li><a href=\"https:\/\/ajuntament.barcelona.cat\/museudeldisseny\/ca\/exposicio\/el-cos-vestit-siluetes-i-moda-1550-2015\">\u201cEl cos vestit. Siluetes i moda (1550-2015)\u201d<\/a><\/li>\n<li><a href=\"https:\/\/ajuntament.barcelona.cat\/museudeldisseny\/ca\/exposicio\/dissenyes-o-treballes-la-nova-comunicacio-visual-1980-2003\">\u201cDissenyes o treballes? La nova comunicaci\u00f3 visual (1980-2003)\u201d<\/a><\/li>\n<li><a href=\"https:\/\/www.dissenyhub.barcelona\/ca\/exposicio\/matter-matters-dissenyar-amb-el-mon\">Matter Matters. Dissenyar amb el m\u00f3n<\/a><\/li>\n<li><a href=\"https:\/\/www.dissenyhub.barcelona\/ca\/exposicio\/tecniques-del-ferro-del-treball-artesanal-la-produccio-industrial\">T\u00e8cniques del ferro. Del treball artesanal a la producci\u00f3 industrial.<\/a><\/li>\n<\/ul>\n<h6 style=\"text-align: center;\" data-start=\"1293\" data-end=\"1340\"><span style=\"color: #333333;\">Pl. de les Gl\u00f2ries Catalanes, 37-38<\/span><br data-start=\"1328\" data-end=\"1331\" \/><span style=\"color: #333333;\">10h a 20h<\/span><\/h6>\n<h3 data-start=\"1342\" data-end=\"1359\"><span style=\"color: #333333;\"><a style=\"color: #333333;\" href=\"https:\/\/laplataformabcn.com\/\"><strong data-start=\"1342\" data-end=\"1359\">La Plataforma<\/strong><\/a><\/span><\/h3>\n<p data-start=\"195\" data-end=\"439\">La Plataforma presenta l\u2019opening d\u2019\u201cEsfinges\u201d, de l\u2019artista Blanca Haddad, una proposta que convida a endinsar-se en un univers simb\u00f2lic i suggerent. La jornada comen\u00e7a amb una preview exclusiva fins a les 15h amb reserva pr\u00e8via. A partir de les 15h, l\u2019espai es transforma amb sessions de DJ, una performance po\u00e8tica de l\u2019artista a les 18h, cocteleria i un corner de venda de l\u2019arxiu en paper de la galeria.<\/p>\n<h6 style=\"text-align: center;\" data-start=\"1654\" data-end=\"1677\"><span style=\"color: #333333;\">Pujades, 99<\/span><br data-start=\"1665\" data-end=\"1668\" \/><span style=\"color: #333333;\">11h a 22h<\/span><\/h6>\n<h6 style=\"text-align: center;\" data-start=\"273\" data-end=\"423\"><\/h6>\n<h3><span style=\"color: #333333;\"><a style=\"color: #333333;\" href=\"https:\/\/fundaciocarulla.cat\/\">Sala Barcelona del Museu Terra<\/a><\/span><\/h3>\n<div class=\"location-content\">\n<p data-path-to-node=\"2\">La Sala Barcelona del Museu Terra presenta una proposta d\u2019art i reflexi\u00f3 ambiental amb un taller d\u2019estampaci\u00f3 a c\u00e0rrec d\u2019Ana Mercau, on s\u2019utilitzaran materials reutilitzats, i visites guiades gratu\u00eftes a l\u2019exposici\u00f3 \u201cPl\u00e0stic. Genial o pervers?\u201d. La mostra analitza l\u2019\u00fas d\u2019aquest material des d\u2019una perspectiva visual i hist\u00f2rica. Reserva la teva pla\u00e7a a trav\u00e9s dels seg\u00fcents enlla\u00e7os:<\/p>\n<ul type=\"disc\">\n<li><a href=\"https:\/\/museuterra.cat\/taller-estampacio-artistica\/\">Taller d\u2019estampaci\u00f3 art\u00edstica.<\/a><u><\/u><\/li>\n<li><a href=\"https:\/\/museuterra.cat\/visites-comentades-plastic-genial-pervers\/\">Visites comentades a \u201cPl\u00e0stic. Genial o pervers?\u201d<\/a><\/li>\n<\/ul>\n<h6 style=\"text-align: center;\">Dels Almog\u00e0vers, 214<br \/>\n10h a 21h<\/h6>\n<h3><a href=\"https:\/\/fundaciovilacasas.com\/\">Museu Can Framis<\/a><\/h3>\n<div class=\"location-content\">\n<p data-path-to-node=\"2\">El museu ofereix una visita guiada a l\u2019exposici\u00f3 \u201cUn gran frac\u00e0s\u201d deGon\u00e7al Sobrer, dirigida per Pere Pedrals. Una oportunitat per descobrir els detalls i el concepte de la mostra de la m\u00e0 del mateix autor, aprofundint en el relat art\u00edstic i les peces que la componen.<\/p>\n<p data-path-to-node=\"2\"><a href=\"https:\/\/www.fundaciovilacasas.com\/es\/a\/visitas-guiadas-a-la-exposicion-un-gran-fracaso-con-pere-pedrals\">Es requereix reserva pr\u00e8via i \u00e9s una activitat de pagament.<\/a><\/p>\n<h6 style=\"text-align: center;\">Dels Almog\u00e0vers, 214<br \/>\nA les 12h<\/h6>\n<h3><a href=\"https:\/\/load-gallery.com\/\">Load Gallery<\/a><\/h3>\n<div class=\"location-content\">\n<p data-start=\"0\" data-end=\"333\">Load Gallery presenta \u201cAuntiescapes\u201d de niceaunties, una exploraci\u00f3 del cos com a paisatge viu que es transforma i respon a forces invisibles com l\u2019energia, l\u2019emoci\u00f3 o el context cultural. A trav\u00e9s d\u2019obres generades amb IA i una instal\u00b7laci\u00f3 interactiva, el cos esdev\u00e9 mat\u00e8ria canviant, modelada pel temps i els cicles.<\/p>\n<p data-start=\"335\" data-end=\"480\">Visita a l\u2019exposici\u00f3 amb l\u2019artista a les 19h amb reserva pr\u00e8via.<\/p>\n<h6 style=\"text-align: center;\">Lull, 134<br \/>\n16h a 22h<\/h6>\n<\/div>\n<\/div>\n<\/div>\n<p><\/p>","protected":false},"excerpt":{"rendered":"<p>Museus i galeries d&#8217;art vinculats a Poblenou Urban District obriran les seves portes el pr\u00f2xim 9 de maig per celebrar&#8230; <a href=\"https:\/\/poblenouurbandistrict.com\/ca\/art-i-creativitat-les-propostes-del-poblenou-open-day-2\/\">M\u00e9s  \u2192<\/a><\/p>\n","protected":false},"author":5,"featured_media":55709,"comment_status":"closed","ping_status":"closed","sticky":false,"template":"","format":"standard","meta":{"_acf_changed":false,"footnotes":""},"categories":[3565,3501,3342],"tags":[],"class_list":["post-55958","post","type-post","status-publish","format-standard","has-post-thumbnail","hentry","category-poblenou-open-day","category-disseny","category-art"],"acf":[],"yoast_head":"<!-- This site is optimized with the Yoast SEO plugin v27.5 - https:\/\/yoast.com\/product\/yoast-seo-wordpress\/ -->\n<title>Art i creativitat: les propostes del Poblenou Open Day &#8211; Poblenou Urban District<\/title>\n<meta name=\"robots\" content=\"index, follow, max-snippet:-1, max-image-preview:large, max-video-preview:-1\" \/>\n<link rel=\"canonical\" href=\"https:\/\/poblenouurbandistrict.com\/ca\/art-i-creativitat-les-propostes-del-poblenou-open-day-2\/\" \/>\n<meta property=\"og:locale\" content=\"ca_ES\" \/>\n<meta property=\"og:type\" content=\"article\" \/>\n<meta property=\"og:title\" content=\"Art i creativitat: les propostes del Poblenou Open Day &#8211; Poblenou Urban District\" \/>\n<meta property=\"og:description\" content=\"Museus i galeries d&#8217;art vinculats a Poblenou Urban District obriran les seves portes el pr\u00f2xim 9 de maig per celebrar... M\u00e9s \u2192\" \/>\n<meta property=\"og:url\" content=\"https:\/\/poblenouurbandistrict.com\/ca\/art-i-creativitat-les-propostes-del-poblenou-open-day-2\/\" \/>\n<meta property=\"og:site_name\" content=\"Poblenou Urban District\" \/>\n<meta property=\"article:published_time\" content=\"2026-04-29T09:48:42+00:00\" \/>\n<meta name=\"author\" content=\"pnud\" \/>\n<meta name=\"twitter:card\" content=\"summary_large_image\" \/>\n<meta name=\"twitter:label1\" content=\"Escrit per\" \/>\n\t<meta name=\"twitter:data1\" content=\"pnud\" \/>\n\t<meta name=\"twitter:label2\" content=\"Temps estimat de lectura\" \/>\n\t<meta name=\"twitter:data2\" content=\"3 minuts\" \/>\n<script type=\"application\/ld+json\" class=\"yoast-schema-graph\">{\"@context\":\"https:\\\/\\\/schema.org\",\"@graph\":[{\"@type\":\"Article\",\"@id\":\"https:\\\/\\\/poblenouurbandistrict.com\\\/art-i-creativitat-les-propostes-del-poblenou-open-day-2\\\/#article\",\"isPartOf\":{\"@id\":\"https:\\\/\\\/poblenouurbandistrict.com\\\/art-i-creativitat-les-propostes-del-poblenou-open-day-2\\\/\"},\"author\":{\"name\":\"pnud\",\"@id\":\"https:\\\/\\\/poblenouurbandistrict.com\\\/#\\\/schema\\\/person\\\/980a2cf34b399d5218205730acd54a7e\"},\"headline\":\"Art i creativitat: les propostes del Poblenou Open Day\",\"datePublished\":\"2026-04-29T09:48:42+00:00\",\"mainEntityOfPage\":{\"@id\":\"https:\\\/\\\/poblenouurbandistrict.com\\\/art-i-creativitat-les-propostes-del-poblenou-open-day-2\\\/\"},\"wordCount\":1564,\"image\":{\"@id\":\"https:\\\/\\\/poblenouurbandistrict.com\\\/art-i-creativitat-les-propostes-del-poblenou-open-day-2\\\/#primaryimage\"},\"thumbnailUrl\":\"https:\\\/\\\/media.poblenouurbandistrict.com\\\/2026\\\/04\\\/21113356\\\/ugf0a6se63oovjwsxbzlf1v89m.avif\",\"articleSection\":[\"Poblenou Open Day\",\"Disseny\",\"Art\"],\"inLanguage\":\"ca\"},{\"@type\":\"WebPage\",\"@id\":\"https:\\\/\\\/poblenouurbandistrict.com\\\/ca\\\/art-i-creativitat-les-propostes-del-poblenou-open-day-2\\\/\",\"url\":\"https:\\\/\\\/poblenouurbandistrict.com\\\/ca\\\/art-i-creativitat-les-propostes-del-poblenou-open-day-2\\\/\",\"name\":\"Art i creativitat: les propostes del Poblenou Open Day &#8211; Poblenou Urban District\",\"isPartOf\":{\"@id\":\"https:\\\/\\\/poblenouurbandistrict.com\\\/ca\\\/#website\"},\"primaryImageOfPage\":{\"@id\":\"https:\\\/\\\/poblenouurbandistrict.com\\\/ca\\\/art-i-creativitat-les-propostes-del-poblenou-open-day-2\\\/#primaryimage\"},\"image\":{\"@id\":\"https:\\\/\\\/poblenouurbandistrict.com\\\/art-i-creativitat-les-propostes-del-poblenou-open-day-2\\\/#primaryimage\"},\"thumbnailUrl\":\"https:\\\/\\\/media.poblenouurbandistrict.com\\\/2026\\\/04\\\/21113356\\\/ugf0a6se63oovjwsxbzlf1v89m.avif\",\"datePublished\":\"2026-04-29T09:48:42+00:00\",\"author\":{\"@id\":\"https:\\\/\\\/poblenouurbandistrict.com\\\/#\\\/schema\\\/person\\\/980a2cf34b399d5218205730acd54a7e\"},\"breadcrumb\":{\"@id\":\"https:\\\/\\\/poblenouurbandistrict.com\\\/ca\\\/art-i-creativitat-les-propostes-del-poblenou-open-day-2\\\/#breadcrumb\"},\"inLanguage\":\"ca\",\"potentialAction\":[{\"@type\":\"ReadAction\",\"target\":[[\"https:\\\/\\\/poblenouurbandistrict.com\\\/ca\\\/art-i-creativitat-les-propostes-del-poblenou-open-day-2\\\/\"]]}]},{\"@type\":\"ImageObject\",\"inLanguage\":\"ca\",\"@id\":\"https:\\\/\\\/poblenouurbandistrict.com\\\/ca\\\/art-i-creativitat-les-propostes-del-poblenou-open-day-2\\\/#primaryimage\",\"url\":\"https:\\\/\\\/media.poblenouurbandistrict.com\\\/2026\\\/04\\\/21113356\\\/ugf0a6se63oovjwsxbzlf1v89m.avif\",\"contentUrl\":\"https:\\\/\\\/media.poblenouurbandistrict.com\\\/2026\\\/04\\\/21113356\\\/ugf0a6se63oovjwsxbzlf1v89m.avif\",\"width\":2048,\"height\":1367},{\"@type\":\"BreadcrumbList\",\"@id\":\"https:\\\/\\\/poblenouurbandistrict.com\\\/ca\\\/art-i-creativitat-les-propostes-del-poblenou-open-day-2\\\/#breadcrumb\",\"itemListElement\":[{\"@type\":\"ListItem\",\"position\":1,\"name\":\"Home\",\"item\":\"https:\\\/\\\/poblenouurbandistrict.com\\\/ca\\\/\"},{\"@type\":\"ListItem\",\"position\":2,\"name\":\"Art i creativitat: les propostes del Poblenou Open Day\"}]},{\"@type\":\"WebSite\",\"@id\":\"https:\\\/\\\/poblenouurbandistrict.com\\\/ca\\\/#website\",\"url\":\"https:\\\/\\\/poblenouurbandistrict.com\\\/ca\\\/\",\"name\":\"Poblenou Urban District\",\"description\":\"Comunitat Creativa\",\"potentialAction\":[{\"@type\":\"SearchAction\",\"target\":{\"@type\":\"EntryPoint\",\"urlTemplate\":\"https:\\\/\\\/poblenouurbandistrict.com\\\/ca\\\/?s={search_term_string}\"},\"query-input\":{\"@type\":\"PropertyValueSpecification\",\"valueRequired\":true,\"valueName\":\"search_term_string\"}}],\"inLanguage\":\"ca\"},{\"@type\":\"Person\",\"@id\":\"https:\\\/\\\/poblenouurbandistrict.com\\\/#\\\/schema\\\/person\\\/980a2cf34b399d5218205730acd54a7e\",\"name\":\"pnud\",\"image\":{\"@type\":\"ImageObject\",\"inLanguage\":\"ca\",\"@id\":\"https:\\\/\\\/secure.gravatar.com\\\/avatar\\\/67146597b405ee077a24e519f75c3e2031736596d6ce35af3a34c122c93d0d7b?s=96&d=retro&r=g\",\"url\":\"https:\\\/\\\/secure.gravatar.com\\\/avatar\\\/67146597b405ee077a24e519f75c3e2031736596d6ce35af3a34c122c93d0d7b?s=96&d=retro&r=g\",\"contentUrl\":\"https:\\\/\\\/secure.gravatar.com\\\/avatar\\\/67146597b405ee077a24e519f75c3e2031736596d6ce35af3a34c122c93d0d7b?s=96&d=retro&r=g\",\"caption\":\"pnud\"}}]}<\/script>\n<!-- \/ Yoast SEO plugin. -->","yoast_head_json":{"title":"Art i creativitat: les propostes del Poblenou Open Day &#8211; Poblenou Urban District","robots":{"index":"index","follow":"follow","max-snippet":"max-snippet:-1","max-image-preview":"max-image-preview:large","max-video-preview":"max-video-preview:-1"},"canonical":"https:\/\/poblenouurbandistrict.com\/ca\/art-i-creativitat-les-propostes-del-poblenou-open-day-2\/","og_locale":"ca_ES","og_type":"article","og_title":"Art i creativitat: les propostes del Poblenou Open Day &#8211; Poblenou Urban District","og_description":"Museus i galeries d&#8217;art vinculats a Poblenou Urban District obriran les seves portes el pr\u00f2xim 9 de maig per celebrar... M\u00e9s \u2192","og_url":"https:\/\/poblenouurbandistrict.com\/ca\/art-i-creativitat-les-propostes-del-poblenou-open-day-2\/","og_site_name":"Poblenou Urban District","article_published_time":"2026-04-29T09:48:42+00:00","author":"pnud","twitter_card":"summary_large_image","twitter_misc":{"Escrit per":"pnud","Temps estimat de lectura":"3 minuts"},"schema":{"@context":"https:\/\/schema.org","@graph":[{"@type":"Article","@id":"https:\/\/poblenouurbandistrict.com\/art-i-creativitat-les-propostes-del-poblenou-open-day-2\/#article","isPartOf":{"@id":"https:\/\/poblenouurbandistrict.com\/art-i-creativitat-les-propostes-del-poblenou-open-day-2\/"},"author":{"name":"pnud","@id":"https:\/\/poblenouurbandistrict.com\/#\/schema\/person\/980a2cf34b399d5218205730acd54a7e"},"headline":"Art i creativitat: les propostes del Poblenou Open Day","datePublished":"2026-04-29T09:48:42+00:00","mainEntityOfPage":{"@id":"https:\/\/poblenouurbandistrict.com\/art-i-creativitat-les-propostes-del-poblenou-open-day-2\/"},"wordCount":1564,"image":{"@id":"https:\/\/poblenouurbandistrict.com\/art-i-creativitat-les-propostes-del-poblenou-open-day-2\/#primaryimage"},"thumbnailUrl":"https:\/\/media.poblenouurbandistrict.com\/2026\/04\/21113356\/ugf0a6se63oovjwsxbzlf1v89m.avif","articleSection":["Poblenou Open Day","Disseny","Art"],"inLanguage":"ca"},{"@type":"WebPage","@id":"https:\/\/poblenouurbandistrict.com\/ca\/art-i-creativitat-les-propostes-del-poblenou-open-day-2\/","url":"https:\/\/poblenouurbandistrict.com\/ca\/art-i-creativitat-les-propostes-del-poblenou-open-day-2\/","name":"Art i creativitat: les propostes del Poblenou Open Day &#8211; Poblenou Urban District","isPartOf":{"@id":"https:\/\/poblenouurbandistrict.com\/ca\/#website"},"primaryImageOfPage":{"@id":"https:\/\/poblenouurbandistrict.com\/ca\/art-i-creativitat-les-propostes-del-poblenou-open-day-2\/#primaryimage"},"image":{"@id":"https:\/\/poblenouurbandistrict.com\/art-i-creativitat-les-propostes-del-poblenou-open-day-2\/#primaryimage"},"thumbnailUrl":"https:\/\/media.poblenouurbandistrict.com\/2026\/04\/21113356\/ugf0a6se63oovjwsxbzlf1v89m.avif","datePublished":"2026-04-29T09:48:42+00:00","author":{"@id":"https:\/\/poblenouurbandistrict.com\/#\/schema\/person\/980a2cf34b399d5218205730acd54a7e"},"breadcrumb":{"@id":"https:\/\/poblenouurbandistrict.com\/ca\/art-i-creativitat-les-propostes-del-poblenou-open-day-2\/#breadcrumb"},"inLanguage":"ca","potentialAction":[{"@type":"ReadAction","target":[["https:\/\/poblenouurbandistrict.com\/ca\/art-i-creativitat-les-propostes-del-poblenou-open-day-2\/"]]}]},{"@type":"ImageObject","inLanguage":"ca","@id":"https:\/\/poblenouurbandistrict.com\/ca\/art-i-creativitat-les-propostes-del-poblenou-open-day-2\/#primaryimage","url":"https:\/\/media.poblenouurbandistrict.com\/2026\/04\/21113356\/ugf0a6se63oovjwsxbzlf1v89m.avif","contentUrl":"https:\/\/media.poblenouurbandistrict.com\/2026\/04\/21113356\/ugf0a6se63oovjwsxbzlf1v89m.avif","width":2048,"height":1367},{"@type":"BreadcrumbList","@id":"https:\/\/poblenouurbandistrict.com\/ca\/art-i-creativitat-les-propostes-del-poblenou-open-day-2\/#breadcrumb","itemListElement":[{"@type":"ListItem","position":1,"name":"Home","item":"https:\/\/poblenouurbandistrict.com\/ca\/"},{"@type":"ListItem","position":2,"name":"Art i creativitat: les propostes del Poblenou Open Day"}]},{"@type":"WebSite","@id":"https:\/\/poblenouurbandistrict.com\/ca\/#website","url":"https:\/\/poblenouurbandistrict.com\/ca\/","name":"Poblenou Urban District","description":"Comunitat Creativa","potentialAction":[{"@type":"SearchAction","target":{"@type":"EntryPoint","urlTemplate":"https:\/\/poblenouurbandistrict.com\/ca\/?s={search_term_string}"},"query-input":{"@type":"PropertyValueSpecification","valueRequired":true,"valueName":"search_term_string"}}],"inLanguage":"ca"},{"@type":"Person","@id":"https:\/\/poblenouurbandistrict.com\/#\/schema\/person\/980a2cf34b399d5218205730acd54a7e","name":"pnud","image":{"@type":"ImageObject","inLanguage":"ca","@id":"https:\/\/secure.gravatar.com\/avatar\/67146597b405ee077a24e519f75c3e2031736596d6ce35af3a34c122c93d0d7b?s=96&d=retro&r=g","url":"https:\/\/secure.gravatar.com\/avatar\/67146597b405ee077a24e519f75c3e2031736596d6ce35af3a34c122c93d0d7b?s=96&d=retro&r=g","contentUrl":"https:\/\/secure.gravatar.com\/avatar\/67146597b405ee077a24e519f75c3e2031736596d6ce35af3a34c122c93d0d7b?s=96&d=retro&r=g","caption":"pnud"}}]}},"_links":{"self":[{"href":"https:\/\/poblenouurbandistrict.com\/ca\/wp-json\/wp\/v2\/posts\/55958","targetHints":{"allow":["GET"]}}],"collection":[{"href":"https:\/\/poblenouurbandistrict.com\/ca\/wp-json\/wp\/v2\/posts"}],"about":[{"href":"https:\/\/poblenouurbandistrict.com\/ca\/wp-json\/wp\/v2\/types\/post"}],"author":[{"embeddable":true,"href":"https:\/\/poblenouurbandistrict.com\/ca\/wp-json\/wp\/v2\/users\/5"}],"replies":[{"embeddable":true,"href":"https:\/\/poblenouurbandistrict.com\/ca\/wp-json\/wp\/v2\/comments?post=55958"}],"version-history":[{"count":15,"href":"https:\/\/poblenouurbandistrict.com\/ca\/wp-json\/wp\/v2\/posts\/55958\/revisions"}],"predecessor-version":[{"id":55976,"href":"https:\/\/poblenouurbandistrict.com\/ca\/wp-json\/wp\/v2\/posts\/55958\/revisions\/55976"}],"wp:featuredmedia":[{"embeddable":true,"href":"https:\/\/poblenouurbandistrict.com\/ca\/wp-json\/wp\/v2\/media\/55709"}],"wp:attachment":[{"href":"https:\/\/poblenouurbandistrict.com\/ca\/wp-json\/wp\/v2\/media?parent=55958"}],"wp:term":[{"taxonomy":"category","embeddable":true,"href":"https:\/\/poblenouurbandistrict.com\/ca\/wp-json\/wp\/v2\/categories?post=55958"},{"taxonomy":"post_tag","embeddable":true,"href":"https:\/\/poblenouurbandistrict.com\/ca\/wp-json\/wp\/v2\/tags?post=55958"}],"curies":[{"name":"wp","href":"https:\/\/api.w.org\/{rel}","templated":true}]}}