{"id":56013,"date":"2026-04-30T11:06:11","date_gmt":"2026-04-30T09:06:11","guid":{"rendered":"https:\/\/poblenouurbandistrict.com\/?p=56013"},"modified":"2026-04-30T11:06:11","modified_gmt":"2026-04-30T09:06:11","slug":"tarda-performatica-a-lexposicio-un-gran-fracas-de-goncal-sobrer","status":"publish","type":"post","link":"https:\/\/poblenouurbandistrict.com\/ca\/tarda-performatica-a-lexposicio-un-gran-fracas-de-goncal-sobrer\/","title":{"rendered":"Tarda perform\u00e0tica a l&#8217;exposici\u00f3 &#8220;Un gran frac\u00e0s&#8221; de Gon\u00e7al Sobrer"},"content":{"rendered":"<p>L\u2019any 1966,\u00a0<strong>Gon\u00e7al Sobrer<\/strong>\u00a0va promoure, a la Rambla del Poblenou, el que es considera el primer happening documentat a l\u2019Estat:\u00a0<em>Sup\u00e8rbia.\u00a0<\/em>A trav\u00e9s d\u2019aquest tipus d\u2019accions, Sobrer va trencar amb l\u2019art tradicional, va fer visible la cultura popular i va convertir la quotidianitat en experi\u00e8ncia art\u00edstica alhora que el van convertir en una figura preco\u00e7 en el desenvolupament de la performance i de l\u2019art conceptual a Catalunya.<\/p>\n<p>Aix\u00ed doncs, evocant l\u2019esperit inconformista i trencador de Gon\u00e7al Sobrer, el <a href=\"https:\/\/www.fundaciovilacasas.com\/ca\/museu\/museu-can-framis-barcelona\"><strong>Museu Can Framis<\/strong> <\/a>programa una tarda perform\u00e0tica dins de l\u2019exposici\u00f3 <em>Un gran frac\u00e0s. <\/em><\/p>\n<p>Amb les intervencions art\u00edstiques de\u00a0<strong>Quim Pujol\u00a0<\/strong>(<em>Varietats pel Gon\u00e7al<\/em>\u00a0) i\u00a0<strong>Llapispanc<\/strong>\u00a0(<em>No m\u2019agrada passar per la porta principal<\/em>).<\/p>\n<p>Data:<strong> Dijous 7 de maig, 18:30 h<br \/>\n<\/strong>Lloc: <strong>Museu Can Framis<br \/>\n<\/strong>Durada:<strong>\u00a01 hora<br \/>\nEntrada lliure amb <a href=\"https:\/\/www.fundaciovilacasas.com\/ca\/a\/tarda-performatica-a-lexposicio-un-gran-fracas-de-goncal-sobrer\">inscripci\u00f3 pr\u00e8via.<\/a><\/strong><\/p>\n<ul>\n<li><strong>Varietats pel Gon\u00e7al<\/strong><\/li>\n<\/ul>\n<p>Seguint el model del teatre de varietats, on sovint els n\u00fameros duren nom\u00e9s uns minuts,\u00a0Quim Pujol\u00a0proposa una s\u00e8rie d\u2019intervencions curtes en relaci\u00f3 amb peces espec\u00edfiques de l\u2019exposici\u00f3\u00a0<em>Un gran frac\u00e0s<\/em>\u00a0de\u00a0Gon\u00e7al Sobrer.<\/p>\n<p>Algunes d\u2019aquestes propostes provenen de la seva pr\u00e0ctica i ressonen de manera natural amb el treball de Sobrer. D\u2019altres intervencions han estat dissenyades espec\u00edficament per\u00a0<em>Un gran frac\u00e0s<\/em>\u00a0per tal de reflexionar sobre l\u2019art xava, processos d\u2019identificaci\u00f3 queer, la condici\u00f3 d\u2019artista a Catalunya o b\u00e9 experiments que els artistes amaguen als calaixos per raons inconfessables.<\/p>\n<ul>\n<li><strong>No m\u2019agrada passar per la porta principal<\/strong><\/li>\n<\/ul>\n<p>Llapispanc\u00a0parteix d\u2019una traject\u00f2ria en l\u2019art d\u2019acci\u00f3 en qu\u00e8 intenta trencar la barrera amb l\u2019espectador tot prenent elements del m\u00f3n quotidi\u00e0 i utilitzant-los per crear les accions participatives. El seu \u00e0mbit d\u2019acci\u00f3 est\u00e0 fora de l\u2019espai art\u00edstic i se situa en espais com el carrer o dins l\u2019\u00e0mbit de l\u2019escena musical i la improvisaci\u00f3.<\/p>","protected":false},"excerpt":{"rendered":"<p>L\u2019any 1966,\u00a0Gon\u00e7al Sobrer\u00a0va promoure, a la Rambla del Poblenou, el que es considera el primer happening documentat a l\u2019Estat:\u00a0Sup\u00e8rbia.\u00a0A trav\u00e9s&#8230; <a href=\"https:\/\/poblenouurbandistrict.com\/ca\/tarda-performatica-a-lexposicio-un-gran-fracas-de-goncal-sobrer\/\">M\u00e9s  \u2192<\/a><\/p>\n","protected":false},"author":5,"featured_media":56033,"comment_status":"closed","ping_status":"closed","sticky":false,"template":"","format":"standard","meta":{"_acf_changed":false,"footnotes":""},"categories":[3560,3342],"tags":[],"class_list":["post-56013","post","type-post","status-publish","format-standard","has-post-thumbnail","hentry","category-teatre","category-art"],"acf":[],"yoast_head":"<!-- This site is optimized with the Yoast SEO plugin v27.5 - https:\/\/yoast.com\/product\/yoast-seo-wordpress\/ -->\n<title>Tarda perform\u00e0tica a l&#039;exposici\u00f3 &quot;Un gran frac\u00e0s&quot; de Gon\u00e7al Sobrer &#8211; Poblenou Urban District<\/title>\n<meta name=\"robots\" content=\"index, follow, max-snippet:-1, max-image-preview:large, max-video-preview:-1\" \/>\n<link rel=\"canonical\" href=\"https:\/\/poblenouurbandistrict.com\/ca\/tarda-performatica-a-lexposicio-un-gran-fracas-de-goncal-sobrer\/\" \/>\n<meta property=\"og:locale\" content=\"ca_ES\" \/>\n<meta property=\"og:type\" content=\"article\" \/>\n<meta property=\"og:title\" content=\"Tarda perform\u00e0tica a l&#039;exposici\u00f3 &quot;Un gran frac\u00e0s&quot; de Gon\u00e7al Sobrer &#8211; Poblenou Urban District\" \/>\n<meta property=\"og:description\" content=\"L\u2019any 1966,\u00a0Gon\u00e7al Sobrer\u00a0va promoure, a la Rambla del Poblenou, el que es considera el primer happening documentat a l\u2019Estat:\u00a0Sup\u00e8rbia.\u00a0A trav\u00e9s... M\u00e9s \u2192\" \/>\n<meta property=\"og:url\" content=\"https:\/\/poblenouurbandistrict.com\/ca\/tarda-performatica-a-lexposicio-un-gran-fracas-de-goncal-sobrer\/\" \/>\n<meta property=\"og:site_name\" content=\"Poblenou Urban District\" \/>\n<meta property=\"article:published_time\" content=\"2026-04-30T09:06:11+00:00\" \/>\n<meta property=\"og:image\" content=\"https:\/\/media.poblenouurbandistrict.com\/2026\/04\/30105543\/th-th-a49333143.jpg\" \/>\n\t<meta property=\"og:image:width\" content=\"900\" \/>\n\t<meta property=\"og:image:height\" content=\"529\" \/>\n\t<meta property=\"og:image:type\" content=\"image\/jpeg\" \/>\n<meta name=\"author\" content=\"pnud\" \/>\n<meta name=\"twitter:card\" content=\"summary_large_image\" \/>\n<meta name=\"twitter:label1\" content=\"Escrit per\" \/>\n\t<meta name=\"twitter:data1\" content=\"pnud\" \/>\n\t<meta name=\"twitter:label2\" content=\"Temps estimat de lectura\" \/>\n\t<meta name=\"twitter:data2\" content=\"2 minuts\" \/>\n<script type=\"application\/ld+json\" class=\"yoast-schema-graph\">{\"@context\":\"https:\\\/\\\/schema.org\",\"@graph\":[{\"@type\":\"Article\",\"@id\":\"https:\\\/\\\/poblenouurbandistrict.com\\\/tarda-performatica-a-lexposicio-un-gran-fracas-de-goncal-sobrer\\\/#article\",\"isPartOf\":{\"@id\":\"https:\\\/\\\/poblenouurbandistrict.com\\\/tarda-performatica-a-lexposicio-un-gran-fracas-de-goncal-sobrer\\\/\"},\"author\":{\"name\":\"pnud\",\"@id\":\"https:\\\/\\\/poblenouurbandistrict.com\\\/#\\\/schema\\\/person\\\/980a2cf34b399d5218205730acd54a7e\"},\"headline\":\"Tarda perform\u00e0tica a l&#8217;exposici\u00f3 &#8220;Un gran frac\u00e0s&#8221; de Gon\u00e7al Sobrer\",\"datePublished\":\"2026-04-30T09:06:11+00:00\",\"mainEntityOfPage\":{\"@id\":\"https:\\\/\\\/poblenouurbandistrict.com\\\/tarda-performatica-a-lexposicio-un-gran-fracas-de-goncal-sobrer\\\/\"},\"wordCount\":986,\"image\":{\"@id\":\"https:\\\/\\\/poblenouurbandistrict.com\\\/tarda-performatica-a-lexposicio-un-gran-fracas-de-goncal-sobrer\\\/#primaryimage\"},\"thumbnailUrl\":\"https:\\\/\\\/media.poblenouurbandistrict.com\\\/2026\\\/04\\\/30105543\\\/th-th-a49333143.jpg\",\"articleSection\":[\"Teatre\",\"Art\"],\"inLanguage\":\"ca\"},{\"@type\":\"WebPage\",\"@id\":\"https:\\\/\\\/poblenouurbandistrict.com\\\/ca\\\/tarda-performatica-a-lexposicio-un-gran-fracas-de-goncal-sobrer\\\/\",\"url\":\"https:\\\/\\\/poblenouurbandistrict.com\\\/ca\\\/tarda-performatica-a-lexposicio-un-gran-fracas-de-goncal-sobrer\\\/\",\"name\":\"Tarda perform\u00e0tica a l'exposici\u00f3 \\\"Un gran frac\u00e0s\\\" de Gon\u00e7al Sobrer &#8211; Poblenou Urban District\",\"isPartOf\":{\"@id\":\"https:\\\/\\\/poblenouurbandistrict.com\\\/ca\\\/#website\"},\"primaryImageOfPage\":{\"@id\":\"https:\\\/\\\/poblenouurbandistrict.com\\\/ca\\\/tarda-performatica-a-lexposicio-un-gran-fracas-de-goncal-sobrer\\\/#primaryimage\"},\"image\":{\"@id\":\"https:\\\/\\\/poblenouurbandistrict.com\\\/tarda-performatica-a-lexposicio-un-gran-fracas-de-goncal-sobrer\\\/#primaryimage\"},\"thumbnailUrl\":\"https:\\\/\\\/media.poblenouurbandistrict.com\\\/2026\\\/04\\\/30105543\\\/th-th-a49333143.jpg\",\"datePublished\":\"2026-04-30T09:06:11+00:00\",\"author\":{\"@id\":\"https:\\\/\\\/poblenouurbandistrict.com\\\/#\\\/schema\\\/person\\\/980a2cf34b399d5218205730acd54a7e\"},\"breadcrumb\":{\"@id\":\"https:\\\/\\\/poblenouurbandistrict.com\\\/ca\\\/tarda-performatica-a-lexposicio-un-gran-fracas-de-goncal-sobrer\\\/#breadcrumb\"},\"inLanguage\":\"ca\",\"potentialAction\":[{\"@type\":\"ReadAction\",\"target\":[[\"https:\\\/\\\/poblenouurbandistrict.com\\\/ca\\\/tarda-performatica-a-lexposicio-un-gran-fracas-de-goncal-sobrer\\\/\"]]}]},{\"@type\":\"ImageObject\",\"inLanguage\":\"ca\",\"@id\":\"https:\\\/\\\/poblenouurbandistrict.com\\\/ca\\\/tarda-performatica-a-lexposicio-un-gran-fracas-de-goncal-sobrer\\\/#primaryimage\",\"url\":\"https:\\\/\\\/media.poblenouurbandistrict.com\\\/2026\\\/04\\\/30105543\\\/th-th-a49333143.jpg\",\"contentUrl\":\"https:\\\/\\\/media.poblenouurbandistrict.com\\\/2026\\\/04\\\/30105543\\\/th-th-a49333143.jpg\",\"width\":900,\"height\":529},{\"@type\":\"BreadcrumbList\",\"@id\":\"https:\\\/\\\/poblenouurbandistrict.com\\\/ca\\\/tarda-performatica-a-lexposicio-un-gran-fracas-de-goncal-sobrer\\\/#breadcrumb\",\"itemListElement\":[{\"@type\":\"ListItem\",\"position\":1,\"name\":\"Home\",\"item\":\"https:\\\/\\\/poblenouurbandistrict.com\\\/ca\\\/\"},{\"@type\":\"ListItem\",\"position\":2,\"name\":\"Tarda perform\u00e0tica a l&#8217;exposici\u00f3 &#8220;Un gran frac\u00e0s&#8221; de Gon\u00e7al Sobrer\"}]},{\"@type\":\"WebSite\",\"@id\":\"https:\\\/\\\/poblenouurbandistrict.com\\\/ca\\\/#website\",\"url\":\"https:\\\/\\\/poblenouurbandistrict.com\\\/ca\\\/\",\"name\":\"Poblenou Urban District\",\"description\":\"Comunitat Creativa\",\"potentialAction\":[{\"@type\":\"SearchAction\",\"target\":{\"@type\":\"EntryPoint\",\"urlTemplate\":\"https:\\\/\\\/poblenouurbandistrict.com\\\/ca\\\/?s={search_term_string}\"},\"query-input\":{\"@type\":\"PropertyValueSpecification\",\"valueRequired\":true,\"valueName\":\"search_term_string\"}}],\"inLanguage\":\"ca\"},{\"@type\":\"Person\",\"@id\":\"https:\\\/\\\/poblenouurbandistrict.com\\\/#\\\/schema\\\/person\\\/980a2cf34b399d5218205730acd54a7e\",\"name\":\"pnud\",\"image\":{\"@type\":\"ImageObject\",\"inLanguage\":\"ca\",\"@id\":\"https:\\\/\\\/secure.gravatar.com\\\/avatar\\\/67146597b405ee077a24e519f75c3e2031736596d6ce35af3a34c122c93d0d7b?s=96&d=retro&r=g\",\"url\":\"https:\\\/\\\/secure.gravatar.com\\\/avatar\\\/67146597b405ee077a24e519f75c3e2031736596d6ce35af3a34c122c93d0d7b?s=96&d=retro&r=g\",\"contentUrl\":\"https:\\\/\\\/secure.gravatar.com\\\/avatar\\\/67146597b405ee077a24e519f75c3e2031736596d6ce35af3a34c122c93d0d7b?s=96&d=retro&r=g\",\"caption\":\"pnud\"}}]}<\/script>\n<!-- \/ Yoast SEO plugin. -->","yoast_head_json":{"title":"Tarda perform\u00e0tica a l'exposici\u00f3 \"Un gran frac\u00e0s\" de Gon\u00e7al Sobrer &#8211; Poblenou Urban District","robots":{"index":"index","follow":"follow","max-snippet":"max-snippet:-1","max-image-preview":"max-image-preview:large","max-video-preview":"max-video-preview:-1"},"canonical":"https:\/\/poblenouurbandistrict.com\/ca\/tarda-performatica-a-lexposicio-un-gran-fracas-de-goncal-sobrer\/","og_locale":"ca_ES","og_type":"article","og_title":"Tarda perform\u00e0tica a l'exposici\u00f3 \"Un gran frac\u00e0s\" de Gon\u00e7al Sobrer &#8211; Poblenou Urban District","og_description":"L\u2019any 1966,\u00a0Gon\u00e7al Sobrer\u00a0va promoure, a la Rambla del Poblenou, el que es considera el primer happening documentat a l\u2019Estat:\u00a0Sup\u00e8rbia.\u00a0A trav\u00e9s... M\u00e9s \u2192","og_url":"https:\/\/poblenouurbandistrict.com\/ca\/tarda-performatica-a-lexposicio-un-gran-fracas-de-goncal-sobrer\/","og_site_name":"Poblenou Urban District","article_published_time":"2026-04-30T09:06:11+00:00","og_image":[{"width":900,"height":529,"url":"https:\/\/media.poblenouurbandistrict.com\/2026\/04\/30105543\/th-th-a49333143.jpg","type":"image\/jpeg"}],"author":"pnud","twitter_card":"summary_large_image","twitter_misc":{"Escrit per":"pnud","Temps estimat de lectura":"2 minuts"},"schema":{"@context":"https:\/\/schema.org","@graph":[{"@type":"Article","@id":"https:\/\/poblenouurbandistrict.com\/tarda-performatica-a-lexposicio-un-gran-fracas-de-goncal-sobrer\/#article","isPartOf":{"@id":"https:\/\/poblenouurbandistrict.com\/tarda-performatica-a-lexposicio-un-gran-fracas-de-goncal-sobrer\/"},"author":{"name":"pnud","@id":"https:\/\/poblenouurbandistrict.com\/#\/schema\/person\/980a2cf34b399d5218205730acd54a7e"},"headline":"Tarda perform\u00e0tica a l&#8217;exposici\u00f3 &#8220;Un gran frac\u00e0s&#8221; de Gon\u00e7al Sobrer","datePublished":"2026-04-30T09:06:11+00:00","mainEntityOfPage":{"@id":"https:\/\/poblenouurbandistrict.com\/tarda-performatica-a-lexposicio-un-gran-fracas-de-goncal-sobrer\/"},"wordCount":986,"image":{"@id":"https:\/\/poblenouurbandistrict.com\/tarda-performatica-a-lexposicio-un-gran-fracas-de-goncal-sobrer\/#primaryimage"},"thumbnailUrl":"https:\/\/media.poblenouurbandistrict.com\/2026\/04\/30105543\/th-th-a49333143.jpg","articleSection":["Teatre","Art"],"inLanguage":"ca"},{"@type":"WebPage","@id":"https:\/\/poblenouurbandistrict.com\/ca\/tarda-performatica-a-lexposicio-un-gran-fracas-de-goncal-sobrer\/","url":"https:\/\/poblenouurbandistrict.com\/ca\/tarda-performatica-a-lexposicio-un-gran-fracas-de-goncal-sobrer\/","name":"Tarda perform\u00e0tica a l'exposici\u00f3 \"Un gran frac\u00e0s\" de Gon\u00e7al Sobrer &#8211; Poblenou Urban District","isPartOf":{"@id":"https:\/\/poblenouurbandistrict.com\/ca\/#website"},"primaryImageOfPage":{"@id":"https:\/\/poblenouurbandistrict.com\/ca\/tarda-performatica-a-lexposicio-un-gran-fracas-de-goncal-sobrer\/#primaryimage"},"image":{"@id":"https:\/\/poblenouurbandistrict.com\/tarda-performatica-a-lexposicio-un-gran-fracas-de-goncal-sobrer\/#primaryimage"},"thumbnailUrl":"https:\/\/media.poblenouurbandistrict.com\/2026\/04\/30105543\/th-th-a49333143.jpg","datePublished":"2026-04-30T09:06:11+00:00","author":{"@id":"https:\/\/poblenouurbandistrict.com\/#\/schema\/person\/980a2cf34b399d5218205730acd54a7e"},"breadcrumb":{"@id":"https:\/\/poblenouurbandistrict.com\/ca\/tarda-performatica-a-lexposicio-un-gran-fracas-de-goncal-sobrer\/#breadcrumb"},"inLanguage":"ca","potentialAction":[{"@type":"ReadAction","target":[["https:\/\/poblenouurbandistrict.com\/ca\/tarda-performatica-a-lexposicio-un-gran-fracas-de-goncal-sobrer\/"]]}]},{"@type":"ImageObject","inLanguage":"ca","@id":"https:\/\/poblenouurbandistrict.com\/ca\/tarda-performatica-a-lexposicio-un-gran-fracas-de-goncal-sobrer\/#primaryimage","url":"https:\/\/media.poblenouurbandistrict.com\/2026\/04\/30105543\/th-th-a49333143.jpg","contentUrl":"https:\/\/media.poblenouurbandistrict.com\/2026\/04\/30105543\/th-th-a49333143.jpg","width":900,"height":529},{"@type":"BreadcrumbList","@id":"https:\/\/poblenouurbandistrict.com\/ca\/tarda-performatica-a-lexposicio-un-gran-fracas-de-goncal-sobrer\/#breadcrumb","itemListElement":[{"@type":"ListItem","position":1,"name":"Home","item":"https:\/\/poblenouurbandistrict.com\/ca\/"},{"@type":"ListItem","position":2,"name":"Tarda perform\u00e0tica a l&#8217;exposici\u00f3 &#8220;Un gran frac\u00e0s&#8221; de Gon\u00e7al Sobrer"}]},{"@type":"WebSite","@id":"https:\/\/poblenouurbandistrict.com\/ca\/#website","url":"https:\/\/poblenouurbandistrict.com\/ca\/","name":"Poblenou Urban District","description":"Comunitat Creativa","potentialAction":[{"@type":"SearchAction","target":{"@type":"EntryPoint","urlTemplate":"https:\/\/poblenouurbandistrict.com\/ca\/?s={search_term_string}"},"query-input":{"@type":"PropertyValueSpecification","valueRequired":true,"valueName":"search_term_string"}}],"inLanguage":"ca"},{"@type":"Person","@id":"https:\/\/poblenouurbandistrict.com\/#\/schema\/person\/980a2cf34b399d5218205730acd54a7e","name":"pnud","image":{"@type":"ImageObject","inLanguage":"ca","@id":"https:\/\/secure.gravatar.com\/avatar\/67146597b405ee077a24e519f75c3e2031736596d6ce35af3a34c122c93d0d7b?s=96&d=retro&r=g","url":"https:\/\/secure.gravatar.com\/avatar\/67146597b405ee077a24e519f75c3e2031736596d6ce35af3a34c122c93d0d7b?s=96&d=retro&r=g","contentUrl":"https:\/\/secure.gravatar.com\/avatar\/67146597b405ee077a24e519f75c3e2031736596d6ce35af3a34c122c93d0d7b?s=96&d=retro&r=g","caption":"pnud"}}]}},"_links":{"self":[{"href":"https:\/\/poblenouurbandistrict.com\/ca\/wp-json\/wp\/v2\/posts\/56013","targetHints":{"allow":["GET"]}}],"collection":[{"href":"https:\/\/poblenouurbandistrict.com\/ca\/wp-json\/wp\/v2\/posts"}],"about":[{"href":"https:\/\/poblenouurbandistrict.com\/ca\/wp-json\/wp\/v2\/types\/post"}],"author":[{"embeddable":true,"href":"https:\/\/poblenouurbandistrict.com\/ca\/wp-json\/wp\/v2\/users\/5"}],"replies":[{"embeddable":true,"href":"https:\/\/poblenouurbandistrict.com\/ca\/wp-json\/wp\/v2\/comments?post=56013"}],"version-history":[{"count":9,"href":"https:\/\/poblenouurbandistrict.com\/ca\/wp-json\/wp\/v2\/posts\/56013\/revisions"}],"predecessor-version":[{"id":56040,"href":"https:\/\/poblenouurbandistrict.com\/ca\/wp-json\/wp\/v2\/posts\/56013\/revisions\/56040"}],"wp:featuredmedia":[{"embeddable":true,"href":"https:\/\/poblenouurbandistrict.com\/ca\/wp-json\/wp\/v2\/media\/56033"}],"wp:attachment":[{"href":"https:\/\/poblenouurbandistrict.com\/ca\/wp-json\/wp\/v2\/media?parent=56013"}],"wp:term":[{"taxonomy":"category","embeddable":true,"href":"https:\/\/poblenouurbandistrict.com\/ca\/wp-json\/wp\/v2\/categories?post=56013"},{"taxonomy":"post_tag","embeddable":true,"href":"https:\/\/poblenouurbandistrict.com\/ca\/wp-json\/wp\/v2\/tags?post=56013"}],"curies":[{"name":"wp","href":"https:\/\/api.w.org\/{rel}","templated":true}]}}