{"id":10378,"date":"2010-03-27T08:21:46","date_gmt":"2010-03-27T07:21:46","guid":{"rendered":"https:\/\/poblenouurbandistrict.com\/new\/?p=10378"},"modified":"2017-03-27T08:46:32","modified_gmt":"2017-03-27T06:46:32","slug":"bases-sorteig-facebook-eva-adela-als-afores","status":"publish","type":"post","link":"https:\/\/poblenouurbandistrict.com\/en\/bases-sorteig-facebook-eva-adela-als-afores\/","title":{"rendered":"BASES SORTEO FACEBOOK \u201cEVA I ADELA ALS AFORES\u201d"},"content":{"rendered":"<p class=\"qtranxs-available-languages-message qtranxs-available-languages-message-en\">Sorry, this entry is only available in <a href=\"https:\/\/poblenouurbandistrict.com\/es\/wp-json\/wp\/v2\/posts\/10378\" class=\"qtranxs-available-language-link qtranxs-available-language-link-es\" title=\"Castellano\">Castellano<\/a>.<\/p>","protected":false},"excerpt":{"rendered":"<p>Sorry, this entry is only available in Castellano.<\/p>\n","protected":false},"author":5,"featured_media":0,"comment_status":"closed","ping_status":"closed","sticky":false,"template":"","format":"standard","meta":{"_acf_changed":false,"footnotes":""},"categories":[1],"tags":[],"class_list":["post-10378","post","type-post","status-publish","format-standard","hentry","category-noticias"],"acf":[],"yoast_head":"<!-- This site is optimized with the Yoast SEO plugin v27.4 - https:\/\/yoast.com\/product\/yoast-seo-wordpress\/ -->\n<title>Bases del sorteig Eva i Adela a les afores de la Sala Beckett<\/title>\n<meta name=\"description\" content=\"Poblenou Urban District, \u00e9s una associaci\u00f3 fundada a principis de l&#039;any 2012 que t\u00e9 com a objectiu promoure aquesta zona com el Nou Districte.\" \/>\n<meta name=\"robots\" content=\"index, follow, max-snippet:-1, max-image-preview:large, max-video-preview:-1\" \/>\n<link rel=\"canonical\" href=\"https:\/\/poblenouurbandistrict.com\/en\/bases-sorteig-facebook-eva-adela-als-afores\/\" \/>\n<meta property=\"og:locale\" content=\"en_US\" \/>\n<meta property=\"og:type\" content=\"article\" \/>\n<meta property=\"og:title\" content=\"Bases del sorteig Eva i Adela a les afores de la Sala Beckett\" \/>\n<meta property=\"og:description\" content=\"Poblenou Urban District, \u00e9s una associaci\u00f3 fundada a principis de l&#039;any 2012 que t\u00e9 com a objectiu promoure aquesta zona com el Nou Districte.\" \/>\n<meta property=\"og:url\" content=\"https:\/\/poblenouurbandistrict.com\/en\/bases-sorteig-facebook-eva-adela-als-afores\/\" \/>\n<meta property=\"og:site_name\" content=\"Poblenou Urban District\" \/>\n<meta property=\"article:published_time\" content=\"2010-03-27T07:21:46+00:00\" \/>\n<meta property=\"article:modified_time\" content=\"2017-03-27T06:46:32+00:00\" \/>\n<meta name=\"author\" content=\"pnud\" \/>\n<meta name=\"twitter:card\" content=\"summary_large_image\" \/>\n<meta name=\"twitter:label1\" content=\"Written by\" \/>\n\t<meta name=\"twitter:data1\" content=\"pnud\" \/>\n\t<meta name=\"twitter:label2\" content=\"Est. reading time\" \/>\n\t<meta name=\"twitter:data2\" content=\"9 minutes\" \/>\n<script type=\"application\/ld+json\" class=\"yoast-schema-graph\">{\"@context\":\"https:\\\/\\\/schema.org\",\"@graph\":[{\"@type\":\"Article\",\"@id\":\"https:\\\/\\\/poblenouurbandistrict.com\\\/bases-sorteig-facebook-eva-adela-als-afores\\\/#article\",\"isPartOf\":{\"@id\":\"https:\\\/\\\/poblenouurbandistrict.com\\\/bases-sorteig-facebook-eva-adela-als-afores\\\/\"},\"author\":{\"name\":\"pnud\",\"@id\":\"https:\\\/\\\/poblenouurbandistrict.com\\\/#\\\/schema\\\/person\\\/980a2cf34b399d5218205730acd54a7e\"},\"headline\":\"BASES SORTEO FACEBOOK \u201cEVA I ADELA ALS AFORES\u201d\",\"datePublished\":\"2010-03-27T07:21:46+00:00\",\"dateModified\":\"2017-03-27T06:46:32+00:00\",\"mainEntityOfPage\":{\"@id\":\"https:\\\/\\\/poblenouurbandistrict.com\\\/bases-sorteig-facebook-eva-adela-als-afores\\\/\"},\"wordCount\":1880,\"articleSection\":[\"What's going on\"],\"inLanguage\":\"en-US\"},{\"@type\":\"WebPage\",\"@id\":\"https:\\\/\\\/poblenouurbandistrict.com\\\/en\\\/bases-sorteig-facebook-eva-adela-als-afores\\\/\",\"url\":\"https:\\\/\\\/poblenouurbandistrict.com\\\/en\\\/bases-sorteig-facebook-eva-adela-als-afores\\\/\",\"name\":\"Bases del sorteig Eva i Adela a les afores de la Sala Beckett\",\"isPartOf\":{\"@id\":\"https:\\\/\\\/poblenouurbandistrict.com\\\/en\\\/#website\"},\"datePublished\":\"2010-03-27T07:21:46+00:00\",\"dateModified\":\"2017-03-27T06:46:32+00:00\",\"author\":{\"@id\":\"https:\\\/\\\/poblenouurbandistrict.com\\\/#\\\/schema\\\/person\\\/980a2cf34b399d5218205730acd54a7e\"},\"description\":\"Poblenou Urban District, \u00e9s una associaci\u00f3 fundada a principis de l'any 2012 que t\u00e9 com a objectiu promoure aquesta zona com el Nou Districte.\",\"breadcrumb\":{\"@id\":\"https:\\\/\\\/poblenouurbandistrict.com\\\/en\\\/bases-sorteig-facebook-eva-adela-als-afores\\\/#breadcrumb\"},\"inLanguage\":\"en-US\",\"potentialAction\":[{\"@type\":\"ReadAction\",\"target\":[[\"https:\\\/\\\/poblenouurbandistrict.com\\\/en\\\/bases-sorteig-facebook-eva-adela-als-afores\\\/\"]]}]},{\"@type\":\"BreadcrumbList\",\"@id\":\"https:\\\/\\\/poblenouurbandistrict.com\\\/en\\\/bases-sorteig-facebook-eva-adela-als-afores\\\/#breadcrumb\",\"itemListElement\":[{\"@type\":\"ListItem\",\"position\":1,\"name\":\"Home\",\"item\":\"https:\\\/\\\/poblenouurbandistrict.com\\\/en\\\/\"},{\"@type\":\"ListItem\",\"position\":2,\"name\":\"BASES SORTEO FACEBOOK \u201cEVA I ADELA ALS AFORES\u201d\"}]},{\"@type\":\"WebSite\",\"@id\":\"https:\\\/\\\/poblenouurbandistrict.com\\\/en\\\/#website\",\"url\":\"https:\\\/\\\/poblenouurbandistrict.com\\\/en\\\/\",\"name\":\"Poblenou Urban District\",\"description\":\"Creative Community\",\"potentialAction\":[{\"@type\":\"SearchAction\",\"target\":{\"@type\":\"EntryPoint\",\"urlTemplate\":\"https:\\\/\\\/poblenouurbandistrict.com\\\/en\\\/?s={search_term_string}\"},\"query-input\":{\"@type\":\"PropertyValueSpecification\",\"valueRequired\":true,\"valueName\":\"search_term_string\"}}],\"inLanguage\":\"en-US\"},{\"@type\":\"Person\",\"@id\":\"https:\\\/\\\/poblenouurbandistrict.com\\\/#\\\/schema\\\/person\\\/980a2cf34b399d5218205730acd54a7e\",\"name\":\"pnud\",\"image\":{\"@type\":\"ImageObject\",\"inLanguage\":\"en-US\",\"@id\":\"https:\\\/\\\/secure.gravatar.com\\\/avatar\\\/67146597b405ee077a24e519f75c3e2031736596d6ce35af3a34c122c93d0d7b?s=96&d=retro&r=g\",\"url\":\"https:\\\/\\\/secure.gravatar.com\\\/avatar\\\/67146597b405ee077a24e519f75c3e2031736596d6ce35af3a34c122c93d0d7b?s=96&d=retro&r=g\",\"contentUrl\":\"https:\\\/\\\/secure.gravatar.com\\\/avatar\\\/67146597b405ee077a24e519f75c3e2031736596d6ce35af3a34c122c93d0d7b?s=96&d=retro&r=g\",\"caption\":\"pnud\"}}]}<\/script>\n<!-- \/ Yoast SEO plugin. -->","yoast_head_json":{"title":"Bases del sorteig Eva i Adela a les afores de la Sala Beckett","description":"Poblenou Urban District, \u00e9s una associaci\u00f3 fundada a principis de l'any 2012 que t\u00e9 com a objectiu promoure aquesta zona com el Nou Districte.","robots":{"index":"index","follow":"follow","max-snippet":"max-snippet:-1","max-image-preview":"max-image-preview:large","max-video-preview":"max-video-preview:-1"},"canonical":"https:\/\/poblenouurbandistrict.com\/en\/bases-sorteig-facebook-eva-adela-als-afores\/","og_locale":"en_US","og_type":"article","og_title":"Bases del sorteig Eva i Adela a les afores de la Sala Beckett","og_description":"Poblenou Urban District, \u00e9s una associaci\u00f3 fundada a principis de l'any 2012 que t\u00e9 com a objectiu promoure aquesta zona com el Nou Districte.","og_url":"https:\/\/poblenouurbandistrict.com\/en\/bases-sorteig-facebook-eva-adela-als-afores\/","og_site_name":"Poblenou Urban District","article_published_time":"2010-03-27T07:21:46+00:00","article_modified_time":"2017-03-27T06:46:32+00:00","author":"pnud","twitter_card":"summary_large_image","twitter_misc":{"Written by":"pnud","Est. reading time":"9 minutes"},"schema":{"@context":"https:\/\/schema.org","@graph":[{"@type":"Article","@id":"https:\/\/poblenouurbandistrict.com\/bases-sorteig-facebook-eva-adela-als-afores\/#article","isPartOf":{"@id":"https:\/\/poblenouurbandistrict.com\/bases-sorteig-facebook-eva-adela-als-afores\/"},"author":{"name":"pnud","@id":"https:\/\/poblenouurbandistrict.com\/#\/schema\/person\/980a2cf34b399d5218205730acd54a7e"},"headline":"BASES SORTEO FACEBOOK \u201cEVA I ADELA ALS AFORES\u201d","datePublished":"2010-03-27T07:21:46+00:00","dateModified":"2017-03-27T06:46:32+00:00","mainEntityOfPage":{"@id":"https:\/\/poblenouurbandistrict.com\/bases-sorteig-facebook-eva-adela-als-afores\/"},"wordCount":1880,"articleSection":["What's going on"],"inLanguage":"en-US"},{"@type":"WebPage","@id":"https:\/\/poblenouurbandistrict.com\/en\/bases-sorteig-facebook-eva-adela-als-afores\/","url":"https:\/\/poblenouurbandistrict.com\/en\/bases-sorteig-facebook-eva-adela-als-afores\/","name":"Bases del sorteig Eva i Adela a les afores de la Sala Beckett","isPartOf":{"@id":"https:\/\/poblenouurbandistrict.com\/en\/#website"},"datePublished":"2010-03-27T07:21:46+00:00","dateModified":"2017-03-27T06:46:32+00:00","author":{"@id":"https:\/\/poblenouurbandistrict.com\/#\/schema\/person\/980a2cf34b399d5218205730acd54a7e"},"description":"Poblenou Urban District, \u00e9s una associaci\u00f3 fundada a principis de l'any 2012 que t\u00e9 com a objectiu promoure aquesta zona com el Nou Districte.","breadcrumb":{"@id":"https:\/\/poblenouurbandistrict.com\/en\/bases-sorteig-facebook-eva-adela-als-afores\/#breadcrumb"},"inLanguage":"en-US","potentialAction":[{"@type":"ReadAction","target":[["https:\/\/poblenouurbandistrict.com\/en\/bases-sorteig-facebook-eva-adela-als-afores\/"]]}]},{"@type":"BreadcrumbList","@id":"https:\/\/poblenouurbandistrict.com\/en\/bases-sorteig-facebook-eva-adela-als-afores\/#breadcrumb","itemListElement":[{"@type":"ListItem","position":1,"name":"Home","item":"https:\/\/poblenouurbandistrict.com\/en\/"},{"@type":"ListItem","position":2,"name":"BASES SORTEO FACEBOOK \u201cEVA I ADELA ALS AFORES\u201d"}]},{"@type":"WebSite","@id":"https:\/\/poblenouurbandistrict.com\/en\/#website","url":"https:\/\/poblenouurbandistrict.com\/en\/","name":"Poblenou Urban District","description":"Creative Community","potentialAction":[{"@type":"SearchAction","target":{"@type":"EntryPoint","urlTemplate":"https:\/\/poblenouurbandistrict.com\/en\/?s={search_term_string}"},"query-input":{"@type":"PropertyValueSpecification","valueRequired":true,"valueName":"search_term_string"}}],"inLanguage":"en-US"},{"@type":"Person","@id":"https:\/\/poblenouurbandistrict.com\/#\/schema\/person\/980a2cf34b399d5218205730acd54a7e","name":"pnud","image":{"@type":"ImageObject","inLanguage":"en-US","@id":"https:\/\/secure.gravatar.com\/avatar\/67146597b405ee077a24e519f75c3e2031736596d6ce35af3a34c122c93d0d7b?s=96&d=retro&r=g","url":"https:\/\/secure.gravatar.com\/avatar\/67146597b405ee077a24e519f75c3e2031736596d6ce35af3a34c122c93d0d7b?s=96&d=retro&r=g","contentUrl":"https:\/\/secure.gravatar.com\/avatar\/67146597b405ee077a24e519f75c3e2031736596d6ce35af3a34c122c93d0d7b?s=96&d=retro&r=g","caption":"pnud"}}]}},"_links":{"self":[{"href":"https:\/\/poblenouurbandistrict.com\/en\/wp-json\/wp\/v2\/posts\/10378","targetHints":{"allow":["GET"]}}],"collection":[{"href":"https:\/\/poblenouurbandistrict.com\/en\/wp-json\/wp\/v2\/posts"}],"about":[{"href":"https:\/\/poblenouurbandistrict.com\/en\/wp-json\/wp\/v2\/types\/post"}],"author":[{"embeddable":true,"href":"https:\/\/poblenouurbandistrict.com\/en\/wp-json\/wp\/v2\/users\/5"}],"replies":[{"embeddable":true,"href":"https:\/\/poblenouurbandistrict.com\/en\/wp-json\/wp\/v2\/comments?post=10378"}],"version-history":[{"count":4,"href":"https:\/\/poblenouurbandistrict.com\/en\/wp-json\/wp\/v2\/posts\/10378\/revisions"}],"predecessor-version":[{"id":10382,"href":"https:\/\/poblenouurbandistrict.com\/en\/wp-json\/wp\/v2\/posts\/10378\/revisions\/10382"}],"wp:attachment":[{"href":"https:\/\/poblenouurbandistrict.com\/en\/wp-json\/wp\/v2\/media?parent=10378"}],"wp:term":[{"taxonomy":"category","embeddable":true,"href":"https:\/\/poblenouurbandistrict.com\/en\/wp-json\/wp\/v2\/categories?post=10378"},{"taxonomy":"post_tag","embeddable":true,"href":"https:\/\/poblenouurbandistrict.com\/en\/wp-json\/wp\/v2\/tags?post=10378"}],"curies":[{"name":"wp","href":"https:\/\/api.w.org\/{rel}","templated":true}]}}