{"id":14209,"date":"2019-04-17T17:30:32","date_gmt":"2019-04-17T15:30:32","guid":{"rendered":"https:\/\/poblenouurbandistrict.com\/new\/?p=14209"},"modified":"2019-05-02T14:41:31","modified_gmt":"2019-05-02T12:41:31","slug":"poblenou-open-day-2019-estudis-disseny-arquitectura-produccio","status":"publish","type":"post","link":"https:\/\/poblenouurbandistrict.com\/en\/poblenou-open-day-2019-estudis-disseny-arquitectura-produccio\/","title":{"rendered":"POBLENOU OPEN DAY 2019: ESTUDIOS DE DISE\u00d1O, ARQUITECTURA Y PRODUCCI\u00d3N"},"content":{"rendered":"<p><\/p>\n<p style=\"text-align: justify;\"><img loading=\"lazy\" decoding=\"async\" class=\"aligncenter wp-image-14283 size-medium\" src=\"https:\/\/media.poblenouurbandistrict.com\/2019\/04\/25023546\/OR-Open-Day-webPUD-2-620x380.jpg\" alt=\"OR-Open-Day-webPUD-2\" width=\"620\" height=\"380\" \/><\/p>\n<h4 style=\"text-align: center;\"><strong>ESTUDIOS DE DISE\u00d1O, ARQUITECTURA Y PRODUCCI\u00d3N<\/strong><\/h4>\n<p style=\"text-align: justify;\"><b>\u25c9\u00a0Mediodesign<br \/>\n<\/b>Conoce c\u00f3mo funciona un taller de fabricaci\u00f3n digital profesional. Te mostraran c\u00f3mo\u00a0trabajan\u00a0y todos los detalles sobre\u00a0sus\u00a0\u00faltimos proyectos. Visita especial para arquitectos, interioristas, dise\u00f1adores industriales, makers y afines.<b><br \/>\n<\/b><\/p>\n<p>12 a 19h<br \/>\nPallars 85 &#8211; 91<br \/>\n<a href=\"http:\/\/mediodesign.com\" target=\"_blank\" rel=\"noopener noreferrer\"><strong>mediodesign.com<\/strong><\/a><\/p>\n<p>&nbsp;<\/p>\n<p><b>\u25c9\u00a0Nodo<br \/>\n<\/b>Nodo Studio abre sus puertas para presentar una exposici\u00f3n de artes pl\u00e1sticas, dise\u00f1o, fotograf\u00eda y m\u00fasica sobre sus trabajos de la temporada 2018-2019.<\/p>\n<p>13 a 21h<br \/>\nLlull 57<br \/>\n<a href=\"http:\/\/nodo.studio\" target=\"_blank\" rel=\"noopener noreferrer\"><strong>nodo.studio<\/strong><\/a><\/p>\n<p>&nbsp;<\/p>\n<p style=\"text-align: justify;\"><b>\u25c9\u00a0Alblanc<br \/>\n<\/b>El\u00a0atelier floral con m\u00e1s encanto del barrio abre para celebrar la fiesta de las flores. Una pop-up floral donde descubrir nuevas variedades bot\u00e1nicas y llevarte a casa la que m\u00e1s te enamore.<b><br \/>\n<\/b><\/p>\n<p style=\"text-align: justify;\">11 a 18h<br \/>\nBadajoz 90<br \/>\n<a href=\"http:\/\/alblancatelier.com\" target=\"_blank\" rel=\"noopener noreferrer\"><strong>alblancatelier.com<\/strong><\/a><\/p>\n<p style=\"text-align: justify;\"><b>\u25c9\u00a0Carpintectura<br \/>\n<\/b>Carpintectura, estudio de cocinas de dise\u00f1o, propone &#8220;taco_2_go!&#8221; \u00a1Tacos mexicanos para llevar hechos en cocinas con\u00a0car\u00e1cter!\u00a0<b><br \/>\n<\/b><\/p>\n<p>13 a 20h<br \/>\nPujades 113, local izq.<br \/>\n<a href=\"http:\/\/carpintectura.com\" target=\"_blank\" rel=\"noopener noreferrer\"><strong>carpintectura.com<\/strong><\/a><\/p>\n<p>&nbsp;<\/p>\n<p style=\"text-align: justify;\"><b>\u25c9\u00a0Minded Factory<br \/>\n<\/b>Descubre un plat\u00f3 por dentro en el estudio de Minded Factory. Disfruta\u00a0de una tarde de\u00a0m\u00fasica y cervezitas fr\u00edas en su\u00a0estudio de foto con vistas a la ciudad.\u00a0<b><br \/>\n<\/b><\/p>\n<p>18 a 23h<br \/>\nPere IV 78 &#8211; 84<br \/>\n<a href=\"http:\/\/mindedfactory.com\" target=\"_blank\" rel=\"noopener noreferrer\"><strong>mindedfactory.com<\/strong><\/a><\/p>\n<p>&nbsp;<\/p>\n<p style=\"text-align: justify;\"><b>\u25c9\u00a0Mitro BCN &amp; C\u00f3digo Sound<br \/>\n<\/b>\u00a1Mitro BCN aterriza en Poblenou Urban District y lo hace de la mano de C\u00f3digo Sound! Mitro BCN ofrecer\u00e1 un &#8220;Spoiler&#8221; de lo que ser\u00e1 su espacio\u00a0para eventos con una jornada completa. De 12 a 15 visita Mitro BCN con m\u00fasica en vivo y muchas sorpresas m\u00e1s. Tambi\u00e9n habr\u00e1 un artista del\u00a0<strong>Windows Art Circuit<\/strong>\u00a0haciendo una intervenci\u00f3n art\u00edstica en directo.<\/p>\n<p>12 a 23h<br \/>\nPere IV 90, 2\u00ba<br \/>\n<a href=\"http:\/\/mitrobcn.com\" target=\"_blank\" rel=\"noopener noreferrer\"><strong>mitrobcn.com<\/strong><\/a><\/p>\n<p>&nbsp;<\/p>\n<p style=\"text-align: justify;\"><b>\u25c9\u00a0Go\u2014PopUp<br \/>\n<\/b>Go &#8211; Popup x Adictik<\/p>\n<p style=\"text-align: justify;\">Go-PopUp se asocia con Adictik y Poblenou Urban District para organizar una Open Pop-Up Gallery y un market para el Poblenou Open Day. En colaboraci\u00f3n con artistas locales como Ewelina Wi\u0119c\u0142aw, Aleix Gordo Hostau (Estudio Goho), Ceci Montobbio, Gemma Canal, Paula Valera, Marina Romero y Daniel Berdala, llenar\u00e1n su nuevo espacio de oficina situado al lado de\u00a0Razzmatazz con arte, fotograf\u00eda y la cultura de la marca en un formato emergente experiencial y \u00fanico durante todo un d\u00eda. \u00a1No te lo pierdas!<\/p>\n<p style=\"text-align: justify;\">12 a 23h<br \/>\nPamplona 88<br \/>\n<a href=\"http:\/\/gopopup.com\" target=\"_blank\" rel=\"noopener noreferrer\"><strong>gopopup.com<\/strong><\/a><\/p>\n<p><b>\u25c9\u00a0<span data-sheets-value=\"{&quot;1&quot;:2,&quot;2&quot;:&quot;Playground. URBAN ROOFTOP&quot;}\" data-sheets-userformat=\"{&quot;2&quot;:23231,&quot;3&quot;:{&quot;1&quot;:0},&quot;4&quot;:[null,2,16777215],&quot;5&quot;:{&quot;1&quot;:[{&quot;1&quot;:2,&quot;2&quot;:0,&quot;5&quot;:[null,2,13421772]},{&quot;1&quot;:0,&quot;2&quot;:0,&quot;3&quot;:3},{&quot;1&quot;:1,&quot;2&quot;:0,&quot;4&quot;:1}]},&quot;6&quot;:{&quot;1&quot;:[{&quot;1&quot;:2,&quot;2&quot;:0,&quot;5&quot;:[null,2,13421772]},{&quot;1&quot;:0,&quot;2&quot;:0,&quot;3&quot;:3},{&quot;1&quot;:1,&quot;2&quot;:0,&quot;4&quot;:1}]},&quot;7&quot;:{&quot;1&quot;:[{&quot;1&quot;:2,&quot;2&quot;:0,&quot;5&quot;:[null,2,13421772]},{&quot;1&quot;:0,&quot;2&quot;:0,&quot;3&quot;:3},{&quot;1&quot;:1,&quot;2&quot;:0,&quot;4&quot;:1}]},&quot;8&quot;:{&quot;1&quot;:[{&quot;1&quot;:2,&quot;2&quot;:0,&quot;5&quot;:[null,2,13421772]},{&quot;1&quot;:0,&quot;2&quot;:0,&quot;3&quot;:3},{&quot;1&quot;:1,&quot;2&quot;:0,&quot;4&quot;:1}]},&quot;10&quot;:2,&quot;12&quot;:0,&quot;14&quot;:[null,2,0],&quot;15&quot;:&quot;Arial&quot;,&quot;17&quot;:1}\">Playground: URBAN ROOFTOP<br \/>\n<\/span><\/b>El\u00a0<strong>Urban Rooftop del Poblenou Open Day<\/strong>\u00a0ser\u00e1 una intervenci\u00f3n singular en la terraza de\u00a0<strong>Playground<\/strong>, en la cual confluir\u00e1n gastronom\u00eda, arte y m\u00fasica, creando un evento interdisciplinar. El p\u00fablico asistente podr\u00e1 degustar la oferta de\u00a0<strong><em>street food\u00a0<\/em><\/strong>de Van Van en un formato nuevo y original, que adem\u00e1s se complementar\u00e1 con una programaci\u00f3n de m\u00fasica y arte a cargo de Poblenou Urban District.<\/p>\n<ul>\n<li><strong>LONG TABLE by VAN VAN<br \/>\n<\/strong>Se trata de un nuevo formato gastron\u00f3mico de Van Van que consiste en reunir en una misma mesa de 30 metros a un gran grupo de comensales, para que disfruten de un men\u00fa exclusivo realizado por los chefs del proyecto.<\/p>\n<p>En esta ocasi\u00f3n el formato se adapta al espacio, la terraza del edificio Playground, y la gran mesa se convertir\u00e1 en dos mesas de 15 metros en las que podr\u00e1n sentarse 100 comensales, por turnos de hora y media.<\/p>\n<p>Paella de\u00a0<a href=\"https:\/\/www.instagram.com\/caravan_made\/\">Caravan Made<\/a>\u00a0+ Helado de\u00a0<a href=\"https:\/\/www.instagram.com\/parallelogelato\/\">Parallelo<\/a>\u00a0+ Caf\u00e9 de\u00a0<a href=\"https:\/\/www.instagram.com\/lacherry.coffee\/\">La Cherry Coffee<\/a>\u00a0+ Bebida = 15<\/p>\n<p><span style=\"color: #ff0000;\"><strong>PODR\u00c1S ADQUIRIR TUS TICKETS PARA LA\u00a0<em>VAN VAN EXPERIENCE<\/em>\u00a0EN LA ENTRADA A PLAYGROUND<\/strong><\/span><\/li>\n<\/ul>\n<p>&nbsp;<\/p>\n<ul>\n<li><strong>M\u00daSICA EN\u00a0<b><span data-sheets-value=\"{&quot;1&quot;:2,&quot;2&quot;:&quot;Playground. URBAN ROOFTOP&quot;}\" data-sheets-userformat=\"{&quot;2&quot;:23231,&quot;3&quot;:{&quot;1&quot;:0},&quot;4&quot;:[null,2,16777215],&quot;5&quot;:{&quot;1&quot;:[{&quot;1&quot;:2,&quot;2&quot;:0,&quot;5&quot;:[null,2,13421772]},{&quot;1&quot;:0,&quot;2&quot;:0,&quot;3&quot;:3},{&quot;1&quot;:1,&quot;2&quot;:0,&quot;4&quot;:1}]},&quot;6&quot;:{&quot;1&quot;:[{&quot;1&quot;:2,&quot;2&quot;:0,&quot;5&quot;:[null,2,13421772]},{&quot;1&quot;:0,&quot;2&quot;:0,&quot;3&quot;:3},{&quot;1&quot;:1,&quot;2&quot;:0,&quot;4&quot;:1}]},&quot;7&quot;:{&quot;1&quot;:[{&quot;1&quot;:2,&quot;2&quot;:0,&quot;5&quot;:[null,2,13421772]},{&quot;1&quot;:0,&quot;2&quot;:0,&quot;3&quot;:3},{&quot;1&quot;:1,&quot;2&quot;:0,&quot;4&quot;:1}]},&quot;8&quot;:{&quot;1&quot;:[{&quot;1&quot;:2,&quot;2&quot;:0,&quot;5&quot;:[null,2,13421772]},{&quot;1&quot;:0,&quot;2&quot;:0,&quot;3&quot;:3},{&quot;1&quot;:1,&quot;2&quot;:0,&quot;4&quot;:1}]},&quot;10&quot;:2,&quot;12&quot;:0,&quot;14&quot;:[null,2,0],&quot;15&quot;:&quot;Arial&quot;,&quot;17&quot;:1}\">URBAN ROOFTOP<br \/>\n<\/span><\/b><\/strong>Durante todo el d\u00eda Rebelmadiaq Sound System nos presentar\u00e1 diferentes propuestas musicales y la Silent Disco, donde los asistentes con auriculares inal\u00e1mbricos escuchar\u00e1n la sesi\u00f3n de los DJ\u2019s. Una experiencia musical muy diferente a todo lo que hayas podido experimentar.<\/p>\n<p><strong>Rebelmadiaq Sound System de 12h a 20h<br \/>\n<\/strong>Riggiodonians \/ Miguelito Superstar \/Golfo de Guinea &amp; Lady Avocado \/ Rebelmadiaq + Alex Bass<\/p>\n<p><strong><a href=\"https:\/\/www.instagram.com\/rebelmadiaq\/\" target=\"_blank\" rel=\"noopener noreferrer\">Rebelmadiaq<\/a><\/strong>\u00a0es un proyecto art\u00edstico y est\u00e1 especializado en el coleccionismo de m\u00fasica jamaicana en vinilo. Cuentan tambi\u00e9n con una interesante dubbox (temas originales grabados exclusivamente para el sound) as\u00ed como un proyecto desarrollado de sello discogr\u00e1fico, Rebelmadiaq Sound System &amp; Records.<\/p>\n<p><strong>Silent Disco de 20h a 23h<br \/>\n<\/strong>Dj Harvey Touch (arista seleccionado del Music Urban Circuit) \/ Dj Raul Naro que clausurar\u00e1 la sesi\u00f3n.<strong><br \/>\n<\/strong><\/li>\n<\/ul>\n<p>&nbsp;<\/p>\n<ul>\n<li><strong>ARTE EN URBAN ROOFTOP<br \/>\n<\/strong>Tres Artistas intervendr\u00e1n en directo un \u00e1rea de 65 m2 de la terraza de Playground, dejando que los comensales disfruten en directo del proceso de creaci\u00f3n de un mural.<br \/>\n<strong>Artistas:<\/strong>\u00a0<a href=\"https:\/\/www.instagram.com\/soniatoneu\/\" target=\"_blank\" rel=\"noopener noreferrer\">Sonia Toneu<\/a>\u00a0\/\u00a0<a href=\"https:\/\/www.instagram.com\/dominiart\/\" target=\"_blank\" rel=\"noopener noreferrer\">Domini<\/a>\u00a0\/\u00a0<a href=\"https:\/\/www.instagram.com\/margalef.co\/\" target=\"_blank\" rel=\"noopener noreferrer\">Margalef<\/a><\/li>\n<\/ul>\n<p>&nbsp;<\/p>\n<ul>\n<li><strong>CUENTA CUENTOS de 12:30h a 14:30h<br \/>\n<\/strong><strong>\u00abColorete, colorado, este cuento apenas ha comenzado\u00bb<\/strong>\u00a0es un proyecto del artista\u00a0<strong>Personaje \u2013 Personaje<\/strong>, donde aproxima la literatura y el arte del transformismo a ni\u00f1os de 4 a 10 a\u00f1os.\u00a0 Se tratar\u00e1n temas como la diversidad, el g\u00e9nero, la migraci\u00f3n, la diferencia subjetiva, haciendo participar a los padres y los ni\u00f1os.<\/li>\n<\/ul>\n<p>12 a 23h<br \/>\nPujades, 112<br \/>\n<strong><span data-sheets-value=\"{&quot;1&quot;:2,&quot;2&quot;:&quot;zthotels.com&quot;}\" data-sheets-userformat=\"{&quot;2&quot;:277441,&quot;3&quot;:{&quot;1&quot;:0},&quot;9&quot;:0,&quot;10&quot;:2,&quot;11&quot;:3,&quot;12&quot;:0,&quot;14&quot;:[null,2,0],&quot;15&quot;:&quot;Calibri&quot;,&quot;16&quot;:11,&quot;21&quot;:1}\"><a class=\"in-cell-link\" href=\"http:\/\/playgroundmag.net\/\" target=\"_blank\" rel=\"noopener noreferrer\">playgroundmag.net<\/a><\/span><\/strong><\/p>\n<hr \/>\n<p><strong>POBLENOU URBAN DISTRICT<\/strong><br \/>\n<strong>POBLENOU OPEN DAY 2019<\/strong><br \/>\n<strong>4 DE\u00a0MAYO<\/strong><\/p>\n<hr \/>\n<p><strong>POBLENOU URBAN DISTRICT<\/strong><br \/>\n<strong>POBLENOU OPEN DAY 2019<\/strong><br \/>\n<strong>4 DE\u00a0MAYO<\/strong><\/p>","protected":false},"excerpt":{"rendered":"<p>ESTUDIOS DE DISE\u00d1O, ARQUITECTURA Y PRODUCCI\u00d3N \u25c9\u00a0Mediodesign Conoce c\u00f3mo funciona un taller de fabricaci\u00f3n digital profesional. Te mostraran c\u00f3mo\u00a0trabajan\u00a0y todos&#8230; <a href=\"https:\/\/poblenouurbandistrict.com\/en\/poblenou-open-day-2019-estudis-disseny-arquitectura-produccio\/\">More  \u2192<\/a><\/p>\n","protected":false},"author":5,"featured_media":14284,"comment_status":"closed","ping_status":"closed","sticky":false,"template":"","format":"standard","meta":{"_acf_changed":false,"footnotes":""},"categories":[1],"tags":[3258],"class_list":["post-14209","post","type-post","status-publish","format-standard","has-post-thumbnail","hentry","category-noticias","tag-poblenou-open-day-2019"],"acf":[],"yoast_head":"<!-- This site is optimized with the Yoast SEO plugin v27.5 - https:\/\/yoast.com\/product\/yoast-seo-wordpress\/ -->\n<title>Poblenou Urban District |<\/title>\n<meta name=\"description\" content=\"El 4 de maig vine al Poblenou Open Day 2019 i descobreix el districte cultural i creatiu de Barcelona de la m\u00e0 de Poblenou Urban District!\" \/>\n<meta name=\"robots\" content=\"index, follow, max-snippet:-1, max-image-preview:large, max-video-preview:-1\" \/>\n<link rel=\"canonical\" href=\"https:\/\/poblenouurbandistrict.com\/en\/poblenou-open-day-2019-estudis-disseny-arquitectura-produccio\/\" \/>\n<meta property=\"og:locale\" content=\"en_US\" \/>\n<meta property=\"og:type\" content=\"article\" \/>\n<meta property=\"og:title\" content=\"Poblenou Urban District |\" \/>\n<meta property=\"og:description\" content=\"El 4 de maig vine al Poblenou Open Day 2019 i descobreix el districte cultural i creatiu de Barcelona de la m\u00e0 de Poblenou Urban District!\" \/>\n<meta property=\"og:url\" content=\"https:\/\/poblenouurbandistrict.com\/en\/poblenou-open-day-2019-estudis-disseny-arquitectura-produccio\/\" \/>\n<meta property=\"og:site_name\" content=\"Poblenou Urban District\" \/>\n<meta property=\"article:published_time\" content=\"2019-04-17T15:30:32+00:00\" \/>\n<meta property=\"article:modified_time\" content=\"2019-05-02T12:41:31+00:00\" \/>\n<meta property=\"og:image\" content=\"https:\/\/poblenouurbandistrict.com\/wp-content\/uploads\/2019\/04\/OR-Open-Day-IG-4.jpg\" \/>\n\t<meta property=\"og:image:width\" content=\"1080\" \/>\n\t<meta property=\"og:image:height\" content=\"1080\" \/>\n\t<meta property=\"og:image:type\" content=\"image\/jpeg\" \/>\n<meta name=\"author\" content=\"pnud\" \/>\n<meta name=\"twitter:card\" content=\"summary_large_image\" \/>\n<meta name=\"twitter:label1\" content=\"Written by\" \/>\n\t<meta name=\"twitter:data1\" content=\"pnud\" \/>\n\t<meta name=\"twitter:label2\" content=\"Est. reading time\" \/>\n\t<meta name=\"twitter:data2\" content=\"14 minutes\" \/>\n<script type=\"application\/ld+json\" class=\"yoast-schema-graph\">{\"@context\":\"https:\\\/\\\/schema.org\",\"@graph\":[{\"@type\":\"Article\",\"@id\":\"https:\\\/\\\/poblenouurbandistrict.com\\\/poblenou-open-day-2019-estudis-disseny-arquitectura-produccio\\\/#article\",\"isPartOf\":{\"@id\":\"https:\\\/\\\/poblenouurbandistrict.com\\\/poblenou-open-day-2019-estudis-disseny-arquitectura-produccio\\\/\"},\"author\":{\"name\":\"pnud\",\"@id\":\"https:\\\/\\\/poblenouurbandistrict.com\\\/#\\\/schema\\\/person\\\/980a2cf34b399d5218205730acd54a7e\"},\"headline\":\"POBLENOU OPEN DAY 2019: ESTUDIOS DE DISE\u00d1O, ARQUITECTURA Y PRODUCCI\u00d3N\",\"datePublished\":\"2019-04-17T15:30:32+00:00\",\"dateModified\":\"2019-05-02T12:41:31+00:00\",\"mainEntityOfPage\":{\"@id\":\"https:\\\/\\\/poblenouurbandistrict.com\\\/poblenou-open-day-2019-estudis-disseny-arquitectura-produccio\\\/\"},\"wordCount\":2815,\"image\":{\"@id\":\"https:\\\/\\\/poblenouurbandistrict.com\\\/poblenou-open-day-2019-estudis-disseny-arquitectura-produccio\\\/#primaryimage\"},\"thumbnailUrl\":\"https:\\\/\\\/media.poblenouurbandistrict.com\\\/2019\\\/04\\\/25023548\\\/OR-Open-Day-IG-4.jpg\",\"keywords\":[\"Poblenou Open Day 2019\"],\"articleSection\":[\"What's going on\"],\"inLanguage\":\"en-US\"},{\"@type\":\"WebPage\",\"@id\":\"https:\\\/\\\/poblenouurbandistrict.com\\\/en\\\/poblenou-open-day-2019-estudis-disseny-arquitectura-produccio\\\/\",\"url\":\"https:\\\/\\\/poblenouurbandistrict.com\\\/en\\\/poblenou-open-day-2019-estudis-disseny-arquitectura-produccio\\\/\",\"name\":\"Poblenou Urban District |\",\"isPartOf\":{\"@id\":\"https:\\\/\\\/poblenouurbandistrict.com\\\/en\\\/#website\"},\"primaryImageOfPage\":{\"@id\":\"https:\\\/\\\/poblenouurbandistrict.com\\\/en\\\/poblenou-open-day-2019-estudis-disseny-arquitectura-produccio\\\/#primaryimage\"},\"image\":{\"@id\":\"https:\\\/\\\/poblenouurbandistrict.com\\\/poblenou-open-day-2019-estudis-disseny-arquitectura-produccio\\\/#primaryimage\"},\"thumbnailUrl\":\"https:\\\/\\\/media.poblenouurbandistrict.com\\\/2019\\\/04\\\/25023548\\\/OR-Open-Day-IG-4.jpg\",\"datePublished\":\"2019-04-17T15:30:32+00:00\",\"dateModified\":\"2019-05-02T12:41:31+00:00\",\"author\":{\"@id\":\"https:\\\/\\\/poblenouurbandistrict.com\\\/#\\\/schema\\\/person\\\/980a2cf34b399d5218205730acd54a7e\"},\"description\":\"El 4 de maig vine al Poblenou Open Day 2019 i descobreix el districte cultural i creatiu de Barcelona de la m\u00e0 de Poblenou Urban District!\",\"breadcrumb\":{\"@id\":\"https:\\\/\\\/poblenouurbandistrict.com\\\/en\\\/poblenou-open-day-2019-estudis-disseny-arquitectura-produccio\\\/#breadcrumb\"},\"inLanguage\":\"en-US\",\"potentialAction\":[{\"@type\":\"ReadAction\",\"target\":[[\"https:\\\/\\\/poblenouurbandistrict.com\\\/en\\\/poblenou-open-day-2019-estudis-disseny-arquitectura-produccio\\\/\"]]}]},{\"@type\":\"ImageObject\",\"inLanguage\":\"en-US\",\"@id\":\"https:\\\/\\\/poblenouurbandistrict.com\\\/en\\\/poblenou-open-day-2019-estudis-disseny-arquitectura-produccio\\\/#primaryimage\",\"url\":\"https:\\\/\\\/media.poblenouurbandistrict.com\\\/2019\\\/04\\\/25023548\\\/OR-Open-Day-IG-4.jpg\",\"contentUrl\":\"https:\\\/\\\/media.poblenouurbandistrict.com\\\/2019\\\/04\\\/25023548\\\/OR-Open-Day-IG-4.jpg\",\"width\":1080,\"height\":1080},{\"@type\":\"BreadcrumbList\",\"@id\":\"https:\\\/\\\/poblenouurbandistrict.com\\\/en\\\/poblenou-open-day-2019-estudis-disseny-arquitectura-produccio\\\/#breadcrumb\",\"itemListElement\":[{\"@type\":\"ListItem\",\"position\":1,\"name\":\"Home\",\"item\":\"https:\\\/\\\/poblenouurbandistrict.com\\\/en\\\/\"},{\"@type\":\"ListItem\",\"position\":2,\"name\":\"POBLENOU OPEN DAY 2019: ESTUDIOS DE DISE\u00d1O, ARQUITECTURA Y PRODUCCI\u00d3N\"}]},{\"@type\":\"WebSite\",\"@id\":\"https:\\\/\\\/poblenouurbandistrict.com\\\/en\\\/#website\",\"url\":\"https:\\\/\\\/poblenouurbandistrict.com\\\/en\\\/\",\"name\":\"Poblenou Urban District\",\"description\":\"Creative Community\",\"potentialAction\":[{\"@type\":\"SearchAction\",\"target\":{\"@type\":\"EntryPoint\",\"urlTemplate\":\"https:\\\/\\\/poblenouurbandistrict.com\\\/en\\\/?s={search_term_string}\"},\"query-input\":{\"@type\":\"PropertyValueSpecification\",\"valueRequired\":true,\"valueName\":\"search_term_string\"}}],\"inLanguage\":\"en-US\"},{\"@type\":\"Person\",\"@id\":\"https:\\\/\\\/poblenouurbandistrict.com\\\/#\\\/schema\\\/person\\\/980a2cf34b399d5218205730acd54a7e\",\"name\":\"pnud\",\"image\":{\"@type\":\"ImageObject\",\"inLanguage\":\"en-US\",\"@id\":\"https:\\\/\\\/secure.gravatar.com\\\/avatar\\\/67146597b405ee077a24e519f75c3e2031736596d6ce35af3a34c122c93d0d7b?s=96&d=retro&r=g\",\"url\":\"https:\\\/\\\/secure.gravatar.com\\\/avatar\\\/67146597b405ee077a24e519f75c3e2031736596d6ce35af3a34c122c93d0d7b?s=96&d=retro&r=g\",\"contentUrl\":\"https:\\\/\\\/secure.gravatar.com\\\/avatar\\\/67146597b405ee077a24e519f75c3e2031736596d6ce35af3a34c122c93d0d7b?s=96&d=retro&r=g\",\"caption\":\"pnud\"}}]}<\/script>\n<!-- \/ Yoast SEO plugin. -->","yoast_head_json":{"title":"Poblenou Urban District |","description":"El 4 de maig vine al Poblenou Open Day 2019 i descobreix el districte cultural i creatiu de Barcelona de la m\u00e0 de Poblenou Urban District!","robots":{"index":"index","follow":"follow","max-snippet":"max-snippet:-1","max-image-preview":"max-image-preview:large","max-video-preview":"max-video-preview:-1"},"canonical":"https:\/\/poblenouurbandistrict.com\/en\/poblenou-open-day-2019-estudis-disseny-arquitectura-produccio\/","og_locale":"en_US","og_type":"article","og_title":"Poblenou Urban District |","og_description":"El 4 de maig vine al Poblenou Open Day 2019 i descobreix el districte cultural i creatiu de Barcelona de la m\u00e0 de Poblenou Urban District!","og_url":"https:\/\/poblenouurbandistrict.com\/en\/poblenou-open-day-2019-estudis-disseny-arquitectura-produccio\/","og_site_name":"Poblenou Urban District","article_published_time":"2019-04-17T15:30:32+00:00","article_modified_time":"2019-05-02T12:41:31+00:00","og_image":[{"width":1080,"height":1080,"url":"https:\/\/poblenouurbandistrict.com\/wp-content\/uploads\/2019\/04\/OR-Open-Day-IG-4.jpg","type":"image\/jpeg"}],"author":"pnud","twitter_card":"summary_large_image","twitter_misc":{"Written by":"pnud","Est. reading time":"14 minutes"},"schema":{"@context":"https:\/\/schema.org","@graph":[{"@type":"Article","@id":"https:\/\/poblenouurbandistrict.com\/poblenou-open-day-2019-estudis-disseny-arquitectura-produccio\/#article","isPartOf":{"@id":"https:\/\/poblenouurbandistrict.com\/poblenou-open-day-2019-estudis-disseny-arquitectura-produccio\/"},"author":{"name":"pnud","@id":"https:\/\/poblenouurbandistrict.com\/#\/schema\/person\/980a2cf34b399d5218205730acd54a7e"},"headline":"POBLENOU OPEN DAY 2019: ESTUDIOS DE DISE\u00d1O, ARQUITECTURA Y PRODUCCI\u00d3N","datePublished":"2019-04-17T15:30:32+00:00","dateModified":"2019-05-02T12:41:31+00:00","mainEntityOfPage":{"@id":"https:\/\/poblenouurbandistrict.com\/poblenou-open-day-2019-estudis-disseny-arquitectura-produccio\/"},"wordCount":2815,"image":{"@id":"https:\/\/poblenouurbandistrict.com\/poblenou-open-day-2019-estudis-disseny-arquitectura-produccio\/#primaryimage"},"thumbnailUrl":"https:\/\/media.poblenouurbandistrict.com\/2019\/04\/25023548\/OR-Open-Day-IG-4.jpg","keywords":["Poblenou Open Day 2019"],"articleSection":["What's going on"],"inLanguage":"en-US"},{"@type":"WebPage","@id":"https:\/\/poblenouurbandistrict.com\/en\/poblenou-open-day-2019-estudis-disseny-arquitectura-produccio\/","url":"https:\/\/poblenouurbandistrict.com\/en\/poblenou-open-day-2019-estudis-disseny-arquitectura-produccio\/","name":"Poblenou Urban District |","isPartOf":{"@id":"https:\/\/poblenouurbandistrict.com\/en\/#website"},"primaryImageOfPage":{"@id":"https:\/\/poblenouurbandistrict.com\/en\/poblenou-open-day-2019-estudis-disseny-arquitectura-produccio\/#primaryimage"},"image":{"@id":"https:\/\/poblenouurbandistrict.com\/poblenou-open-day-2019-estudis-disseny-arquitectura-produccio\/#primaryimage"},"thumbnailUrl":"https:\/\/media.poblenouurbandistrict.com\/2019\/04\/25023548\/OR-Open-Day-IG-4.jpg","datePublished":"2019-04-17T15:30:32+00:00","dateModified":"2019-05-02T12:41:31+00:00","author":{"@id":"https:\/\/poblenouurbandistrict.com\/#\/schema\/person\/980a2cf34b399d5218205730acd54a7e"},"description":"El 4 de maig vine al Poblenou Open Day 2019 i descobreix el districte cultural i creatiu de Barcelona de la m\u00e0 de Poblenou Urban District!","breadcrumb":{"@id":"https:\/\/poblenouurbandistrict.com\/en\/poblenou-open-day-2019-estudis-disseny-arquitectura-produccio\/#breadcrumb"},"inLanguage":"en-US","potentialAction":[{"@type":"ReadAction","target":[["https:\/\/poblenouurbandistrict.com\/en\/poblenou-open-day-2019-estudis-disseny-arquitectura-produccio\/"]]}]},{"@type":"ImageObject","inLanguage":"en-US","@id":"https:\/\/poblenouurbandistrict.com\/en\/poblenou-open-day-2019-estudis-disseny-arquitectura-produccio\/#primaryimage","url":"https:\/\/media.poblenouurbandistrict.com\/2019\/04\/25023548\/OR-Open-Day-IG-4.jpg","contentUrl":"https:\/\/media.poblenouurbandistrict.com\/2019\/04\/25023548\/OR-Open-Day-IG-4.jpg","width":1080,"height":1080},{"@type":"BreadcrumbList","@id":"https:\/\/poblenouurbandistrict.com\/en\/poblenou-open-day-2019-estudis-disseny-arquitectura-produccio\/#breadcrumb","itemListElement":[{"@type":"ListItem","position":1,"name":"Home","item":"https:\/\/poblenouurbandistrict.com\/en\/"},{"@type":"ListItem","position":2,"name":"POBLENOU OPEN DAY 2019: ESTUDIOS DE DISE\u00d1O, ARQUITECTURA Y PRODUCCI\u00d3N"}]},{"@type":"WebSite","@id":"https:\/\/poblenouurbandistrict.com\/en\/#website","url":"https:\/\/poblenouurbandistrict.com\/en\/","name":"Poblenou Urban District","description":"Creative Community","potentialAction":[{"@type":"SearchAction","target":{"@type":"EntryPoint","urlTemplate":"https:\/\/poblenouurbandistrict.com\/en\/?s={search_term_string}"},"query-input":{"@type":"PropertyValueSpecification","valueRequired":true,"valueName":"search_term_string"}}],"inLanguage":"en-US"},{"@type":"Person","@id":"https:\/\/poblenouurbandistrict.com\/#\/schema\/person\/980a2cf34b399d5218205730acd54a7e","name":"pnud","image":{"@type":"ImageObject","inLanguage":"en-US","@id":"https:\/\/secure.gravatar.com\/avatar\/67146597b405ee077a24e519f75c3e2031736596d6ce35af3a34c122c93d0d7b?s=96&d=retro&r=g","url":"https:\/\/secure.gravatar.com\/avatar\/67146597b405ee077a24e519f75c3e2031736596d6ce35af3a34c122c93d0d7b?s=96&d=retro&r=g","contentUrl":"https:\/\/secure.gravatar.com\/avatar\/67146597b405ee077a24e519f75c3e2031736596d6ce35af3a34c122c93d0d7b?s=96&d=retro&r=g","caption":"pnud"}}]}},"_links":{"self":[{"href":"https:\/\/poblenouurbandistrict.com\/en\/wp-json\/wp\/v2\/posts\/14209","targetHints":{"allow":["GET"]}}],"collection":[{"href":"https:\/\/poblenouurbandistrict.com\/en\/wp-json\/wp\/v2\/posts"}],"about":[{"href":"https:\/\/poblenouurbandistrict.com\/en\/wp-json\/wp\/v2\/types\/post"}],"author":[{"embeddable":true,"href":"https:\/\/poblenouurbandistrict.com\/en\/wp-json\/wp\/v2\/users\/5"}],"replies":[{"embeddable":true,"href":"https:\/\/poblenouurbandistrict.com\/en\/wp-json\/wp\/v2\/comments?post=14209"}],"version-history":[{"count":13,"href":"https:\/\/poblenouurbandistrict.com\/en\/wp-json\/wp\/v2\/posts\/14209\/revisions"}],"predecessor-version":[{"id":14529,"href":"https:\/\/poblenouurbandistrict.com\/en\/wp-json\/wp\/v2\/posts\/14209\/revisions\/14529"}],"wp:featuredmedia":[{"embeddable":true,"href":"https:\/\/poblenouurbandistrict.com\/en\/wp-json\/wp\/v2\/media\/14284"}],"wp:attachment":[{"href":"https:\/\/poblenouurbandistrict.com\/en\/wp-json\/wp\/v2\/media?parent=14209"}],"wp:term":[{"taxonomy":"category","embeddable":true,"href":"https:\/\/poblenouurbandistrict.com\/en\/wp-json\/wp\/v2\/categories?post=14209"},{"taxonomy":"post_tag","embeddable":true,"href":"https:\/\/poblenouurbandistrict.com\/en\/wp-json\/wp\/v2\/tags?post=14209"}],"curies":[{"name":"wp","href":"https:\/\/api.w.org\/{rel}","templated":true}]}}