{"id":14225,"date":"2019-04-17T17:38:07","date_gmt":"2019-04-17T15:38:07","guid":{"rendered":"https:\/\/poblenouurbandistrict.com\/new\/?p=14225"},"modified":"2019-05-02T11:28:46","modified_gmt":"2019-05-02T09:28:46","slug":"poblenou-open-day-2019-hotels-hostals","status":"publish","type":"post","link":"https:\/\/poblenouurbandistrict.com\/en\/poblenou-open-day-2019-hotels-hostals\/","title":{"rendered":"POBLENOU OPEN DAY 2019: HOTELES Y HOSTALES"},"content":{"rendered":"<p><\/p>\n<p style=\"text-align: justify;\"><img loading=\"lazy\" decoding=\"async\" class=\"aligncenter wp-image-14271 size-medium\" src=\"https:\/\/media.poblenouurbandistrict.com\/2019\/04\/25023530\/OR-Open-Day-webPUD-1-1-620x380.jpg\" alt=\"OR-Open-Day-webPUD-1\" width=\"620\" height=\"380\" \/><\/p>\n<h4 style=\"text-align: center;\"><strong>HOTELES Y HOSTALES<\/strong><\/h4>\n<p>&nbsp;<\/p>\n<p style=\"text-align: justify;\"><b>\u25c9\u00a0<span data-sheets-value=\"{&quot;1&quot;:2,&quot;2&quot;:&quot;Hotel &amp; Spa Villa Ol\u00edmpica Suites&quot;}\" data-sheets-userformat=\"{&quot;2&quot;:17153,&quot;3&quot;:{&quot;1&quot;:0},&quot;11&quot;:3,&quot;12&quot;:0,&quot;17&quot;:1}\">Hotel &amp; Spa Villa Ol\u00edmpica Suites<\/span><\/b><\/p>\n<p style=\"text-align: justify;\">\u00a1Disfruta de sus espacios gastron\u00f3micos y wellness con el pack Open Day! Ofrecen una comida en\u00a0su terraza o sal\u00f3n con sesi\u00f3n de spa por solo 30\u20ac!<\/p>\n<p style=\"text-align: center;\"><strong><span style=\"color: #ff0000;\">&gt;&gt;&gt; Imprescindible reservar llamando\u00a0al\u00a093 356 97 27 &lt;&lt;&lt;<\/span><\/strong><\/p>\n<p style=\"text-align: justify;\">10 a 16h<br \/>\nPallars, 121<br \/>\n<strong><span data-sheets-value=\"{&quot;1&quot;:2,&quot;2&quot;:&quot;zthotels.com&quot;}\" data-sheets-userformat=\"{&quot;2&quot;:277441,&quot;3&quot;:{&quot;1&quot;:0},&quot;9&quot;:0,&quot;10&quot;:2,&quot;11&quot;:3,&quot;12&quot;:0,&quot;14&quot;:[null,2,0],&quot;15&quot;:&quot;Calibri&quot;,&quot;16&quot;:11,&quot;21&quot;:1}\"><a href=\"http:\/\/www.zthotels.com\">www.zthotels.com<\/a><\/span><\/strong><\/p>\n<p style=\"text-align: justify;\"><b>\u25c9\u00a0<span data-sheets-value=\"{&quot;1&quot;:2,&quot;2&quot;:&quot;Novotel Barcelona City&quot;}\" data-sheets-userformat=\"{&quot;2&quot;:17153,&quot;3&quot;:{&quot;1&quot;:0},&quot;11&quot;:3,&quot;12&quot;:0,&quot;17&quot;:1}\">Novotel Barcelona City<\/span><\/b><\/p>\n<p style=\"text-align: justify;\">\u00a1La terraza de la planta 19 acoge una sesi\u00f3n de vermut y m\u00fasica soul con vistas espectaculares!<\/p>\n<p style=\"text-align: justify;\"><span data-sheets-value=\"{&quot;1&quot;:2,&quot;2&quot;:&quot;13 a 15h&quot;}\" data-sheets-userformat=\"{&quot;2&quot;:769,&quot;3&quot;:{&quot;1&quot;:0},&quot;11&quot;:3,&quot;12&quot;:0}\">13 a 15h<br \/>\n<span data-sheets-value=\"{&quot;1&quot;:2,&quot;2&quot;:&quot;Av. Diagonal 201&quot;}\" data-sheets-userformat=\"{&quot;2&quot;:14785,&quot;3&quot;:{&quot;1&quot;:0},&quot;9&quot;:0,&quot;10&quot;:2,&quot;11&quot;:3,&quot;14&quot;:[null,2,0],&quot;15&quot;:&quot;Calibri&quot;,&quot;16&quot;:11}\">Av. Diagonal 201<\/span><br \/>\n<strong><span data-sheets-value=\"{&quot;1&quot;:2,&quot;2&quot;:&quot;novotel.com&quot;}\" data-sheets-userformat=\"{&quot;2&quot;:2817,&quot;3&quot;:{&quot;1&quot;:0},&quot;11&quot;:3,&quot;12&quot;:0,&quot;14&quot;:[null,2,0]}\"><a class=\"in-cell-link\" href=\"http:\/\/novotel.com\/\" target=\"_blank\" rel=\"noopener noreferrer\">novotel.com<\/a><\/span><\/strong><br \/>\n<\/span><\/p>\n<p style=\"text-align: justify;\"><b>\u25c9 Unite Hostel<\/b><\/p>\n<p style=\"text-align: justify;\">\u00a1Market de vinilos y ropa con DJ en directo amenizando la velada!\u00a0Habr\u00e1\u00a0un artista del Windows Art Circuit\u00a0haciendo una intervenci\u00f3n art\u00edstica en directo!<\/p>\n<p style=\"text-align: justify;\"><span data-sheets-value=\"{&quot;1&quot;:2,&quot;2&quot;:&quot;13 a 15h&quot;}\" data-sheets-userformat=\"{&quot;2&quot;:769,&quot;3&quot;:{&quot;1&quot;:0},&quot;11&quot;:3,&quot;12&quot;:0}\">12 a 19h<br \/>\n<span data-sheets-value=\"{&quot;1&quot;:2,&quot;2&quot;:&quot;Av. Diagonal 201&quot;}\" data-sheets-userformat=\"{&quot;2&quot;:14785,&quot;3&quot;:{&quot;1&quot;:0},&quot;9&quot;:0,&quot;10&quot;:2,&quot;11&quot;:3,&quot;14&quot;:[null,2,0],&quot;15&quot;:&quot;Calibri&quot;,&quot;16&quot;:11}\">Av. Ic\u00e0ria\u00a0145<\/span><br \/>\n<strong><span data-sheets-value=\"{&quot;1&quot;:2,&quot;2&quot;:&quot;unitehostel.com&quot;}\" data-sheets-userformat=\"{&quot;2&quot;:2817,&quot;3&quot;:{&quot;1&quot;:0},&quot;11&quot;:3,&quot;12&quot;:0,&quot;14&quot;:[null,2,0]}\"><a class=\"in-cell-link\" href=\"http:\/\/unitehostel.com\/\" target=\"_blank\" rel=\"noopener noreferrer\">unitehostel.com<\/a><\/span><\/strong><br \/>\n<\/span><\/p>\n<p style=\"text-align: justify;\"><strong>\u25c9\u00a0<span data-sheets-value=\"{&quot;1&quot;:2,&quot;2&quot;:&quot;Twentyt\u00fa Hostel&quot;}\" data-sheets-userformat=\"{&quot;2&quot;:17153,&quot;3&quot;:{&quot;1&quot;:0},&quot;11&quot;:3,&quot;12&quot;:0,&quot;17&quot;:1}\">Twentyt\u00fa Hostel<\/span><\/strong><\/p>\n<p style=\"text-align: justify;\">\u00a1Disfruta de un Bike Tour por la playa y de una paella en\u00a0la magn\u00edfica terraza del hostel (10\u20ac paella + bebida)! Consigue tu entrada en\u00a0la recepci\u00f3n del hostal o contacta\u00a0<span style=\"text-decoration: underline;\"><strong>events@twentytu.com<\/strong><\/span><\/p>\n<p style=\"text-align: justify;\"><span data-sheets-value=\"{&quot;1&quot;:2,&quot;2&quot;:&quot;13 a 15h&quot;}\" data-sheets-userformat=\"{&quot;2&quot;:769,&quot;3&quot;:{&quot;1&quot;:0},&quot;11&quot;:3,&quot;12&quot;:0}\">12 a 15h<br \/>\n<span data-sheets-value=\"{&quot;1&quot;:2,&quot;2&quot;:&quot;Av. Diagonal 201&quot;}\" data-sheets-userformat=\"{&quot;2&quot;:14785,&quot;3&quot;:{&quot;1&quot;:0},&quot;9&quot;:0,&quot;10&quot;:2,&quot;11&quot;:3,&quot;14&quot;:[null,2,0],&quot;15&quot;:&quot;Calibri&quot;,&quot;16&quot;:11}\">Pamplona, 144<\/span><br \/>\n<strong><span data-sheets-value=\"{&quot;1&quot;:2,&quot;2&quot;:&quot;twentytu.com\/es\/&quot;}\" data-sheets-userformat=\"{&quot;2&quot;:2817,&quot;3&quot;:{&quot;1&quot;:0},&quot;11&quot;:3,&quot;12&quot;:0,&quot;14&quot;:[null,2,0]}\"><a class=\"in-cell-link\" href=\"http:\/\/twentytu.com\/es\/\" target=\"_blank\" rel=\"noopener noreferrer\">twentytu.com\/es\/<\/a><\/span><\/strong><br \/>\n<\/span><\/p>\n<p style=\"text-align: justify;\"><b>\u25c9\u00a0<span data-sheets-value=\"{&quot;1&quot;:2,&quot;2&quot;:&quot;Hilton Diagonal Mar Barcelona&quot;}\" data-sheets-userformat=\"{&quot;2&quot;:21377,&quot;3&quot;:{&quot;1&quot;:0},&quot;10&quot;:2,&quot;11&quot;:3,&quot;12&quot;:0,&quot;15&quot;:&quot;arial,sans,sans-serif&quot;,&quot;17&quot;:1}\">Hilton Diagonal Mar Barcelona<\/span><\/b><\/p>\n<p style=\"text-align: justify;\">Tienes\u00a0la oportunidad de asistir a una masterclass a cargo de Artur Mart\u00ednez, chef estrella Michelin, y David Otero, bartender de MA&#8217;I. En esta ocasi\u00f3n viajan al modernismo del S. XX para recuperar una de sus bebidas tradicionales, la Zarzaparrilla, bautizada por ellos como La Modernista, para crear dos nuevos combinados que dar\u00e1n mucho de que hablar: L&#8217;Obrer y La Burguesa.<\/p>\n<p style=\"text-align: justify;\">\u00a1Adem\u00e1s, tambi\u00e9n podr\u00e1s ver en acci\u00f3n a uno de los artistas del\u00a0<strong>Windows Art Circuit<\/strong>, que \u00a0estar\u00e1 haciendo una intervenci\u00f3n art\u00edstica en directo, y\u00a0disfrutar de las actuaciones del\u00a0<strong>Music Urban Circuit<\/strong>! No te lo pierdas y vota tu actuaci\u00f3n preferida.<\/p>\n<p style=\"text-align: justify;\"><span data-sheets-value=\"{&quot;1&quot;:2,&quot;2&quot;:&quot;13 a 15h&quot;}\" data-sheets-userformat=\"{&quot;2&quot;:769,&quot;3&quot;:{&quot;1&quot;:0},&quot;11&quot;:3,&quot;12&quot;:0}\">17 a 20h<br \/>\n<span data-sheets-value=\"{&quot;1&quot;:2,&quot;2&quot;:&quot;Passeig del Taulat 262 - 264&quot;}\" data-sheets-userformat=\"{&quot;2&quot;:769,&quot;3&quot;:{&quot;1&quot;:0},&quot;11&quot;:3,&quot;12&quot;:0}\">Passeig del Taulat 262 &#8211; 264<br \/>\n<strong><span data-sheets-value=\"{&quot;1&quot;:2,&quot;2&quot;:&quot;diagonalmarbarcelona.hilton.com&quot;}\" data-sheets-userformat=\"{&quot;2&quot;:2819,&quot;3&quot;:{&quot;1&quot;:0},&quot;4&quot;:[null,2,16777215],&quot;11&quot;:3,&quot;12&quot;:0,&quot;14&quot;:[null,2,0]}\"><a class=\"in-cell-link\" href=\"http:\/\/diagonalmarbarcelona.hilton.com\/\" target=\"_blank\" rel=\"noopener noreferrer\">diagonalmarbarcelona.hilton.com<\/a><\/span><\/strong><br \/>\n<\/span><\/span><\/p>\n<hr \/>\n<p style=\"text-align: justify;\"><strong>POBLENOU URBAN DISTRICT<\/strong><br \/>\n<strong>POBLENOU OPEN DAY 2019<br \/>\n4 DE\u00a0MAYO<\/strong><\/p>\n<p><\/p>","protected":false},"excerpt":{"rendered":"<p>HOTELES Y HOSTALES &nbsp; \u25c9\u00a0Hotel &amp; Spa Villa Ol\u00edmpica Suites \u00a1Disfruta de sus espacios gastron\u00f3micos y wellness con el pack&#8230; <a href=\"https:\/\/poblenouurbandistrict.com\/en\/poblenou-open-day-2019-hotels-hostals\/\">More  \u2192<\/a><\/p>\n","protected":false},"author":5,"featured_media":14296,"comment_status":"closed","ping_status":"closed","sticky":false,"template":"","format":"standard","meta":{"_acf_changed":false,"footnotes":""},"categories":[1],"tags":[3258],"class_list":["post-14225","post","type-post","status-publish","format-standard","has-post-thumbnail","hentry","category-noticias","tag-poblenou-open-day-2019"],"acf":[],"yoast_head":"<!-- This site is optimized with the Yoast SEO plugin v27.5 - https:\/\/yoast.com\/product\/yoast-seo-wordpress\/ -->\n<title>Poblenou Urban District | Hotels i Hostals<\/title>\n<meta name=\"description\" content=\"El 4 de maig vine al Poblenou Open Day 2019 i descobreix el districte cultural i creatiu de Barcelona de la m\u00e0 de Poblenou Urban District!\" \/>\n<meta name=\"robots\" content=\"index, follow, max-snippet:-1, max-image-preview:large, max-video-preview:-1\" \/>\n<link rel=\"canonical\" href=\"https:\/\/poblenouurbandistrict.com\/en\/poblenou-open-day-2019-hotels-hostals\/\" \/>\n<meta property=\"og:locale\" content=\"en_US\" \/>\n<meta property=\"og:type\" content=\"article\" \/>\n<meta property=\"og:title\" content=\"Poblenou Urban District | Hotels i Hostals\" \/>\n<meta property=\"og:description\" content=\"El 4 de maig vine al Poblenou Open Day 2019 i descobreix el districte cultural i creatiu de Barcelona de la m\u00e0 de Poblenou Urban District!\" \/>\n<meta property=\"og:url\" content=\"https:\/\/poblenouurbandistrict.com\/en\/poblenou-open-day-2019-hotels-hostals\/\" \/>\n<meta property=\"og:site_name\" content=\"Poblenou Urban District\" \/>\n<meta property=\"article:published_time\" content=\"2019-04-17T15:38:07+00:00\" \/>\n<meta property=\"article:modified_time\" content=\"2019-05-02T09:28:46+00:00\" \/>\n<meta property=\"og:image\" content=\"https:\/\/poblenouurbandistrict.com\/wp-content\/uploads\/2019\/04\/OR-Open-Day-IG-5-1.jpg\" \/>\n\t<meta property=\"og:image:width\" content=\"1080\" \/>\n\t<meta property=\"og:image:height\" content=\"1080\" \/>\n\t<meta property=\"og:image:type\" content=\"image\/jpeg\" \/>\n<meta name=\"author\" content=\"pnud\" \/>\n<meta name=\"twitter:card\" content=\"summary_large_image\" \/>\n<meta name=\"twitter:label1\" content=\"Written by\" \/>\n\t<meta name=\"twitter:data1\" content=\"pnud\" \/>\n\t<meta name=\"twitter:label2\" content=\"Est. reading time\" \/>\n\t<meta name=\"twitter:data2\" content=\"5 minutes\" \/>\n<script type=\"application\/ld+json\" class=\"yoast-schema-graph\">{\"@context\":\"https:\\\/\\\/schema.org\",\"@graph\":[{\"@type\":\"Article\",\"@id\":\"https:\\\/\\\/poblenouurbandistrict.com\\\/poblenou-open-day-2019-hotels-hostals\\\/#article\",\"isPartOf\":{\"@id\":\"https:\\\/\\\/poblenouurbandistrict.com\\\/poblenou-open-day-2019-hotels-hostals\\\/\"},\"author\":{\"name\":\"pnud\",\"@id\":\"https:\\\/\\\/poblenouurbandistrict.com\\\/#\\\/schema\\\/person\\\/980a2cf34b399d5218205730acd54a7e\"},\"headline\":\"POBLENOU OPEN DAY 2019: HOTELES Y HOSTALES\",\"datePublished\":\"2019-04-17T15:38:07+00:00\",\"dateModified\":\"2019-05-02T09:28:46+00:00\",\"mainEntityOfPage\":{\"@id\":\"https:\\\/\\\/poblenouurbandistrict.com\\\/poblenou-open-day-2019-hotels-hostals\\\/\"},\"wordCount\":1014,\"image\":{\"@id\":\"https:\\\/\\\/poblenouurbandistrict.com\\\/poblenou-open-day-2019-hotels-hostals\\\/#primaryimage\"},\"thumbnailUrl\":\"https:\\\/\\\/media.poblenouurbandistrict.com\\\/2019\\\/04\\\/25023632\\\/OR-Open-Day-IG-5-1.jpg\",\"keywords\":[\"Poblenou Open Day 2019\"],\"articleSection\":[\"What's going on\"],\"inLanguage\":\"en-US\"},{\"@type\":\"WebPage\",\"@id\":\"https:\\\/\\\/poblenouurbandistrict.com\\\/en\\\/poblenou-open-day-2019-hotels-hostals\\\/\",\"url\":\"https:\\\/\\\/poblenouurbandistrict.com\\\/en\\\/poblenou-open-day-2019-hotels-hostals\\\/\",\"name\":\"Poblenou Urban District | Hotels i Hostals\",\"isPartOf\":{\"@id\":\"https:\\\/\\\/poblenouurbandistrict.com\\\/en\\\/#website\"},\"primaryImageOfPage\":{\"@id\":\"https:\\\/\\\/poblenouurbandistrict.com\\\/en\\\/poblenou-open-day-2019-hotels-hostals\\\/#primaryimage\"},\"image\":{\"@id\":\"https:\\\/\\\/poblenouurbandistrict.com\\\/poblenou-open-day-2019-hotels-hostals\\\/#primaryimage\"},\"thumbnailUrl\":\"https:\\\/\\\/media.poblenouurbandistrict.com\\\/2019\\\/04\\\/25023632\\\/OR-Open-Day-IG-5-1.jpg\",\"datePublished\":\"2019-04-17T15:38:07+00:00\",\"dateModified\":\"2019-05-02T09:28:46+00:00\",\"author\":{\"@id\":\"https:\\\/\\\/poblenouurbandistrict.com\\\/#\\\/schema\\\/person\\\/980a2cf34b399d5218205730acd54a7e\"},\"description\":\"El 4 de maig vine al Poblenou Open Day 2019 i descobreix el districte cultural i creatiu de Barcelona de la m\u00e0 de Poblenou Urban District!\",\"breadcrumb\":{\"@id\":\"https:\\\/\\\/poblenouurbandistrict.com\\\/en\\\/poblenou-open-day-2019-hotels-hostals\\\/#breadcrumb\"},\"inLanguage\":\"en-US\",\"potentialAction\":[{\"@type\":\"ReadAction\",\"target\":[[\"https:\\\/\\\/poblenouurbandistrict.com\\\/en\\\/poblenou-open-day-2019-hotels-hostals\\\/\"]]}]},{\"@type\":\"ImageObject\",\"inLanguage\":\"en-US\",\"@id\":\"https:\\\/\\\/poblenouurbandistrict.com\\\/en\\\/poblenou-open-day-2019-hotels-hostals\\\/#primaryimage\",\"url\":\"https:\\\/\\\/media.poblenouurbandistrict.com\\\/2019\\\/04\\\/25023632\\\/OR-Open-Day-IG-5-1.jpg\",\"contentUrl\":\"https:\\\/\\\/media.poblenouurbandistrict.com\\\/2019\\\/04\\\/25023632\\\/OR-Open-Day-IG-5-1.jpg\",\"width\":1080,\"height\":1080},{\"@type\":\"BreadcrumbList\",\"@id\":\"https:\\\/\\\/poblenouurbandistrict.com\\\/en\\\/poblenou-open-day-2019-hotels-hostals\\\/#breadcrumb\",\"itemListElement\":[{\"@type\":\"ListItem\",\"position\":1,\"name\":\"Home\",\"item\":\"https:\\\/\\\/poblenouurbandistrict.com\\\/en\\\/\"},{\"@type\":\"ListItem\",\"position\":2,\"name\":\"POBLENOU OPEN DAY 2019: HOTELES Y HOSTALES\"}]},{\"@type\":\"WebSite\",\"@id\":\"https:\\\/\\\/poblenouurbandistrict.com\\\/en\\\/#website\",\"url\":\"https:\\\/\\\/poblenouurbandistrict.com\\\/en\\\/\",\"name\":\"Poblenou Urban District\",\"description\":\"Creative Community\",\"potentialAction\":[{\"@type\":\"SearchAction\",\"target\":{\"@type\":\"EntryPoint\",\"urlTemplate\":\"https:\\\/\\\/poblenouurbandistrict.com\\\/en\\\/?s={search_term_string}\"},\"query-input\":{\"@type\":\"PropertyValueSpecification\",\"valueRequired\":true,\"valueName\":\"search_term_string\"}}],\"inLanguage\":\"en-US\"},{\"@type\":\"Person\",\"@id\":\"https:\\\/\\\/poblenouurbandistrict.com\\\/#\\\/schema\\\/person\\\/980a2cf34b399d5218205730acd54a7e\",\"name\":\"pnud\",\"image\":{\"@type\":\"ImageObject\",\"inLanguage\":\"en-US\",\"@id\":\"https:\\\/\\\/secure.gravatar.com\\\/avatar\\\/67146597b405ee077a24e519f75c3e2031736596d6ce35af3a34c122c93d0d7b?s=96&d=retro&r=g\",\"url\":\"https:\\\/\\\/secure.gravatar.com\\\/avatar\\\/67146597b405ee077a24e519f75c3e2031736596d6ce35af3a34c122c93d0d7b?s=96&d=retro&r=g\",\"contentUrl\":\"https:\\\/\\\/secure.gravatar.com\\\/avatar\\\/67146597b405ee077a24e519f75c3e2031736596d6ce35af3a34c122c93d0d7b?s=96&d=retro&r=g\",\"caption\":\"pnud\"}}]}<\/script>\n<!-- \/ Yoast SEO plugin. -->","yoast_head_json":{"title":"Poblenou Urban District | Hotels i Hostals","description":"El 4 de maig vine al Poblenou Open Day 2019 i descobreix el districte cultural i creatiu de Barcelona de la m\u00e0 de Poblenou Urban District!","robots":{"index":"index","follow":"follow","max-snippet":"max-snippet:-1","max-image-preview":"max-image-preview:large","max-video-preview":"max-video-preview:-1"},"canonical":"https:\/\/poblenouurbandistrict.com\/en\/poblenou-open-day-2019-hotels-hostals\/","og_locale":"en_US","og_type":"article","og_title":"Poblenou Urban District | Hotels i Hostals","og_description":"El 4 de maig vine al Poblenou Open Day 2019 i descobreix el districte cultural i creatiu de Barcelona de la m\u00e0 de Poblenou Urban District!","og_url":"https:\/\/poblenouurbandistrict.com\/en\/poblenou-open-day-2019-hotels-hostals\/","og_site_name":"Poblenou Urban District","article_published_time":"2019-04-17T15:38:07+00:00","article_modified_time":"2019-05-02T09:28:46+00:00","og_image":[{"width":1080,"height":1080,"url":"https:\/\/poblenouurbandistrict.com\/wp-content\/uploads\/2019\/04\/OR-Open-Day-IG-5-1.jpg","type":"image\/jpeg"}],"author":"pnud","twitter_card":"summary_large_image","twitter_misc":{"Written by":"pnud","Est. reading time":"5 minutes"},"schema":{"@context":"https:\/\/schema.org","@graph":[{"@type":"Article","@id":"https:\/\/poblenouurbandistrict.com\/poblenou-open-day-2019-hotels-hostals\/#article","isPartOf":{"@id":"https:\/\/poblenouurbandistrict.com\/poblenou-open-day-2019-hotels-hostals\/"},"author":{"name":"pnud","@id":"https:\/\/poblenouurbandistrict.com\/#\/schema\/person\/980a2cf34b399d5218205730acd54a7e"},"headline":"POBLENOU OPEN DAY 2019: HOTELES Y HOSTALES","datePublished":"2019-04-17T15:38:07+00:00","dateModified":"2019-05-02T09:28:46+00:00","mainEntityOfPage":{"@id":"https:\/\/poblenouurbandistrict.com\/poblenou-open-day-2019-hotels-hostals\/"},"wordCount":1014,"image":{"@id":"https:\/\/poblenouurbandistrict.com\/poblenou-open-day-2019-hotels-hostals\/#primaryimage"},"thumbnailUrl":"https:\/\/media.poblenouurbandistrict.com\/2019\/04\/25023632\/OR-Open-Day-IG-5-1.jpg","keywords":["Poblenou Open Day 2019"],"articleSection":["What's going on"],"inLanguage":"en-US"},{"@type":"WebPage","@id":"https:\/\/poblenouurbandistrict.com\/en\/poblenou-open-day-2019-hotels-hostals\/","url":"https:\/\/poblenouurbandistrict.com\/en\/poblenou-open-day-2019-hotels-hostals\/","name":"Poblenou Urban District | Hotels i Hostals","isPartOf":{"@id":"https:\/\/poblenouurbandistrict.com\/en\/#website"},"primaryImageOfPage":{"@id":"https:\/\/poblenouurbandistrict.com\/en\/poblenou-open-day-2019-hotels-hostals\/#primaryimage"},"image":{"@id":"https:\/\/poblenouurbandistrict.com\/poblenou-open-day-2019-hotels-hostals\/#primaryimage"},"thumbnailUrl":"https:\/\/media.poblenouurbandistrict.com\/2019\/04\/25023632\/OR-Open-Day-IG-5-1.jpg","datePublished":"2019-04-17T15:38:07+00:00","dateModified":"2019-05-02T09:28:46+00:00","author":{"@id":"https:\/\/poblenouurbandistrict.com\/#\/schema\/person\/980a2cf34b399d5218205730acd54a7e"},"description":"El 4 de maig vine al Poblenou Open Day 2019 i descobreix el districte cultural i creatiu de Barcelona de la m\u00e0 de Poblenou Urban District!","breadcrumb":{"@id":"https:\/\/poblenouurbandistrict.com\/en\/poblenou-open-day-2019-hotels-hostals\/#breadcrumb"},"inLanguage":"en-US","potentialAction":[{"@type":"ReadAction","target":[["https:\/\/poblenouurbandistrict.com\/en\/poblenou-open-day-2019-hotels-hostals\/"]]}]},{"@type":"ImageObject","inLanguage":"en-US","@id":"https:\/\/poblenouurbandistrict.com\/en\/poblenou-open-day-2019-hotels-hostals\/#primaryimage","url":"https:\/\/media.poblenouurbandistrict.com\/2019\/04\/25023632\/OR-Open-Day-IG-5-1.jpg","contentUrl":"https:\/\/media.poblenouurbandistrict.com\/2019\/04\/25023632\/OR-Open-Day-IG-5-1.jpg","width":1080,"height":1080},{"@type":"BreadcrumbList","@id":"https:\/\/poblenouurbandistrict.com\/en\/poblenou-open-day-2019-hotels-hostals\/#breadcrumb","itemListElement":[{"@type":"ListItem","position":1,"name":"Home","item":"https:\/\/poblenouurbandistrict.com\/en\/"},{"@type":"ListItem","position":2,"name":"POBLENOU OPEN DAY 2019: HOTELES Y HOSTALES"}]},{"@type":"WebSite","@id":"https:\/\/poblenouurbandistrict.com\/en\/#website","url":"https:\/\/poblenouurbandistrict.com\/en\/","name":"Poblenou Urban District","description":"Creative Community","potentialAction":[{"@type":"SearchAction","target":{"@type":"EntryPoint","urlTemplate":"https:\/\/poblenouurbandistrict.com\/en\/?s={search_term_string}"},"query-input":{"@type":"PropertyValueSpecification","valueRequired":true,"valueName":"search_term_string"}}],"inLanguage":"en-US"},{"@type":"Person","@id":"https:\/\/poblenouurbandistrict.com\/#\/schema\/person\/980a2cf34b399d5218205730acd54a7e","name":"pnud","image":{"@type":"ImageObject","inLanguage":"en-US","@id":"https:\/\/secure.gravatar.com\/avatar\/67146597b405ee077a24e519f75c3e2031736596d6ce35af3a34c122c93d0d7b?s=96&d=retro&r=g","url":"https:\/\/secure.gravatar.com\/avatar\/67146597b405ee077a24e519f75c3e2031736596d6ce35af3a34c122c93d0d7b?s=96&d=retro&r=g","contentUrl":"https:\/\/secure.gravatar.com\/avatar\/67146597b405ee077a24e519f75c3e2031736596d6ce35af3a34c122c93d0d7b?s=96&d=retro&r=g","caption":"pnud"}}]}},"_links":{"self":[{"href":"https:\/\/poblenouurbandistrict.com\/en\/wp-json\/wp\/v2\/posts\/14225","targetHints":{"allow":["GET"]}}],"collection":[{"href":"https:\/\/poblenouurbandistrict.com\/en\/wp-json\/wp\/v2\/posts"}],"about":[{"href":"https:\/\/poblenouurbandistrict.com\/en\/wp-json\/wp\/v2\/types\/post"}],"author":[{"embeddable":true,"href":"https:\/\/poblenouurbandistrict.com\/en\/wp-json\/wp\/v2\/users\/5"}],"replies":[{"embeddable":true,"href":"https:\/\/poblenouurbandistrict.com\/en\/wp-json\/wp\/v2\/comments?post=14225"}],"version-history":[{"count":11,"href":"https:\/\/poblenouurbandistrict.com\/en\/wp-json\/wp\/v2\/posts\/14225\/revisions"}],"predecessor-version":[{"id":14514,"href":"https:\/\/poblenouurbandistrict.com\/en\/wp-json\/wp\/v2\/posts\/14225\/revisions\/14514"}],"wp:featuredmedia":[{"embeddable":true,"href":"https:\/\/poblenouurbandistrict.com\/en\/wp-json\/wp\/v2\/media\/14296"}],"wp:attachment":[{"href":"https:\/\/poblenouurbandistrict.com\/en\/wp-json\/wp\/v2\/media?parent=14225"}],"wp:term":[{"taxonomy":"category","embeddable":true,"href":"https:\/\/poblenouurbandistrict.com\/en\/wp-json\/wp\/v2\/categories?post=14225"},{"taxonomy":"post_tag","embeddable":true,"href":"https:\/\/poblenouurbandistrict.com\/en\/wp-json\/wp\/v2\/tags?post=14225"}],"curies":[{"name":"wp","href":"https:\/\/api.w.org\/{rel}","templated":true}]}}