{"id":14571,"date":"2019-05-09T13:48:40","date_gmt":"2019-05-09T11:48:40","guid":{"rendered":"https:\/\/poblenouurbandistrict.com\/new\/?p=14571"},"modified":"2020-02-29T12:45:27","modified_gmt":"2020-02-29T11:45:27","slug":"gracies-poblenou-open-day-19","status":"publish","type":"post","link":"https:\/\/poblenouurbandistrict.com\/en\/gracies-poblenou-open-day-19\/","title":{"rendered":"GRACIAS A TODOS POR EL POBLENOU OPEN DAY 2019"},"content":{"rendered":"<p><img loading=\"lazy\" decoding=\"async\" class=\"aligncenter wp-image-14572 size-medium\" src=\"https:\/\/media.poblenouurbandistrict.com\/2019\/05\/25023721\/OR-Open-Day-IG-Thanks-620x620.jpg\" alt=\"\" width=\"620\" height=\"620\" \/><\/p>\n<p>\u00a1El pasado s\u00e1bado celebramos la\u00a0<strong>s\u00e9ptima edici\u00f3n del Poblenou Open Day<\/strong>! Con un d\u00eda espectacular y cuatro localizaciones especiales, no podr\u00edamos haber deseado un d\u00eda mejor! Presentamos en sociedad nuestro nuevo circuito musical, el <strong>Music Urban Circuit\/MUC<\/strong>, seguimos apoyando el arte urbano local con una nueva edici\u00f3n del <strong>Windows Art Circuit\/WAC, <\/strong>colaboramos con amigos de siempre como <strong>Van Van<\/strong>, <strong>Razzmataz o<\/strong>\u00a0<strong>Playground Magazine,\u00a0<\/strong>e hicimos deporte en espacios singulares con <strong>OneFit<\/strong>. \u00a1No lo pudimos pasar mejor!<\/p>\n<figure id=\"attachment_14573\" aria-describedby=\"caption-attachment-14573\" style=\"width: 620px\" class=\"wp-caption aligncenter\"><img loading=\"lazy\" decoding=\"async\" class=\"wp-image-14573 size-medium\" src=\"https:\/\/poblenouurbandistrict.com\/wp-content\/uploads\/2019\/05\/IMG_9373-620x413.jpg\" alt=\"\" width=\"620\" height=\"413\" srcset=\"https:\/\/poblenouurbandistrict.com\/wp-content\/uploads\/2019\/05\/IMG_9373-620x413.jpg 620w, https:\/\/poblenouurbandistrict.com\/wp-content\/uploads\/2019\/05\/IMG_9373-scaled-600x400.jpg 600w, https:\/\/poblenouurbandistrict.com\/wp-content\/uploads\/2019\/05\/IMG_9373-180x120.jpg 180w, https:\/\/poblenouurbandistrict.com\/wp-content\/uploads\/2019\/05\/IMG_9373-768x512.jpg 768w, https:\/\/poblenouurbandistrict.com\/wp-content\/uploads\/2019\/05\/IMG_9373-640x427.jpg 640w, https:\/\/poblenouurbandistrict.com\/wp-content\/uploads\/2019\/05\/IMG_9373-1400x933.jpg 1400w, https:\/\/poblenouurbandistrict.com\/wp-content\/uploads\/2019\/05\/IMG_9373-1100x733.jpg 1100w, https:\/\/poblenouurbandistrict.com\/wp-content\/uploads\/2019\/05\/IMG_9373-700x467.jpg 700w, https:\/\/poblenouurbandistrict.com\/wp-content\/uploads\/2019\/05\/IMG_9373-470x313.jpg 470w, https:\/\/poblenouurbandistrict.com\/wp-content\/uploads\/2019\/05\/IMG_9373-350x233.jpg 350w, https:\/\/poblenouurbandistrict.com\/wp-content\/uploads\/2019\/05\/IMG_9373-430x287.jpg 430w\" sizes=\"auto, (max-width: 620px) 100vw, 620px\" \/><figcaption id=\"caption-attachment-14573\" class=\"wp-caption-text\">\u00a9 Clara Orozco<\/figcaption><\/figure>\n<p>De las novedades que presentaba esta edici\u00f3n, queremos resaltar el <strong>Urban Rooftop\u00a0<\/strong>en la sede de <strong>Playground<\/strong>. Un spot multidisciplinar que aunaba diferentes actividades como el Long Table de Van Van Market, un proyecto compartido entre Poblenou Urban District y los reyes del Street Food barcelon\u00e9s. Tambi\u00e9n hab\u00eda una intervenci\u00f3n art\u00edstica en directo de los artistas Sonia Toneu y Pablo Dominiccis que se complementaba con el live music de Rebelmaniac sound system.<\/p>\n<p><strong>Razzmatazz\u00a0<\/strong>se convirti\u00f3 por primera vez en un espacio del Poblenou Open Day, abriendo sus puertas durante el d\u00eda y acogiendo la primera edici\u00f3n del <strong>Music Urban Circuit<\/strong>. Las salas Pop Bar y Rex acogieron los sonidos de los artistas ganadores de la convocatoria del MUC y adem\u00e1s vivimos una intervenci\u00f3n art\u00edstica en directo del artista WEDO, que ha pintado un <strong>incre\u00edble mural\u00a0<\/strong>en la terraza m\u00e1s m\u00edtica de la ciudad.<\/p>\n<figure id=\"attachment_14574\" aria-describedby=\"caption-attachment-14574\" style=\"width: 620px\" class=\"wp-caption aligncenter\"><img loading=\"lazy\" decoding=\"async\" class=\"wp-image-14574 size-medium\" src=\"https:\/\/poblenouurbandistrict.com\/wp-content\/uploads\/2019\/05\/IMG_9422-620x413.jpg\" alt=\"\" width=\"620\" height=\"413\" srcset=\"https:\/\/poblenouurbandistrict.com\/wp-content\/uploads\/2019\/05\/IMG_9422-620x413.jpg 620w, https:\/\/poblenouurbandistrict.com\/wp-content\/uploads\/2019\/05\/IMG_9422-scaled-600x400.jpg 600w, https:\/\/poblenouurbandistrict.com\/wp-content\/uploads\/2019\/05\/IMG_9422-1400x933.jpg 1400w, https:\/\/poblenouurbandistrict.com\/wp-content\/uploads\/2019\/05\/IMG_9422-1100x733.jpg 1100w, https:\/\/poblenouurbandistrict.com\/wp-content\/uploads\/2019\/05\/IMG_9422-700x467.jpg 700w, https:\/\/poblenouurbandistrict.com\/wp-content\/uploads\/2019\/05\/IMG_9422-470x313.jpg 470w, https:\/\/poblenouurbandistrict.com\/wp-content\/uploads\/2019\/05\/IMG_9422-350x233.jpg 350w, https:\/\/poblenouurbandistrict.com\/wp-content\/uploads\/2019\/05\/IMG_9422-180x120.jpg 180w, https:\/\/poblenouurbandistrict.com\/wp-content\/uploads\/2019\/05\/IMG_9422-768x512.jpg 768w, https:\/\/poblenouurbandistrict.com\/wp-content\/uploads\/2019\/05\/IMG_9422-640x427.jpg 640w, https:\/\/poblenouurbandistrict.com\/wp-content\/uploads\/2019\/05\/IMG_9422-430x287.jpg 430w\" sizes=\"auto, (max-width: 620px) 100vw, 620px\" \/><figcaption id=\"caption-attachment-14574\" class=\"wp-caption-text\">\u00a9 Clara Orozco<\/figcaption><\/figure>\n<p>El <strong>Urban Hub\u00a0<\/strong>de esta edici\u00f3n, situado en <strong>Espacio Simon 100<\/strong>, aconteci\u00f3 uno de los lugares con m\u00e1s movimiento.\u00a0Los artistas seleccionados del WAC estuvieron interviniendo en directo, y el p\u00fablico pudo disfrutar de una jornada con sesiones musicales y gastronom\u00eda\u00a0<em>indoor<\/em>\u00a0junto a las exposiciones interactivas presentes en Simon.<\/p>\n<p>En esta edici\u00f3n, se celebr\u00f3 una <strong>colaboraci\u00f3n especial del Windows Art Circuit\u00a0<\/strong>con <strong>Bosch<\/strong>, que cedi\u00f3 las persianas de su sede en Poblenou para una intervenci\u00f3n de grandes dimensiones realizada por los artistas No Queda Tinte y Pasodoble que pudo verse finalizar durante el Poblenou Open Day.<\/p>\n<p>Tambi\u00e9n hubo una <strong>colaboraci\u00f3n especial con OneFit<\/strong>, la app de deporte urbano que esta revolucionando la forma de ejercitar en la ciudad. En colaboraci\u00f3n con dos espacios miembros de Poblenou Urban District (el 7 y Blue Salt School) se organiz\u00f3 una clase de ioga con un sistema de silent disco y una clase de skate surf por la ciudad.<\/p>\n<figure id=\"attachment_14575\" aria-describedby=\"caption-attachment-14575\" style=\"width: 620px\" class=\"wp-caption aligncenter\"><img loading=\"lazy\" decoding=\"async\" class=\"wp-image-14575 size-medium\" src=\"https:\/\/poblenouurbandistrict.com\/wp-content\/uploads\/2019\/05\/IMG_9130-620x413.jpg\" alt=\"\" width=\"620\" height=\"413\" srcset=\"https:\/\/poblenouurbandistrict.com\/wp-content\/uploads\/2019\/05\/IMG_9130-620x413.jpg 620w, https:\/\/poblenouurbandistrict.com\/wp-content\/uploads\/2019\/05\/IMG_9130-scaled-600x400.jpg 600w, https:\/\/poblenouurbandistrict.com\/wp-content\/uploads\/2019\/05\/IMG_9130-1400x933.jpg 1400w, https:\/\/poblenouurbandistrict.com\/wp-content\/uploads\/2019\/05\/IMG_9130-1100x733.jpg 1100w, https:\/\/poblenouurbandistrict.com\/wp-content\/uploads\/2019\/05\/IMG_9130-700x467.jpg 700w, https:\/\/poblenouurbandistrict.com\/wp-content\/uploads\/2019\/05\/IMG_9130-470x313.jpg 470w, https:\/\/poblenouurbandistrict.com\/wp-content\/uploads\/2019\/05\/IMG_9130-350x233.jpg 350w, https:\/\/poblenouurbandistrict.com\/wp-content\/uploads\/2019\/05\/IMG_9130-180x120.jpg 180w, https:\/\/poblenouurbandistrict.com\/wp-content\/uploads\/2019\/05\/IMG_9130-768x512.jpg 768w, https:\/\/poblenouurbandistrict.com\/wp-content\/uploads\/2019\/05\/IMG_9130-640x427.jpg 640w, https:\/\/poblenouurbandistrict.com\/wp-content\/uploads\/2019\/05\/IMG_9130-430x287.jpg 430w\" sizes=\"auto, (max-width: 620px) 100vw, 620px\" \/><figcaption id=\"caption-attachment-14575\" class=\"wp-caption-text\">\u00a9 Clara Orozco<\/figcaption><\/figure>\n<p>Queremos agradecer en primer lugar a todos los miembros de Poblenou Urban District que participaron en el Poblenou Open Day. Un total de 70 espacios abrieron sus puertas para mostrar el arte y la creatividad que hay en el barrio. Desde exposiciones de arte, actividades para los m\u00e1s peque\u00f1os, muestras de innovaci\u00f3n y tecnolog\u00eda, maridajes gastron\u00f3micos, m\u00fasica en directo\u2026 gracias a todos para hacer cada a\u00f1o que el Poblenou Open Day sea una jornada con propuestas atractivas y variadas que acercan el esp\u00edritu innovador y creativo del barrio al p\u00fablico.<\/p>\n<p>A\u00a0<strong>Montana Colors<\/strong>\u00a0por apoyar iniciativas como el\u00a0<strong>Windows Art Circuit<\/strong>\u00a0que dan espacio y visibilidad a artistas emergentes. Gracias por proporcionar material para los artistas y hacer posible que las cristaleras del barrio se llenen de propuestas art\u00edsticas singulares. A <strong>Playground Magazine\u00a0<\/strong>por cedernos su espectacular terraza, a <strong>Razzmatazz\u00a0<\/strong>por abrir sus puertas y acoger la primera edici\u00f3n del Music Urban Circuit, a <strong>Simon\u00a0<\/strong>por ceder sus <strong>Espacio Simon 100\u00a0<\/strong>y el magn\u00edfico patio de su sede para albergar el arte y la creatividad del Poblenou Open Day.<\/p>\n<p>Tambi\u00e9n a\u00a0<strong>l\u2019Ajuntament de Barcelona<\/strong>, <strong>Estrella Damm<\/strong>,\u00a0<strong>Estudio Grande<\/strong>,<strong>\u00a0<\/strong><strong>Betev\u00e9, Polford, <\/strong><strong>\u00a0<\/strong><strong>La Plataforma, Life in the Woods, \u00a0Naci\u00f3n Funk, C\u00f3digo Sound, Lamono Magazine, Van Van, OneFit, Simon, Razzmatazz, Els Encants.\u00a0<\/strong><\/p>\n<p>Y por \u00faltimo, a vosotros, a todos los que nos acompa\u00f1aron en esta jornada y que, a\u00f1o tras a\u00f1o, nos apoyan en este proyecto. Desde Poblenou Urban District os queremos agradecer vuestra confianza a los que ya hace a\u00f1os que segu\u00eds al proyecto. A los reci\u00e9n llegados que nos acab\u00e1is de descubrir esperamos que disfrut\u00e9is del camino que queda para recorrer tanto como nosotros.<\/p>\n<p>Agradecemos a<strong> Estrella Damm<\/strong> su apoyo continuo en nuestros proyectos como patrocinador de la comunidad creativa de Poblenou Urban District.<\/p>\n<hr \/>\n<p><strong>Poblenou Urban District\u00a0<\/strong><\/p>","protected":false},"excerpt":{"rendered":"<p>\u00a1El pasado s\u00e1bado celebramos la\u00a0s\u00e9ptima edici\u00f3n del Poblenou Open Day! Con un d\u00eda espectacular y cuatro localizaciones especiales, no podr\u00edamos&#8230; <a href=\"https:\/\/poblenouurbandistrict.com\/en\/gracies-poblenou-open-day-19\/\">More  \u2192<\/a><\/p>\n","protected":false},"author":5,"featured_media":14573,"comment_status":"closed","ping_status":"closed","sticky":false,"template":"","format":"standard","meta":{"_acf_changed":false,"footnotes":""},"categories":[1],"tags":[15,3258,3268],"class_list":["post-14571","post","type-post","status-publish","format-standard","has-post-thumbnail","hentry","category-noticias","tag-open-day","tag-poblenou-open-day-2019","tag-thanks"],"acf":[],"yoast_head":"<!-- This site is optimized with the Yoast SEO plugin v27.4 - https:\/\/yoast.com\/product\/yoast-seo-wordpress\/ -->\n<title>Poblenou Urban District | Gr\u00e0cies pel Poblenou Open Day 2019<\/title>\n<meta name=\"description\" content=\"Moltes gr\u00e0cies a tots pel Poblenou Open Day 2019! Gr\u00e0cies als assistents, associats, col\u00b7laboradors, patrocinadors i amics per fer-ho possible!\" \/>\n<meta name=\"robots\" content=\"index, follow, max-snippet:-1, max-image-preview:large, max-video-preview:-1\" \/>\n<link rel=\"canonical\" href=\"https:\/\/poblenouurbandistrict.com\/en\/gracies-poblenou-open-day-19\/\" \/>\n<meta property=\"og:locale\" content=\"en_US\" \/>\n<meta property=\"og:type\" content=\"article\" \/>\n<meta property=\"og:title\" content=\"Poblenou Urban District | Gr\u00e0cies pel Poblenou Open Day 2019\" \/>\n<meta property=\"og:description\" content=\"Moltes gr\u00e0cies a tots pel Poblenou Open Day 2019! Gr\u00e0cies als assistents, associats, col\u00b7laboradors, patrocinadors i amics per fer-ho possible!\" \/>\n<meta property=\"og:url\" content=\"https:\/\/poblenouurbandistrict.com\/en\/gracies-poblenou-open-day-19\/\" \/>\n<meta property=\"og:site_name\" content=\"Poblenou Urban District\" \/>\n<meta property=\"article:published_time\" content=\"2019-05-09T11:48:40+00:00\" \/>\n<meta property=\"article:modified_time\" content=\"2020-02-29T11:45:27+00:00\" \/>\n<meta property=\"og:image\" content=\"https:\/\/poblenouurbandistrict.com\/wp-content\/uploads\/2019\/05\/IMG_9373-scaled.jpg\" \/>\n\t<meta property=\"og:image:width\" content=\"2560\" \/>\n\t<meta property=\"og:image:height\" content=\"1707\" \/>\n\t<meta property=\"og:image:type\" content=\"image\/jpeg\" \/>\n<meta name=\"author\" content=\"pnud\" \/>\n<meta name=\"twitter:card\" content=\"summary_large_image\" \/>\n<meta name=\"twitter:label1\" content=\"Written by\" \/>\n\t<meta name=\"twitter:data1\" content=\"pnud\" \/>\n\t<meta name=\"twitter:label2\" content=\"Est. reading time\" \/>\n\t<meta name=\"twitter:data2\" content=\"11 minutes\" \/>\n<script type=\"application\/ld+json\" class=\"yoast-schema-graph\">{\"@context\":\"https:\\\/\\\/schema.org\",\"@graph\":[{\"@type\":\"Article\",\"@id\":\"https:\\\/\\\/poblenouurbandistrict.com\\\/gracies-poblenou-open-day-19\\\/#article\",\"isPartOf\":{\"@id\":\"https:\\\/\\\/poblenouurbandistrict.com\\\/gracies-poblenou-open-day-19\\\/\"},\"author\":{\"name\":\"pnud\",\"@id\":\"https:\\\/\\\/poblenouurbandistrict.com\\\/#\\\/schema\\\/person\\\/980a2cf34b399d5218205730acd54a7e\"},\"headline\":\"GRACIAS A TODOS POR EL POBLENOU OPEN DAY 2019\",\"datePublished\":\"2019-05-09T11:48:40+00:00\",\"dateModified\":\"2020-02-29T11:45:27+00:00\",\"mainEntityOfPage\":{\"@id\":\"https:\\\/\\\/poblenouurbandistrict.com\\\/gracies-poblenou-open-day-19\\\/\"},\"wordCount\":2278,\"image\":{\"@id\":\"https:\\\/\\\/poblenouurbandistrict.com\\\/gracies-poblenou-open-day-19\\\/#primaryimage\"},\"thumbnailUrl\":\"https:\\\/\\\/poblenouurbandistrict.com\\\/wp-content\\\/uploads\\\/2019\\\/05\\\/IMG_9373-scaled.jpg\",\"keywords\":[\"Open Day\",\"Poblenou Open Day 2019\",\"Thanks\"],\"articleSection\":[\"What's going on\"],\"inLanguage\":\"en-US\"},{\"@type\":\"WebPage\",\"@id\":\"https:\\\/\\\/poblenouurbandistrict.com\\\/en\\\/gracies-poblenou-open-day-19\\\/\",\"url\":\"https:\\\/\\\/poblenouurbandistrict.com\\\/en\\\/gracies-poblenou-open-day-19\\\/\",\"name\":\"Poblenou Urban District | Gr\u00e0cies pel Poblenou Open Day 2019\",\"isPartOf\":{\"@id\":\"https:\\\/\\\/poblenouurbandistrict.com\\\/en\\\/#website\"},\"primaryImageOfPage\":{\"@id\":\"https:\\\/\\\/poblenouurbandistrict.com\\\/en\\\/gracies-poblenou-open-day-19\\\/#primaryimage\"},\"image\":{\"@id\":\"https:\\\/\\\/poblenouurbandistrict.com\\\/gracies-poblenou-open-day-19\\\/#primaryimage\"},\"thumbnailUrl\":\"https:\\\/\\\/poblenouurbandistrict.com\\\/wp-content\\\/uploads\\\/2019\\\/05\\\/IMG_9373-scaled.jpg\",\"datePublished\":\"2019-05-09T11:48:40+00:00\",\"dateModified\":\"2020-02-29T11:45:27+00:00\",\"author\":{\"@id\":\"https:\\\/\\\/poblenouurbandistrict.com\\\/#\\\/schema\\\/person\\\/980a2cf34b399d5218205730acd54a7e\"},\"description\":\"Moltes gr\u00e0cies a tots pel Poblenou Open Day 2019! Gr\u00e0cies als assistents, associats, col\u00b7laboradors, patrocinadors i amics per fer-ho possible!\",\"breadcrumb\":{\"@id\":\"https:\\\/\\\/poblenouurbandistrict.com\\\/en\\\/gracies-poblenou-open-day-19\\\/#breadcrumb\"},\"inLanguage\":\"en-US\",\"potentialAction\":[{\"@type\":\"ReadAction\",\"target\":[[\"https:\\\/\\\/poblenouurbandistrict.com\\\/en\\\/gracies-poblenou-open-day-19\\\/\"]]}]},{\"@type\":\"ImageObject\",\"inLanguage\":\"en-US\",\"@id\":\"https:\\\/\\\/poblenouurbandistrict.com\\\/en\\\/gracies-poblenou-open-day-19\\\/#primaryimage\",\"url\":\"https:\\\/\\\/poblenouurbandistrict.com\\\/wp-content\\\/uploads\\\/2019\\\/05\\\/IMG_9373-scaled.jpg\",\"contentUrl\":\"https:\\\/\\\/poblenouurbandistrict.com\\\/wp-content\\\/uploads\\\/2019\\\/05\\\/IMG_9373-scaled.jpg\",\"width\":2560,\"height\":1707,\"caption\":\"\u00a9 Clara Orozco\"},{\"@type\":\"BreadcrumbList\",\"@id\":\"https:\\\/\\\/poblenouurbandistrict.com\\\/en\\\/gracies-poblenou-open-day-19\\\/#breadcrumb\",\"itemListElement\":[{\"@type\":\"ListItem\",\"position\":1,\"name\":\"Home\",\"item\":\"https:\\\/\\\/poblenouurbandistrict.com\\\/en\\\/\"},{\"@type\":\"ListItem\",\"position\":2,\"name\":\"GRACIAS A TODOS POR EL POBLENOU OPEN DAY 2019\"}]},{\"@type\":\"WebSite\",\"@id\":\"https:\\\/\\\/poblenouurbandistrict.com\\\/en\\\/#website\",\"url\":\"https:\\\/\\\/poblenouurbandistrict.com\\\/en\\\/\",\"name\":\"Poblenou Urban District\",\"description\":\"Creative Community\",\"potentialAction\":[{\"@type\":\"SearchAction\",\"target\":{\"@type\":\"EntryPoint\",\"urlTemplate\":\"https:\\\/\\\/poblenouurbandistrict.com\\\/en\\\/?s={search_term_string}\"},\"query-input\":{\"@type\":\"PropertyValueSpecification\",\"valueRequired\":true,\"valueName\":\"search_term_string\"}}],\"inLanguage\":\"en-US\"},{\"@type\":\"Person\",\"@id\":\"https:\\\/\\\/poblenouurbandistrict.com\\\/#\\\/schema\\\/person\\\/980a2cf34b399d5218205730acd54a7e\",\"name\":\"pnud\",\"image\":{\"@type\":\"ImageObject\",\"inLanguage\":\"en-US\",\"@id\":\"https:\\\/\\\/secure.gravatar.com\\\/avatar\\\/67146597b405ee077a24e519f75c3e2031736596d6ce35af3a34c122c93d0d7b?s=96&d=retro&r=g\",\"url\":\"https:\\\/\\\/secure.gravatar.com\\\/avatar\\\/67146597b405ee077a24e519f75c3e2031736596d6ce35af3a34c122c93d0d7b?s=96&d=retro&r=g\",\"contentUrl\":\"https:\\\/\\\/secure.gravatar.com\\\/avatar\\\/67146597b405ee077a24e519f75c3e2031736596d6ce35af3a34c122c93d0d7b?s=96&d=retro&r=g\",\"caption\":\"pnud\"}}]}<\/script>\n<!-- \/ Yoast SEO plugin. -->","yoast_head_json":{"title":"Poblenou Urban District | Gr\u00e0cies pel Poblenou Open Day 2019","description":"Moltes gr\u00e0cies a tots pel Poblenou Open Day 2019! Gr\u00e0cies als assistents, associats, col\u00b7laboradors, patrocinadors i amics per fer-ho possible!","robots":{"index":"index","follow":"follow","max-snippet":"max-snippet:-1","max-image-preview":"max-image-preview:large","max-video-preview":"max-video-preview:-1"},"canonical":"https:\/\/poblenouurbandistrict.com\/en\/gracies-poblenou-open-day-19\/","og_locale":"en_US","og_type":"article","og_title":"Poblenou Urban District | Gr\u00e0cies pel Poblenou Open Day 2019","og_description":"Moltes gr\u00e0cies a tots pel Poblenou Open Day 2019! Gr\u00e0cies als assistents, associats, col\u00b7laboradors, patrocinadors i amics per fer-ho possible!","og_url":"https:\/\/poblenouurbandistrict.com\/en\/gracies-poblenou-open-day-19\/","og_site_name":"Poblenou Urban District","article_published_time":"2019-05-09T11:48:40+00:00","article_modified_time":"2020-02-29T11:45:27+00:00","og_image":[{"width":2560,"height":1707,"url":"https:\/\/poblenouurbandistrict.com\/wp-content\/uploads\/2019\/05\/IMG_9373-scaled.jpg","type":"image\/jpeg"}],"author":"pnud","twitter_card":"summary_large_image","twitter_misc":{"Written by":"pnud","Est. reading time":"11 minutes"},"schema":{"@context":"https:\/\/schema.org","@graph":[{"@type":"Article","@id":"https:\/\/poblenouurbandistrict.com\/gracies-poblenou-open-day-19\/#article","isPartOf":{"@id":"https:\/\/poblenouurbandistrict.com\/gracies-poblenou-open-day-19\/"},"author":{"name":"pnud","@id":"https:\/\/poblenouurbandistrict.com\/#\/schema\/person\/980a2cf34b399d5218205730acd54a7e"},"headline":"GRACIAS A TODOS POR EL POBLENOU OPEN DAY 2019","datePublished":"2019-05-09T11:48:40+00:00","dateModified":"2020-02-29T11:45:27+00:00","mainEntityOfPage":{"@id":"https:\/\/poblenouurbandistrict.com\/gracies-poblenou-open-day-19\/"},"wordCount":2278,"image":{"@id":"https:\/\/poblenouurbandistrict.com\/gracies-poblenou-open-day-19\/#primaryimage"},"thumbnailUrl":"https:\/\/poblenouurbandistrict.com\/wp-content\/uploads\/2019\/05\/IMG_9373-scaled.jpg","keywords":["Open Day","Poblenou Open Day 2019","Thanks"],"articleSection":["What's going on"],"inLanguage":"en-US"},{"@type":"WebPage","@id":"https:\/\/poblenouurbandistrict.com\/en\/gracies-poblenou-open-day-19\/","url":"https:\/\/poblenouurbandistrict.com\/en\/gracies-poblenou-open-day-19\/","name":"Poblenou Urban District | Gr\u00e0cies pel Poblenou Open Day 2019","isPartOf":{"@id":"https:\/\/poblenouurbandistrict.com\/en\/#website"},"primaryImageOfPage":{"@id":"https:\/\/poblenouurbandistrict.com\/en\/gracies-poblenou-open-day-19\/#primaryimage"},"image":{"@id":"https:\/\/poblenouurbandistrict.com\/gracies-poblenou-open-day-19\/#primaryimage"},"thumbnailUrl":"https:\/\/poblenouurbandistrict.com\/wp-content\/uploads\/2019\/05\/IMG_9373-scaled.jpg","datePublished":"2019-05-09T11:48:40+00:00","dateModified":"2020-02-29T11:45:27+00:00","author":{"@id":"https:\/\/poblenouurbandistrict.com\/#\/schema\/person\/980a2cf34b399d5218205730acd54a7e"},"description":"Moltes gr\u00e0cies a tots pel Poblenou Open Day 2019! Gr\u00e0cies als assistents, associats, col\u00b7laboradors, patrocinadors i amics per fer-ho possible!","breadcrumb":{"@id":"https:\/\/poblenouurbandistrict.com\/en\/gracies-poblenou-open-day-19\/#breadcrumb"},"inLanguage":"en-US","potentialAction":[{"@type":"ReadAction","target":[["https:\/\/poblenouurbandistrict.com\/en\/gracies-poblenou-open-day-19\/"]]}]},{"@type":"ImageObject","inLanguage":"en-US","@id":"https:\/\/poblenouurbandistrict.com\/en\/gracies-poblenou-open-day-19\/#primaryimage","url":"https:\/\/poblenouurbandistrict.com\/wp-content\/uploads\/2019\/05\/IMG_9373-scaled.jpg","contentUrl":"https:\/\/poblenouurbandistrict.com\/wp-content\/uploads\/2019\/05\/IMG_9373-scaled.jpg","width":2560,"height":1707,"caption":"\u00a9 Clara Orozco"},{"@type":"BreadcrumbList","@id":"https:\/\/poblenouurbandistrict.com\/en\/gracies-poblenou-open-day-19\/#breadcrumb","itemListElement":[{"@type":"ListItem","position":1,"name":"Home","item":"https:\/\/poblenouurbandistrict.com\/en\/"},{"@type":"ListItem","position":2,"name":"GRACIAS A TODOS POR EL POBLENOU OPEN DAY 2019"}]},{"@type":"WebSite","@id":"https:\/\/poblenouurbandistrict.com\/en\/#website","url":"https:\/\/poblenouurbandistrict.com\/en\/","name":"Poblenou Urban District","description":"Creative Community","potentialAction":[{"@type":"SearchAction","target":{"@type":"EntryPoint","urlTemplate":"https:\/\/poblenouurbandistrict.com\/en\/?s={search_term_string}"},"query-input":{"@type":"PropertyValueSpecification","valueRequired":true,"valueName":"search_term_string"}}],"inLanguage":"en-US"},{"@type":"Person","@id":"https:\/\/poblenouurbandistrict.com\/#\/schema\/person\/980a2cf34b399d5218205730acd54a7e","name":"pnud","image":{"@type":"ImageObject","inLanguage":"en-US","@id":"https:\/\/secure.gravatar.com\/avatar\/67146597b405ee077a24e519f75c3e2031736596d6ce35af3a34c122c93d0d7b?s=96&d=retro&r=g","url":"https:\/\/secure.gravatar.com\/avatar\/67146597b405ee077a24e519f75c3e2031736596d6ce35af3a34c122c93d0d7b?s=96&d=retro&r=g","contentUrl":"https:\/\/secure.gravatar.com\/avatar\/67146597b405ee077a24e519f75c3e2031736596d6ce35af3a34c122c93d0d7b?s=96&d=retro&r=g","caption":"pnud"}}]}},"_links":{"self":[{"href":"https:\/\/poblenouurbandistrict.com\/en\/wp-json\/wp\/v2\/posts\/14571","targetHints":{"allow":["GET"]}}],"collection":[{"href":"https:\/\/poblenouurbandistrict.com\/en\/wp-json\/wp\/v2\/posts"}],"about":[{"href":"https:\/\/poblenouurbandistrict.com\/en\/wp-json\/wp\/v2\/types\/post"}],"author":[{"embeddable":true,"href":"https:\/\/poblenouurbandistrict.com\/en\/wp-json\/wp\/v2\/users\/5"}],"replies":[{"embeddable":true,"href":"https:\/\/poblenouurbandistrict.com\/en\/wp-json\/wp\/v2\/comments?post=14571"}],"version-history":[{"count":2,"href":"https:\/\/poblenouurbandistrict.com\/en\/wp-json\/wp\/v2\/posts\/14571\/revisions"}],"predecessor-version":[{"id":17368,"href":"https:\/\/poblenouurbandistrict.com\/en\/wp-json\/wp\/v2\/posts\/14571\/revisions\/17368"}],"wp:featuredmedia":[{"embeddable":true,"href":"https:\/\/poblenouurbandistrict.com\/en\/wp-json\/wp\/v2\/media\/14573"}],"wp:attachment":[{"href":"https:\/\/poblenouurbandistrict.com\/en\/wp-json\/wp\/v2\/media?parent=14571"}],"wp:term":[{"taxonomy":"category","embeddable":true,"href":"https:\/\/poblenouurbandistrict.com\/en\/wp-json\/wp\/v2\/categories?post=14571"},{"taxonomy":"post_tag","embeddable":true,"href":"https:\/\/poblenouurbandistrict.com\/en\/wp-json\/wp\/v2\/tags?post=14571"}],"curies":[{"name":"wp","href":"https:\/\/api.w.org\/{rel}","templated":true}]}}