{"id":14956,"date":"2019-09-19T13:00:00","date_gmt":"2019-09-19T11:00:00","guid":{"rendered":"https:\/\/poblenouurbandistrict.com\/new\/?p=14956"},"modified":"2020-03-27T19:10:13","modified_gmt":"2020-03-27T18:10:13","slug":"muc-concert-2019","status":"publish","type":"post","link":"https:\/\/poblenouurbandistrict.com\/en\/muc-concert-2019\/","title":{"rendered":"Conciertos del Music Urban Circuit"},"content":{"rendered":"<p><\/p>\n<h4><img loading=\"lazy\" decoding=\"async\" class=\"aligncenter wp-image-15040 size-medium\" src=\"https:\/\/media.poblenouurbandistrict.com\/2019\/08\/25024352\/MUC_PUD_RRSS_620x380-620x380.jpg\" alt=\"\" width=\"620\" height=\"380\" \/><\/h4>\n<h4 style=\"text-align: center;\"><a href=\"https:\/\/www.cooncert.com\/es\/barcelona\/273855-muc-music-urban-circuit\"><span style=\"color: #3366ff;\">&gt;&gt; ENTRADAS &lt;&lt;<\/span><\/a><\/h4>\n<h5 style=\"text-align: justify;\"><strong>\u00a1El pr\u00f3ximo 4 de octubre prep\u00e1rate para la culminaci\u00f3n del Music Urban Circuit (MUC)!<\/strong> <strong>La Nau acoger\u00e1 el concierto final de la primera edici\u00f3n del Music Urban Circuit<\/strong>, un live show de las tres bandas ganadoras del MUC: <strong>T\u00fa no existes, Kim Kuipers i Los Coming Soon<\/strong>.<\/h5>\n<p><strong>Felicidades a los tres grupos ganadores<\/strong>, que a trav\u00e9s del voto del p\u00fablico y del voto del jurado profesional (<a href=\"https:\/\/drive.google.com\/file\/d\/1vEBwe5HyBUfOmEVCv5wpVXjUlOG719r-\/view\">consultar bases aqu\u00ed<\/a>) resultaron ser los finalistas seleccionados de esta primer edici\u00f3n del Music Urban Circuit.<\/p>\n<p style=\"text-align: justify;\">El <strong>pr\u00f3ximo viernes 4 de octubre, a partir de las 21:30<\/strong>, podr\u00e1s vivir el directo de las tres bandas finalistas del MUC en la sala La Nau. Acompanya a los ganadores de la primera edici\u00f3n del MUC en este concierto tan especial, que ser\u00e1 grabado y entregado a los grupos como material promocional para su uso profesional.<\/p>\n<p>\u00a1<strong>Primeras entradas EARLY BIRD ya a la venta<\/strong>! Las primeras 75 personas que adquieran su entrada lo podran hacer a un precio de 6\u20ac. Despu\u00e9s, las entradas anticipadas pasar\u00e1n a un precio de 10\u20ac, y en la taquilla costaran 12\u20ac.<\/p>\n<h4 style=\"text-align: center;\"><span style=\"color: #3366ff;\"><a style=\"color: #3366ff;\" href=\"https:\/\/www.cooncert.com\/es\/barcelona\/273855-muc-music-urban-circuit\"><strong>Puedes adquirir tus entradas aqu\u00ed<\/strong><\/a><\/span><\/h4>\n<p style=\"text-align: justify;\">El\u00a0<strong>Music Urban Circuit\u00a0<\/strong>nace como respuesta a una demanda creciente del p\u00fablico de Poblenou Urban District de una programaci\u00f3n musical m\u00e1s all\u00e1 de la habitual. Con cinco a\u00f1os de experiencia en la organizaci\u00f3n del Windows Art Circuit, Poblenou Urban District se pone manos a la obra para traer una nueva convocatoria para bandas, solistas\u00a0o Dj\u2019s emergentes y ofrecer un recorrido musical singular por los espacios de su comunidad.<\/p>\n<p style=\"text-align: justify;\">La sala\u00a0<strong><a href=\"https:\/\/www.salarazzmatazz.com\/\">Razzmatazz<\/a><\/strong>\u00a0y la sala\u00a0<a href=\"http:\/\/lanaubarcelona.es\/\"><strong>La Nau<\/strong><\/a>\u00a0se suman a este circuito musical con la voluntad de ser motores de una revoluci\u00f3n cultural y creativa en el barrio de Poblenou. Razzmatazz acogi\u00f3 durante el Poblenou Open Day, 4 de mayo, gran parte de las actuaciones del Music Urban Circuit en sus salas\u00a0<strong>Pop Bar<\/strong>\u00a0y\u00a0<strong>Rex<\/strong>. La Nau, acoger\u00e1 el concierto de los ganadores y finalistas.<\/p>\n<p>Agradecemos a <strong>Estrella Damm<\/strong> su apoyo continuo en nuestros proyectos como patrocinador de la comunidad creativa de Poblenou Urban District.<\/p>\n<p>Agradecemos a <strong>Estrella Damm<\/strong> su apoyo continuo en nuestros proyectos como patrocinador de la comunidad creativa de Poblenou Urban District.<\/p>\n<hr \/>\n<p><strong>Poblenou Urban District\u00a0<\/strong><\/p>","protected":false},"excerpt":{"rendered":"<p>&gt;&gt; ENTRADAS &lt;&lt; \u00a1El pr\u00f3ximo 4 de octubre prep\u00e1rate para la culminaci\u00f3n del Music Urban Circuit (MUC)! La Nau acoger\u00e1&#8230; <a href=\"https:\/\/poblenouurbandistrict.com\/en\/muc-concert-2019\/\">More  \u2192<\/a><\/p>\n","protected":false},"author":5,"featured_media":15040,"comment_status":"closed","ping_status":"closed","sticky":false,"template":"","format":"standard","meta":{"_acf_changed":false,"footnotes":""},"categories":[1],"tags":[],"class_list":["post-14956","post","type-post","status-publish","format-standard","has-post-thumbnail","hentry","category-noticias"],"acf":[],"yoast_head":"<!-- This site is optimized with the Yoast SEO plugin v27.5 - https:\/\/yoast.com\/product\/yoast-seo-wordpress\/ -->\n<title>Poblenou Urban District | Music Urban Circuit en concert!<\/title>\n<meta name=\"robots\" content=\"index, follow, max-snippet:-1, max-image-preview:large, max-video-preview:-1\" \/>\n<link rel=\"canonical\" href=\"https:\/\/poblenouurbandistrict.com\/en\/muc-concert-2019\/\" \/>\n<meta property=\"og:locale\" content=\"en_US\" \/>\n<meta property=\"og:type\" content=\"article\" \/>\n<meta property=\"og:title\" content=\"Poblenou Urban District | Music Urban Circuit en concert!\" \/>\n<meta property=\"og:url\" content=\"https:\/\/poblenouurbandistrict.com\/en\/muc-concert-2019\/\" \/>\n<meta property=\"og:site_name\" content=\"Poblenou Urban District\" \/>\n<meta property=\"article:published_time\" content=\"2019-09-19T11:00:00+00:00\" \/>\n<meta property=\"article:modified_time\" content=\"2020-03-27T18:10:13+00:00\" \/>\n<meta property=\"og:image\" content=\"https:\/\/poblenouurbandistrict.com\/wp-content\/uploads\/2019\/08\/MUC_PUD_RRSS_620x380.jpg\" \/>\n\t<meta property=\"og:image:width\" content=\"620\" \/>\n\t<meta property=\"og:image:height\" content=\"380\" \/>\n\t<meta property=\"og:image:type\" content=\"image\/jpeg\" \/>\n<meta name=\"author\" content=\"pnud\" \/>\n<meta name=\"twitter:card\" content=\"summary_large_image\" \/>\n<meta name=\"twitter:label1\" content=\"Written by\" \/>\n\t<meta name=\"twitter:data1\" content=\"pnud\" \/>\n\t<meta name=\"twitter:label2\" content=\"Est. reading time\" \/>\n\t<meta name=\"twitter:data2\" content=\"5 minutes\" \/>\n<script type=\"application\/ld+json\" class=\"yoast-schema-graph\">{\"@context\":\"https:\\\/\\\/schema.org\",\"@graph\":[{\"@type\":\"Article\",\"@id\":\"https:\\\/\\\/poblenouurbandistrict.com\\\/muc-concert-2019\\\/#article\",\"isPartOf\":{\"@id\":\"https:\\\/\\\/poblenouurbandistrict.com\\\/muc-concert-2019\\\/\"},\"author\":{\"name\":\"pnud\",\"@id\":\"https:\\\/\\\/poblenouurbandistrict.com\\\/#\\\/schema\\\/person\\\/980a2cf34b399d5218205730acd54a7e\"},\"headline\":\"Conciertos del Music Urban Circuit\",\"datePublished\":\"2019-09-19T11:00:00+00:00\",\"dateModified\":\"2020-03-27T18:10:13+00:00\",\"mainEntityOfPage\":{\"@id\":\"https:\\\/\\\/poblenouurbandistrict.com\\\/muc-concert-2019\\\/\"},\"wordCount\":1122,\"image\":{\"@id\":\"https:\\\/\\\/poblenouurbandistrict.com\\\/muc-concert-2019\\\/#primaryimage\"},\"thumbnailUrl\":\"https:\\\/\\\/media.poblenouurbandistrict.com\\\/2019\\\/08\\\/25024352\\\/MUC_PUD_RRSS_620x380.jpg\",\"articleSection\":[\"What's going on\"],\"inLanguage\":\"en-US\"},{\"@type\":\"WebPage\",\"@id\":\"https:\\\/\\\/poblenouurbandistrict.com\\\/en\\\/muc-concert-2019\\\/\",\"url\":\"https:\\\/\\\/poblenouurbandistrict.com\\\/en\\\/muc-concert-2019\\\/\",\"name\":\"Poblenou Urban District | Music Urban Circuit en concert!\",\"isPartOf\":{\"@id\":\"https:\\\/\\\/poblenouurbandistrict.com\\\/en\\\/#website\"},\"primaryImageOfPage\":{\"@id\":\"https:\\\/\\\/poblenouurbandistrict.com\\\/en\\\/muc-concert-2019\\\/#primaryimage\"},\"image\":{\"@id\":\"https:\\\/\\\/poblenouurbandistrict.com\\\/muc-concert-2019\\\/#primaryimage\"},\"thumbnailUrl\":\"https:\\\/\\\/media.poblenouurbandistrict.com\\\/2019\\\/08\\\/25024352\\\/MUC_PUD_RRSS_620x380.jpg\",\"datePublished\":\"2019-09-19T11:00:00+00:00\",\"dateModified\":\"2020-03-27T18:10:13+00:00\",\"author\":{\"@id\":\"https:\\\/\\\/poblenouurbandistrict.com\\\/#\\\/schema\\\/person\\\/980a2cf34b399d5218205730acd54a7e\"},\"description\":\"\",\"breadcrumb\":{\"@id\":\"https:\\\/\\\/poblenouurbandistrict.com\\\/en\\\/muc-concert-2019\\\/#breadcrumb\"},\"inLanguage\":\"en-US\",\"potentialAction\":[{\"@type\":\"ReadAction\",\"target\":[[\"https:\\\/\\\/poblenouurbandistrict.com\\\/en\\\/muc-concert-2019\\\/\"]]}]},{\"@type\":\"ImageObject\",\"inLanguage\":\"en-US\",\"@id\":\"https:\\\/\\\/poblenouurbandistrict.com\\\/en\\\/muc-concert-2019\\\/#primaryimage\",\"url\":\"https:\\\/\\\/media.poblenouurbandistrict.com\\\/2019\\\/08\\\/25024352\\\/MUC_PUD_RRSS_620x380.jpg\",\"contentUrl\":\"https:\\\/\\\/media.poblenouurbandistrict.com\\\/2019\\\/08\\\/25024352\\\/MUC_PUD_RRSS_620x380.jpg\",\"width\":620,\"height\":380},{\"@type\":\"BreadcrumbList\",\"@id\":\"https:\\\/\\\/poblenouurbandistrict.com\\\/en\\\/muc-concert-2019\\\/#breadcrumb\",\"itemListElement\":[{\"@type\":\"ListItem\",\"position\":1,\"name\":\"Home\",\"item\":\"https:\\\/\\\/poblenouurbandistrict.com\\\/en\\\/\"},{\"@type\":\"ListItem\",\"position\":2,\"name\":\"Concerts del Music Urban Circuit\"}]},{\"@type\":\"WebSite\",\"@id\":\"https:\\\/\\\/poblenouurbandistrict.com\\\/en\\\/#website\",\"url\":\"https:\\\/\\\/poblenouurbandistrict.com\\\/en\\\/\",\"name\":\"Poblenou Urban District\",\"description\":\"Creative Community\",\"potentialAction\":[{\"@type\":\"SearchAction\",\"target\":{\"@type\":\"EntryPoint\",\"urlTemplate\":\"https:\\\/\\\/poblenouurbandistrict.com\\\/en\\\/?s={search_term_string}\"},\"query-input\":{\"@type\":\"PropertyValueSpecification\",\"valueRequired\":true,\"valueName\":\"search_term_string\"}}],\"inLanguage\":\"en-US\"},{\"@type\":\"Person\",\"@id\":\"https:\\\/\\\/poblenouurbandistrict.com\\\/#\\\/schema\\\/person\\\/980a2cf34b399d5218205730acd54a7e\",\"name\":\"pnud\",\"image\":{\"@type\":\"ImageObject\",\"inLanguage\":\"en-US\",\"@id\":\"https:\\\/\\\/secure.gravatar.com\\\/avatar\\\/67146597b405ee077a24e519f75c3e2031736596d6ce35af3a34c122c93d0d7b?s=96&d=retro&r=g\",\"url\":\"https:\\\/\\\/secure.gravatar.com\\\/avatar\\\/67146597b405ee077a24e519f75c3e2031736596d6ce35af3a34c122c93d0d7b?s=96&d=retro&r=g\",\"contentUrl\":\"https:\\\/\\\/secure.gravatar.com\\\/avatar\\\/67146597b405ee077a24e519f75c3e2031736596d6ce35af3a34c122c93d0d7b?s=96&d=retro&r=g\",\"caption\":\"pnud\"}}]}<\/script>\n<!-- \/ Yoast SEO plugin. -->","yoast_head_json":{"title":"Poblenou Urban District | Music Urban Circuit en concert!","robots":{"index":"index","follow":"follow","max-snippet":"max-snippet:-1","max-image-preview":"max-image-preview:large","max-video-preview":"max-video-preview:-1"},"canonical":"https:\/\/poblenouurbandistrict.com\/en\/muc-concert-2019\/","og_locale":"en_US","og_type":"article","og_title":"Poblenou Urban District | Music Urban Circuit en concert!","og_url":"https:\/\/poblenouurbandistrict.com\/en\/muc-concert-2019\/","og_site_name":"Poblenou Urban District","article_published_time":"2019-09-19T11:00:00+00:00","article_modified_time":"2020-03-27T18:10:13+00:00","og_image":[{"width":620,"height":380,"url":"https:\/\/poblenouurbandistrict.com\/wp-content\/uploads\/2019\/08\/MUC_PUD_RRSS_620x380.jpg","type":"image\/jpeg"}],"author":"pnud","twitter_card":"summary_large_image","twitter_misc":{"Written by":"pnud","Est. reading time":"5 minutes"},"schema":{"@context":"https:\/\/schema.org","@graph":[{"@type":"Article","@id":"https:\/\/poblenouurbandistrict.com\/muc-concert-2019\/#article","isPartOf":{"@id":"https:\/\/poblenouurbandistrict.com\/muc-concert-2019\/"},"author":{"name":"pnud","@id":"https:\/\/poblenouurbandistrict.com\/#\/schema\/person\/980a2cf34b399d5218205730acd54a7e"},"headline":"Conciertos del Music Urban Circuit","datePublished":"2019-09-19T11:00:00+00:00","dateModified":"2020-03-27T18:10:13+00:00","mainEntityOfPage":{"@id":"https:\/\/poblenouurbandistrict.com\/muc-concert-2019\/"},"wordCount":1122,"image":{"@id":"https:\/\/poblenouurbandistrict.com\/muc-concert-2019\/#primaryimage"},"thumbnailUrl":"https:\/\/media.poblenouurbandistrict.com\/2019\/08\/25024352\/MUC_PUD_RRSS_620x380.jpg","articleSection":["What's going on"],"inLanguage":"en-US"},{"@type":"WebPage","@id":"https:\/\/poblenouurbandistrict.com\/en\/muc-concert-2019\/","url":"https:\/\/poblenouurbandistrict.com\/en\/muc-concert-2019\/","name":"Poblenou Urban District | Music Urban Circuit en concert!","isPartOf":{"@id":"https:\/\/poblenouurbandistrict.com\/en\/#website"},"primaryImageOfPage":{"@id":"https:\/\/poblenouurbandistrict.com\/en\/muc-concert-2019\/#primaryimage"},"image":{"@id":"https:\/\/poblenouurbandistrict.com\/muc-concert-2019\/#primaryimage"},"thumbnailUrl":"https:\/\/media.poblenouurbandistrict.com\/2019\/08\/25024352\/MUC_PUD_RRSS_620x380.jpg","datePublished":"2019-09-19T11:00:00+00:00","dateModified":"2020-03-27T18:10:13+00:00","author":{"@id":"https:\/\/poblenouurbandistrict.com\/#\/schema\/person\/980a2cf34b399d5218205730acd54a7e"},"description":"","breadcrumb":{"@id":"https:\/\/poblenouurbandistrict.com\/en\/muc-concert-2019\/#breadcrumb"},"inLanguage":"en-US","potentialAction":[{"@type":"ReadAction","target":[["https:\/\/poblenouurbandistrict.com\/en\/muc-concert-2019\/"]]}]},{"@type":"ImageObject","inLanguage":"en-US","@id":"https:\/\/poblenouurbandistrict.com\/en\/muc-concert-2019\/#primaryimage","url":"https:\/\/media.poblenouurbandistrict.com\/2019\/08\/25024352\/MUC_PUD_RRSS_620x380.jpg","contentUrl":"https:\/\/media.poblenouurbandistrict.com\/2019\/08\/25024352\/MUC_PUD_RRSS_620x380.jpg","width":620,"height":380},{"@type":"BreadcrumbList","@id":"https:\/\/poblenouurbandistrict.com\/en\/muc-concert-2019\/#breadcrumb","itemListElement":[{"@type":"ListItem","position":1,"name":"Home","item":"https:\/\/poblenouurbandistrict.com\/en\/"},{"@type":"ListItem","position":2,"name":"Concerts del Music Urban Circuit"}]},{"@type":"WebSite","@id":"https:\/\/poblenouurbandistrict.com\/en\/#website","url":"https:\/\/poblenouurbandistrict.com\/en\/","name":"Poblenou Urban District","description":"Creative Community","potentialAction":[{"@type":"SearchAction","target":{"@type":"EntryPoint","urlTemplate":"https:\/\/poblenouurbandistrict.com\/en\/?s={search_term_string}"},"query-input":{"@type":"PropertyValueSpecification","valueRequired":true,"valueName":"search_term_string"}}],"inLanguage":"en-US"},{"@type":"Person","@id":"https:\/\/poblenouurbandistrict.com\/#\/schema\/person\/980a2cf34b399d5218205730acd54a7e","name":"pnud","image":{"@type":"ImageObject","inLanguage":"en-US","@id":"https:\/\/secure.gravatar.com\/avatar\/67146597b405ee077a24e519f75c3e2031736596d6ce35af3a34c122c93d0d7b?s=96&d=retro&r=g","url":"https:\/\/secure.gravatar.com\/avatar\/67146597b405ee077a24e519f75c3e2031736596d6ce35af3a34c122c93d0d7b?s=96&d=retro&r=g","contentUrl":"https:\/\/secure.gravatar.com\/avatar\/67146597b405ee077a24e519f75c3e2031736596d6ce35af3a34c122c93d0d7b?s=96&d=retro&r=g","caption":"pnud"}}]}},"_links":{"self":[{"href":"https:\/\/poblenouurbandistrict.com\/en\/wp-json\/wp\/v2\/posts\/14956","targetHints":{"allow":["GET"]}}],"collection":[{"href":"https:\/\/poblenouurbandistrict.com\/en\/wp-json\/wp\/v2\/posts"}],"about":[{"href":"https:\/\/poblenouurbandistrict.com\/en\/wp-json\/wp\/v2\/types\/post"}],"author":[{"embeddable":true,"href":"https:\/\/poblenouurbandistrict.com\/en\/wp-json\/wp\/v2\/users\/5"}],"replies":[{"embeddable":true,"href":"https:\/\/poblenouurbandistrict.com\/en\/wp-json\/wp\/v2\/comments?post=14956"}],"version-history":[{"count":22,"href":"https:\/\/poblenouurbandistrict.com\/en\/wp-json\/wp\/v2\/posts\/14956\/revisions"}],"predecessor-version":[{"id":17903,"href":"https:\/\/poblenouurbandistrict.com\/en\/wp-json\/wp\/v2\/posts\/14956\/revisions\/17903"}],"wp:featuredmedia":[{"embeddable":true,"href":"https:\/\/poblenouurbandistrict.com\/en\/wp-json\/wp\/v2\/media\/15040"}],"wp:attachment":[{"href":"https:\/\/poblenouurbandistrict.com\/en\/wp-json\/wp\/v2\/media?parent=14956"}],"wp:term":[{"taxonomy":"category","embeddable":true,"href":"https:\/\/poblenouurbandistrict.com\/en\/wp-json\/wp\/v2\/categories?post=14956"},{"taxonomy":"post_tag","embeddable":true,"href":"https:\/\/poblenouurbandistrict.com\/en\/wp-json\/wp\/v2\/tags?post=14956"}],"curies":[{"name":"wp","href":"https:\/\/api.w.org\/{rel}","templated":true}]}}