{"id":19867,"date":"2021-01-21T10:00:32","date_gmt":"2021-01-21T09:00:32","guid":{"rendered":"https:\/\/poblenouurbandistrict.com\/?p=19867"},"modified":"2021-01-21T10:42:03","modified_gmt":"2021-01-21T09:42:03","slug":"talleres-culinarios-espai-granada","status":"publish","type":"post","link":"https:\/\/poblenouurbandistrict.com\/en\/talleres-culinarios-espai-granada\/","title":{"rendered":"\u00a1Tres talleres gastro para empezar el a\u00f1o!"},"content":{"rendered":"<p>Quien m\u00e1s quien menos, cada 1 de enero se propone alcanzar ciertos objetivos para el a\u00f1o siguiente. Aprovechando que el contador se pone a 0 y que quedan 365 d\u00edas para alcanzarlos, hacemos listas -unas m\u00e1s ambiciosas que otras- con los cambios y nuevos h\u00e1bitos que queremos adquirir.<\/p>\n<p><strong>\u00bfCu\u00e1ntos de los que nos est\u00e1is leyendo os hab\u00e9is marcado para este a\u00f1o alg\u00fan prop\u00f3sito relacionado con la alimentaci\u00f3n?<\/strong><\/p>\n<p>La clave para que ese prop\u00f3sito no caiga en el olvido a mitad de a\u00f1o es ponerse en marcha cuanto antes. Ya lo dec\u00eda el fil\u00f3sofo hel\u00e9nico Di\u00f3genes, \u201cel movimiento se demuestra andando\u201d y, en este sentido, una mejor alimentaci\u00f3n solo se consigue cocinando mejor.<strong> \u00bfC\u00f3mo? Con los cursos y talleres de Espai Granada.<\/strong><\/p>\n<p>En <a href=\"https:\/\/poblenouurbandistrict.com\/es\/casal-espai-granda\/\" target=\"_blank\" rel=\"noopener noreferrer\">Espai Granada<\/a> los talleres son din\u00e1micos y participativos. Los asistentes preparar\u00e9is al completo los platos con productos ecol\u00f3gicos y de proximidad, para fomentar una alimentaci\u00f3n de calidad, saludable y sostenible. Al terminar el taller, compartir\u00e9is los platos en un ambiente informal y relajado, acompa\u00f1ados de bebidas.<\/p>\n<p>Hasta finales de enero podr\u00e9is optar por los siguientes:<\/p>\n<h1><a href=\"https:\/\/www.espaigranada.com\/informacion-del-evento\/yoga-y-desayunos-saludables-3\" target=\"_blank\" rel=\"noopener noreferrer\">Yoga y desayunos saludables<\/a> | 23 de enero<\/h1>\n<p>Esta propuesta consta de dos partes. La primera, es una clase de yoga en su terraza con vistas a Barcelona. La segunda es la preparaci\u00f3n de un desayuno saludable (con alimentos integrales, libres de az\u00facares refinados, lactosa o gluten) de la mano de la nutricionista Yvanna G\u00f3mez.<\/p>\n<p><img loading=\"lazy\" decoding=\"async\" class=\"alignnone size-medium wp-image-21537\" src=\"https:\/\/media.poblenouurbandistrict.com\/2020\/09\/25034651\/93448709-660136438105875-6754221623489204810-n-620x616.jpg\" alt=\"\" width=\"620\" height=\"616\" \/><\/p>\n<h1><a href=\"https:\/\/www.espaigranada.com\/informacion-del-evento\/brunch-vegano-2\" target=\"_blank\" rel=\"noopener noreferrer\">Brunch vegano<\/a> | 24 de enero<\/h1>\n<p>Como los productos de origen animal que algunas veces predominan en los brunch son incompatibles con ciertos estilos de vida y consumo, Espai Granada os propone varias alternativas veganas y vegetarianas para que os sorprender\u00e1n.<\/p>\n<h1><a href=\"https:\/\/www.espaigranada.com\/informacion-del-evento\/cocina-saludable-para-adolescentes-1\" target=\"_blank\" rel=\"noopener noreferrer\">Cocina saludable para adolescentes 1<\/a> | 31 de enero<\/h1>\n<p>Hoy en d\u00eda los adolescentes no saben cocinar, pero quieren ser aut\u00f3nomos. En Espai Granada son conscientes de esta necesidad y, por ello, ofrecen este taller en el que aprender\u00e1n las pautas b\u00e1sicas para cocinar. Lo har\u00e1n de la mano de la chef Anna de Pablo, quien les proporcionar\u00e1 trucos pr\u00e1cticos para realizar men\u00fas sencillos y sabrosos.<\/p>\n<p><strong>Os recomendamos estar atentos porque cada mes a\u00f1aden nuevas propuestas de talleres y cursos.<\/strong><\/p>","protected":false},"excerpt":{"rendered":"<p>Quien m\u00e1s quien menos, cada 1 de enero se propone alcanzar ciertos objetivos para el a\u00f1o siguiente. Aprovechando que el&#8230; <a href=\"https:\/\/poblenouurbandistrict.com\/en\/talleres-culinarios-espai-granada\/\">More  \u2192<\/a><\/p>\n","protected":false},"author":5,"featured_media":19875,"comment_status":"closed","ping_status":"closed","sticky":false,"template":"","format":"standard","meta":{"_acf_changed":false,"footnotes":""},"categories":[3353],"tags":[],"class_list":["post-19867","post","type-post","status-publish","format-standard","has-post-thumbnail","hentry","category-gastronomia"],"acf":[],"yoast_head":"<!-- This site is optimized with the Yoast SEO plugin v27.4 - https:\/\/yoast.com\/product\/yoast-seo-wordpress\/ -->\n<title>Tres talleres gastro en Espai Granada para empezar el a\u00f1o con buen pie<\/title>\n<meta name=\"description\" content=\"En Espai Granada los talleres son 100% participativos. Empieza el a\u00f1o cumpliendo prop\u00f3sitos: recetas healthy con sus cursos culinarios.\" \/>\n<meta name=\"robots\" content=\"index, follow, max-snippet:-1, max-image-preview:large, max-video-preview:-1\" \/>\n<link rel=\"canonical\" href=\"https:\/\/poblenouurbandistrict.com\/en\/talleres-culinarios-espai-granada\/\" \/>\n<meta property=\"og:locale\" content=\"en_US\" \/>\n<meta property=\"og:type\" content=\"article\" \/>\n<meta property=\"og:title\" content=\"Tres talleres gastro en Espai Granada para empezar el a\u00f1o con buen pie\" \/>\n<meta property=\"og:description\" content=\"En Espai Granada los talleres son 100% participativos. Empieza el a\u00f1o cumpliendo prop\u00f3sitos: recetas healthy con sus cursos culinarios.\" \/>\n<meta property=\"og:url\" content=\"https:\/\/poblenouurbandistrict.com\/en\/talleres-culinarios-espai-granada\/\" \/>\n<meta property=\"og:site_name\" content=\"Poblenou Urban District\" \/>\n<meta property=\"article:published_time\" content=\"2021-01-21T09:00:32+00:00\" \/>\n<meta property=\"article:modified_time\" content=\"2021-01-21T09:42:03+00:00\" \/>\n<meta property=\"og:image\" content=\"https:\/\/poblenouurbandistrict.com\/wp-content\/uploads\/2020\/09\/photo-1492739159057-7d1896b3c63f.jpeg\" \/>\n\t<meta property=\"og:image:width\" content=\"889\" \/>\n\t<meta property=\"og:image:height\" content=\"500\" \/>\n\t<meta property=\"og:image:type\" content=\"image\/jpeg\" \/>\n<meta name=\"author\" content=\"pnud\" \/>\n<meta name=\"twitter:card\" content=\"summary_large_image\" \/>\n<meta name=\"twitter:label1\" content=\"Written by\" \/>\n\t<meta name=\"twitter:data1\" content=\"pnud\" \/>\n\t<meta name=\"twitter:label2\" content=\"Est. reading time\" \/>\n\t<meta name=\"twitter:data2\" content=\"6 minutes\" \/>\n<script type=\"application\/ld+json\" class=\"yoast-schema-graph\">{\"@context\":\"https:\\\/\\\/schema.org\",\"@graph\":[{\"@type\":\"Article\",\"@id\":\"https:\\\/\\\/poblenouurbandistrict.com\\\/talleres-culinarios-espai-granada\\\/#article\",\"isPartOf\":{\"@id\":\"https:\\\/\\\/poblenouurbandistrict.com\\\/talleres-culinarios-espai-granada\\\/\"},\"author\":{\"name\":\"pnud\",\"@id\":\"https:\\\/\\\/poblenouurbandistrict.com\\\/#\\\/schema\\\/person\\\/980a2cf34b399d5218205730acd54a7e\"},\"headline\":\"\u00a1Tres talleres gastro para empezar el a\u00f1o!\",\"datePublished\":\"2021-01-21T09:00:32+00:00\",\"dateModified\":\"2021-01-21T09:42:03+00:00\",\"mainEntityOfPage\":{\"@id\":\"https:\\\/\\\/poblenouurbandistrict.com\\\/talleres-culinarios-espai-granada\\\/\"},\"wordCount\":1165,\"image\":{\"@id\":\"https:\\\/\\\/poblenouurbandistrict.com\\\/talleres-culinarios-espai-granada\\\/#primaryimage\"},\"thumbnailUrl\":\"https:\\\/\\\/media.poblenouurbandistrict.com\\\/2020\\\/09\\\/25032255\\\/photo-1492739159057-7d1896b3c63f.jpeg\",\"articleSection\":[\"Gastronomy\"],\"inLanguage\":\"en-US\"},{\"@type\":\"WebPage\",\"@id\":\"https:\\\/\\\/poblenouurbandistrict.com\\\/en\\\/talleres-culinarios-espai-granada\\\/\",\"url\":\"https:\\\/\\\/poblenouurbandistrict.com\\\/en\\\/talleres-culinarios-espai-granada\\\/\",\"name\":\"Tres talleres gastro en Espai Granada para empezar el a\u00f1o con buen pie\",\"isPartOf\":{\"@id\":\"https:\\\/\\\/poblenouurbandistrict.com\\\/en\\\/#website\"},\"primaryImageOfPage\":{\"@id\":\"https:\\\/\\\/poblenouurbandistrict.com\\\/en\\\/talleres-culinarios-espai-granada\\\/#primaryimage\"},\"image\":{\"@id\":\"https:\\\/\\\/poblenouurbandistrict.com\\\/talleres-culinarios-espai-granada\\\/#primaryimage\"},\"thumbnailUrl\":\"https:\\\/\\\/media.poblenouurbandistrict.com\\\/2020\\\/09\\\/25032255\\\/photo-1492739159057-7d1896b3c63f.jpeg\",\"datePublished\":\"2021-01-21T09:00:32+00:00\",\"dateModified\":\"2021-01-21T09:42:03+00:00\",\"author\":{\"@id\":\"https:\\\/\\\/poblenouurbandistrict.com\\\/#\\\/schema\\\/person\\\/980a2cf34b399d5218205730acd54a7e\"},\"description\":\"En Espai Granada los talleres son 100% participativos. Empieza el a\u00f1o cumpliendo prop\u00f3sitos: recetas healthy con sus cursos culinarios.\",\"breadcrumb\":{\"@id\":\"https:\\\/\\\/poblenouurbandistrict.com\\\/en\\\/talleres-culinarios-espai-granada\\\/#breadcrumb\"},\"inLanguage\":\"en-US\",\"potentialAction\":[{\"@type\":\"ReadAction\",\"target\":[[\"https:\\\/\\\/poblenouurbandistrict.com\\\/en\\\/talleres-culinarios-espai-granada\\\/\"]]}]},{\"@type\":\"ImageObject\",\"inLanguage\":\"en-US\",\"@id\":\"https:\\\/\\\/poblenouurbandistrict.com\\\/en\\\/talleres-culinarios-espai-granada\\\/#primaryimage\",\"url\":\"https:\\\/\\\/media.poblenouurbandistrict.com\\\/2020\\\/09\\\/25032255\\\/photo-1492739159057-7d1896b3c63f.jpeg\",\"contentUrl\":\"https:\\\/\\\/media.poblenouurbandistrict.com\\\/2020\\\/09\\\/25032255\\\/photo-1492739159057-7d1896b3c63f.jpeg\",\"width\":889,\"height\":500},{\"@type\":\"BreadcrumbList\",\"@id\":\"https:\\\/\\\/poblenouurbandistrict.com\\\/en\\\/talleres-culinarios-espai-granada\\\/#breadcrumb\",\"itemListElement\":[{\"@type\":\"ListItem\",\"position\":1,\"name\":\"Home\",\"item\":\"https:\\\/\\\/poblenouurbandistrict.com\\\/en\\\/\"},{\"@type\":\"ListItem\",\"position\":2,\"name\":\"Tres tallers gastro per comen\u00e7ar l&#8217;any!\"}]},{\"@type\":\"WebSite\",\"@id\":\"https:\\\/\\\/poblenouurbandistrict.com\\\/en\\\/#website\",\"url\":\"https:\\\/\\\/poblenouurbandistrict.com\\\/en\\\/\",\"name\":\"Poblenou Urban District\",\"description\":\"Creative Community\",\"potentialAction\":[{\"@type\":\"SearchAction\",\"target\":{\"@type\":\"EntryPoint\",\"urlTemplate\":\"https:\\\/\\\/poblenouurbandistrict.com\\\/en\\\/?s={search_term_string}\"},\"query-input\":{\"@type\":\"PropertyValueSpecification\",\"valueRequired\":true,\"valueName\":\"search_term_string\"}}],\"inLanguage\":\"en-US\"},{\"@type\":\"Person\",\"@id\":\"https:\\\/\\\/poblenouurbandistrict.com\\\/#\\\/schema\\\/person\\\/980a2cf34b399d5218205730acd54a7e\",\"name\":\"pnud\",\"image\":{\"@type\":\"ImageObject\",\"inLanguage\":\"en-US\",\"@id\":\"https:\\\/\\\/secure.gravatar.com\\\/avatar\\\/67146597b405ee077a24e519f75c3e2031736596d6ce35af3a34c122c93d0d7b?s=96&d=retro&r=g\",\"url\":\"https:\\\/\\\/secure.gravatar.com\\\/avatar\\\/67146597b405ee077a24e519f75c3e2031736596d6ce35af3a34c122c93d0d7b?s=96&d=retro&r=g\",\"contentUrl\":\"https:\\\/\\\/secure.gravatar.com\\\/avatar\\\/67146597b405ee077a24e519f75c3e2031736596d6ce35af3a34c122c93d0d7b?s=96&d=retro&r=g\",\"caption\":\"pnud\"}}]}<\/script>\n<!-- \/ Yoast SEO plugin. -->","yoast_head_json":{"title":"Tres talleres gastro en Espai Granada para empezar el a\u00f1o con buen pie","description":"En Espai Granada los talleres son 100% participativos. Empieza el a\u00f1o cumpliendo prop\u00f3sitos: recetas healthy con sus cursos culinarios.","robots":{"index":"index","follow":"follow","max-snippet":"max-snippet:-1","max-image-preview":"max-image-preview:large","max-video-preview":"max-video-preview:-1"},"canonical":"https:\/\/poblenouurbandistrict.com\/en\/talleres-culinarios-espai-granada\/","og_locale":"en_US","og_type":"article","og_title":"Tres talleres gastro en Espai Granada para empezar el a\u00f1o con buen pie","og_description":"En Espai Granada los talleres son 100% participativos. Empieza el a\u00f1o cumpliendo prop\u00f3sitos: recetas healthy con sus cursos culinarios.","og_url":"https:\/\/poblenouurbandistrict.com\/en\/talleres-culinarios-espai-granada\/","og_site_name":"Poblenou Urban District","article_published_time":"2021-01-21T09:00:32+00:00","article_modified_time":"2021-01-21T09:42:03+00:00","og_image":[{"width":889,"height":500,"url":"https:\/\/poblenouurbandistrict.com\/wp-content\/uploads\/2020\/09\/photo-1492739159057-7d1896b3c63f.jpeg","type":"image\/jpeg"}],"author":"pnud","twitter_card":"summary_large_image","twitter_misc":{"Written by":"pnud","Est. reading time":"6 minutes"},"schema":{"@context":"https:\/\/schema.org","@graph":[{"@type":"Article","@id":"https:\/\/poblenouurbandistrict.com\/talleres-culinarios-espai-granada\/#article","isPartOf":{"@id":"https:\/\/poblenouurbandistrict.com\/talleres-culinarios-espai-granada\/"},"author":{"name":"pnud","@id":"https:\/\/poblenouurbandistrict.com\/#\/schema\/person\/980a2cf34b399d5218205730acd54a7e"},"headline":"\u00a1Tres talleres gastro para empezar el a\u00f1o!","datePublished":"2021-01-21T09:00:32+00:00","dateModified":"2021-01-21T09:42:03+00:00","mainEntityOfPage":{"@id":"https:\/\/poblenouurbandistrict.com\/talleres-culinarios-espai-granada\/"},"wordCount":1165,"image":{"@id":"https:\/\/poblenouurbandistrict.com\/talleres-culinarios-espai-granada\/#primaryimage"},"thumbnailUrl":"https:\/\/media.poblenouurbandistrict.com\/2020\/09\/25032255\/photo-1492739159057-7d1896b3c63f.jpeg","articleSection":["Gastronomy"],"inLanguage":"en-US"},{"@type":"WebPage","@id":"https:\/\/poblenouurbandistrict.com\/en\/talleres-culinarios-espai-granada\/","url":"https:\/\/poblenouurbandistrict.com\/en\/talleres-culinarios-espai-granada\/","name":"Tres talleres gastro en Espai Granada para empezar el a\u00f1o con buen pie","isPartOf":{"@id":"https:\/\/poblenouurbandistrict.com\/en\/#website"},"primaryImageOfPage":{"@id":"https:\/\/poblenouurbandistrict.com\/en\/talleres-culinarios-espai-granada\/#primaryimage"},"image":{"@id":"https:\/\/poblenouurbandistrict.com\/talleres-culinarios-espai-granada\/#primaryimage"},"thumbnailUrl":"https:\/\/media.poblenouurbandistrict.com\/2020\/09\/25032255\/photo-1492739159057-7d1896b3c63f.jpeg","datePublished":"2021-01-21T09:00:32+00:00","dateModified":"2021-01-21T09:42:03+00:00","author":{"@id":"https:\/\/poblenouurbandistrict.com\/#\/schema\/person\/980a2cf34b399d5218205730acd54a7e"},"description":"En Espai Granada los talleres son 100% participativos. Empieza el a\u00f1o cumpliendo prop\u00f3sitos: recetas healthy con sus cursos culinarios.","breadcrumb":{"@id":"https:\/\/poblenouurbandistrict.com\/en\/talleres-culinarios-espai-granada\/#breadcrumb"},"inLanguage":"en-US","potentialAction":[{"@type":"ReadAction","target":[["https:\/\/poblenouurbandistrict.com\/en\/talleres-culinarios-espai-granada\/"]]}]},{"@type":"ImageObject","inLanguage":"en-US","@id":"https:\/\/poblenouurbandistrict.com\/en\/talleres-culinarios-espai-granada\/#primaryimage","url":"https:\/\/media.poblenouurbandistrict.com\/2020\/09\/25032255\/photo-1492739159057-7d1896b3c63f.jpeg","contentUrl":"https:\/\/media.poblenouurbandistrict.com\/2020\/09\/25032255\/photo-1492739159057-7d1896b3c63f.jpeg","width":889,"height":500},{"@type":"BreadcrumbList","@id":"https:\/\/poblenouurbandistrict.com\/en\/talleres-culinarios-espai-granada\/#breadcrumb","itemListElement":[{"@type":"ListItem","position":1,"name":"Home","item":"https:\/\/poblenouurbandistrict.com\/en\/"},{"@type":"ListItem","position":2,"name":"Tres tallers gastro per comen\u00e7ar l&#8217;any!"}]},{"@type":"WebSite","@id":"https:\/\/poblenouurbandistrict.com\/en\/#website","url":"https:\/\/poblenouurbandistrict.com\/en\/","name":"Poblenou Urban District","description":"Creative Community","potentialAction":[{"@type":"SearchAction","target":{"@type":"EntryPoint","urlTemplate":"https:\/\/poblenouurbandistrict.com\/en\/?s={search_term_string}"},"query-input":{"@type":"PropertyValueSpecification","valueRequired":true,"valueName":"search_term_string"}}],"inLanguage":"en-US"},{"@type":"Person","@id":"https:\/\/poblenouurbandistrict.com\/#\/schema\/person\/980a2cf34b399d5218205730acd54a7e","name":"pnud","image":{"@type":"ImageObject","inLanguage":"en-US","@id":"https:\/\/secure.gravatar.com\/avatar\/67146597b405ee077a24e519f75c3e2031736596d6ce35af3a34c122c93d0d7b?s=96&d=retro&r=g","url":"https:\/\/secure.gravatar.com\/avatar\/67146597b405ee077a24e519f75c3e2031736596d6ce35af3a34c122c93d0d7b?s=96&d=retro&r=g","contentUrl":"https:\/\/secure.gravatar.com\/avatar\/67146597b405ee077a24e519f75c3e2031736596d6ce35af3a34c122c93d0d7b?s=96&d=retro&r=g","caption":"pnud"}}]}},"_links":{"self":[{"href":"https:\/\/poblenouurbandistrict.com\/en\/wp-json\/wp\/v2\/posts\/19867","targetHints":{"allow":["GET"]}}],"collection":[{"href":"https:\/\/poblenouurbandistrict.com\/en\/wp-json\/wp\/v2\/posts"}],"about":[{"href":"https:\/\/poblenouurbandistrict.com\/en\/wp-json\/wp\/v2\/types\/post"}],"author":[{"embeddable":true,"href":"https:\/\/poblenouurbandistrict.com\/en\/wp-json\/wp\/v2\/users\/5"}],"replies":[{"embeddable":true,"href":"https:\/\/poblenouurbandistrict.com\/en\/wp-json\/wp\/v2\/comments?post=19867"}],"version-history":[{"count":4,"href":"https:\/\/poblenouurbandistrict.com\/en\/wp-json\/wp\/v2\/posts\/19867\/revisions"}],"predecessor-version":[{"id":21538,"href":"https:\/\/poblenouurbandistrict.com\/en\/wp-json\/wp\/v2\/posts\/19867\/revisions\/21538"}],"wp:featuredmedia":[{"embeddable":true,"href":"https:\/\/poblenouurbandistrict.com\/en\/wp-json\/wp\/v2\/media\/19875"}],"wp:attachment":[{"href":"https:\/\/poblenouurbandistrict.com\/en\/wp-json\/wp\/v2\/media?parent=19867"}],"wp:term":[{"taxonomy":"category","embeddable":true,"href":"https:\/\/poblenouurbandistrict.com\/en\/wp-json\/wp\/v2\/categories?post=19867"},{"taxonomy":"post_tag","embeddable":true,"href":"https:\/\/poblenouurbandistrict.com\/en\/wp-json\/wp\/v2\/tags?post=19867"}],"curies":[{"name":"wp","href":"https:\/\/api.w.org\/{rel}","templated":true}]}}