{"id":22493,"date":"2021-03-06T12:40:41","date_gmt":"2021-03-06T11:40:41","guid":{"rendered":"https:\/\/poblenouurbandistrict.com\/?p=22493"},"modified":"2021-05-14T08:59:01","modified_gmt":"2021-05-14T06:59:01","slug":"talk-2-la-recuperacio-del-patrimoni-industrial","status":"publish","type":"post","link":"https:\/\/poblenouurbandistrict.com\/en\/talk-2-la-recuperacio-del-patrimoni-industrial\/","title":{"rendered":"TALK #2 La recuperaci\u00f3n del patrimonio industrial"},"content":{"rendered":"<p><span style=\"font-weight: 400;\">La defensa de la memoria industrial de Poblenou ha sido a lo largo de los \u00faltimos a\u00f1os una de las reivindicaciones de un distrito, que ha ido viviendo la desaparici\u00f3n de los \u00faltimos vestigios de su patrimonio fabril. Un proceso que se inici\u00f3 en la Barcelona post-ol\u00edmpica y que ha abierto un debate sobre cu\u00e1l debe ser el futuro del barrio, con visiones, intereses y argumentos contrapuestos, que deben llegar a un consenso por el bien de la identidad y el futuro de este territorio.\u00a0<\/span><\/p>\n<p><span style=\"font-weight: 400;\">Situados a lo largo del Poblenou, encontramos antiguos recintos industriales, que con el \u00faltimo cambio de siglo fueron reconvertidos en un nuevo tipo de f\u00e1bricas, acogiendo iniciativas creativas, culturales y art\u00edsticas que aportan una nueva dimensi\u00f3n al tejido social de Poblenou. Hablaremos con algunos de sus responsables y con expertos en la materia en una mesa redonda, que analizar\u00e1 el potencial y la responsabilidad de mantener y recuperar parte del patrimonio industrial para nuevos usos.<\/span><\/p>\n<hr \/>\n<h2><span style=\"text-decoration: underline;\"><strong><b>TALK #2 \/ Horario 12.45h-13:45h<\/b><\/strong><\/span><strong><br \/>\n<\/strong><strong>Participantes:<\/strong><\/h2>\n<p><span style=\"font-weight: 400;\">Laura Sangr\u00e0 (Moderadora) \u27f6 Lluis Torrents (Co-director y gerente de Razzmatazz) \u27f6 Daniel Romeo (Director de Fundaci\u00f3 Palo Alto) \u27f6 Antoni Vilanova (Arquitecto y experto en rehabilitaci\u00f3n industrial)<\/span><\/p>\n<h1 style=\"text-align: center;\"><a href=\"https:\/\/www.eventbrite.es\/e\/entradas-urban-talks-2021-153558011145\"><span style=\"text-decoration: underline;\"><strong>Reserva tu entrada a trav\u00e9s del siguiente enlace<\/strong><\/span><\/a><\/h1>\n<p><\/p>","protected":false},"excerpt":{"rendered":"<p>La defensa de la memoria industrial de Poblenou ha sido a lo largo de los \u00faltimos a\u00f1os una de las&#8230; <a href=\"https:\/\/poblenouurbandistrict.com\/en\/talk-2-la-recuperacio-del-patrimoni-industrial\/\">More  \u2192<\/a><\/p>\n","protected":false},"author":5,"featured_media":22601,"comment_status":"closed","ping_status":"closed","sticky":false,"template":"","format":"standard","meta":{"_acf_changed":false,"footnotes":""},"categories":[3429],"tags":[3435,16,53,3409],"class_list":["post-22493","post","type-post","status-publish","format-standard","has-post-thumbnail","hentry","category-urban-talks","tag-patrimoni-industrial","tag-poblenou","tag-poblenou-urban-district","tag-urban-talks"],"acf":[],"yoast_head":"<!-- This site is optimized with the Yoast SEO plugin v27.4 - https:\/\/yoast.com\/product\/yoast-seo-wordpress\/ -->\n<title>La recuperaci\u00f3n del patrimonio industrial<\/title>\n<meta name=\"description\" content=\"El 15 de maig, dins el Poblenou Open Day, tindran lloc les Urban Talks sobre economia circular, gentrificaci\u00f3 i patrimoni industrial.\" \/>\n<meta name=\"robots\" content=\"index, follow, max-snippet:-1, max-image-preview:large, max-video-preview:-1\" \/>\n<link rel=\"canonical\" href=\"https:\/\/poblenouurbandistrict.com\/en\/talk-2-la-recuperacio-del-patrimoni-industrial\/\" \/>\n<meta property=\"og:locale\" content=\"en_US\" \/>\n<meta property=\"og:type\" content=\"article\" \/>\n<meta property=\"og:title\" content=\"La recuperaci\u00f3n del patrimonio industrial\" \/>\n<meta property=\"og:description\" content=\"El 15 de maig, dins el Poblenou Open Day, tindran lloc les Urban Talks sobre economia circular, gentrificaci\u00f3 i patrimoni industrial.\" \/>\n<meta property=\"og:url\" content=\"https:\/\/poblenouurbandistrict.com\/en\/talk-2-la-recuperacio-del-patrimoni-industrial\/\" \/>\n<meta property=\"og:site_name\" content=\"Poblenou Urban District\" \/>\n<meta property=\"article:published_time\" content=\"2021-03-06T11:40:41+00:00\" \/>\n<meta property=\"article:modified_time\" content=\"2021-05-14T06:59:01+00:00\" \/>\n<meta property=\"og:image\" content=\"https:\/\/poblenouurbandistrict.com\/wp-content\/uploads\/2021\/03\/urbantalks-web-talk2-cas.jpg\" \/>\n\t<meta property=\"og:image:width\" content=\"690\" \/>\n\t<meta property=\"og:image:height\" content=\"430\" \/>\n\t<meta property=\"og:image:type\" content=\"image\/jpeg\" \/>\n<meta name=\"author\" content=\"pnud\" \/>\n<meta name=\"twitter:card\" content=\"summary_large_image\" \/>\n<meta name=\"twitter:label1\" content=\"Written by\" \/>\n\t<meta name=\"twitter:data1\" content=\"pnud\" \/>\n\t<meta name=\"twitter:label2\" content=\"Est. reading time\" \/>\n\t<meta name=\"twitter:data2\" content=\"3 minutes\" \/>\n<script type=\"application\/ld+json\" class=\"yoast-schema-graph\">{\"@context\":\"https:\\\/\\\/schema.org\",\"@graph\":[{\"@type\":\"Article\",\"@id\":\"https:\\\/\\\/poblenouurbandistrict.com\\\/talk-2-la-recuperacio-del-patrimoni-industrial\\\/#article\",\"isPartOf\":{\"@id\":\"https:\\\/\\\/poblenouurbandistrict.com\\\/talk-2-la-recuperacio-del-patrimoni-industrial\\\/\"},\"author\":{\"name\":\"pnud\",\"@id\":\"https:\\\/\\\/poblenouurbandistrict.com\\\/#\\\/schema\\\/person\\\/980a2cf34b399d5218205730acd54a7e\"},\"headline\":\"TALK #2 La recuperaci\u00f3n del patrimonio industrial\",\"datePublished\":\"2021-03-06T11:40:41+00:00\",\"dateModified\":\"2021-05-14T06:59:01+00:00\",\"mainEntityOfPage\":{\"@id\":\"https:\\\/\\\/poblenouurbandistrict.com\\\/talk-2-la-recuperacio-del-patrimoni-industrial\\\/\"},\"wordCount\":645,\"image\":{\"@id\":\"https:\\\/\\\/poblenouurbandistrict.com\\\/talk-2-la-recuperacio-del-patrimoni-industrial\\\/#primaryimage\"},\"thumbnailUrl\":\"https:\\\/\\\/media.poblenouurbandistrict.com\\\/2021\\\/03\\\/25040241\\\/urbantalks-web-talk2-cas.jpg\",\"keywords\":[\"patrimoni industrial\",\"Poblenou\",\"Poblenou Urban District\",\"Urban Talks\"],\"articleSection\":[\"Urban Talks\"],\"inLanguage\":\"en-US\"},{\"@type\":\"WebPage\",\"@id\":\"https:\\\/\\\/poblenouurbandistrict.com\\\/en\\\/talk-2-la-recuperacio-del-patrimoni-industrial\\\/\",\"url\":\"https:\\\/\\\/poblenouurbandistrict.com\\\/en\\\/talk-2-la-recuperacio-del-patrimoni-industrial\\\/\",\"name\":\"La recuperaci\u00f3n del patrimonio industrial\",\"isPartOf\":{\"@id\":\"https:\\\/\\\/poblenouurbandistrict.com\\\/en\\\/#website\"},\"primaryImageOfPage\":{\"@id\":\"https:\\\/\\\/poblenouurbandistrict.com\\\/en\\\/talk-2-la-recuperacio-del-patrimoni-industrial\\\/#primaryimage\"},\"image\":{\"@id\":\"https:\\\/\\\/poblenouurbandistrict.com\\\/talk-2-la-recuperacio-del-patrimoni-industrial\\\/#primaryimage\"},\"thumbnailUrl\":\"https:\\\/\\\/media.poblenouurbandistrict.com\\\/2021\\\/03\\\/25040241\\\/urbantalks-web-talk2-cas.jpg\",\"datePublished\":\"2021-03-06T11:40:41+00:00\",\"dateModified\":\"2021-05-14T06:59:01+00:00\",\"author\":{\"@id\":\"https:\\\/\\\/poblenouurbandistrict.com\\\/#\\\/schema\\\/person\\\/980a2cf34b399d5218205730acd54a7e\"},\"description\":\"El 15 de maig, dins el Poblenou Open Day, tindran lloc les Urban Talks sobre economia circular, gentrificaci\u00f3 i patrimoni industrial.\",\"breadcrumb\":{\"@id\":\"https:\\\/\\\/poblenouurbandistrict.com\\\/en\\\/talk-2-la-recuperacio-del-patrimoni-industrial\\\/#breadcrumb\"},\"inLanguage\":\"en-US\",\"potentialAction\":[{\"@type\":\"ReadAction\",\"target\":[[\"https:\\\/\\\/poblenouurbandistrict.com\\\/en\\\/talk-2-la-recuperacio-del-patrimoni-industrial\\\/\"]]}]},{\"@type\":\"ImageObject\",\"inLanguage\":\"en-US\",\"@id\":\"https:\\\/\\\/poblenouurbandistrict.com\\\/en\\\/talk-2-la-recuperacio-del-patrimoni-industrial\\\/#primaryimage\",\"url\":\"https:\\\/\\\/media.poblenouurbandistrict.com\\\/2021\\\/03\\\/25040241\\\/urbantalks-web-talk2-cas.jpg\",\"contentUrl\":\"https:\\\/\\\/media.poblenouurbandistrict.com\\\/2021\\\/03\\\/25040241\\\/urbantalks-web-talk2-cas.jpg\",\"width\":690,\"height\":430},{\"@type\":\"BreadcrumbList\",\"@id\":\"https:\\\/\\\/poblenouurbandistrict.com\\\/en\\\/talk-2-la-recuperacio-del-patrimoni-industrial\\\/#breadcrumb\",\"itemListElement\":[{\"@type\":\"ListItem\",\"position\":1,\"name\":\"Home\",\"item\":\"https:\\\/\\\/poblenouurbandistrict.com\\\/en\\\/\"},{\"@type\":\"ListItem\",\"position\":2,\"name\":\"TALK #2 La recuperaci\u00f3 de patrimoni industrial\"}]},{\"@type\":\"WebSite\",\"@id\":\"https:\\\/\\\/poblenouurbandistrict.com\\\/en\\\/#website\",\"url\":\"https:\\\/\\\/poblenouurbandistrict.com\\\/en\\\/\",\"name\":\"Poblenou Urban District\",\"description\":\"Creative Community\",\"potentialAction\":[{\"@type\":\"SearchAction\",\"target\":{\"@type\":\"EntryPoint\",\"urlTemplate\":\"https:\\\/\\\/poblenouurbandistrict.com\\\/en\\\/?s={search_term_string}\"},\"query-input\":{\"@type\":\"PropertyValueSpecification\",\"valueRequired\":true,\"valueName\":\"search_term_string\"}}],\"inLanguage\":\"en-US\"},{\"@type\":\"Person\",\"@id\":\"https:\\\/\\\/poblenouurbandistrict.com\\\/#\\\/schema\\\/person\\\/980a2cf34b399d5218205730acd54a7e\",\"name\":\"pnud\",\"image\":{\"@type\":\"ImageObject\",\"inLanguage\":\"en-US\",\"@id\":\"https:\\\/\\\/secure.gravatar.com\\\/avatar\\\/67146597b405ee077a24e519f75c3e2031736596d6ce35af3a34c122c93d0d7b?s=96&d=retro&r=g\",\"url\":\"https:\\\/\\\/secure.gravatar.com\\\/avatar\\\/67146597b405ee077a24e519f75c3e2031736596d6ce35af3a34c122c93d0d7b?s=96&d=retro&r=g\",\"contentUrl\":\"https:\\\/\\\/secure.gravatar.com\\\/avatar\\\/67146597b405ee077a24e519f75c3e2031736596d6ce35af3a34c122c93d0d7b?s=96&d=retro&r=g\",\"caption\":\"pnud\"}}]}<\/script>\n<!-- \/ Yoast SEO plugin. -->","yoast_head_json":{"title":"La recuperaci\u00f3n del patrimonio industrial","description":"El 15 de maig, dins el Poblenou Open Day, tindran lloc les Urban Talks sobre economia circular, gentrificaci\u00f3 i patrimoni industrial.","robots":{"index":"index","follow":"follow","max-snippet":"max-snippet:-1","max-image-preview":"max-image-preview:large","max-video-preview":"max-video-preview:-1"},"canonical":"https:\/\/poblenouurbandistrict.com\/en\/talk-2-la-recuperacio-del-patrimoni-industrial\/","og_locale":"en_US","og_type":"article","og_title":"La recuperaci\u00f3n del patrimonio industrial","og_description":"El 15 de maig, dins el Poblenou Open Day, tindran lloc les Urban Talks sobre economia circular, gentrificaci\u00f3 i patrimoni industrial.","og_url":"https:\/\/poblenouurbandistrict.com\/en\/talk-2-la-recuperacio-del-patrimoni-industrial\/","og_site_name":"Poblenou Urban District","article_published_time":"2021-03-06T11:40:41+00:00","article_modified_time":"2021-05-14T06:59:01+00:00","og_image":[{"width":690,"height":430,"url":"https:\/\/poblenouurbandistrict.com\/wp-content\/uploads\/2021\/03\/urbantalks-web-talk2-cas.jpg","type":"image\/jpeg"}],"author":"pnud","twitter_card":"summary_large_image","twitter_misc":{"Written by":"pnud","Est. reading time":"3 minutes"},"schema":{"@context":"https:\/\/schema.org","@graph":[{"@type":"Article","@id":"https:\/\/poblenouurbandistrict.com\/talk-2-la-recuperacio-del-patrimoni-industrial\/#article","isPartOf":{"@id":"https:\/\/poblenouurbandistrict.com\/talk-2-la-recuperacio-del-patrimoni-industrial\/"},"author":{"name":"pnud","@id":"https:\/\/poblenouurbandistrict.com\/#\/schema\/person\/980a2cf34b399d5218205730acd54a7e"},"headline":"TALK #2 La recuperaci\u00f3n del patrimonio industrial","datePublished":"2021-03-06T11:40:41+00:00","dateModified":"2021-05-14T06:59:01+00:00","mainEntityOfPage":{"@id":"https:\/\/poblenouurbandistrict.com\/talk-2-la-recuperacio-del-patrimoni-industrial\/"},"wordCount":645,"image":{"@id":"https:\/\/poblenouurbandistrict.com\/talk-2-la-recuperacio-del-patrimoni-industrial\/#primaryimage"},"thumbnailUrl":"https:\/\/media.poblenouurbandistrict.com\/2021\/03\/25040241\/urbantalks-web-talk2-cas.jpg","keywords":["patrimoni industrial","Poblenou","Poblenou Urban District","Urban Talks"],"articleSection":["Urban Talks"],"inLanguage":"en-US"},{"@type":"WebPage","@id":"https:\/\/poblenouurbandistrict.com\/en\/talk-2-la-recuperacio-del-patrimoni-industrial\/","url":"https:\/\/poblenouurbandistrict.com\/en\/talk-2-la-recuperacio-del-patrimoni-industrial\/","name":"La recuperaci\u00f3n del patrimonio industrial","isPartOf":{"@id":"https:\/\/poblenouurbandistrict.com\/en\/#website"},"primaryImageOfPage":{"@id":"https:\/\/poblenouurbandistrict.com\/en\/talk-2-la-recuperacio-del-patrimoni-industrial\/#primaryimage"},"image":{"@id":"https:\/\/poblenouurbandistrict.com\/talk-2-la-recuperacio-del-patrimoni-industrial\/#primaryimage"},"thumbnailUrl":"https:\/\/media.poblenouurbandistrict.com\/2021\/03\/25040241\/urbantalks-web-talk2-cas.jpg","datePublished":"2021-03-06T11:40:41+00:00","dateModified":"2021-05-14T06:59:01+00:00","author":{"@id":"https:\/\/poblenouurbandistrict.com\/#\/schema\/person\/980a2cf34b399d5218205730acd54a7e"},"description":"El 15 de maig, dins el Poblenou Open Day, tindran lloc les Urban Talks sobre economia circular, gentrificaci\u00f3 i patrimoni industrial.","breadcrumb":{"@id":"https:\/\/poblenouurbandistrict.com\/en\/talk-2-la-recuperacio-del-patrimoni-industrial\/#breadcrumb"},"inLanguage":"en-US","potentialAction":[{"@type":"ReadAction","target":[["https:\/\/poblenouurbandistrict.com\/en\/talk-2-la-recuperacio-del-patrimoni-industrial\/"]]}]},{"@type":"ImageObject","inLanguage":"en-US","@id":"https:\/\/poblenouurbandistrict.com\/en\/talk-2-la-recuperacio-del-patrimoni-industrial\/#primaryimage","url":"https:\/\/media.poblenouurbandistrict.com\/2021\/03\/25040241\/urbantalks-web-talk2-cas.jpg","contentUrl":"https:\/\/media.poblenouurbandistrict.com\/2021\/03\/25040241\/urbantalks-web-talk2-cas.jpg","width":690,"height":430},{"@type":"BreadcrumbList","@id":"https:\/\/poblenouurbandistrict.com\/en\/talk-2-la-recuperacio-del-patrimoni-industrial\/#breadcrumb","itemListElement":[{"@type":"ListItem","position":1,"name":"Home","item":"https:\/\/poblenouurbandistrict.com\/en\/"},{"@type":"ListItem","position":2,"name":"TALK #2 La recuperaci\u00f3 de patrimoni industrial"}]},{"@type":"WebSite","@id":"https:\/\/poblenouurbandistrict.com\/en\/#website","url":"https:\/\/poblenouurbandistrict.com\/en\/","name":"Poblenou Urban District","description":"Creative Community","potentialAction":[{"@type":"SearchAction","target":{"@type":"EntryPoint","urlTemplate":"https:\/\/poblenouurbandistrict.com\/en\/?s={search_term_string}"},"query-input":{"@type":"PropertyValueSpecification","valueRequired":true,"valueName":"search_term_string"}}],"inLanguage":"en-US"},{"@type":"Person","@id":"https:\/\/poblenouurbandistrict.com\/#\/schema\/person\/980a2cf34b399d5218205730acd54a7e","name":"pnud","image":{"@type":"ImageObject","inLanguage":"en-US","@id":"https:\/\/secure.gravatar.com\/avatar\/67146597b405ee077a24e519f75c3e2031736596d6ce35af3a34c122c93d0d7b?s=96&d=retro&r=g","url":"https:\/\/secure.gravatar.com\/avatar\/67146597b405ee077a24e519f75c3e2031736596d6ce35af3a34c122c93d0d7b?s=96&d=retro&r=g","contentUrl":"https:\/\/secure.gravatar.com\/avatar\/67146597b405ee077a24e519f75c3e2031736596d6ce35af3a34c122c93d0d7b?s=96&d=retro&r=g","caption":"pnud"}}]}},"_links":{"self":[{"href":"https:\/\/poblenouurbandistrict.com\/en\/wp-json\/wp\/v2\/posts\/22493","targetHints":{"allow":["GET"]}}],"collection":[{"href":"https:\/\/poblenouurbandistrict.com\/en\/wp-json\/wp\/v2\/posts"}],"about":[{"href":"https:\/\/poblenouurbandistrict.com\/en\/wp-json\/wp\/v2\/types\/post"}],"author":[{"embeddable":true,"href":"https:\/\/poblenouurbandistrict.com\/en\/wp-json\/wp\/v2\/users\/5"}],"replies":[{"embeddable":true,"href":"https:\/\/poblenouurbandistrict.com\/en\/wp-json\/wp\/v2\/comments?post=22493"}],"version-history":[{"count":7,"href":"https:\/\/poblenouurbandistrict.com\/en\/wp-json\/wp\/v2\/posts\/22493\/revisions"}],"predecessor-version":[{"id":22648,"href":"https:\/\/poblenouurbandistrict.com\/en\/wp-json\/wp\/v2\/posts\/22493\/revisions\/22648"}],"wp:featuredmedia":[{"embeddable":true,"href":"https:\/\/poblenouurbandistrict.com\/en\/wp-json\/wp\/v2\/media\/22601"}],"wp:attachment":[{"href":"https:\/\/poblenouurbandistrict.com\/en\/wp-json\/wp\/v2\/media?parent=22493"}],"wp:term":[{"taxonomy":"category","embeddable":true,"href":"https:\/\/poblenouurbandistrict.com\/en\/wp-json\/wp\/v2\/categories?post=22493"},{"taxonomy":"post_tag","embeddable":true,"href":"https:\/\/poblenouurbandistrict.com\/en\/wp-json\/wp\/v2\/tags?post=22493"}],"curies":[{"name":"wp","href":"https:\/\/api.w.org\/{rel}","templated":true}]}}