{"id":29359,"date":"2022-04-27T13:32:04","date_gmt":"2022-04-27T11:32:04","guid":{"rendered":"https:\/\/poblenouurbandistrict.com\/?p=29359"},"modified":"2022-05-05T18:52:25","modified_gmt":"2022-05-05T16:52:25","slug":"recorrer-el-circuit-dart-que-tofereix-el-poblenou-open-day","status":"publish","type":"post","link":"https:\/\/poblenouurbandistrict.com\/en\/recorrer-el-circuit-dart-que-tofereix-el-poblenou-open-day\/","title":{"rendered":"Art proposals of Poblenou Open Day"},"content":{"rendered":"<p>For the Poblenou Open Day we propose a programme where Art is the protagonist, and in the Creative District there are a lot of spaces dedicated to this cultural sector so characteristic in our community.<\/p>\n<p>If you are one of those people who are looking for activities dedicated to Art, this is the article for you to take into account so that you can make the best tour in Poblenou Open Day.<\/p>\n<p>Coinciding with <a href=\"https:\/\/poblenouurbandistrict.com\/es\/windows-art-circuit\/\"><span style=\"color: #000000;\"><strong>Windows Art Circuit \/ WAC<\/strong><\/span><\/a>, Pobenou Urban District organizes a program dedicated to Art with interventions of mural art by emerging artists and a collective exhibition of various disciplines as a central axis.<\/p>\n<p>&nbsp;<\/p>\n<h1>El Solar<\/h1>\n<p>In &#8220;El Solar&#8221;, located at c\/pujades 64-66, there will be mural interventions by different artists selected in the WAC call, experimenting and trying out new techniques and materials. All this mural proposal will coexist with DJ&#8217;s sessions, theatre, stencil workshops, augmented reality, gastronomy, sale of emerging art, creating an interdisciplinary event in one of the most emblematic plots of land in Poblenou.<\/p>\n<p>From 12h to 20h<\/p>\n<p>&nbsp;<\/p>\n<p>In the same line, in &#8220;La Fachada&#8221; in \u00c0vila with Pujades, will be another space where you can enjoy live large-format mural art interventions by a group of different artists throughout the day, activity framed in Windows Art Circuit \/ WAC and produced by Poblenou Urban District.<\/p>\n<p>From 12h to 20h<\/p>\n<p>&nbsp;<\/p>\n<h1><span style=\"color: #333333;\"><a style=\"color: #333333;\" href=\"https:\/\/www.baued.es\/\" target=\"_blank\" rel=\"noopener\"><strong>BAU<\/strong><\/a><\/span><\/h1>\n<p>The new BAU space, located at Ciutat de Granada 34, will become a cultural Hub where different activities will coexist. On the one hand, a group exhibition of the artists participating in this year&#8217;s edition of Windows Art Circuit \/ WAC, as well as previous editions with a point of sale of art with their latest works. Also scheduled is a talk by designer David Ruiz who will present his book *Irse, with creativity as a background and a lecture by Giles Pooley and Mike van der Noordt, founding partners of LuzidLab, presenting the CANVAS DIGITAL project; an augmented reality platform that allows artists to create digital art of all types and scales and project it in any urban space.<\/p>\n<p>12h to 14h Talk David Ruiz<\/p>\n<p>17h to 18h Talk Giles Pooley and Mike Van der Noordt<\/p>\n<p>&nbsp;<\/p>\n<h1><span style=\"color: #333333;\"><strong><a style=\"color: #333333;\" href=\"https:\/\/www.fundaciovilacasas.com\/ca\" target=\"_blank\" rel=\"noopener\">Museu Can Framis<\/a><\/strong><\/span><\/h1>\n<p>On 7 May, the museum is not only offering reduced admission, but is also organising a family activity called &#8220;Transporting Art&#8221;.<\/p>\n<p>An everyday object is hidden in some of the museum&#8217;s works. To discover it, families will have to let themselves be carried away by the colours, shapes and textures of the works and visit unexpected places. After the guided tour of the permanent exhibition, adults and children will put their discoveries into practice by creating their own work.<\/p>\n<p>Time: 11.30 a.m.<\/p>\n<p>Recommended minimum age: 5 years old<\/p>\n<p>Price: 8\u20ac per person<\/p>\n<p><span style=\"color: #000000;\"><strong><a style=\"color: #000000;\" href=\"https:\/\/www.fundaciovilacasas.com\/ca\/a\/taller-familiar-transportem-lart\" target=\"_blank\" rel=\"noopener\">Registration<\/a><\/strong><\/span><\/p>\n<p>&nbsp;<\/p>\n<h1><span style=\"color: #333333;\"><strong><a style=\"color: #333333;\" href=\"https:\/\/www.paloalto.barcelona\/\" target=\"_blank\" rel=\"noopener\">Palo Alto<\/a><\/strong><\/span><\/h1>\n<p>Collaborate with the people of Ukraine, come and see the exhibitions ONZE: 10 artists, 10 auctions, 1 cause and the collective Artist Against War, where there will be an art sales point. Visit Palo Alto, enjoy the exhibitions and have a vermouth in the garden. 100% of the proceeds will go to Health Warriors and the purchase of medical supplies for Ukraine. Sign up for guided tours. Free access to the site.<\/p>\n<p>Timetable from 10h to 14h<br \/>\nAddress: Pellaries 30-38<\/p>\n<p>&nbsp;<\/p>\n<h1><span style=\"color: #333333;\"><a style=\"color: #333333;\" href=\"https:\/\/www.instagram.com\/laplataformabcn\/\" target=\"_blank\" rel=\"noopener\"><strong>La Plataforma<\/strong><\/a><\/span><\/h1>\n<p>Opens its doors to inaugurate &#8220;Construcciones Anal\u00f3gicas&#8221;, a collaboration between the artists Ekaitz and Hern\u00e1ndez Deu. The exhibition is a conversation that lights up with a flickering light bulb, and is led with ease through emblematic pieces by both artists. You will be able to attend and enjoy the best cocktails and live DJ sessions by DJ Naro and Ele Rea.<\/p>\n<p>Time: 12h &#8211; 22h<br \/>\nAddress: Pujades, 99<\/p>\n<p>&nbsp;<\/p>\n<h1><span style=\"color: #333333;\"><strong><a style=\"color: #333333;\" href=\"https:\/\/www.instagram.com\/matiaskrahn_\/\" target=\"_blank\" rel=\"noopener\">Mat\u00edas Krahn<\/a><\/strong><\/span><\/h1>\n<p>The Chilean artist opens the doors of his studio where we will be able to discover his colourful works of art, which question the world around him, a specific circumstance and an environment, but also the most intimate and subjective. Interested in the balance between the exterior and the interior, he arranges the space and the figures it contains. His work, influenced by surrealism, is a mirror of the psyche and the unconscious, expressed in an infinite number of forms and tones.<\/p>\n<p>Opening hours: from 12 to 15h<\/p>\n<p>Address: Llull 63, 1r 3a<\/p>\n<p>&nbsp;<\/p>\n<h1><span style=\"color: #333333;\"><a style=\"color: #333333;\" href=\"https:\/\/www.instagram.com\/mermi_studio\/\" target=\"_blank\" rel=\"noopener\"><strong>Mermi Studio<\/strong><\/a><\/span><\/h1>\n<p>Mermi Studio invites us for this Poblenou Open Day to see the latest works of Philippe Mermi, where he explores movement and the interaction between space and symbol, and develops a pure visual language where movement and space interfere.<\/p>\n<p>Time: 12h to 20h<\/p>\n<p>Address: Pere IV, 51<\/p>\n<p>&nbsp;<\/p>\n<h1><span style=\"color: #333333;\"><a style=\"color: #333333;\" href=\"https:\/\/www.instagram.com\/chezxefo\/\" target=\"_blank\" rel=\"noopener\"><strong>Chez Xefo<\/strong><\/a><\/span><\/h1>\n<p>The gallery opens its doors with the exhibition &#8220;From Defragmentation to Unification&#8221; by Magda \u0106wik. Get ready to embrace a different perspective of reality and recognise the importance of the fragmentation of being. There will also be a poetic\/musical recital by the duet Piu Piu i la Mallarenga Sense Niu.<\/p>\n<p>Time: 12h to 21h<\/p>\n<p>Address: Badajoz 46<\/p>\n<p>&nbsp;<\/p>\n<h1><span style=\"color: #333333;\"><a style=\"color: #333333;\" href=\"https:\/\/www.instagram.com\/piramidoncentre\/\" target=\"_blank\" rel=\"noopener\"><strong>Piramid\u00f3n. Centre d&#8217;Art Contemporani<\/strong><\/a><\/span><\/h1>\n<p>Visit to the exhibition &#8220;Colectiva 2022_n2&#8221;, with the participation of the resident artists Pol Pint\u00f3, Stella Rahola, Marco Noris, Ana Monz\u00f3n, Eduard Resbier, Rosanna Casano, Tono Carbajo, Ded\u00e9 Lins, Iv\u00e1n Franco, Pepe Castellanos, Estefan\u00eda Urrutia, Jose Bonell, Pedro de Ribot, Yamand\u00fa Canosa and Kati Riquelme.<\/p>\n<p>At the same time, you will be able to enjoy a vermouth on the terrace of the centre, contemplating the views of the city.<\/p>\n<p>Timetable: from 11h to 14h<\/p>\n<p>Address: Concilio de Trento 313, 16\u00ba floor<\/p>\n<p>&nbsp;<\/p>\n<h1><span style=\"color: #333333;\"><a style=\"color: #333333;\" href=\"https:\/\/www.instagram.com\/garagepoblenou\/\" target=\"_blank\" rel=\"noopener\"><strong>Garage Beer Co Poblenou<\/strong><\/a><\/span><\/h1>\n<p>This year, Garage Beer Co Poblenou invites you to see the works of the artist Erika Rossi, Italian illustrator and designer. Specialising in digital illustration, Rossi also explores murals, textiles and toy design, among others. The activity will be free and open until full capacity is reached.<\/p>\n<p>Time: 17h to 21h<\/p>\n<p>Address: Passeig de Calvell, 45<\/p>\n<p>&nbsp;<\/p>\n<h1><strong><span style=\"color: #333333;\"><a style=\"color: #333333;\" href=\"https:\/\/www.instagram.com\/rosapalo_bcn\/\" target=\"_blank\" rel=\"noopener\">Rosapalo Bcn<\/a><\/span> by In\u00e9s Valls Fortuny<\/strong><strong>\u00a0<\/strong><\/h1>\n<p>In the Rosapalo Bcn space, In\u00e9s Valls Fortuny invites us to visit the collective exhibition &#8220;Arte en femenino&#8221;, where several Spanish artists come together to paint a tribute to women through their brushstrokes on 1\u00d71 canvases and with the colour lilac as a common thread.<\/p>\n<p>Opening hours: 12 to 20h<\/p>\n<p>Address: Pellaires, 3<\/p>\n<p>&nbsp;<\/p>\n<h1><span style=\"color: #333333;\"><a style=\"color: #333333;\" href=\"https:\/\/www.instagram.com\/carmina.wiegerinck\/\" target=\"_blank\" rel=\"noopener\"><strong>Carmina Wiegerinck<\/strong><strong>\u00a0<\/strong><\/a><\/span><\/h1>\n<p>A unique opportunity to get to know the studio of a live artist. Carmina Wiegerinck, a Brazilian-Dutch-Catalan sculptor who has lived in Barcelona for more than thirty years, opens the doors of her studio for the Poblenou Open Day where we can enjoy her works in a unique format.<\/p>\n<p>Timetable: from 12 noon to 2pm and from 5pm to 9pm.<\/p>\n<p>Address: Ciutat de Granada 9<\/p>\n<p>&nbsp;<\/p>\n<h1><span style=\"color: #333333;\"><a style=\"color: #333333;\" href=\"https:\/\/www.instagram.com\/carlesdecorral\/\" target=\"_blank\" rel=\"noopener\"><strong>Rosa de Foc<\/strong><\/a><\/span><\/h1>\n<p>For Poblenou Open Day, Carles de Corral invites us to visit his artistic space and workshop, to get to know his &#8220;physical Instagram&#8221; and chat with him while we enjoy a drink. What used to be the old shop is the shop window, and the back room, the workshop, both open to the public and open to visit.<\/p>\n<p>Opening hours: 11am to 7pm<\/p>\n<p>Address: Llacuna 5, baixos<\/p>\n<p>&nbsp;<\/p>\n<h1><span style=\"color: #333333;\"><a style=\"color: #333333;\" href=\"https:\/\/www.instagram.com\/valkiriahubspace\/\" target=\"_blank\" rel=\"noopener\"><strong>Valkiria Hub Space<\/strong><\/a><\/span><\/h1>\n<p>Valkiria and its restaurant Golden&amp;Smith also open their space this May 7th so you can take advantage of the last day of the Callum ANDREW Robertson exhibition, an exhibition of colour and design, influenced by New Zealand culture (Aotearoa).<\/p>\n<p>Time: from 10h to 18h<\/p>\n<p>Address: Pujades 126<\/p>\n<p>&nbsp;<\/p>\n<h1><span style=\"color: #333333;\"><a style=\"color: #333333;\" href=\"https:\/\/www.instagram.com\/lbgallery_barcelona\/\" target=\"_blank\" rel=\"noopener\">L&amp;B Gallery<\/a><\/span><\/h1>\n<p>L&amp;B Gallery opens with special opening hours and invites us to &#8220;Aperitif with the artist&#8221; in the context of the current group exhibition Blanc i negre with works by Vanessa Pey, Antonio Lazo, Xavi Mu\u00f1oz, Sito M\u00fajica, Meta Is\u00e6us-Berlin, Joan Ill and Pietro Capogrosso.<\/p>\n<p>Timetable: 11h &#8211; 14h and 17h &#8211; 20h<\/p>\n<p>Address: Carrer d&#8217;\u00c0laba, 58<\/p>\n<p>&nbsp;<\/p>\n<p>&nbsp;<\/p>","protected":false},"excerpt":{"rendered":"<p>For the Poblenou Open Day we propose a programme where Art is the protagonist, and in the Creative District there&#8230; <a href=\"https:\/\/poblenouurbandistrict.com\/en\/recorrer-el-circuit-dart-que-tofereix-el-poblenou-open-day\/\">More  \u2192<\/a><\/p>\n","protected":false},"author":5,"featured_media":29361,"comment_status":"closed","ping_status":"closed","sticky":false,"template":"","format":"standard","meta":{"_acf_changed":false,"footnotes":""},"categories":[3567,3364,1,3342],"tags":[],"class_list":["post-29359","post","type-post","status-publish","format-standard","has-post-thumbnail","hentry","category-poblenou-open-day-2","category-poblenou-urban-district","category-noticias","category-art"],"acf":[],"yoast_head":"<!-- This site is optimized with the Yoast SEO plugin v27.5 - https:\/\/yoast.com\/product\/yoast-seo-wordpress\/ -->\n<title>Art proposals of Poblenou Open Day &#8211; Poblenou Urban District<\/title>\n<meta name=\"description\" content=\"Descubre las propuestas de arte pl\u00e1stico del Poblenou Open Day que tendr\u00e1 lugar el pr\u00f3ximo 7 de mayo de 2022 en el Distrito Creativo.\" \/>\n<meta name=\"robots\" content=\"index, follow, max-snippet:-1, max-image-preview:large, max-video-preview:-1\" \/>\n<link rel=\"canonical\" href=\"https:\/\/poblenouurbandistrict.com\/en\/recorrer-el-circuit-dart-que-tofereix-el-poblenou-open-day\/\" \/>\n<meta property=\"og:locale\" content=\"en_US\" \/>\n<meta property=\"og:type\" content=\"article\" \/>\n<meta property=\"og:title\" content=\"Art proposals of Poblenou Open Day &#8211; Poblenou Urban District\" \/>\n<meta property=\"og:description\" content=\"Descubre las propuestas de arte pl\u00e1stico del Poblenou Open Day que tendr\u00e1 lugar el pr\u00f3ximo 7 de mayo de 2022 en el Distrito Creativo.\" \/>\n<meta property=\"og:url\" content=\"https:\/\/poblenouurbandistrict.com\/en\/recorrer-el-circuit-dart-que-tofereix-el-poblenou-open-day\/\" \/>\n<meta property=\"og:site_name\" content=\"Poblenou Urban District\" \/>\n<meta property=\"article:published_time\" content=\"2022-04-27T11:32:04+00:00\" \/>\n<meta property=\"article:modified_time\" content=\"2022-05-05T16:52:25+00:00\" \/>\n<meta property=\"og:image\" content=\"https:\/\/poblenouurbandistrict.com\/wp-content\/uploads\/2022\/04\/openday18-samuelmas-04-1-3.jpg\" \/>\n\t<meta property=\"og:image:width\" content=\"1000\" \/>\n\t<meta property=\"og:image:height\" content=\"668\" \/>\n\t<meta property=\"og:image:type\" content=\"image\/jpeg\" \/>\n<meta name=\"author\" content=\"pnud\" \/>\n<meta name=\"twitter:card\" content=\"summary_large_image\" \/>\n<meta name=\"twitter:label1\" content=\"Written by\" \/>\n\t<meta name=\"twitter:data1\" content=\"pnud\" \/>\n\t<meta name=\"twitter:label2\" content=\"Est. reading time\" \/>\n\t<meta name=\"twitter:data2\" content=\"6 minutes\" \/>\n<script type=\"application\/ld+json\" class=\"yoast-schema-graph\">{\"@context\":\"https:\\\/\\\/schema.org\",\"@graph\":[{\"@type\":\"Article\",\"@id\":\"https:\\\/\\\/poblenouurbandistrict.com\\\/recorrer-el-circuit-dart-que-tofereix-el-poblenou-open-day\\\/#article\",\"isPartOf\":{\"@id\":\"https:\\\/\\\/poblenouurbandistrict.com\\\/recorrer-el-circuit-dart-que-tofereix-el-poblenou-open-day\\\/\"},\"author\":{\"name\":\"pnud\",\"@id\":\"https:\\\/\\\/poblenouurbandistrict.com\\\/#\\\/schema\\\/person\\\/980a2cf34b399d5218205730acd54a7e\"},\"headline\":\"Art proposals of Poblenou Open Day\",\"datePublished\":\"2022-04-27T11:32:04+00:00\",\"dateModified\":\"2022-05-05T16:52:25+00:00\",\"mainEntityOfPage\":{\"@id\":\"https:\\\/\\\/poblenouurbandistrict.com\\\/recorrer-el-circuit-dart-que-tofereix-el-poblenou-open-day\\\/\"},\"wordCount\":4044,\"image\":{\"@id\":\"https:\\\/\\\/poblenouurbandistrict.com\\\/recorrer-el-circuit-dart-que-tofereix-el-poblenou-open-day\\\/#primaryimage\"},\"thumbnailUrl\":\"https:\\\/\\\/media.poblenouurbandistrict.com\\\/2022\\\/04\\\/25050709\\\/openday18-samuelmas-04-1-3.jpg\",\"articleSection\":[\"Poblenou Open Day\",\"Poblenou Urban District\",\"What's going on\",\"Art\"],\"inLanguage\":\"en-US\"},{\"@type\":\"WebPage\",\"@id\":\"https:\\\/\\\/poblenouurbandistrict.com\\\/en\\\/recorrer-el-circuit-dart-que-tofereix-el-poblenou-open-day\\\/\",\"url\":\"https:\\\/\\\/poblenouurbandistrict.com\\\/en\\\/recorrer-el-circuit-dart-que-tofereix-el-poblenou-open-day\\\/\",\"name\":\"Art proposals of Poblenou Open Day &#8211; Poblenou Urban District\",\"isPartOf\":{\"@id\":\"https:\\\/\\\/poblenouurbandistrict.com\\\/en\\\/#website\"},\"primaryImageOfPage\":{\"@id\":\"https:\\\/\\\/poblenouurbandistrict.com\\\/en\\\/recorrer-el-circuit-dart-que-tofereix-el-poblenou-open-day\\\/#primaryimage\"},\"image\":{\"@id\":\"https:\\\/\\\/poblenouurbandistrict.com\\\/recorrer-el-circuit-dart-que-tofereix-el-poblenou-open-day\\\/#primaryimage\"},\"thumbnailUrl\":\"https:\\\/\\\/media.poblenouurbandistrict.com\\\/2022\\\/04\\\/25050709\\\/openday18-samuelmas-04-1-3.jpg\",\"datePublished\":\"2022-04-27T11:32:04+00:00\",\"dateModified\":\"2022-05-05T16:52:25+00:00\",\"author\":{\"@id\":\"https:\\\/\\\/poblenouurbandistrict.com\\\/#\\\/schema\\\/person\\\/980a2cf34b399d5218205730acd54a7e\"},\"description\":\"Descubre las propuestas de arte pl\u00e1stico del Poblenou Open Day que tendr\u00e1 lugar el pr\u00f3ximo 7 de mayo de 2022 en el Distrito Creativo.\",\"breadcrumb\":{\"@id\":\"https:\\\/\\\/poblenouurbandistrict.com\\\/en\\\/recorrer-el-circuit-dart-que-tofereix-el-poblenou-open-day\\\/#breadcrumb\"},\"inLanguage\":\"en-US\",\"potentialAction\":[{\"@type\":\"ReadAction\",\"target\":[[\"https:\\\/\\\/poblenouurbandistrict.com\\\/en\\\/recorrer-el-circuit-dart-que-tofereix-el-poblenou-open-day\\\/\"]]}]},{\"@type\":\"ImageObject\",\"inLanguage\":\"en-US\",\"@id\":\"https:\\\/\\\/poblenouurbandistrict.com\\\/en\\\/recorrer-el-circuit-dart-que-tofereix-el-poblenou-open-day\\\/#primaryimage\",\"url\":\"https:\\\/\\\/media.poblenouurbandistrict.com\\\/2022\\\/04\\\/25050709\\\/openday18-samuelmas-04-1-3.jpg\",\"contentUrl\":\"https:\\\/\\\/media.poblenouurbandistrict.com\\\/2022\\\/04\\\/25050709\\\/openday18-samuelmas-04-1-3.jpg\",\"width\":1000,\"height\":668},{\"@type\":\"BreadcrumbList\",\"@id\":\"https:\\\/\\\/poblenouurbandistrict.com\\\/en\\\/recorrer-el-circuit-dart-que-tofereix-el-poblenou-open-day\\\/#breadcrumb\",\"itemListElement\":[{\"@type\":\"ListItem\",\"position\":1,\"name\":\"Home\",\"item\":\"https:\\\/\\\/poblenouurbandistrict.com\\\/en\\\/\"},{\"@type\":\"ListItem\",\"position\":2,\"name\":\"Recorre el circuit d&#8217;Art que t&#8217;ofereix el Poblenou Open Day\"}]},{\"@type\":\"WebSite\",\"@id\":\"https:\\\/\\\/poblenouurbandistrict.com\\\/en\\\/#website\",\"url\":\"https:\\\/\\\/poblenouurbandistrict.com\\\/en\\\/\",\"name\":\"Poblenou Urban District\",\"description\":\"Creative Community\",\"potentialAction\":[{\"@type\":\"SearchAction\",\"target\":{\"@type\":\"EntryPoint\",\"urlTemplate\":\"https:\\\/\\\/poblenouurbandistrict.com\\\/en\\\/?s={search_term_string}\"},\"query-input\":{\"@type\":\"PropertyValueSpecification\",\"valueRequired\":true,\"valueName\":\"search_term_string\"}}],\"inLanguage\":\"en-US\"},{\"@type\":\"Person\",\"@id\":\"https:\\\/\\\/poblenouurbandistrict.com\\\/#\\\/schema\\\/person\\\/980a2cf34b399d5218205730acd54a7e\",\"name\":\"pnud\",\"image\":{\"@type\":\"ImageObject\",\"inLanguage\":\"en-US\",\"@id\":\"https:\\\/\\\/secure.gravatar.com\\\/avatar\\\/67146597b405ee077a24e519f75c3e2031736596d6ce35af3a34c122c93d0d7b?s=96&d=retro&r=g\",\"url\":\"https:\\\/\\\/secure.gravatar.com\\\/avatar\\\/67146597b405ee077a24e519f75c3e2031736596d6ce35af3a34c122c93d0d7b?s=96&d=retro&r=g\",\"contentUrl\":\"https:\\\/\\\/secure.gravatar.com\\\/avatar\\\/67146597b405ee077a24e519f75c3e2031736596d6ce35af3a34c122c93d0d7b?s=96&d=retro&r=g\",\"caption\":\"pnud\"}}]}<\/script>\n<!-- \/ Yoast SEO plugin. -->","yoast_head_json":{"title":"Art proposals of Poblenou Open Day &#8211; Poblenou Urban District","description":"Descubre las propuestas de arte pl\u00e1stico del Poblenou Open Day que tendr\u00e1 lugar el pr\u00f3ximo 7 de mayo de 2022 en el Distrito Creativo.","robots":{"index":"index","follow":"follow","max-snippet":"max-snippet:-1","max-image-preview":"max-image-preview:large","max-video-preview":"max-video-preview:-1"},"canonical":"https:\/\/poblenouurbandistrict.com\/en\/recorrer-el-circuit-dart-que-tofereix-el-poblenou-open-day\/","og_locale":"en_US","og_type":"article","og_title":"Art proposals of Poblenou Open Day &#8211; Poblenou Urban District","og_description":"Descubre las propuestas de arte pl\u00e1stico del Poblenou Open Day que tendr\u00e1 lugar el pr\u00f3ximo 7 de mayo de 2022 en el Distrito Creativo.","og_url":"https:\/\/poblenouurbandistrict.com\/en\/recorrer-el-circuit-dart-que-tofereix-el-poblenou-open-day\/","og_site_name":"Poblenou Urban District","article_published_time":"2022-04-27T11:32:04+00:00","article_modified_time":"2022-05-05T16:52:25+00:00","og_image":[{"width":1000,"height":668,"url":"https:\/\/poblenouurbandistrict.com\/wp-content\/uploads\/2022\/04\/openday18-samuelmas-04-1-3.jpg","type":"image\/jpeg"}],"author":"pnud","twitter_card":"summary_large_image","twitter_misc":{"Written by":"pnud","Est. reading time":"6 minutes"},"schema":{"@context":"https:\/\/schema.org","@graph":[{"@type":"Article","@id":"https:\/\/poblenouurbandistrict.com\/recorrer-el-circuit-dart-que-tofereix-el-poblenou-open-day\/#article","isPartOf":{"@id":"https:\/\/poblenouurbandistrict.com\/recorrer-el-circuit-dart-que-tofereix-el-poblenou-open-day\/"},"author":{"name":"pnud","@id":"https:\/\/poblenouurbandistrict.com\/#\/schema\/person\/980a2cf34b399d5218205730acd54a7e"},"headline":"Art proposals of Poblenou Open Day","datePublished":"2022-04-27T11:32:04+00:00","dateModified":"2022-05-05T16:52:25+00:00","mainEntityOfPage":{"@id":"https:\/\/poblenouurbandistrict.com\/recorrer-el-circuit-dart-que-tofereix-el-poblenou-open-day\/"},"wordCount":4044,"image":{"@id":"https:\/\/poblenouurbandistrict.com\/recorrer-el-circuit-dart-que-tofereix-el-poblenou-open-day\/#primaryimage"},"thumbnailUrl":"https:\/\/media.poblenouurbandistrict.com\/2022\/04\/25050709\/openday18-samuelmas-04-1-3.jpg","articleSection":["Poblenou Open Day","Poblenou Urban District","What's going on","Art"],"inLanguage":"en-US"},{"@type":"WebPage","@id":"https:\/\/poblenouurbandistrict.com\/en\/recorrer-el-circuit-dart-que-tofereix-el-poblenou-open-day\/","url":"https:\/\/poblenouurbandistrict.com\/en\/recorrer-el-circuit-dart-que-tofereix-el-poblenou-open-day\/","name":"Art proposals of Poblenou Open Day &#8211; Poblenou Urban District","isPartOf":{"@id":"https:\/\/poblenouurbandistrict.com\/en\/#website"},"primaryImageOfPage":{"@id":"https:\/\/poblenouurbandistrict.com\/en\/recorrer-el-circuit-dart-que-tofereix-el-poblenou-open-day\/#primaryimage"},"image":{"@id":"https:\/\/poblenouurbandistrict.com\/recorrer-el-circuit-dart-que-tofereix-el-poblenou-open-day\/#primaryimage"},"thumbnailUrl":"https:\/\/media.poblenouurbandistrict.com\/2022\/04\/25050709\/openday18-samuelmas-04-1-3.jpg","datePublished":"2022-04-27T11:32:04+00:00","dateModified":"2022-05-05T16:52:25+00:00","author":{"@id":"https:\/\/poblenouurbandistrict.com\/#\/schema\/person\/980a2cf34b399d5218205730acd54a7e"},"description":"Descubre las propuestas de arte pl\u00e1stico del Poblenou Open Day que tendr\u00e1 lugar el pr\u00f3ximo 7 de mayo de 2022 en el Distrito Creativo.","breadcrumb":{"@id":"https:\/\/poblenouurbandistrict.com\/en\/recorrer-el-circuit-dart-que-tofereix-el-poblenou-open-day\/#breadcrumb"},"inLanguage":"en-US","potentialAction":[{"@type":"ReadAction","target":[["https:\/\/poblenouurbandistrict.com\/en\/recorrer-el-circuit-dart-que-tofereix-el-poblenou-open-day\/"]]}]},{"@type":"ImageObject","inLanguage":"en-US","@id":"https:\/\/poblenouurbandistrict.com\/en\/recorrer-el-circuit-dart-que-tofereix-el-poblenou-open-day\/#primaryimage","url":"https:\/\/media.poblenouurbandistrict.com\/2022\/04\/25050709\/openday18-samuelmas-04-1-3.jpg","contentUrl":"https:\/\/media.poblenouurbandistrict.com\/2022\/04\/25050709\/openday18-samuelmas-04-1-3.jpg","width":1000,"height":668},{"@type":"BreadcrumbList","@id":"https:\/\/poblenouurbandistrict.com\/en\/recorrer-el-circuit-dart-que-tofereix-el-poblenou-open-day\/#breadcrumb","itemListElement":[{"@type":"ListItem","position":1,"name":"Home","item":"https:\/\/poblenouurbandistrict.com\/en\/"},{"@type":"ListItem","position":2,"name":"Recorre el circuit d&#8217;Art que t&#8217;ofereix el Poblenou Open Day"}]},{"@type":"WebSite","@id":"https:\/\/poblenouurbandistrict.com\/en\/#website","url":"https:\/\/poblenouurbandistrict.com\/en\/","name":"Poblenou Urban District","description":"Creative Community","potentialAction":[{"@type":"SearchAction","target":{"@type":"EntryPoint","urlTemplate":"https:\/\/poblenouurbandistrict.com\/en\/?s={search_term_string}"},"query-input":{"@type":"PropertyValueSpecification","valueRequired":true,"valueName":"search_term_string"}}],"inLanguage":"en-US"},{"@type":"Person","@id":"https:\/\/poblenouurbandistrict.com\/#\/schema\/person\/980a2cf34b399d5218205730acd54a7e","name":"pnud","image":{"@type":"ImageObject","inLanguage":"en-US","@id":"https:\/\/secure.gravatar.com\/avatar\/67146597b405ee077a24e519f75c3e2031736596d6ce35af3a34c122c93d0d7b?s=96&d=retro&r=g","url":"https:\/\/secure.gravatar.com\/avatar\/67146597b405ee077a24e519f75c3e2031736596d6ce35af3a34c122c93d0d7b?s=96&d=retro&r=g","contentUrl":"https:\/\/secure.gravatar.com\/avatar\/67146597b405ee077a24e519f75c3e2031736596d6ce35af3a34c122c93d0d7b?s=96&d=retro&r=g","caption":"pnud"}}]}},"_links":{"self":[{"href":"https:\/\/poblenouurbandistrict.com\/en\/wp-json\/wp\/v2\/posts\/29359","targetHints":{"allow":["GET"]}}],"collection":[{"href":"https:\/\/poblenouurbandistrict.com\/en\/wp-json\/wp\/v2\/posts"}],"about":[{"href":"https:\/\/poblenouurbandistrict.com\/en\/wp-json\/wp\/v2\/types\/post"}],"author":[{"embeddable":true,"href":"https:\/\/poblenouurbandistrict.com\/en\/wp-json\/wp\/v2\/users\/5"}],"replies":[{"embeddable":true,"href":"https:\/\/poblenouurbandistrict.com\/en\/wp-json\/wp\/v2\/comments?post=29359"}],"version-history":[{"count":17,"href":"https:\/\/poblenouurbandistrict.com\/en\/wp-json\/wp\/v2\/posts\/29359\/revisions"}],"predecessor-version":[{"id":29908,"href":"https:\/\/poblenouurbandistrict.com\/en\/wp-json\/wp\/v2\/posts\/29359\/revisions\/29908"}],"wp:featuredmedia":[{"embeddable":true,"href":"https:\/\/poblenouurbandistrict.com\/en\/wp-json\/wp\/v2\/media\/29361"}],"wp:attachment":[{"href":"https:\/\/poblenouurbandistrict.com\/en\/wp-json\/wp\/v2\/media?parent=29359"}],"wp:term":[{"taxonomy":"category","embeddable":true,"href":"https:\/\/poblenouurbandistrict.com\/en\/wp-json\/wp\/v2\/categories?post=29359"},{"taxonomy":"post_tag","embeddable":true,"href":"https:\/\/poblenouurbandistrict.com\/en\/wp-json\/wp\/v2\/tags?post=29359"}],"curies":[{"name":"wp","href":"https:\/\/api.w.org\/{rel}","templated":true}]}}