{"id":29599,"date":"2022-05-03T10:02:00","date_gmt":"2022-05-03T08:02:00","guid":{"rendered":"https:\/\/poblenouurbandistrict.com\/?p=29599"},"modified":"2022-05-03T10:44:51","modified_gmt":"2022-05-03T08:44:51","slug":"totes-les-propostes-de-disseny-i-arquitectura-del-poblenou-open-day","status":"publish","type":"post","link":"https:\/\/poblenouurbandistrict.com\/en\/totes-les-propostes-de-disseny-i-arquitectura-del-poblenou-open-day\/","title":{"rendered":"All the design and architecture proposals of Poblenou Open Day"},"content":{"rendered":"<p>The spaces dedicated to and specialising in Design and Architecture have surprises and activities planned for 7 May. They will open their doors to present their latest projects, current exhibitions and the most innovative installations during the tenth edition of <span style=\"font-weight: 400; color: #333333;\"><strong><a style=\"color: #333333;\" href=\"https:\/\/poblenouurbandistrict.com\/es\/open-day\/\" target=\"_blank\" rel=\"noopener\">Poblenou Open Day<\/a><\/strong><\/span>. Here are their proposals.<\/p>\n<p>&nbsp;<\/p>\n<h1>ProtoPixel<\/h1>\n<p><span style=\"color: #000000;\"><a style=\"color: #000000;\" href=\"https:\/\/www.protopixel.io\/\" target=\"_blank\" rel=\"noopener\"><strong>ProtoPixel<\/strong><\/a><\/span> will participate with the lighting of the space of the new hotel <span style=\"color: #000000;\"><strong><a style=\"color: #000000;\" href=\"https:\/\/thehoxton.com\/es\/poblenou\/\" target=\"_blank\" rel=\"noopener\">The Hoxton Poblenou<\/a><\/strong><\/span> with the <strong>MONOLIGHT<\/strong> light piece.<\/p>\n<p>The Monolight is a 1m x 2.80m light structure made up of 300 pixels and more than 5,000 LEDs capable of recreating images and content. With its great dynamism and a wide palette of colours, the Monolight allows the user to enjoy a unique lighting experience.<\/p>\n<p>Opening hours: 12h &#8211; 20h<\/p>\n<p>Address: The Hoxton Poblenou, Avinguda Diagonal, 205<\/p>\n<p>&nbsp;<\/p>\n<h1>IAAC<\/h1>\n<p>At <span style=\"font-weight: 400; color: #333333;\"><strong><a style=\"color: #333333;\" href=\"https:\/\/iaac.net\/educational-programmes\/masters-programmes\/mddi-master-in-distributed-design-innovation\/?gclid=Cj0KCQjwma6TBhDIARIsAOKuANzy_ps-gkL6l1cJVJZtLzx-3O5Vc-9OD9NZkDfshI8F8fsxCYUgq6waAqQXEALw_wcB\" target=\"_blank\" rel=\"noopener\">IAAC<\/a><\/strong><\/span> from 12h to 20h you can visit the installation &#8220;<em><strong>A\u00efgua Invisible<\/strong><\/em>&#8221; created by the students of the second year of the Master in Advanced Architecture for this year&#8217;s Llum Festival.<\/p>\n<p>Water is the essence of life. It is part of the production chain of most everyday objects, from consumer goods to the energy we consume. More importantly, however, it plays a crucial role in the process of producing the food we eat. Water leaves marks all around us, some of which are difficult to see. Let the light show you what is hidden behind the curtain. Come and see what is invisible. Enjoy the show and learn more about the &#8220;water footprint&#8221;.<\/p>\n<p>By interacting with the installation A\u00efgua Invisible (Invisible Water), visitors will gain knowledge about the water footprint of the most common food products consumed every day in Europe. To clearly visualise the idea behind the notion of &#8220;water footprint&#8221;, the skin of the structure is composed of a multitude of plastic bottles. The number of bottles that light up with each product on display corresponds proportionally to their actual water footprint in &#8220;invisible litres&#8221;.<\/p>\n<p>The visit is free and the installation will be located inside its space.<\/p>\n<p>Timetable: 12h &#8211; 20h<\/p>\n<p>Address: Pujades 102<\/p>\n<p>&nbsp;<\/p>\n<h1>Fab Lab Barcelona<\/h1>\n<p>At <span style=\"font-weight: 400; color: #333333;\"><strong><a style=\"color: #333333;\" href=\"https:\/\/fablabbcn.org\/\" target=\"_blank\" rel=\"noopener\">Fab Lab Barcelona<\/a><\/strong><\/span> the public will be able to discover the exhibition &#8220;Towards a productive neighbourhood in Poblenou&#8221;, which will include objects, posters, physical and audiovisual materials developed by Fab Lab in projects connected with the concept of the productive city and in the context of Fab Cities.<\/p>\n<p>A productive city or neighbourhood develops its food, energy and materials systems to build an inclusive, diverse, self-sufficient and sustainable urban environment. Fab Lab Barcelona works on educational programmes and research projects to implement innovative ideas and prototypes towards a more productive city and neighbourhood in Poblenou.<\/p>\n<p>Timetable: 12h &#8211; 21h<\/p>\n<p>Address: Pujades 102<\/p>\n<p>&nbsp;<\/p>\n<h1>Medio Design<\/h1>\n<p><span style=\"font-weight: 400; color: #333333;\"><strong><a style=\"color: #333333;\" href=\"https:\/\/www.mediodesign.com\/\" target=\"_blank\" rel=\"noopener\">Medio Design<\/a><\/strong> <\/span> opens its doors to the public to celebrate a new open day with two main activities.<\/p>\n<p>On the one hand, there will be an exhibition of projects in progress. Three exhibitions of projects in development will show in detail the creative process of an architecture and design studio that uses advanced technology with an artisanal sensibility.<\/p>\n<p>The projects are: a light installation for a commercial space; a customised display stand and a topographical sculpture project.<\/p>\n<p>Opening hours: 12h &#8211; 19h<\/p>\n<p>Address: Pallars, 85-91, 5-2<\/p>\n<p><span style=\"color: #333333;\"><strong><a style=\"color: #333333;\" href=\"https:\/\/www.eventbrite.com\/e\/entradas-puertas-abiertas-medio-design-poblenou-open-day-22-318710179727?aff=odeimcmailchimp&amp;mc_eid=aac89ad487&amp;mc_cid=34b771d643\" target=\"_blank\" rel=\"noopener\">Tickets<\/a><\/strong><\/span><\/p>\n<p>&nbsp;<\/p>\n<h1>L&#8217;Idem<\/h1>\n<p>For the Poblenou Open Day, there will be an Open Day at <span style=\"font-weight: 400; color: #333333;\"><strong><a style=\"color: #333333;\" href=\"https:\/\/www.lidembarcelona.com\/?utm_source=google&amp;utm_medium=cpc&amp;utm_campaign=es_marca&amp;utm_term=es&amp;gclid=Cj0KCQjwma6TBhDIARIsAOKuANwUdyWKiETrncPzwlwYM2lVEtAfU9hpRXkYVJOlk2NnL3wkwQjO9MYaAiI2EALw_wcB\" target=\"_blank\" rel=\"noopener\">L\u2019Idem<\/a><\/strong><\/span>\u00a0in which everyone will be able to visit the school and enjoy a visionary of all the animation shorts that its students have made over the last 10 years.<\/p>\n<p>Timetable: 10h &#8211; 19h<\/p>\n<p>Address: Carrer de la Ciutat de Granada, 53, 57<\/p>\n<p><span style=\"color: #333333;\"><strong><a style=\"color: #333333;\" href=\"https:\/\/www.eventbrite.es\/e\/entradas-lidem-barcelona-jornada-de-puertas-abiertas-7-de-mayo-323251482887\" target=\"_blank\" rel=\"noopener\">Tickets<\/a><\/strong><\/span><\/p>\n<p>&nbsp;<\/p>\n<h1>BD Barcelona Design<\/h1>\n<p><span style=\"font-weight: 400; color: #333333;\"><strong><a style=\"color: #333333;\" href=\"https:\/\/www.bdbarcelona.com\/\" target=\"_blank\" rel=\"noopener\">BD Barcelona Design<\/a><\/strong><\/span> celebrates with us in this Poblenou Open Day its 50th anniversary, and presents in its open day the novelties of the 2022 collection: chairs, sofas, objects, tables and much more that reflects the intersection between art and design.<\/p>\n<p>Opening hours: 10h &#8211; 14h and 14h30 &#8211; 19h<\/p>\n<p>Address: Ramon Turr\u00f3, 126<\/p>\n<p>&nbsp;<\/p>\n<p>&nbsp;<\/p>\n<p>&nbsp;<\/p>","protected":false},"excerpt":{"rendered":"<p>The spaces dedicated to and specialising in Design and Architecture have surprises and activities planned for 7 May. They will&#8230; <a href=\"https:\/\/poblenouurbandistrict.com\/en\/totes-les-propostes-de-disseny-i-arquitectura-del-poblenou-open-day\/\">More  \u2192<\/a><\/p>\n","protected":false},"author":5,"featured_media":29659,"comment_status":"closed","ping_status":"closed","sticky":false,"template":"","format":"standard","meta":{"_acf_changed":false,"footnotes":""},"categories":[3567,1],"tags":[],"class_list":["post-29599","post","type-post","status-publish","format-standard","has-post-thumbnail","hentry","category-poblenou-open-day-2","category-noticias"],"acf":[],"yoast_head":"<!-- This site is optimized with the Yoast SEO plugin v27.5 - https:\/\/yoast.com\/product\/yoast-seo-wordpress\/ -->\n<title>All the design and architecture proposals of Poblenou Open Day<\/title>\n<meta name=\"description\" content=\"Proyectos de dise\u00f1o y arquitectura tambi\u00e9n ser\u00e1n parte de la programaci\u00f3n del Poblenou Open Day el pr\u00f3ximo 7 de mayo.\" \/>\n<meta name=\"robots\" content=\"index, follow, max-snippet:-1, max-image-preview:large, max-video-preview:-1\" \/>\n<link rel=\"canonical\" href=\"https:\/\/poblenouurbandistrict.com\/en\/totes-les-propostes-de-disseny-i-arquitectura-del-poblenou-open-day\/\" \/>\n<meta property=\"og:locale\" content=\"en_US\" \/>\n<meta property=\"og:type\" content=\"article\" \/>\n<meta property=\"og:title\" content=\"All the design and architecture proposals of Poblenou Open Day\" \/>\n<meta property=\"og:description\" content=\"Proyectos de dise\u00f1o y arquitectura tambi\u00e9n ser\u00e1n parte de la programaci\u00f3n del Poblenou Open Day el pr\u00f3ximo 7 de mayo.\" \/>\n<meta property=\"og:url\" content=\"https:\/\/poblenouurbandistrict.com\/en\/totes-les-propostes-de-disseny-i-arquitectura-del-poblenou-open-day\/\" \/>\n<meta property=\"og:site_name\" content=\"Poblenou Urban District\" \/>\n<meta property=\"article:published_time\" content=\"2022-05-03T08:02:00+00:00\" \/>\n<meta property=\"article:modified_time\" content=\"2022-05-03T08:44:51+00:00\" \/>\n<meta property=\"og:image\" content=\"https:\/\/poblenouurbandistrict.com\/wp-content\/uploads\/2022\/05\/279522412-813099189650888-8029153394779672269-n.jpg\" \/>\n\t<meta property=\"og:image:width\" content=\"1080\" \/>\n\t<meta property=\"og:image:height\" content=\"718\" \/>\n\t<meta property=\"og:image:type\" content=\"image\/jpeg\" \/>\n<meta name=\"author\" content=\"pnud\" \/>\n<meta name=\"twitter:card\" content=\"summary_large_image\" \/>\n<meta name=\"twitter:label1\" content=\"Written by\" \/>\n\t<meta name=\"twitter:data1\" content=\"pnud\" \/>\n\t<meta name=\"twitter:label2\" content=\"Est. reading time\" \/>\n\t<meta name=\"twitter:data2\" content=\"3 minutes\" \/>\n<script type=\"application\/ld+json\" class=\"yoast-schema-graph\">{\"@context\":\"https:\\\/\\\/schema.org\",\"@graph\":[{\"@type\":\"Article\",\"@id\":\"https:\\\/\\\/poblenouurbandistrict.com\\\/totes-les-propostes-de-disseny-i-arquitectura-del-poblenou-open-day\\\/#article\",\"isPartOf\":{\"@id\":\"https:\\\/\\\/poblenouurbandistrict.com\\\/totes-les-propostes-de-disseny-i-arquitectura-del-poblenou-open-day\\\/\"},\"author\":{\"name\":\"pnud\",\"@id\":\"https:\\\/\\\/poblenouurbandistrict.com\\\/#\\\/schema\\\/person\\\/980a2cf34b399d5218205730acd54a7e\"},\"headline\":\"All the design and architecture proposals of Poblenou Open Day\",\"datePublished\":\"2022-05-03T08:02:00+00:00\",\"dateModified\":\"2022-05-03T08:44:51+00:00\",\"mainEntityOfPage\":{\"@id\":\"https:\\\/\\\/poblenouurbandistrict.com\\\/totes-les-propostes-de-disseny-i-arquitectura-del-poblenou-open-day\\\/\"},\"wordCount\":2175,\"image\":{\"@id\":\"https:\\\/\\\/poblenouurbandistrict.com\\\/totes-les-propostes-de-disseny-i-arquitectura-del-poblenou-open-day\\\/#primaryimage\"},\"thumbnailUrl\":\"https:\\\/\\\/media.poblenouurbandistrict.com\\\/2022\\\/05\\\/25050924\\\/279522412-813099189650888-8029153394779672269-n.jpg\",\"articleSection\":[\"Poblenou Open Day\",\"What's going on\"],\"inLanguage\":\"en-US\"},{\"@type\":\"WebPage\",\"@id\":\"https:\\\/\\\/poblenouurbandistrict.com\\\/en\\\/totes-les-propostes-de-disseny-i-arquitectura-del-poblenou-open-day\\\/\",\"url\":\"https:\\\/\\\/poblenouurbandistrict.com\\\/en\\\/totes-les-propostes-de-disseny-i-arquitectura-del-poblenou-open-day\\\/\",\"name\":\"All the design and architecture proposals of Poblenou Open Day\",\"isPartOf\":{\"@id\":\"https:\\\/\\\/poblenouurbandistrict.com\\\/en\\\/#website\"},\"primaryImageOfPage\":{\"@id\":\"https:\\\/\\\/poblenouurbandistrict.com\\\/en\\\/totes-les-propostes-de-disseny-i-arquitectura-del-poblenou-open-day\\\/#primaryimage\"},\"image\":{\"@id\":\"https:\\\/\\\/poblenouurbandistrict.com\\\/totes-les-propostes-de-disseny-i-arquitectura-del-poblenou-open-day\\\/#primaryimage\"},\"thumbnailUrl\":\"https:\\\/\\\/media.poblenouurbandistrict.com\\\/2022\\\/05\\\/25050924\\\/279522412-813099189650888-8029153394779672269-n.jpg\",\"datePublished\":\"2022-05-03T08:02:00+00:00\",\"dateModified\":\"2022-05-03T08:44:51+00:00\",\"author\":{\"@id\":\"https:\\\/\\\/poblenouurbandistrict.com\\\/#\\\/schema\\\/person\\\/980a2cf34b399d5218205730acd54a7e\"},\"description\":\"Proyectos de dise\u00f1o y arquitectura tambi\u00e9n ser\u00e1n parte de la programaci\u00f3n del Poblenou Open Day el pr\u00f3ximo 7 de mayo.\",\"breadcrumb\":{\"@id\":\"https:\\\/\\\/poblenouurbandistrict.com\\\/en\\\/totes-les-propostes-de-disseny-i-arquitectura-del-poblenou-open-day\\\/#breadcrumb\"},\"inLanguage\":\"en-US\",\"potentialAction\":[{\"@type\":\"ReadAction\",\"target\":[[\"https:\\\/\\\/poblenouurbandistrict.com\\\/en\\\/totes-les-propostes-de-disseny-i-arquitectura-del-poblenou-open-day\\\/\"]]}]},{\"@type\":\"ImageObject\",\"inLanguage\":\"en-US\",\"@id\":\"https:\\\/\\\/poblenouurbandistrict.com\\\/en\\\/totes-les-propostes-de-disseny-i-arquitectura-del-poblenou-open-day\\\/#primaryimage\",\"url\":\"https:\\\/\\\/media.poblenouurbandistrict.com\\\/2022\\\/05\\\/25050924\\\/279522412-813099189650888-8029153394779672269-n.jpg\",\"contentUrl\":\"https:\\\/\\\/media.poblenouurbandistrict.com\\\/2022\\\/05\\\/25050924\\\/279522412-813099189650888-8029153394779672269-n.jpg\",\"width\":1080,\"height\":718},{\"@type\":\"BreadcrumbList\",\"@id\":\"https:\\\/\\\/poblenouurbandistrict.com\\\/en\\\/totes-les-propostes-de-disseny-i-arquitectura-del-poblenou-open-day\\\/#breadcrumb\",\"itemListElement\":[{\"@type\":\"ListItem\",\"position\":1,\"name\":\"Home\",\"item\":\"https:\\\/\\\/poblenouurbandistrict.com\\\/en\\\/\"},{\"@type\":\"ListItem\",\"position\":2,\"name\":\"Totes les propostes de disseny i arquitectura del Poblenou Open Day\"}]},{\"@type\":\"WebSite\",\"@id\":\"https:\\\/\\\/poblenouurbandistrict.com\\\/en\\\/#website\",\"url\":\"https:\\\/\\\/poblenouurbandistrict.com\\\/en\\\/\",\"name\":\"Poblenou Urban District\",\"description\":\"Creative Community\",\"potentialAction\":[{\"@type\":\"SearchAction\",\"target\":{\"@type\":\"EntryPoint\",\"urlTemplate\":\"https:\\\/\\\/poblenouurbandistrict.com\\\/en\\\/?s={search_term_string}\"},\"query-input\":{\"@type\":\"PropertyValueSpecification\",\"valueRequired\":true,\"valueName\":\"search_term_string\"}}],\"inLanguage\":\"en-US\"},{\"@type\":\"Person\",\"@id\":\"https:\\\/\\\/poblenouurbandistrict.com\\\/#\\\/schema\\\/person\\\/980a2cf34b399d5218205730acd54a7e\",\"name\":\"pnud\",\"image\":{\"@type\":\"ImageObject\",\"inLanguage\":\"en-US\",\"@id\":\"https:\\\/\\\/secure.gravatar.com\\\/avatar\\\/67146597b405ee077a24e519f75c3e2031736596d6ce35af3a34c122c93d0d7b?s=96&d=retro&r=g\",\"url\":\"https:\\\/\\\/secure.gravatar.com\\\/avatar\\\/67146597b405ee077a24e519f75c3e2031736596d6ce35af3a34c122c93d0d7b?s=96&d=retro&r=g\",\"contentUrl\":\"https:\\\/\\\/secure.gravatar.com\\\/avatar\\\/67146597b405ee077a24e519f75c3e2031736596d6ce35af3a34c122c93d0d7b?s=96&d=retro&r=g\",\"caption\":\"pnud\"}}]}<\/script>\n<!-- \/ Yoast SEO plugin. -->","yoast_head_json":{"title":"All the design and architecture proposals of Poblenou Open Day","description":"Proyectos de dise\u00f1o y arquitectura tambi\u00e9n ser\u00e1n parte de la programaci\u00f3n del Poblenou Open Day el pr\u00f3ximo 7 de mayo.","robots":{"index":"index","follow":"follow","max-snippet":"max-snippet:-1","max-image-preview":"max-image-preview:large","max-video-preview":"max-video-preview:-1"},"canonical":"https:\/\/poblenouurbandistrict.com\/en\/totes-les-propostes-de-disseny-i-arquitectura-del-poblenou-open-day\/","og_locale":"en_US","og_type":"article","og_title":"All the design and architecture proposals of Poblenou Open Day","og_description":"Proyectos de dise\u00f1o y arquitectura tambi\u00e9n ser\u00e1n parte de la programaci\u00f3n del Poblenou Open Day el pr\u00f3ximo 7 de mayo.","og_url":"https:\/\/poblenouurbandistrict.com\/en\/totes-les-propostes-de-disseny-i-arquitectura-del-poblenou-open-day\/","og_site_name":"Poblenou Urban District","article_published_time":"2022-05-03T08:02:00+00:00","article_modified_time":"2022-05-03T08:44:51+00:00","og_image":[{"width":1080,"height":718,"url":"https:\/\/poblenouurbandistrict.com\/wp-content\/uploads\/2022\/05\/279522412-813099189650888-8029153394779672269-n.jpg","type":"image\/jpeg"}],"author":"pnud","twitter_card":"summary_large_image","twitter_misc":{"Written by":"pnud","Est. reading time":"3 minutes"},"schema":{"@context":"https:\/\/schema.org","@graph":[{"@type":"Article","@id":"https:\/\/poblenouurbandistrict.com\/totes-les-propostes-de-disseny-i-arquitectura-del-poblenou-open-day\/#article","isPartOf":{"@id":"https:\/\/poblenouurbandistrict.com\/totes-les-propostes-de-disseny-i-arquitectura-del-poblenou-open-day\/"},"author":{"name":"pnud","@id":"https:\/\/poblenouurbandistrict.com\/#\/schema\/person\/980a2cf34b399d5218205730acd54a7e"},"headline":"All the design and architecture proposals of Poblenou Open Day","datePublished":"2022-05-03T08:02:00+00:00","dateModified":"2022-05-03T08:44:51+00:00","mainEntityOfPage":{"@id":"https:\/\/poblenouurbandistrict.com\/totes-les-propostes-de-disseny-i-arquitectura-del-poblenou-open-day\/"},"wordCount":2175,"image":{"@id":"https:\/\/poblenouurbandistrict.com\/totes-les-propostes-de-disseny-i-arquitectura-del-poblenou-open-day\/#primaryimage"},"thumbnailUrl":"https:\/\/media.poblenouurbandistrict.com\/2022\/05\/25050924\/279522412-813099189650888-8029153394779672269-n.jpg","articleSection":["Poblenou Open Day","What's going on"],"inLanguage":"en-US"},{"@type":"WebPage","@id":"https:\/\/poblenouurbandistrict.com\/en\/totes-les-propostes-de-disseny-i-arquitectura-del-poblenou-open-day\/","url":"https:\/\/poblenouurbandistrict.com\/en\/totes-les-propostes-de-disseny-i-arquitectura-del-poblenou-open-day\/","name":"All the design and architecture proposals of Poblenou Open Day","isPartOf":{"@id":"https:\/\/poblenouurbandistrict.com\/en\/#website"},"primaryImageOfPage":{"@id":"https:\/\/poblenouurbandistrict.com\/en\/totes-les-propostes-de-disseny-i-arquitectura-del-poblenou-open-day\/#primaryimage"},"image":{"@id":"https:\/\/poblenouurbandistrict.com\/totes-les-propostes-de-disseny-i-arquitectura-del-poblenou-open-day\/#primaryimage"},"thumbnailUrl":"https:\/\/media.poblenouurbandistrict.com\/2022\/05\/25050924\/279522412-813099189650888-8029153394779672269-n.jpg","datePublished":"2022-05-03T08:02:00+00:00","dateModified":"2022-05-03T08:44:51+00:00","author":{"@id":"https:\/\/poblenouurbandistrict.com\/#\/schema\/person\/980a2cf34b399d5218205730acd54a7e"},"description":"Proyectos de dise\u00f1o y arquitectura tambi\u00e9n ser\u00e1n parte de la programaci\u00f3n del Poblenou Open Day el pr\u00f3ximo 7 de mayo.","breadcrumb":{"@id":"https:\/\/poblenouurbandistrict.com\/en\/totes-les-propostes-de-disseny-i-arquitectura-del-poblenou-open-day\/#breadcrumb"},"inLanguage":"en-US","potentialAction":[{"@type":"ReadAction","target":[["https:\/\/poblenouurbandistrict.com\/en\/totes-les-propostes-de-disseny-i-arquitectura-del-poblenou-open-day\/"]]}]},{"@type":"ImageObject","inLanguage":"en-US","@id":"https:\/\/poblenouurbandistrict.com\/en\/totes-les-propostes-de-disseny-i-arquitectura-del-poblenou-open-day\/#primaryimage","url":"https:\/\/media.poblenouurbandistrict.com\/2022\/05\/25050924\/279522412-813099189650888-8029153394779672269-n.jpg","contentUrl":"https:\/\/media.poblenouurbandistrict.com\/2022\/05\/25050924\/279522412-813099189650888-8029153394779672269-n.jpg","width":1080,"height":718},{"@type":"BreadcrumbList","@id":"https:\/\/poblenouurbandistrict.com\/en\/totes-les-propostes-de-disseny-i-arquitectura-del-poblenou-open-day\/#breadcrumb","itemListElement":[{"@type":"ListItem","position":1,"name":"Home","item":"https:\/\/poblenouurbandistrict.com\/en\/"},{"@type":"ListItem","position":2,"name":"Totes les propostes de disseny i arquitectura del Poblenou Open Day"}]},{"@type":"WebSite","@id":"https:\/\/poblenouurbandistrict.com\/en\/#website","url":"https:\/\/poblenouurbandistrict.com\/en\/","name":"Poblenou Urban District","description":"Creative Community","potentialAction":[{"@type":"SearchAction","target":{"@type":"EntryPoint","urlTemplate":"https:\/\/poblenouurbandistrict.com\/en\/?s={search_term_string}"},"query-input":{"@type":"PropertyValueSpecification","valueRequired":true,"valueName":"search_term_string"}}],"inLanguage":"en-US"},{"@type":"Person","@id":"https:\/\/poblenouurbandistrict.com\/#\/schema\/person\/980a2cf34b399d5218205730acd54a7e","name":"pnud","image":{"@type":"ImageObject","inLanguage":"en-US","@id":"https:\/\/secure.gravatar.com\/avatar\/67146597b405ee077a24e519f75c3e2031736596d6ce35af3a34c122c93d0d7b?s=96&d=retro&r=g","url":"https:\/\/secure.gravatar.com\/avatar\/67146597b405ee077a24e519f75c3e2031736596d6ce35af3a34c122c93d0d7b?s=96&d=retro&r=g","contentUrl":"https:\/\/secure.gravatar.com\/avatar\/67146597b405ee077a24e519f75c3e2031736596d6ce35af3a34c122c93d0d7b?s=96&d=retro&r=g","caption":"pnud"}}]}},"_links":{"self":[{"href":"https:\/\/poblenouurbandistrict.com\/en\/wp-json\/wp\/v2\/posts\/29599","targetHints":{"allow":["GET"]}}],"collection":[{"href":"https:\/\/poblenouurbandistrict.com\/en\/wp-json\/wp\/v2\/posts"}],"about":[{"href":"https:\/\/poblenouurbandistrict.com\/en\/wp-json\/wp\/v2\/types\/post"}],"author":[{"embeddable":true,"href":"https:\/\/poblenouurbandistrict.com\/en\/wp-json\/wp\/v2\/users\/5"}],"replies":[{"embeddable":true,"href":"https:\/\/poblenouurbandistrict.com\/en\/wp-json\/wp\/v2\/comments?post=29599"}],"version-history":[{"count":6,"href":"https:\/\/poblenouurbandistrict.com\/en\/wp-json\/wp\/v2\/posts\/29599\/revisions"}],"predecessor-version":[{"id":29660,"href":"https:\/\/poblenouurbandistrict.com\/en\/wp-json\/wp\/v2\/posts\/29599\/revisions\/29660"}],"wp:featuredmedia":[{"embeddable":true,"href":"https:\/\/poblenouurbandistrict.com\/en\/wp-json\/wp\/v2\/media\/29659"}],"wp:attachment":[{"href":"https:\/\/poblenouurbandistrict.com\/en\/wp-json\/wp\/v2\/media?parent=29599"}],"wp:term":[{"taxonomy":"category","embeddable":true,"href":"https:\/\/poblenouurbandistrict.com\/en\/wp-json\/wp\/v2\/categories?post=29599"},{"taxonomy":"post_tag","embeddable":true,"href":"https:\/\/poblenouurbandistrict.com\/en\/wp-json\/wp\/v2\/tags?post=29599"}],"curies":[{"name":"wp","href":"https:\/\/api.w.org\/{rel}","templated":true}]}}