{"id":341,"date":"2013-01-23T13:51:37","date_gmt":"2013-01-23T12:51:37","guid":{"rendered":"https:\/\/poblenouurbandistrict.com\/new\/?p=341"},"modified":"2013-11-21T16:56:57","modified_gmt":"2013-11-21T14:56:57","slug":"bau-conferencia-radical-craft-tendencies-de-disseny-en-lartesania-davantguarda","status":"publish","type":"post","link":"https:\/\/poblenouurbandistrict.com\/en\/bau-conferencia-radical-craft-tendencies-de-disseny-en-lartesania-davantguarda\/","title":{"rendered":"BAU- Conference &#8216;Radical craft: tend\u00e8ncies de disseny en l\u2019artesania d\u2019avantguarda&#8217;"},"content":{"rendered":"<p>25\/01\/2013<br \/>\n11:30h<br \/>\n<a href=\"http:\/\/www.baued.es\/\" target=\"_blank\">www.baued.es<\/a>\u00a0\/ <a href=\"http:\/\/www.facebook.com\/events\/553564187989373\/\" target=\"_blank\">Event al Facebook<\/a><br \/>\n<span class=\"text_eng\">The speech, run by Juan Carlos Santos, is aimed at all BAU students, but is open to anyone who wants to attend. They will talk about the revival of crafts as a reaction to the financial crisis, but in a contemporary concept open to the use of new technologies.<\/span><\/p>\n<p><a href=\"https:\/\/media.poblenouurbandistrict.com\/2013\/01\/25000922\/Screen-Shot-2013-01-23-at-1.51.08-PM.png\" target=\"_blank\"><img decoding=\"async\" class=\"alignnone  wp-image-343\" title=\"Screen Shot 2013-01-23 at 1.51.08 PM\" alt=\"\" src=\"https:\/\/media.poblenouurbandistrict.com\/2013\/01\/25000922\/Screen-Shot-2013-01-23-at-1.51.08-PM.png\" width=\"640\" \/><\/a><\/p>","protected":false},"excerpt":{"rendered":"<p>25\/01\/2013 11:30h www.baued.es\u00a0\/ Event al Facebook The speech, run by Juan Carlos Santos, is aimed at all BAU students, but&#8230; <a href=\"https:\/\/poblenouurbandistrict.com\/en\/bau-conferencia-radical-craft-tendencies-de-disseny-en-lartesania-davantguarda\/\">More  \u2192<\/a><\/p>\n","protected":false},"author":5,"featured_media":342,"comment_status":"closed","ping_status":"closed","sticky":false,"template":"","format":"standard","meta":{"_acf_changed":false,"footnotes":""},"categories":[1],"tags":[9,10,53],"class_list":["post-341","post","type-post","status-publish","format-standard","has-post-thumbnail","hentry","category-noticias","tag-bau","tag-bau-radikal-crafts","tag-poblenou-urban-district"],"acf":[],"yoast_head":"<!-- This site is optimized with the Yoast SEO plugin v27.4 - https:\/\/yoast.com\/product\/yoast-seo-wordpress\/ -->\n<title>BAU- Conference &#039;Radical craft: tend\u00e8ncies de disseny en l\u2019artesania d\u2019avantguarda&#039; &#8211; Poblenou Urban District<\/title>\n<meta name=\"robots\" content=\"index, follow, max-snippet:-1, max-image-preview:large, max-video-preview:-1\" \/>\n<link rel=\"canonical\" href=\"https:\/\/poblenouurbandistrict.com\/en\/bau-conferencia-radical-craft-tendencies-de-disseny-en-lartesania-davantguarda\/\" \/>\n<meta property=\"og:locale\" content=\"en_US\" \/>\n<meta property=\"og:type\" content=\"article\" \/>\n<meta property=\"og:title\" content=\"BAU- Conference &#039;Radical craft: tend\u00e8ncies de disseny en l\u2019artesania d\u2019avantguarda&#039; &#8211; Poblenou Urban District\" \/>\n<meta property=\"og:description\" content=\"25\/01\/2013 11:30h www.baued.es\u00a0\/ Event al Facebook The speech, run by Juan Carlos Santos, is aimed at all BAU students, but... More \u2192\" \/>\n<meta property=\"og:url\" content=\"https:\/\/poblenouurbandistrict.com\/en\/bau-conferencia-radical-craft-tendencies-de-disseny-en-lartesania-davantguarda\/\" \/>\n<meta property=\"og:site_name\" content=\"Poblenou Urban District\" \/>\n<meta property=\"article:published_time\" content=\"2013-01-23T12:51:37+00:00\" \/>\n<meta property=\"article:modified_time\" content=\"2013-11-21T14:56:57+00:00\" \/>\n<meta property=\"og:image\" content=\"https:\/\/media.poblenouurbandistrict.com\/2013\/01\/25000920\/new_loewe_gran_230113_1358933658_62_.jpg\" \/>\n\t<meta property=\"og:image:width\" content=\"714\" \/>\n\t<meta property=\"og:image:height\" content=\"386\" \/>\n\t<meta property=\"og:image:type\" content=\"image\/jpeg\" \/>\n<meta name=\"author\" content=\"pnud\" \/>\n<meta name=\"twitter:card\" content=\"summary_large_image\" \/>\n<meta name=\"twitter:label1\" content=\"Written by\" \/>\n\t<meta name=\"twitter:data1\" content=\"pnud\" \/>\n\t<meta name=\"twitter:label2\" content=\"Est. reading time\" \/>\n\t<meta name=\"twitter:data2\" content=\"1 minute\" \/>\n<script type=\"application\/ld+json\" class=\"yoast-schema-graph\">{\"@context\":\"https:\\\/\\\/schema.org\",\"@graph\":[{\"@type\":\"Article\",\"@id\":\"https:\\\/\\\/poblenouurbandistrict.com\\\/en\\\/bau-conferencia-radical-craft-tendencies-de-disseny-en-lartesania-davantguarda\\\/#article\",\"isPartOf\":{\"@id\":\"https:\\\/\\\/poblenouurbandistrict.com\\\/en\\\/bau-conferencia-radical-craft-tendencies-de-disseny-en-lartesania-davantguarda\\\/\"},\"author\":{\"name\":\"pnud\",\"@id\":\"https:\\\/\\\/poblenouurbandistrict.com\\\/#\\\/schema\\\/person\\\/980a2cf34b399d5218205730acd54a7e\"},\"headline\":\"BAU- Conference &#8216;Radical craft: tend\u00e8ncies de disseny en l\u2019artesania d\u2019avantguarda&#8217;\",\"datePublished\":\"2013-01-23T12:51:37+00:00\",\"dateModified\":\"2013-11-21T14:56:57+00:00\",\"mainEntityOfPage\":{\"@id\":\"https:\\\/\\\/poblenouurbandistrict.com\\\/en\\\/bau-conferencia-radical-craft-tendencies-de-disseny-en-lartesania-davantguarda\\\/\"},\"wordCount\":222,\"image\":{\"@id\":\"https:\\\/\\\/poblenouurbandistrict.com\\\/en\\\/bau-conferencia-radical-craft-tendencies-de-disseny-en-lartesania-davantguarda\\\/#primaryimage\"},\"thumbnailUrl\":\"https:\\\/\\\/media.poblenouurbandistrict.com\\\/2013\\\/01\\\/25000920\\\/new_loewe_gran_230113_1358933658_62_.jpg\",\"keywords\":[\"BAU\",\"Bau Radikal Crafts\",\"Poblenou Urban District\"],\"articleSection\":[\"What's going on\"],\"inLanguage\":\"en-US\"},{\"@type\":\"WebPage\",\"@id\":\"https:\\\/\\\/poblenouurbandistrict.com\\\/en\\\/bau-conferencia-radical-craft-tendencies-de-disseny-en-lartesania-davantguarda\\\/\",\"url\":\"https:\\\/\\\/poblenouurbandistrict.com\\\/en\\\/bau-conferencia-radical-craft-tendencies-de-disseny-en-lartesania-davantguarda\\\/\",\"name\":\"BAU- Conference 'Radical craft: tend\u00e8ncies de disseny en l\u2019artesania d\u2019avantguarda'BAU- Conferencia 'Radical craft: tendencias de dise\u00f1o en la artesan\u00eda de vanguardia'BAU- Confer\u00e8ncia 'Radical craft: tend\u00e8ncies de disseny en l\u2019artesania d\u2019avantguarda' &#8211; Poblenou Urban District\",\"isPartOf\":{\"@id\":\"https:\\\/\\\/poblenouurbandistrict.com\\\/en\\\/#website\"},\"primaryImageOfPage\":{\"@id\":\"https:\\\/\\\/poblenouurbandistrict.com\\\/en\\\/bau-conferencia-radical-craft-tendencies-de-disseny-en-lartesania-davantguarda\\\/#primaryimage\"},\"image\":{\"@id\":\"https:\\\/\\\/poblenouurbandistrict.com\\\/en\\\/bau-conferencia-radical-craft-tendencies-de-disseny-en-lartesania-davantguarda\\\/#primaryimage\"},\"thumbnailUrl\":\"https:\\\/\\\/media.poblenouurbandistrict.com\\\/2013\\\/01\\\/25000920\\\/new_loewe_gran_230113_1358933658_62_.jpg\",\"datePublished\":\"2013-01-23T12:51:37+00:00\",\"dateModified\":\"2013-11-21T14:56:57+00:00\",\"author\":{\"@id\":\"https:\\\/\\\/poblenouurbandistrict.com\\\/#\\\/schema\\\/person\\\/980a2cf34b399d5218205730acd54a7e\"},\"breadcrumb\":{\"@id\":\"https:\\\/\\\/poblenouurbandistrict.com\\\/en\\\/bau-conferencia-radical-craft-tendencies-de-disseny-en-lartesania-davantguarda\\\/#breadcrumb\"},\"inLanguage\":\"en-US\",\"potentialAction\":[{\"@type\":\"ReadAction\",\"target\":[[\"https:\\\/\\\/poblenouurbandistrict.com\\\/en\\\/bau-conferencia-radical-craft-tendencies-de-disseny-en-lartesania-davantguarda\\\/\"]]}]},{\"@type\":\"ImageObject\",\"inLanguage\":\"en-US\",\"@id\":\"https:\\\/\\\/poblenouurbandistrict.com\\\/en\\\/bau-conferencia-radical-craft-tendencies-de-disseny-en-lartesania-davantguarda\\\/#primaryimage\",\"url\":\"https:\\\/\\\/media.poblenouurbandistrict.com\\\/2013\\\/01\\\/25000920\\\/new_loewe_gran_230113_1358933658_62_.jpg\",\"contentUrl\":\"https:\\\/\\\/media.poblenouurbandistrict.com\\\/2013\\\/01\\\/25000920\\\/new_loewe_gran_230113_1358933658_62_.jpg\",\"width\":714,\"height\":386},{\"@type\":\"BreadcrumbList\",\"@id\":\"https:\\\/\\\/poblenouurbandistrict.com\\\/en\\\/bau-conferencia-radical-craft-tendencies-de-disseny-en-lartesania-davantguarda\\\/#breadcrumb\",\"itemListElement\":[{\"@type\":\"ListItem\",\"position\":1,\"name\":\"Home\",\"item\":\"https:\\\/\\\/poblenouurbandistrict.com\\\/en\\\/\"},{\"@type\":\"ListItem\",\"position\":2,\"name\":\"BAU- Conference &#8216;Radical craft: tend\u00e8ncies de disseny en l\u2019artesania d\u2019avantguarda&#8217;\"}]},{\"@type\":\"WebSite\",\"@id\":\"https:\\\/\\\/poblenouurbandistrict.com\\\/en\\\/#website\",\"url\":\"https:\\\/\\\/poblenouurbandistrict.com\\\/en\\\/\",\"name\":\"Poblenou Urban District\",\"description\":\"Creative Community\",\"potentialAction\":[{\"@type\":\"SearchAction\",\"target\":{\"@type\":\"EntryPoint\",\"urlTemplate\":\"https:\\\/\\\/poblenouurbandistrict.com\\\/en\\\/?s={search_term_string}\"},\"query-input\":{\"@type\":\"PropertyValueSpecification\",\"valueRequired\":true,\"valueName\":\"search_term_string\"}}],\"inLanguage\":\"en-US\"},{\"@type\":\"Person\",\"@id\":\"https:\\\/\\\/poblenouurbandistrict.com\\\/#\\\/schema\\\/person\\\/980a2cf34b399d5218205730acd54a7e\",\"name\":\"pnud\",\"image\":{\"@type\":\"ImageObject\",\"inLanguage\":\"en-US\",\"@id\":\"https:\\\/\\\/secure.gravatar.com\\\/avatar\\\/67146597b405ee077a24e519f75c3e2031736596d6ce35af3a34c122c93d0d7b?s=96&d=retro&r=g\",\"url\":\"https:\\\/\\\/secure.gravatar.com\\\/avatar\\\/67146597b405ee077a24e519f75c3e2031736596d6ce35af3a34c122c93d0d7b?s=96&d=retro&r=g\",\"contentUrl\":\"https:\\\/\\\/secure.gravatar.com\\\/avatar\\\/67146597b405ee077a24e519f75c3e2031736596d6ce35af3a34c122c93d0d7b?s=96&d=retro&r=g\",\"caption\":\"pnud\"}}]}<\/script>\n<!-- \/ Yoast SEO plugin. -->","yoast_head_json":{"title":"BAU- Conference 'Radical craft: tend\u00e8ncies de disseny en l\u2019artesania d\u2019avantguarda' &#8211; Poblenou Urban District","robots":{"index":"index","follow":"follow","max-snippet":"max-snippet:-1","max-image-preview":"max-image-preview:large","max-video-preview":"max-video-preview:-1"},"canonical":"https:\/\/poblenouurbandistrict.com\/en\/bau-conferencia-radical-craft-tendencies-de-disseny-en-lartesania-davantguarda\/","og_locale":"en_US","og_type":"article","og_title":"BAU- Conference 'Radical craft: tend\u00e8ncies de disseny en l\u2019artesania d\u2019avantguarda' &#8211; Poblenou Urban District","og_description":"25\/01\/2013 11:30h www.baued.es\u00a0\/ Event al Facebook The speech, run by Juan Carlos Santos, is aimed at all BAU students, but... More \u2192","og_url":"https:\/\/poblenouurbandistrict.com\/en\/bau-conferencia-radical-craft-tendencies-de-disseny-en-lartesania-davantguarda\/","og_site_name":"Poblenou Urban District","article_published_time":"2013-01-23T12:51:37+00:00","article_modified_time":"2013-11-21T14:56:57+00:00","og_image":[{"width":714,"height":386,"url":"https:\/\/media.poblenouurbandistrict.com\/2013\/01\/25000920\/new_loewe_gran_230113_1358933658_62_.jpg","type":"image\/jpeg"}],"author":"pnud","twitter_card":"summary_large_image","twitter_misc":{"Written by":"pnud","Est. reading time":"1 minute"},"schema":{"@context":"https:\/\/schema.org","@graph":[{"@type":"Article","@id":"https:\/\/poblenouurbandistrict.com\/en\/bau-conferencia-radical-craft-tendencies-de-disseny-en-lartesania-davantguarda\/#article","isPartOf":{"@id":"https:\/\/poblenouurbandistrict.com\/en\/bau-conferencia-radical-craft-tendencies-de-disseny-en-lartesania-davantguarda\/"},"author":{"name":"pnud","@id":"https:\/\/poblenouurbandistrict.com\/#\/schema\/person\/980a2cf34b399d5218205730acd54a7e"},"headline":"BAU- Conference &#8216;Radical craft: tend\u00e8ncies de disseny en l\u2019artesania d\u2019avantguarda&#8217;","datePublished":"2013-01-23T12:51:37+00:00","dateModified":"2013-11-21T14:56:57+00:00","mainEntityOfPage":{"@id":"https:\/\/poblenouurbandistrict.com\/en\/bau-conferencia-radical-craft-tendencies-de-disseny-en-lartesania-davantguarda\/"},"wordCount":222,"image":{"@id":"https:\/\/poblenouurbandistrict.com\/en\/bau-conferencia-radical-craft-tendencies-de-disseny-en-lartesania-davantguarda\/#primaryimage"},"thumbnailUrl":"https:\/\/media.poblenouurbandistrict.com\/2013\/01\/25000920\/new_loewe_gran_230113_1358933658_62_.jpg","keywords":["BAU","Bau Radikal Crafts","Poblenou Urban District"],"articleSection":["What's going on"],"inLanguage":"en-US"},{"@type":"WebPage","@id":"https:\/\/poblenouurbandistrict.com\/en\/bau-conferencia-radical-craft-tendencies-de-disseny-en-lartesania-davantguarda\/","url":"https:\/\/poblenouurbandistrict.com\/en\/bau-conferencia-radical-craft-tendencies-de-disseny-en-lartesania-davantguarda\/","name":"BAU- Conference 'Radical craft: tend\u00e8ncies de disseny en l\u2019artesania d\u2019avantguarda'BAU- Conferencia 'Radical craft: tendencias de dise\u00f1o en la artesan\u00eda de vanguardia'BAU- Confer\u00e8ncia 'Radical craft: tend\u00e8ncies de disseny en l\u2019artesania d\u2019avantguarda' &#8211; Poblenou Urban District","isPartOf":{"@id":"https:\/\/poblenouurbandistrict.com\/en\/#website"},"primaryImageOfPage":{"@id":"https:\/\/poblenouurbandistrict.com\/en\/bau-conferencia-radical-craft-tendencies-de-disseny-en-lartesania-davantguarda\/#primaryimage"},"image":{"@id":"https:\/\/poblenouurbandistrict.com\/en\/bau-conferencia-radical-craft-tendencies-de-disseny-en-lartesania-davantguarda\/#primaryimage"},"thumbnailUrl":"https:\/\/media.poblenouurbandistrict.com\/2013\/01\/25000920\/new_loewe_gran_230113_1358933658_62_.jpg","datePublished":"2013-01-23T12:51:37+00:00","dateModified":"2013-11-21T14:56:57+00:00","author":{"@id":"https:\/\/poblenouurbandistrict.com\/#\/schema\/person\/980a2cf34b399d5218205730acd54a7e"},"breadcrumb":{"@id":"https:\/\/poblenouurbandistrict.com\/en\/bau-conferencia-radical-craft-tendencies-de-disseny-en-lartesania-davantguarda\/#breadcrumb"},"inLanguage":"en-US","potentialAction":[{"@type":"ReadAction","target":[["https:\/\/poblenouurbandistrict.com\/en\/bau-conferencia-radical-craft-tendencies-de-disseny-en-lartesania-davantguarda\/"]]}]},{"@type":"ImageObject","inLanguage":"en-US","@id":"https:\/\/poblenouurbandistrict.com\/en\/bau-conferencia-radical-craft-tendencies-de-disseny-en-lartesania-davantguarda\/#primaryimage","url":"https:\/\/media.poblenouurbandistrict.com\/2013\/01\/25000920\/new_loewe_gran_230113_1358933658_62_.jpg","contentUrl":"https:\/\/media.poblenouurbandistrict.com\/2013\/01\/25000920\/new_loewe_gran_230113_1358933658_62_.jpg","width":714,"height":386},{"@type":"BreadcrumbList","@id":"https:\/\/poblenouurbandistrict.com\/en\/bau-conferencia-radical-craft-tendencies-de-disseny-en-lartesania-davantguarda\/#breadcrumb","itemListElement":[{"@type":"ListItem","position":1,"name":"Home","item":"https:\/\/poblenouurbandistrict.com\/en\/"},{"@type":"ListItem","position":2,"name":"BAU- Conference &#8216;Radical craft: tend\u00e8ncies de disseny en l\u2019artesania d\u2019avantguarda&#8217;"}]},{"@type":"WebSite","@id":"https:\/\/poblenouurbandistrict.com\/en\/#website","url":"https:\/\/poblenouurbandistrict.com\/en\/","name":"Poblenou Urban District","description":"Creative Community","potentialAction":[{"@type":"SearchAction","target":{"@type":"EntryPoint","urlTemplate":"https:\/\/poblenouurbandistrict.com\/en\/?s={search_term_string}"},"query-input":{"@type":"PropertyValueSpecification","valueRequired":true,"valueName":"search_term_string"}}],"inLanguage":"en-US"},{"@type":"Person","@id":"https:\/\/poblenouurbandistrict.com\/#\/schema\/person\/980a2cf34b399d5218205730acd54a7e","name":"pnud","image":{"@type":"ImageObject","inLanguage":"en-US","@id":"https:\/\/secure.gravatar.com\/avatar\/67146597b405ee077a24e519f75c3e2031736596d6ce35af3a34c122c93d0d7b?s=96&d=retro&r=g","url":"https:\/\/secure.gravatar.com\/avatar\/67146597b405ee077a24e519f75c3e2031736596d6ce35af3a34c122c93d0d7b?s=96&d=retro&r=g","contentUrl":"https:\/\/secure.gravatar.com\/avatar\/67146597b405ee077a24e519f75c3e2031736596d6ce35af3a34c122c93d0d7b?s=96&d=retro&r=g","caption":"pnud"}}]}},"_links":{"self":[{"href":"https:\/\/poblenouurbandistrict.com\/en\/wp-json\/wp\/v2\/posts\/341","targetHints":{"allow":["GET"]}}],"collection":[{"href":"https:\/\/poblenouurbandistrict.com\/en\/wp-json\/wp\/v2\/posts"}],"about":[{"href":"https:\/\/poblenouurbandistrict.com\/en\/wp-json\/wp\/v2\/types\/post"}],"author":[{"embeddable":true,"href":"https:\/\/poblenouurbandistrict.com\/en\/wp-json\/wp\/v2\/users\/5"}],"replies":[{"embeddable":true,"href":"https:\/\/poblenouurbandistrict.com\/en\/wp-json\/wp\/v2\/comments?post=341"}],"version-history":[{"count":5,"href":"https:\/\/poblenouurbandistrict.com\/en\/wp-json\/wp\/v2\/posts\/341\/revisions"}],"predecessor-version":[{"id":1342,"href":"https:\/\/poblenouurbandistrict.com\/en\/wp-json\/wp\/v2\/posts\/341\/revisions\/1342"}],"wp:featuredmedia":[{"embeddable":true,"href":"https:\/\/poblenouurbandistrict.com\/en\/wp-json\/wp\/v2\/media\/342"}],"wp:attachment":[{"href":"https:\/\/poblenouurbandistrict.com\/en\/wp-json\/wp\/v2\/media?parent=341"}],"wp:term":[{"taxonomy":"category","embeddable":true,"href":"https:\/\/poblenouurbandistrict.com\/en\/wp-json\/wp\/v2\/categories?post=341"},{"taxonomy":"post_tag","embeddable":true,"href":"https:\/\/poblenouurbandistrict.com\/en\/wp-json\/wp\/v2\/tags?post=341"}],"curies":[{"name":"wp","href":"https:\/\/api.w.org\/{rel}","templated":true}]}}