{"id":34511,"date":"2022-11-09T12:50:18","date_gmt":"2022-11-09T11:50:18","guid":{"rendered":"https:\/\/poblenouurbandistrict.com\/?p=34511"},"modified":"2022-11-09T12:50:54","modified_gmt":"2022-11-09T11:50:54","slug":"et-vas-perdre-les-ultimes-urban-talks-del-2022","status":"publish","type":"post","link":"https:\/\/poblenouurbandistrict.com\/en\/et-vas-perdre-les-ultimes-urban-talks-del-2022\/","title":{"rendered":"Et vas perdre les \u00faltimes Urban Talks del 2022?"},"content":{"rendered":"<p class=\"qtranxs-available-languages-message qtranxs-available-languages-message-en\">Sorry, this entry is only available in <a href=\"https:\/\/poblenouurbandistrict.com\/ca\/wp-json\/wp\/v2\/posts\/34511\" class=\"qtranxs-available-language-link qtranxs-available-language-link-ca\" title=\"Catal\u00e0\">Catal\u00e0<\/a> and <a href=\"https:\/\/poblenouurbandistrict.com\/es\/wp-json\/wp\/v2\/posts\/34511\" class=\"qtranxs-available-language-link qtranxs-available-language-link-es\" title=\"Castellano\">Castellano<\/a>.<\/p>","protected":false},"excerpt":{"rendered":"<p>Sorry, this entry is only available in Catal\u00e0 and Castellano.<\/p>\n","protected":false},"author":5,"featured_media":34449,"comment_status":"closed","ping_status":"closed","sticky":false,"template":"","format":"standard","meta":{"_acf_changed":false,"footnotes":""},"categories":[3429,3364],"tags":[],"class_list":["post-34511","post","type-post","status-publish","format-standard","has-post-thumbnail","hentry","category-urban-talks","category-poblenou-urban-district"],"acf":[],"yoast_head":"<!-- This site is optimized with the Yoast SEO plugin v27.4 - https:\/\/yoast.com\/product\/yoast-seo-wordpress\/ -->\n<title>Et vas perdre les \u00faltimes Urban Talks del 2022? &#8211;<\/title>\n<meta name=\"description\" content=\"El cinco de noviembre pasado tuvo lugar la quinta edici\u00f3n de las Urban Talks, un ciclo de charlas itinerantes que tienen como objetivo abrir un debate con la ciudadan\u00eda sobre la cultura y la creatividad en relaci\u00f3n con la cultura. con el entorno urbano.\" \/>\n<meta name=\"robots\" content=\"index, follow, max-snippet:-1, max-image-preview:large, max-video-preview:-1\" \/>\n<link rel=\"canonical\" href=\"https:\/\/poblenouurbandistrict.com\/en\/et-vas-perdre-les-ultimes-urban-talks-del-2022\/\" \/>\n<meta property=\"og:locale\" content=\"en_US\" \/>\n<meta property=\"og:type\" content=\"article\" \/>\n<meta property=\"og:title\" content=\"Et vas perdre les \u00faltimes Urban Talks del 2022? &#8211;\" \/>\n<meta property=\"og:description\" content=\"El cinco de noviembre pasado tuvo lugar la quinta edici\u00f3n de las Urban Talks, un ciclo de charlas itinerantes que tienen como objetivo abrir un debate con la ciudadan\u00eda sobre la cultura y la creatividad en relaci\u00f3n con la cultura. con el entorno urbano.\" \/>\n<meta property=\"og:url\" content=\"https:\/\/poblenouurbandistrict.com\/en\/et-vas-perdre-les-ultimes-urban-talks-del-2022\/\" \/>\n<meta property=\"og:site_name\" content=\"Poblenou Urban District\" \/>\n<meta property=\"article:published_time\" content=\"2022-11-09T11:50:18+00:00\" \/>\n<meta property=\"article:modified_time\" content=\"2022-11-09T11:50:54+00:00\" \/>\n<meta property=\"og:image\" content=\"https:\/\/poblenouurbandistrict.com\/wp-content\/uploads\/2022\/10\/untitled-1-2.jpg\" \/>\n\t<meta property=\"og:image:width\" content=\"1600\" \/>\n\t<meta property=\"og:image:height\" content=\"1000\" \/>\n\t<meta property=\"og:image:type\" content=\"image\/jpeg\" \/>\n<meta name=\"author\" content=\"pnud\" \/>\n<meta name=\"twitter:card\" content=\"summary_large_image\" \/>\n<meta name=\"twitter:label1\" content=\"Written by\" \/>\n\t<meta name=\"twitter:data1\" content=\"pnud\" \/>\n\t<meta name=\"twitter:label2\" content=\"Est. reading time\" \/>\n\t<meta name=\"twitter:data2\" content=\"2 minutes\" \/>\n<script type=\"application\/ld+json\" class=\"yoast-schema-graph\">{\"@context\":\"https:\\\/\\\/schema.org\",\"@graph\":[{\"@type\":\"Article\",\"@id\":\"https:\\\/\\\/poblenouurbandistrict.com\\\/et-vas-perdre-les-ultimes-urban-talks-del-2022\\\/#article\",\"isPartOf\":{\"@id\":\"https:\\\/\\\/poblenouurbandistrict.com\\\/et-vas-perdre-les-ultimes-urban-talks-del-2022\\\/\"},\"author\":{\"name\":\"pnud\",\"@id\":\"https:\\\/\\\/poblenouurbandistrict.com\\\/#\\\/schema\\\/person\\\/980a2cf34b399d5218205730acd54a7e\"},\"headline\":\"Et vas perdre les \u00faltimes Urban Talks del 2022?\",\"datePublished\":\"2022-11-09T11:50:18+00:00\",\"dateModified\":\"2022-11-09T11:50:54+00:00\",\"mainEntityOfPage\":{\"@id\":\"https:\\\/\\\/poblenouurbandistrict.com\\\/et-vas-perdre-les-ultimes-urban-talks-del-2022\\\/\"},\"wordCount\":813,\"image\":{\"@id\":\"https:\\\/\\\/poblenouurbandistrict.com\\\/et-vas-perdre-les-ultimes-urban-talks-del-2022\\\/#primaryimage\"},\"thumbnailUrl\":\"https:\\\/\\\/media.poblenouurbandistrict.com\\\/2022\\\/10\\\/25054813\\\/untitled-1-2.jpg\",\"articleSection\":[\"Urban Talks\",\"Poblenou Urban District\"],\"inLanguage\":\"en-US\"},{\"@type\":\"WebPage\",\"@id\":\"https:\\\/\\\/poblenouurbandistrict.com\\\/en\\\/et-vas-perdre-les-ultimes-urban-talks-del-2022\\\/\",\"url\":\"https:\\\/\\\/poblenouurbandistrict.com\\\/en\\\/et-vas-perdre-les-ultimes-urban-talks-del-2022\\\/\",\"name\":\"Et vas perdre les \u00faltimes Urban Talks del 2022? &#8211;\",\"isPartOf\":{\"@id\":\"https:\\\/\\\/poblenouurbandistrict.com\\\/en\\\/#website\"},\"primaryImageOfPage\":{\"@id\":\"https:\\\/\\\/poblenouurbandistrict.com\\\/en\\\/et-vas-perdre-les-ultimes-urban-talks-del-2022\\\/#primaryimage\"},\"image\":{\"@id\":\"https:\\\/\\\/poblenouurbandistrict.com\\\/et-vas-perdre-les-ultimes-urban-talks-del-2022\\\/#primaryimage\"},\"thumbnailUrl\":\"https:\\\/\\\/media.poblenouurbandistrict.com\\\/2022\\\/10\\\/25054813\\\/untitled-1-2.jpg\",\"datePublished\":\"2022-11-09T11:50:18+00:00\",\"dateModified\":\"2022-11-09T11:50:54+00:00\",\"author\":{\"@id\":\"https:\\\/\\\/poblenouurbandistrict.com\\\/#\\\/schema\\\/person\\\/980a2cf34b399d5218205730acd54a7e\"},\"description\":\"El cinco de noviembre pasado tuvo lugar la quinta edici\u00f3n de las Urban Talks, un ciclo de charlas itinerantes que tienen como objetivo abrir un debate con la ciudadan\u00eda sobre la cultura y la creatividad en relaci\u00f3n con la cultura. con el entorno urbano.\",\"breadcrumb\":{\"@id\":\"https:\\\/\\\/poblenouurbandistrict.com\\\/en\\\/et-vas-perdre-les-ultimes-urban-talks-del-2022\\\/#breadcrumb\"},\"inLanguage\":\"en-US\",\"potentialAction\":[{\"@type\":\"ReadAction\",\"target\":[[\"https:\\\/\\\/poblenouurbandistrict.com\\\/en\\\/et-vas-perdre-les-ultimes-urban-talks-del-2022\\\/\"]]}]},{\"@type\":\"ImageObject\",\"inLanguage\":\"en-US\",\"@id\":\"https:\\\/\\\/poblenouurbandistrict.com\\\/en\\\/et-vas-perdre-les-ultimes-urban-talks-del-2022\\\/#primaryimage\",\"url\":\"https:\\\/\\\/media.poblenouurbandistrict.com\\\/2022\\\/10\\\/25054813\\\/untitled-1-2.jpg\",\"contentUrl\":\"https:\\\/\\\/media.poblenouurbandistrict.com\\\/2022\\\/10\\\/25054813\\\/untitled-1-2.jpg\",\"width\":1600,\"height\":1000},{\"@type\":\"BreadcrumbList\",\"@id\":\"https:\\\/\\\/poblenouurbandistrict.com\\\/en\\\/et-vas-perdre-les-ultimes-urban-talks-del-2022\\\/#breadcrumb\",\"itemListElement\":[{\"@type\":\"ListItem\",\"position\":1,\"name\":\"Home\",\"item\":\"https:\\\/\\\/poblenouurbandistrict.com\\\/en\\\/\"},{\"@type\":\"ListItem\",\"position\":2,\"name\":\"Et vas perdre les \u00faltimes Urban Talks del 2022?\"}]},{\"@type\":\"WebSite\",\"@id\":\"https:\\\/\\\/poblenouurbandistrict.com\\\/en\\\/#website\",\"url\":\"https:\\\/\\\/poblenouurbandistrict.com\\\/en\\\/\",\"name\":\"Poblenou Urban District\",\"description\":\"Creative Community\",\"potentialAction\":[{\"@type\":\"SearchAction\",\"target\":{\"@type\":\"EntryPoint\",\"urlTemplate\":\"https:\\\/\\\/poblenouurbandistrict.com\\\/en\\\/?s={search_term_string}\"},\"query-input\":{\"@type\":\"PropertyValueSpecification\",\"valueRequired\":true,\"valueName\":\"search_term_string\"}}],\"inLanguage\":\"en-US\"},{\"@type\":\"Person\",\"@id\":\"https:\\\/\\\/poblenouurbandistrict.com\\\/#\\\/schema\\\/person\\\/980a2cf34b399d5218205730acd54a7e\",\"name\":\"pnud\",\"image\":{\"@type\":\"ImageObject\",\"inLanguage\":\"en-US\",\"@id\":\"https:\\\/\\\/secure.gravatar.com\\\/avatar\\\/67146597b405ee077a24e519f75c3e2031736596d6ce35af3a34c122c93d0d7b?s=96&d=retro&r=g\",\"url\":\"https:\\\/\\\/secure.gravatar.com\\\/avatar\\\/67146597b405ee077a24e519f75c3e2031736596d6ce35af3a34c122c93d0d7b?s=96&d=retro&r=g\",\"contentUrl\":\"https:\\\/\\\/secure.gravatar.com\\\/avatar\\\/67146597b405ee077a24e519f75c3e2031736596d6ce35af3a34c122c93d0d7b?s=96&d=retro&r=g\",\"caption\":\"pnud\"}}]}<\/script>\n<!-- \/ Yoast SEO plugin. -->","yoast_head_json":{"title":"Et vas perdre les \u00faltimes Urban Talks del 2022? &#8211;","description":"El cinco de noviembre pasado tuvo lugar la quinta edici\u00f3n de las Urban Talks, un ciclo de charlas itinerantes que tienen como objetivo abrir un debate con la ciudadan\u00eda sobre la cultura y la creatividad en relaci\u00f3n con la cultura. con el entorno urbano.","robots":{"index":"index","follow":"follow","max-snippet":"max-snippet:-1","max-image-preview":"max-image-preview:large","max-video-preview":"max-video-preview:-1"},"canonical":"https:\/\/poblenouurbandistrict.com\/en\/et-vas-perdre-les-ultimes-urban-talks-del-2022\/","og_locale":"en_US","og_type":"article","og_title":"Et vas perdre les \u00faltimes Urban Talks del 2022? &#8211;","og_description":"El cinco de noviembre pasado tuvo lugar la quinta edici\u00f3n de las Urban Talks, un ciclo de charlas itinerantes que tienen como objetivo abrir un debate con la ciudadan\u00eda sobre la cultura y la creatividad en relaci\u00f3n con la cultura. con el entorno urbano.","og_url":"https:\/\/poblenouurbandistrict.com\/en\/et-vas-perdre-les-ultimes-urban-talks-del-2022\/","og_site_name":"Poblenou Urban District","article_published_time":"2022-11-09T11:50:18+00:00","article_modified_time":"2022-11-09T11:50:54+00:00","og_image":[{"width":1600,"height":1000,"url":"https:\/\/poblenouurbandistrict.com\/wp-content\/uploads\/2022\/10\/untitled-1-2.jpg","type":"image\/jpeg"}],"author":"pnud","twitter_card":"summary_large_image","twitter_misc":{"Written by":"pnud","Est. reading time":"2 minutes"},"schema":{"@context":"https:\/\/schema.org","@graph":[{"@type":"Article","@id":"https:\/\/poblenouurbandistrict.com\/et-vas-perdre-les-ultimes-urban-talks-del-2022\/#article","isPartOf":{"@id":"https:\/\/poblenouurbandistrict.com\/et-vas-perdre-les-ultimes-urban-talks-del-2022\/"},"author":{"name":"pnud","@id":"https:\/\/poblenouurbandistrict.com\/#\/schema\/person\/980a2cf34b399d5218205730acd54a7e"},"headline":"Et vas perdre les \u00faltimes Urban Talks del 2022?","datePublished":"2022-11-09T11:50:18+00:00","dateModified":"2022-11-09T11:50:54+00:00","mainEntityOfPage":{"@id":"https:\/\/poblenouurbandistrict.com\/et-vas-perdre-les-ultimes-urban-talks-del-2022\/"},"wordCount":813,"image":{"@id":"https:\/\/poblenouurbandistrict.com\/et-vas-perdre-les-ultimes-urban-talks-del-2022\/#primaryimage"},"thumbnailUrl":"https:\/\/media.poblenouurbandistrict.com\/2022\/10\/25054813\/untitled-1-2.jpg","articleSection":["Urban Talks","Poblenou Urban District"],"inLanguage":"en-US"},{"@type":"WebPage","@id":"https:\/\/poblenouurbandistrict.com\/en\/et-vas-perdre-les-ultimes-urban-talks-del-2022\/","url":"https:\/\/poblenouurbandistrict.com\/en\/et-vas-perdre-les-ultimes-urban-talks-del-2022\/","name":"Et vas perdre les \u00faltimes Urban Talks del 2022? &#8211;","isPartOf":{"@id":"https:\/\/poblenouurbandistrict.com\/en\/#website"},"primaryImageOfPage":{"@id":"https:\/\/poblenouurbandistrict.com\/en\/et-vas-perdre-les-ultimes-urban-talks-del-2022\/#primaryimage"},"image":{"@id":"https:\/\/poblenouurbandistrict.com\/et-vas-perdre-les-ultimes-urban-talks-del-2022\/#primaryimage"},"thumbnailUrl":"https:\/\/media.poblenouurbandistrict.com\/2022\/10\/25054813\/untitled-1-2.jpg","datePublished":"2022-11-09T11:50:18+00:00","dateModified":"2022-11-09T11:50:54+00:00","author":{"@id":"https:\/\/poblenouurbandistrict.com\/#\/schema\/person\/980a2cf34b399d5218205730acd54a7e"},"description":"El cinco de noviembre pasado tuvo lugar la quinta edici\u00f3n de las Urban Talks, un ciclo de charlas itinerantes que tienen como objetivo abrir un debate con la ciudadan\u00eda sobre la cultura y la creatividad en relaci\u00f3n con la cultura. con el entorno urbano.","breadcrumb":{"@id":"https:\/\/poblenouurbandistrict.com\/en\/et-vas-perdre-les-ultimes-urban-talks-del-2022\/#breadcrumb"},"inLanguage":"en-US","potentialAction":[{"@type":"ReadAction","target":[["https:\/\/poblenouurbandistrict.com\/en\/et-vas-perdre-les-ultimes-urban-talks-del-2022\/"]]}]},{"@type":"ImageObject","inLanguage":"en-US","@id":"https:\/\/poblenouurbandistrict.com\/en\/et-vas-perdre-les-ultimes-urban-talks-del-2022\/#primaryimage","url":"https:\/\/media.poblenouurbandistrict.com\/2022\/10\/25054813\/untitled-1-2.jpg","contentUrl":"https:\/\/media.poblenouurbandistrict.com\/2022\/10\/25054813\/untitled-1-2.jpg","width":1600,"height":1000},{"@type":"BreadcrumbList","@id":"https:\/\/poblenouurbandistrict.com\/en\/et-vas-perdre-les-ultimes-urban-talks-del-2022\/#breadcrumb","itemListElement":[{"@type":"ListItem","position":1,"name":"Home","item":"https:\/\/poblenouurbandistrict.com\/en\/"},{"@type":"ListItem","position":2,"name":"Et vas perdre les \u00faltimes Urban Talks del 2022?"}]},{"@type":"WebSite","@id":"https:\/\/poblenouurbandistrict.com\/en\/#website","url":"https:\/\/poblenouurbandistrict.com\/en\/","name":"Poblenou Urban District","description":"Creative Community","potentialAction":[{"@type":"SearchAction","target":{"@type":"EntryPoint","urlTemplate":"https:\/\/poblenouurbandistrict.com\/en\/?s={search_term_string}"},"query-input":{"@type":"PropertyValueSpecification","valueRequired":true,"valueName":"search_term_string"}}],"inLanguage":"en-US"},{"@type":"Person","@id":"https:\/\/poblenouurbandistrict.com\/#\/schema\/person\/980a2cf34b399d5218205730acd54a7e","name":"pnud","image":{"@type":"ImageObject","inLanguage":"en-US","@id":"https:\/\/secure.gravatar.com\/avatar\/67146597b405ee077a24e519f75c3e2031736596d6ce35af3a34c122c93d0d7b?s=96&d=retro&r=g","url":"https:\/\/secure.gravatar.com\/avatar\/67146597b405ee077a24e519f75c3e2031736596d6ce35af3a34c122c93d0d7b?s=96&d=retro&r=g","contentUrl":"https:\/\/secure.gravatar.com\/avatar\/67146597b405ee077a24e519f75c3e2031736596d6ce35af3a34c122c93d0d7b?s=96&d=retro&r=g","caption":"pnud"}}]}},"_links":{"self":[{"href":"https:\/\/poblenouurbandistrict.com\/en\/wp-json\/wp\/v2\/posts\/34511","targetHints":{"allow":["GET"]}}],"collection":[{"href":"https:\/\/poblenouurbandistrict.com\/en\/wp-json\/wp\/v2\/posts"}],"about":[{"href":"https:\/\/poblenouurbandistrict.com\/en\/wp-json\/wp\/v2\/types\/post"}],"author":[{"embeddable":true,"href":"https:\/\/poblenouurbandistrict.com\/en\/wp-json\/wp\/v2\/users\/5"}],"replies":[{"embeddable":true,"href":"https:\/\/poblenouurbandistrict.com\/en\/wp-json\/wp\/v2\/comments?post=34511"}],"version-history":[{"count":4,"href":"https:\/\/poblenouurbandistrict.com\/en\/wp-json\/wp\/v2\/posts\/34511\/revisions"}],"predecessor-version":[{"id":34539,"href":"https:\/\/poblenouurbandistrict.com\/en\/wp-json\/wp\/v2\/posts\/34511\/revisions\/34539"}],"wp:featuredmedia":[{"embeddable":true,"href":"https:\/\/poblenouurbandistrict.com\/en\/wp-json\/wp\/v2\/media\/34449"}],"wp:attachment":[{"href":"https:\/\/poblenouurbandistrict.com\/en\/wp-json\/wp\/v2\/media?parent=34511"}],"wp:term":[{"taxonomy":"category","embeddable":true,"href":"https:\/\/poblenouurbandistrict.com\/en\/wp-json\/wp\/v2\/categories?post=34511"},{"taxonomy":"post_tag","embeddable":true,"href":"https:\/\/poblenouurbandistrict.com\/en\/wp-json\/wp\/v2\/tags?post=34511"}],"curies":[{"name":"wp","href":"https:\/\/api.w.org\/{rel}","templated":true}]}}