{"id":47203,"date":"2024-10-03T12:02:32","date_gmt":"2024-10-03T10:02:32","guid":{"rendered":"https:\/\/poblenouurbandistrict.com\/?p=47203"},"modified":"2024-10-03T16:41:59","modified_gmt":"2024-10-03T14:41:59","slug":"exibicion-al-dhub-locea-parla-noves-ecologies-i-noves-economies-del-mar","status":"publish","type":"post","link":"https:\/\/poblenouurbandistrict.com\/en\/exibicion-al-dhub-locea-parla-noves-ecologies-i-noves-economies-del-mar\/","title":{"rendered":"Exhibition at DHub: L\u2019Oce\u00e0 parla. Noves ecologies i noves economies del mar"},"content":{"rendered":"<p><\/p>\n<div class=\"flex-shrink-0 flex flex-col relative items-end\">\n<div>\n<div class=\"pt-0\">\n<div class=\"gizmo-bot-avatar flex h-8 w-8 items-center justify-center overflow-hidden rounded-full\">\n<div class=\"relative p-1 rounded-sm flex items-center justify-center bg-token-main-surface-primary text-token-text-primary h-8 w-8\"><strong>L\u2019Oce\u00e0 parla. Noves ecologies i noves economies del mar<\/strong><\/div>\n<\/div>\n<\/div>\n<\/div>\n<\/div>\n<div class=\"group\/conversation-turn relative flex w-full min-w-0 flex-col agent-turn\">\n<div class=\"flex-col gap-1 md:gap-3\">\n<div class=\"flex max-w-full flex-col flex-grow\">\n<div class=\"min-h-8 text-message flex w-full flex-col items-end gap-2 whitespace-normal break-words [.text-message+&amp;]:mt-5\" dir=\"auto\" data-message-author-role=\"assistant\" data-message-id=\"2cc696d8-f016-4734-bd9b-1c26cff4147b\">\n<div class=\"flex w-full flex-col gap-1 empty:hidden first:pt-[3px]\">\n<div class=\"markdown prose w-full break-words dark:prose-invert dark\">\n<p><strong>Dates:<\/strong> 10\/10\/2024 &#8211; 23\/02\/2025<\/p>\n<p>Disseny Hub Barcelona invites you to the opening of the temporary exhibition <span style=\"font-weight: 400;\">\u00a0<\/span><strong><i>L\u2019oce\u00e0 parla. Noves ecologies i noves economies del mar<\/i>\u00a0on October 9, 2024, at 6:30 pm.<\/strong><\/p>\n<p>Barcelona has always been by the sea, perhaps this is why it has taken it for granted. Now, the climate crisis forces us to give the sea and its ecosystems the attention they deserve.<\/p>\n<p>The exhibition invites <strong>reflection on the relationship between the city and the marine element through an interdisciplinary perspective<\/strong>, encompassing architecture, fashion, technology, speculative design, and urbanism. These disciplines are capable of proposing new imaginaries to address the major challenges that coastal societies will face in response to global warming and rising sea levels.<\/p>\n<p>More information <a href=\"https:\/\/www.dissenyhub.barcelona\/ca\/exposicio\/locea-parla-noves-ecologies-i-noves-economies-del-mar?utm_content=C4506-I40&amp;utm_source=ecoms&amp;utm_medium=email&amp;utm_term=Not%c3%adcia%20Principal-contingut\">here<\/a><\/p>\n<hr \/>\n<p><strong>We Read the Museum | The Ocean Around Us<\/strong><\/p>\n<p><strong>Dates:<\/strong> Last Wednesday of each month (except December) from 6:30 pm to 8:00 pm.<\/p>\n<p>The Biblioteca El Clot-Josep Benet, in collaboration with DHub, organizes a reading club as part of the <span style=\"font-weight: 400;\">\u00a0<\/span><i><span style=\"font-weight: 400;\">L\u2019oce\u00e0 parla. Noves ecologies i noves economies del mar <\/span><\/i>\u00a0exhibition to delve deeper into these topics. Following the path of <em>Moby Dick<\/em>, the club will read writings on the various uses and abuses of the sea, the largest known living space, a source of resources, and a dumping ground for our land-based waste.<\/p>\n<p>More information and registration <a href=\"https:\/\/www.dissenyhub.barcelona\/ca\/activitat\/llegim-el-museu-locea-que-ens-envolta\">here<\/a><\/p>\n<hr \/>\n<p>With the collaboration of Fundaci\u00f3n Telef\u00f3nica and Manifesta 15, this event is part of the Cultural Regatta program of the America&#8217;s Cup.<\/p>\n<\/div>\n<\/div>\n<\/div>\n<\/div>\n<\/div>\n<\/div>\n<p><\/p>","protected":false},"excerpt":{"rendered":"<p>L\u2019Oce\u00e0 parla. Noves ecologies i noves economies del mar Dates: 10\/10\/2024 &#8211; 23\/02\/2025 Disseny Hub Barcelona invites you to the&#8230; <a href=\"https:\/\/poblenouurbandistrict.com\/en\/exibicion-al-dhub-locea-parla-noves-ecologies-i-noves-economies-del-mar\/\">More  \u2192<\/a><\/p>\n","protected":false},"author":5,"featured_media":47218,"comment_status":"closed","ping_status":"closed","sticky":false,"template":"","format":"standard","meta":{"_acf_changed":false,"footnotes":""},"categories":[1],"tags":[],"class_list":["post-47203","post","type-post","status-publish","format-standard","has-post-thumbnail","hentry","category-noticias"],"acf":[],"yoast_head":"<!-- This site is optimized with the Yoast SEO plugin v27.5 - https:\/\/yoast.com\/product\/yoast-seo-wordpress\/ -->\n<title>Exhibition at DHub: L\u2019Oce\u00e0 parla. Noves ecologies i noves economies del mar &#8211; Poblenou Urban District<\/title>\n<meta name=\"robots\" content=\"index, follow, max-snippet:-1, max-image-preview:large, max-video-preview:-1\" \/>\n<link rel=\"canonical\" href=\"https:\/\/poblenouurbandistrict.com\/en\/exibicion-al-dhub-locea-parla-noves-ecologies-i-noves-economies-del-mar\/\" \/>\n<meta property=\"og:locale\" content=\"en_US\" \/>\n<meta property=\"og:type\" content=\"article\" \/>\n<meta property=\"og:title\" content=\"Exhibition at DHub: L\u2019Oce\u00e0 parla. Noves ecologies i noves economies del mar &#8211; Poblenou Urban District\" \/>\n<meta property=\"og:description\" content=\"L\u2019Oce\u00e0 parla. Noves ecologies i noves economies del mar Dates: 10\/10\/2024 &#8211; 23\/02\/2025 Disseny Hub Barcelona invites you to the... More \u2192\" \/>\n<meta property=\"og:url\" content=\"https:\/\/poblenouurbandistrict.com\/en\/exibicion-al-dhub-locea-parla-noves-ecologies-i-noves-economies-del-mar\/\" \/>\n<meta property=\"og:site_name\" content=\"Poblenou Urban District\" \/>\n<meta property=\"article:published_time\" content=\"2024-10-03T10:02:32+00:00\" \/>\n<meta property=\"article:modified_time\" content=\"2024-10-03T14:41:59+00:00\" \/>\n<meta property=\"og:image\" content=\"https:\/\/poblenouurbandistrict.com\/wp-content\/uploads\/2024\/10\/the-great-endeavor-captura27-1.jpg\" \/>\n\t<meta property=\"og:image:width\" content=\"2560\" \/>\n\t<meta property=\"og:image:height\" content=\"1706\" \/>\n\t<meta property=\"og:image:type\" content=\"image\/jpeg\" \/>\n<meta name=\"author\" content=\"pnud\" \/>\n<meta name=\"twitter:card\" content=\"summary_large_image\" \/>\n<meta name=\"twitter:label1\" content=\"Written by\" \/>\n\t<meta name=\"twitter:data1\" content=\"pnud\" \/>\n\t<meta name=\"twitter:label2\" content=\"Est. reading time\" \/>\n\t<meta name=\"twitter:data2\" content=\"2 minutes\" \/>\n<script type=\"application\/ld+json\" class=\"yoast-schema-graph\">{\"@context\":\"https:\\\/\\\/schema.org\",\"@graph\":[{\"@type\":\"Article\",\"@id\":\"https:\\\/\\\/poblenouurbandistrict.com\\\/exibicion-al-dhub-locea-parla-noves-ecologies-i-noves-economies-del-mar\\\/#article\",\"isPartOf\":{\"@id\":\"https:\\\/\\\/poblenouurbandistrict.com\\\/exibicion-al-dhub-locea-parla-noves-ecologies-i-noves-economies-del-mar\\\/\"},\"author\":{\"name\":\"pnud\",\"@id\":\"https:\\\/\\\/poblenouurbandistrict.com\\\/#\\\/schema\\\/person\\\/980a2cf34b399d5218205730acd54a7e\"},\"headline\":\"Exhibition at DHub: L\u2019Oce\u00e0 parla. Noves ecologies i noves economies del mar\",\"datePublished\":\"2024-10-03T10:02:32+00:00\",\"dateModified\":\"2024-10-03T14:41:59+00:00\",\"mainEntityOfPage\":{\"@id\":\"https:\\\/\\\/poblenouurbandistrict.com\\\/exibicion-al-dhub-locea-parla-noves-ecologies-i-noves-economies-del-mar\\\/\"},\"wordCount\":933,\"image\":{\"@id\":\"https:\\\/\\\/poblenouurbandistrict.com\\\/exibicion-al-dhub-locea-parla-noves-ecologies-i-noves-economies-del-mar\\\/#primaryimage\"},\"thumbnailUrl\":\"https:\\\/\\\/media.poblenouurbandistrict.com\\\/2024\\\/10\\\/25075700\\\/the-great-endeavor-captura27-1.jpg\",\"articleSection\":[\"What's going on\"],\"inLanguage\":\"en-US\"},{\"@type\":\"WebPage\",\"@id\":\"https:\\\/\\\/poblenouurbandistrict.com\\\/en\\\/exibicion-al-dhub-locea-parla-noves-ecologies-i-noves-economies-del-mar\\\/\",\"url\":\"https:\\\/\\\/poblenouurbandistrict.com\\\/en\\\/exibicion-al-dhub-locea-parla-noves-ecologies-i-noves-economies-del-mar\\\/\",\"name\":\"Exhibition at DHub: L\u2019Oce\u00e0 parla. Noves ecologies i noves economies del mar &#8211; Poblenou Urban District\",\"isPartOf\":{\"@id\":\"https:\\\/\\\/poblenouurbandistrict.com\\\/en\\\/#website\"},\"primaryImageOfPage\":{\"@id\":\"https:\\\/\\\/poblenouurbandistrict.com\\\/en\\\/exibicion-al-dhub-locea-parla-noves-ecologies-i-noves-economies-del-mar\\\/#primaryimage\"},\"image\":{\"@id\":\"https:\\\/\\\/poblenouurbandistrict.com\\\/exibicion-al-dhub-locea-parla-noves-ecologies-i-noves-economies-del-mar\\\/#primaryimage\"},\"thumbnailUrl\":\"https:\\\/\\\/media.poblenouurbandistrict.com\\\/2024\\\/10\\\/25075700\\\/the-great-endeavor-captura27-1.jpg\",\"datePublished\":\"2024-10-03T10:02:32+00:00\",\"dateModified\":\"2024-10-03T14:41:59+00:00\",\"author\":{\"@id\":\"https:\\\/\\\/poblenouurbandistrict.com\\\/#\\\/schema\\\/person\\\/980a2cf34b399d5218205730acd54a7e\"},\"breadcrumb\":{\"@id\":\"https:\\\/\\\/poblenouurbandistrict.com\\\/en\\\/exibicion-al-dhub-locea-parla-noves-ecologies-i-noves-economies-del-mar\\\/#breadcrumb\"},\"inLanguage\":\"en-US\",\"potentialAction\":[{\"@type\":\"ReadAction\",\"target\":[[\"https:\\\/\\\/poblenouurbandistrict.com\\\/en\\\/exibicion-al-dhub-locea-parla-noves-ecologies-i-noves-economies-del-mar\\\/\"]]}]},{\"@type\":\"ImageObject\",\"inLanguage\":\"en-US\",\"@id\":\"https:\\\/\\\/poblenouurbandistrict.com\\\/en\\\/exibicion-al-dhub-locea-parla-noves-ecologies-i-noves-economies-del-mar\\\/#primaryimage\",\"url\":\"https:\\\/\\\/media.poblenouurbandistrict.com\\\/2024\\\/10\\\/25075700\\\/the-great-endeavor-captura27-1.jpg\",\"contentUrl\":\"https:\\\/\\\/media.poblenouurbandistrict.com\\\/2024\\\/10\\\/25075700\\\/the-great-endeavor-captura27-1.jpg\",\"width\":2560,\"height\":1706,\"caption\":\"@JavierArias\"},{\"@type\":\"BreadcrumbList\",\"@id\":\"https:\\\/\\\/poblenouurbandistrict.com\\\/en\\\/exibicion-al-dhub-locea-parla-noves-ecologies-i-noves-economies-del-mar\\\/#breadcrumb\",\"itemListElement\":[{\"@type\":\"ListItem\",\"position\":1,\"name\":\"Home\",\"item\":\"https:\\\/\\\/poblenouurbandistrict.com\\\/en\\\/\"},{\"@type\":\"ListItem\",\"position\":2,\"name\":\"&#8220;L\u2019Oce\u00e0 parla. Noves ecologies i noves economies del mar&#8221; \u00e9s la nova exposici\u00f3 del DHub Barcelona\"}]},{\"@type\":\"WebSite\",\"@id\":\"https:\\\/\\\/poblenouurbandistrict.com\\\/en\\\/#website\",\"url\":\"https:\\\/\\\/poblenouurbandistrict.com\\\/en\\\/\",\"name\":\"Poblenou Urban District\",\"description\":\"Creative Community\",\"potentialAction\":[{\"@type\":\"SearchAction\",\"target\":{\"@type\":\"EntryPoint\",\"urlTemplate\":\"https:\\\/\\\/poblenouurbandistrict.com\\\/en\\\/?s={search_term_string}\"},\"query-input\":{\"@type\":\"PropertyValueSpecification\",\"valueRequired\":true,\"valueName\":\"search_term_string\"}}],\"inLanguage\":\"en-US\"},{\"@type\":\"Person\",\"@id\":\"https:\\\/\\\/poblenouurbandistrict.com\\\/#\\\/schema\\\/person\\\/980a2cf34b399d5218205730acd54a7e\",\"name\":\"pnud\",\"image\":{\"@type\":\"ImageObject\",\"inLanguage\":\"en-US\",\"@id\":\"https:\\\/\\\/secure.gravatar.com\\\/avatar\\\/67146597b405ee077a24e519f75c3e2031736596d6ce35af3a34c122c93d0d7b?s=96&d=retro&r=g\",\"url\":\"https:\\\/\\\/secure.gravatar.com\\\/avatar\\\/67146597b405ee077a24e519f75c3e2031736596d6ce35af3a34c122c93d0d7b?s=96&d=retro&r=g\",\"contentUrl\":\"https:\\\/\\\/secure.gravatar.com\\\/avatar\\\/67146597b405ee077a24e519f75c3e2031736596d6ce35af3a34c122c93d0d7b?s=96&d=retro&r=g\",\"caption\":\"pnud\"}}]}<\/script>\n<!-- \/ Yoast SEO plugin. -->","yoast_head_json":{"title":"Exhibition at DHub: L\u2019Oce\u00e0 parla. Noves ecologies i noves economies del mar &#8211; Poblenou Urban District","robots":{"index":"index","follow":"follow","max-snippet":"max-snippet:-1","max-image-preview":"max-image-preview:large","max-video-preview":"max-video-preview:-1"},"canonical":"https:\/\/poblenouurbandistrict.com\/en\/exibicion-al-dhub-locea-parla-noves-ecologies-i-noves-economies-del-mar\/","og_locale":"en_US","og_type":"article","og_title":"Exhibition at DHub: L\u2019Oce\u00e0 parla. Noves ecologies i noves economies del mar &#8211; Poblenou Urban District","og_description":"L\u2019Oce\u00e0 parla. Noves ecologies i noves economies del mar Dates: 10\/10\/2024 &#8211; 23\/02\/2025 Disseny Hub Barcelona invites you to the... More \u2192","og_url":"https:\/\/poblenouurbandistrict.com\/en\/exibicion-al-dhub-locea-parla-noves-ecologies-i-noves-economies-del-mar\/","og_site_name":"Poblenou Urban District","article_published_time":"2024-10-03T10:02:32+00:00","article_modified_time":"2024-10-03T14:41:59+00:00","og_image":[{"width":2560,"height":1706,"url":"https:\/\/poblenouurbandistrict.com\/wp-content\/uploads\/2024\/10\/the-great-endeavor-captura27-1.jpg","type":"image\/jpeg"}],"author":"pnud","twitter_card":"summary_large_image","twitter_misc":{"Written by":"pnud","Est. reading time":"2 minutes"},"schema":{"@context":"https:\/\/schema.org","@graph":[{"@type":"Article","@id":"https:\/\/poblenouurbandistrict.com\/exibicion-al-dhub-locea-parla-noves-ecologies-i-noves-economies-del-mar\/#article","isPartOf":{"@id":"https:\/\/poblenouurbandistrict.com\/exibicion-al-dhub-locea-parla-noves-ecologies-i-noves-economies-del-mar\/"},"author":{"name":"pnud","@id":"https:\/\/poblenouurbandistrict.com\/#\/schema\/person\/980a2cf34b399d5218205730acd54a7e"},"headline":"Exhibition at DHub: L\u2019Oce\u00e0 parla. Noves ecologies i noves economies del mar","datePublished":"2024-10-03T10:02:32+00:00","dateModified":"2024-10-03T14:41:59+00:00","mainEntityOfPage":{"@id":"https:\/\/poblenouurbandistrict.com\/exibicion-al-dhub-locea-parla-noves-ecologies-i-noves-economies-del-mar\/"},"wordCount":933,"image":{"@id":"https:\/\/poblenouurbandistrict.com\/exibicion-al-dhub-locea-parla-noves-ecologies-i-noves-economies-del-mar\/#primaryimage"},"thumbnailUrl":"https:\/\/media.poblenouurbandistrict.com\/2024\/10\/25075700\/the-great-endeavor-captura27-1.jpg","articleSection":["What's going on"],"inLanguage":"en-US"},{"@type":"WebPage","@id":"https:\/\/poblenouurbandistrict.com\/en\/exibicion-al-dhub-locea-parla-noves-ecologies-i-noves-economies-del-mar\/","url":"https:\/\/poblenouurbandistrict.com\/en\/exibicion-al-dhub-locea-parla-noves-ecologies-i-noves-economies-del-mar\/","name":"Exhibition at DHub: L\u2019Oce\u00e0 parla. Noves ecologies i noves economies del mar &#8211; Poblenou Urban District","isPartOf":{"@id":"https:\/\/poblenouurbandistrict.com\/en\/#website"},"primaryImageOfPage":{"@id":"https:\/\/poblenouurbandistrict.com\/en\/exibicion-al-dhub-locea-parla-noves-ecologies-i-noves-economies-del-mar\/#primaryimage"},"image":{"@id":"https:\/\/poblenouurbandistrict.com\/exibicion-al-dhub-locea-parla-noves-ecologies-i-noves-economies-del-mar\/#primaryimage"},"thumbnailUrl":"https:\/\/media.poblenouurbandistrict.com\/2024\/10\/25075700\/the-great-endeavor-captura27-1.jpg","datePublished":"2024-10-03T10:02:32+00:00","dateModified":"2024-10-03T14:41:59+00:00","author":{"@id":"https:\/\/poblenouurbandistrict.com\/#\/schema\/person\/980a2cf34b399d5218205730acd54a7e"},"breadcrumb":{"@id":"https:\/\/poblenouurbandistrict.com\/en\/exibicion-al-dhub-locea-parla-noves-ecologies-i-noves-economies-del-mar\/#breadcrumb"},"inLanguage":"en-US","potentialAction":[{"@type":"ReadAction","target":[["https:\/\/poblenouurbandistrict.com\/en\/exibicion-al-dhub-locea-parla-noves-ecologies-i-noves-economies-del-mar\/"]]}]},{"@type":"ImageObject","inLanguage":"en-US","@id":"https:\/\/poblenouurbandistrict.com\/en\/exibicion-al-dhub-locea-parla-noves-ecologies-i-noves-economies-del-mar\/#primaryimage","url":"https:\/\/media.poblenouurbandistrict.com\/2024\/10\/25075700\/the-great-endeavor-captura27-1.jpg","contentUrl":"https:\/\/media.poblenouurbandistrict.com\/2024\/10\/25075700\/the-great-endeavor-captura27-1.jpg","width":2560,"height":1706,"caption":"@JavierArias"},{"@type":"BreadcrumbList","@id":"https:\/\/poblenouurbandistrict.com\/en\/exibicion-al-dhub-locea-parla-noves-ecologies-i-noves-economies-del-mar\/#breadcrumb","itemListElement":[{"@type":"ListItem","position":1,"name":"Home","item":"https:\/\/poblenouurbandistrict.com\/en\/"},{"@type":"ListItem","position":2,"name":"&#8220;L\u2019Oce\u00e0 parla. Noves ecologies i noves economies del mar&#8221; \u00e9s la nova exposici\u00f3 del DHub Barcelona"}]},{"@type":"WebSite","@id":"https:\/\/poblenouurbandistrict.com\/en\/#website","url":"https:\/\/poblenouurbandistrict.com\/en\/","name":"Poblenou Urban District","description":"Creative Community","potentialAction":[{"@type":"SearchAction","target":{"@type":"EntryPoint","urlTemplate":"https:\/\/poblenouurbandistrict.com\/en\/?s={search_term_string}"},"query-input":{"@type":"PropertyValueSpecification","valueRequired":true,"valueName":"search_term_string"}}],"inLanguage":"en-US"},{"@type":"Person","@id":"https:\/\/poblenouurbandistrict.com\/#\/schema\/person\/980a2cf34b399d5218205730acd54a7e","name":"pnud","image":{"@type":"ImageObject","inLanguage":"en-US","@id":"https:\/\/secure.gravatar.com\/avatar\/67146597b405ee077a24e519f75c3e2031736596d6ce35af3a34c122c93d0d7b?s=96&d=retro&r=g","url":"https:\/\/secure.gravatar.com\/avatar\/67146597b405ee077a24e519f75c3e2031736596d6ce35af3a34c122c93d0d7b?s=96&d=retro&r=g","contentUrl":"https:\/\/secure.gravatar.com\/avatar\/67146597b405ee077a24e519f75c3e2031736596d6ce35af3a34c122c93d0d7b?s=96&d=retro&r=g","caption":"pnud"}}]}},"_links":{"self":[{"href":"https:\/\/poblenouurbandistrict.com\/en\/wp-json\/wp\/v2\/posts\/47203","targetHints":{"allow":["GET"]}}],"collection":[{"href":"https:\/\/poblenouurbandistrict.com\/en\/wp-json\/wp\/v2\/posts"}],"about":[{"href":"https:\/\/poblenouurbandistrict.com\/en\/wp-json\/wp\/v2\/types\/post"}],"author":[{"embeddable":true,"href":"https:\/\/poblenouurbandistrict.com\/en\/wp-json\/wp\/v2\/users\/5"}],"replies":[{"embeddable":true,"href":"https:\/\/poblenouurbandistrict.com\/en\/wp-json\/wp\/v2\/comments?post=47203"}],"version-history":[{"count":3,"href":"https:\/\/poblenouurbandistrict.com\/en\/wp-json\/wp\/v2\/posts\/47203\/revisions"}],"predecessor-version":[{"id":47220,"href":"https:\/\/poblenouurbandistrict.com\/en\/wp-json\/wp\/v2\/posts\/47203\/revisions\/47220"}],"wp:featuredmedia":[{"embeddable":true,"href":"https:\/\/poblenouurbandistrict.com\/en\/wp-json\/wp\/v2\/media\/47218"}],"wp:attachment":[{"href":"https:\/\/poblenouurbandistrict.com\/en\/wp-json\/wp\/v2\/media?parent=47203"}],"wp:term":[{"taxonomy":"category","embeddable":true,"href":"https:\/\/poblenouurbandistrict.com\/en\/wp-json\/wp\/v2\/categories?post=47203"},{"taxonomy":"post_tag","embeddable":true,"href":"https:\/\/poblenouurbandistrict.com\/en\/wp-json\/wp\/v2\/tags?post=47203"}],"curies":[{"name":"wp","href":"https:\/\/api.w.org\/{rel}","templated":true}]}}