{"id":47855,"date":"2024-10-28T13:12:47","date_gmt":"2024-10-28T12:12:47","guid":{"rendered":"https:\/\/poblenouurbandistrict.com\/?p=47855"},"modified":"2024-10-31T14:40:02","modified_gmt":"2024-10-31T13:40:02","slug":"la-sala-razzmatazz-esta-daniversari-24-anys-de-musica-i-diversio","status":"publish","type":"post","link":"https:\/\/poblenouurbandistrict.com\/en\/la-sala-razzmatazz-esta-daniversari-24-anys-de-musica-i-diversio\/","title":{"rendered":"Razzmatazz is celebrating its birthday! 24 years of music and fun!"},"content":{"rendered":"<p>Next Tuesday, November 5th, The Ghost Inside concert will kick off the birthday celebrations, which will last until December 31st. Over these two months, <a href=\"https:\/\/www.salarazzmatazz.com\/en\/agenda\">Razzmatazz<\/a> will host established artists alongside new talents to celebrate 24 years of music and culture:<\/p>\n<p>Alcal\u00e1 Norte, Ambkor, Angara, Blues Pills, Brothers in Band, Ca7riel &amp; Paco Amoroso, Chelsea Wolfe, Dani Flaco, Dorian, Frank Carter &amp; The Rattlesnakes, Hazlett, La \u00c9lite, and many, many more.<\/p>\n<p>This year has been full of rewarding projects and experiences for Razzmatazz, including the \u201cAll Together Razz\u201d campaign centered around the concept of diversity. This initiative has led them to collaborate with other Poblenou spaces like DHUB, BAU, Poblenou Urban District, and The Hoxton, promoting cultural diversity, understanding through inclusion, respect, dance, and fun. Razzmatazz has always worked in this direction with a professional team dedicated to creating a diverse and attractive space.<\/p>\n<p>Here\u2019s to 24 years and all the ones yet to come!<\/p>","protected":false},"excerpt":{"rendered":"<p>Next Tuesday, November 5th, The Ghost Inside concert will kick off the birthday celebrations, which will last until December 31st&#8230;. <a href=\"https:\/\/poblenouurbandistrict.com\/en\/la-sala-razzmatazz-esta-daniversari-24-anys-de-musica-i-diversio\/\">More  \u2192<\/a><\/p>\n","protected":false},"author":5,"featured_media":47036,"comment_status":"closed","ping_status":"closed","sticky":false,"template":"","format":"standard","meta":{"_acf_changed":false,"footnotes":""},"categories":[3348],"tags":[],"class_list":["post-47855","post","type-post","status-publish","format-standard","has-post-thumbnail","hentry","category-musica"],"acf":[],"yoast_head":"<!-- This site is optimized with the Yoast SEO plugin v27.5 - https:\/\/yoast.com\/product\/yoast-seo-wordpress\/ -->\n<title>Razzmatazz is celebrating its birthday! 24 years of music and fun! &#8211; Poblenou Urban District<\/title>\n<meta name=\"robots\" content=\"index, follow, max-snippet:-1, max-image-preview:large, max-video-preview:-1\" \/>\n<link rel=\"canonical\" href=\"https:\/\/poblenouurbandistrict.com\/en\/la-sala-razzmatazz-esta-daniversari-24-anys-de-musica-i-diversio\/\" \/>\n<meta property=\"og:locale\" content=\"en_US\" \/>\n<meta property=\"og:type\" content=\"article\" \/>\n<meta property=\"og:title\" content=\"Razzmatazz is celebrating its birthday! 24 years of music and fun! &#8211; Poblenou Urban District\" \/>\n<meta property=\"og:description\" content=\"Next Tuesday, November 5th, The Ghost Inside concert will kick off the birthday celebrations, which will last until December 31st.... More \u2192\" \/>\n<meta property=\"og:url\" content=\"https:\/\/poblenouurbandistrict.com\/en\/la-sala-razzmatazz-esta-daniversari-24-anys-de-musica-i-diversio\/\" \/>\n<meta property=\"og:site_name\" content=\"Poblenou Urban District\" \/>\n<meta property=\"article:published_time\" content=\"2024-10-28T12:12:47+00:00\" \/>\n<meta property=\"article:modified_time\" content=\"2024-10-31T13:40:02+00:00\" \/>\n<meta property=\"og:image\" content=\"https:\/\/poblenouurbandistrict.com\/wp-content\/uploads\/2024\/09\/razzmatazz.jpg\" \/>\n\t<meta property=\"og:image:width\" content=\"1677\" \/>\n\t<meta property=\"og:image:height\" content=\"1085\" \/>\n\t<meta property=\"og:image:type\" content=\"image\/jpeg\" \/>\n<meta name=\"author\" content=\"pnud\" \/>\n<meta name=\"twitter:card\" content=\"summary_large_image\" \/>\n<meta name=\"twitter:label1\" content=\"Written by\" \/>\n\t<meta name=\"twitter:data1\" content=\"pnud\" \/>\n\t<meta name=\"twitter:label2\" content=\"Est. reading time\" \/>\n\t<meta name=\"twitter:data2\" content=\"2 minutes\" \/>\n<script type=\"application\/ld+json\" class=\"yoast-schema-graph\">{\"@context\":\"https:\\\/\\\/schema.org\",\"@graph\":[{\"@type\":\"Article\",\"@id\":\"https:\\\/\\\/poblenouurbandistrict.com\\\/la-sala-razzmatazz-esta-daniversari-24-anys-de-musica-i-diversio\\\/#article\",\"isPartOf\":{\"@id\":\"https:\\\/\\\/poblenouurbandistrict.com\\\/la-sala-razzmatazz-esta-daniversari-24-anys-de-musica-i-diversio\\\/\"},\"author\":{\"name\":\"pnud\",\"@id\":\"https:\\\/\\\/poblenouurbandistrict.com\\\/#\\\/schema\\\/person\\\/980a2cf34b399d5218205730acd54a7e\"},\"headline\":\"Razzmatazz is celebrating its birthday! 24 years of music and fun!\",\"datePublished\":\"2024-10-28T12:12:47+00:00\",\"dateModified\":\"2024-10-31T13:40:02+00:00\",\"mainEntityOfPage\":{\"@id\":\"https:\\\/\\\/poblenouurbandistrict.com\\\/la-sala-razzmatazz-esta-daniversari-24-anys-de-musica-i-diversio\\\/\"},\"wordCount\":568,\"image\":{\"@id\":\"https:\\\/\\\/poblenouurbandistrict.com\\\/la-sala-razzmatazz-esta-daniversari-24-anys-de-musica-i-diversio\\\/#primaryimage\"},\"thumbnailUrl\":\"https:\\\/\\\/media.poblenouurbandistrict.com\\\/2024\\\/09\\\/25075447\\\/razzmatazz.jpg\",\"articleSection\":[\"Music\"],\"inLanguage\":\"en-US\"},{\"@type\":\"WebPage\",\"@id\":\"https:\\\/\\\/poblenouurbandistrict.com\\\/en\\\/la-sala-razzmatazz-esta-daniversari-24-anys-de-musica-i-diversio\\\/\",\"url\":\"https:\\\/\\\/poblenouurbandistrict.com\\\/en\\\/la-sala-razzmatazz-esta-daniversari-24-anys-de-musica-i-diversio\\\/\",\"name\":\"Razzmatazz is celebrating its birthday! 24 years of music and fun! &#8211; Poblenou Urban District\",\"isPartOf\":{\"@id\":\"https:\\\/\\\/poblenouurbandistrict.com\\\/en\\\/#website\"},\"primaryImageOfPage\":{\"@id\":\"https:\\\/\\\/poblenouurbandistrict.com\\\/en\\\/la-sala-razzmatazz-esta-daniversari-24-anys-de-musica-i-diversio\\\/#primaryimage\"},\"image\":{\"@id\":\"https:\\\/\\\/poblenouurbandistrict.com\\\/la-sala-razzmatazz-esta-daniversari-24-anys-de-musica-i-diversio\\\/#primaryimage\"},\"thumbnailUrl\":\"https:\\\/\\\/media.poblenouurbandistrict.com\\\/2024\\\/09\\\/25075447\\\/razzmatazz.jpg\",\"datePublished\":\"2024-10-28T12:12:47+00:00\",\"dateModified\":\"2024-10-31T13:40:02+00:00\",\"author\":{\"@id\":\"https:\\\/\\\/poblenouurbandistrict.com\\\/#\\\/schema\\\/person\\\/980a2cf34b399d5218205730acd54a7e\"},\"breadcrumb\":{\"@id\":\"https:\\\/\\\/poblenouurbandistrict.com\\\/en\\\/la-sala-razzmatazz-esta-daniversari-24-anys-de-musica-i-diversio\\\/#breadcrumb\"},\"inLanguage\":\"en-US\",\"potentialAction\":[{\"@type\":\"ReadAction\",\"target\":[[\"https:\\\/\\\/poblenouurbandistrict.com\\\/en\\\/la-sala-razzmatazz-esta-daniversari-24-anys-de-musica-i-diversio\\\/\"]]}]},{\"@type\":\"ImageObject\",\"inLanguage\":\"en-US\",\"@id\":\"https:\\\/\\\/poblenouurbandistrict.com\\\/en\\\/la-sala-razzmatazz-esta-daniversari-24-anys-de-musica-i-diversio\\\/#primaryimage\",\"url\":\"https:\\\/\\\/media.poblenouurbandistrict.com\\\/2024\\\/09\\\/25075447\\\/razzmatazz.jpg\",\"contentUrl\":\"https:\\\/\\\/media.poblenouurbandistrict.com\\\/2024\\\/09\\\/25075447\\\/razzmatazz.jpg\",\"width\":1677,\"height\":1085},{\"@type\":\"BreadcrumbList\",\"@id\":\"https:\\\/\\\/poblenouurbandistrict.com\\\/en\\\/la-sala-razzmatazz-esta-daniversari-24-anys-de-musica-i-diversio\\\/#breadcrumb\",\"itemListElement\":[{\"@type\":\"ListItem\",\"position\":1,\"name\":\"Home\",\"item\":\"https:\\\/\\\/poblenouurbandistrict.com\\\/en\\\/\"},{\"@type\":\"ListItem\",\"position\":2,\"name\":\"La Sala Razzmatazz est\u00e0 d&#8217;aniversari! 24 anys de m\u00fasica i diversi\u00f3!\"}]},{\"@type\":\"WebSite\",\"@id\":\"https:\\\/\\\/poblenouurbandistrict.com\\\/en\\\/#website\",\"url\":\"https:\\\/\\\/poblenouurbandistrict.com\\\/en\\\/\",\"name\":\"Poblenou Urban District\",\"description\":\"Creative Community\",\"potentialAction\":[{\"@type\":\"SearchAction\",\"target\":{\"@type\":\"EntryPoint\",\"urlTemplate\":\"https:\\\/\\\/poblenouurbandistrict.com\\\/en\\\/?s={search_term_string}\"},\"query-input\":{\"@type\":\"PropertyValueSpecification\",\"valueRequired\":true,\"valueName\":\"search_term_string\"}}],\"inLanguage\":\"en-US\"},{\"@type\":\"Person\",\"@id\":\"https:\\\/\\\/poblenouurbandistrict.com\\\/#\\\/schema\\\/person\\\/980a2cf34b399d5218205730acd54a7e\",\"name\":\"pnud\",\"image\":{\"@type\":\"ImageObject\",\"inLanguage\":\"en-US\",\"@id\":\"https:\\\/\\\/secure.gravatar.com\\\/avatar\\\/67146597b405ee077a24e519f75c3e2031736596d6ce35af3a34c122c93d0d7b?s=96&d=retro&r=g\",\"url\":\"https:\\\/\\\/secure.gravatar.com\\\/avatar\\\/67146597b405ee077a24e519f75c3e2031736596d6ce35af3a34c122c93d0d7b?s=96&d=retro&r=g\",\"contentUrl\":\"https:\\\/\\\/secure.gravatar.com\\\/avatar\\\/67146597b405ee077a24e519f75c3e2031736596d6ce35af3a34c122c93d0d7b?s=96&d=retro&r=g\",\"caption\":\"pnud\"}}]}<\/script>\n<!-- \/ Yoast SEO plugin. -->","yoast_head_json":{"title":"Razzmatazz is celebrating its birthday! 24 years of music and fun! &#8211; Poblenou Urban District","robots":{"index":"index","follow":"follow","max-snippet":"max-snippet:-1","max-image-preview":"max-image-preview:large","max-video-preview":"max-video-preview:-1"},"canonical":"https:\/\/poblenouurbandistrict.com\/en\/la-sala-razzmatazz-esta-daniversari-24-anys-de-musica-i-diversio\/","og_locale":"en_US","og_type":"article","og_title":"Razzmatazz is celebrating its birthday! 24 years of music and fun! &#8211; Poblenou Urban District","og_description":"Next Tuesday, November 5th, The Ghost Inside concert will kick off the birthday celebrations, which will last until December 31st.... More \u2192","og_url":"https:\/\/poblenouurbandistrict.com\/en\/la-sala-razzmatazz-esta-daniversari-24-anys-de-musica-i-diversio\/","og_site_name":"Poblenou Urban District","article_published_time":"2024-10-28T12:12:47+00:00","article_modified_time":"2024-10-31T13:40:02+00:00","og_image":[{"width":1677,"height":1085,"url":"https:\/\/poblenouurbandistrict.com\/wp-content\/uploads\/2024\/09\/razzmatazz.jpg","type":"image\/jpeg"}],"author":"pnud","twitter_card":"summary_large_image","twitter_misc":{"Written by":"pnud","Est. reading time":"2 minutes"},"schema":{"@context":"https:\/\/schema.org","@graph":[{"@type":"Article","@id":"https:\/\/poblenouurbandistrict.com\/la-sala-razzmatazz-esta-daniversari-24-anys-de-musica-i-diversio\/#article","isPartOf":{"@id":"https:\/\/poblenouurbandistrict.com\/la-sala-razzmatazz-esta-daniversari-24-anys-de-musica-i-diversio\/"},"author":{"name":"pnud","@id":"https:\/\/poblenouurbandistrict.com\/#\/schema\/person\/980a2cf34b399d5218205730acd54a7e"},"headline":"Razzmatazz is celebrating its birthday! 24 years of music and fun!","datePublished":"2024-10-28T12:12:47+00:00","dateModified":"2024-10-31T13:40:02+00:00","mainEntityOfPage":{"@id":"https:\/\/poblenouurbandistrict.com\/la-sala-razzmatazz-esta-daniversari-24-anys-de-musica-i-diversio\/"},"wordCount":568,"image":{"@id":"https:\/\/poblenouurbandistrict.com\/la-sala-razzmatazz-esta-daniversari-24-anys-de-musica-i-diversio\/#primaryimage"},"thumbnailUrl":"https:\/\/media.poblenouurbandistrict.com\/2024\/09\/25075447\/razzmatazz.jpg","articleSection":["Music"],"inLanguage":"en-US"},{"@type":"WebPage","@id":"https:\/\/poblenouurbandistrict.com\/en\/la-sala-razzmatazz-esta-daniversari-24-anys-de-musica-i-diversio\/","url":"https:\/\/poblenouurbandistrict.com\/en\/la-sala-razzmatazz-esta-daniversari-24-anys-de-musica-i-diversio\/","name":"Razzmatazz is celebrating its birthday! 24 years of music and fun! &#8211; Poblenou Urban District","isPartOf":{"@id":"https:\/\/poblenouurbandistrict.com\/en\/#website"},"primaryImageOfPage":{"@id":"https:\/\/poblenouurbandistrict.com\/en\/la-sala-razzmatazz-esta-daniversari-24-anys-de-musica-i-diversio\/#primaryimage"},"image":{"@id":"https:\/\/poblenouurbandistrict.com\/la-sala-razzmatazz-esta-daniversari-24-anys-de-musica-i-diversio\/#primaryimage"},"thumbnailUrl":"https:\/\/media.poblenouurbandistrict.com\/2024\/09\/25075447\/razzmatazz.jpg","datePublished":"2024-10-28T12:12:47+00:00","dateModified":"2024-10-31T13:40:02+00:00","author":{"@id":"https:\/\/poblenouurbandistrict.com\/#\/schema\/person\/980a2cf34b399d5218205730acd54a7e"},"breadcrumb":{"@id":"https:\/\/poblenouurbandistrict.com\/en\/la-sala-razzmatazz-esta-daniversari-24-anys-de-musica-i-diversio\/#breadcrumb"},"inLanguage":"en-US","potentialAction":[{"@type":"ReadAction","target":[["https:\/\/poblenouurbandistrict.com\/en\/la-sala-razzmatazz-esta-daniversari-24-anys-de-musica-i-diversio\/"]]}]},{"@type":"ImageObject","inLanguage":"en-US","@id":"https:\/\/poblenouurbandistrict.com\/en\/la-sala-razzmatazz-esta-daniversari-24-anys-de-musica-i-diversio\/#primaryimage","url":"https:\/\/media.poblenouurbandistrict.com\/2024\/09\/25075447\/razzmatazz.jpg","contentUrl":"https:\/\/media.poblenouurbandistrict.com\/2024\/09\/25075447\/razzmatazz.jpg","width":1677,"height":1085},{"@type":"BreadcrumbList","@id":"https:\/\/poblenouurbandistrict.com\/en\/la-sala-razzmatazz-esta-daniversari-24-anys-de-musica-i-diversio\/#breadcrumb","itemListElement":[{"@type":"ListItem","position":1,"name":"Home","item":"https:\/\/poblenouurbandistrict.com\/en\/"},{"@type":"ListItem","position":2,"name":"La Sala Razzmatazz est\u00e0 d&#8217;aniversari! 24 anys de m\u00fasica i diversi\u00f3!"}]},{"@type":"WebSite","@id":"https:\/\/poblenouurbandistrict.com\/en\/#website","url":"https:\/\/poblenouurbandistrict.com\/en\/","name":"Poblenou Urban District","description":"Creative Community","potentialAction":[{"@type":"SearchAction","target":{"@type":"EntryPoint","urlTemplate":"https:\/\/poblenouurbandistrict.com\/en\/?s={search_term_string}"},"query-input":{"@type":"PropertyValueSpecification","valueRequired":true,"valueName":"search_term_string"}}],"inLanguage":"en-US"},{"@type":"Person","@id":"https:\/\/poblenouurbandistrict.com\/#\/schema\/person\/980a2cf34b399d5218205730acd54a7e","name":"pnud","image":{"@type":"ImageObject","inLanguage":"en-US","@id":"https:\/\/secure.gravatar.com\/avatar\/67146597b405ee077a24e519f75c3e2031736596d6ce35af3a34c122c93d0d7b?s=96&d=retro&r=g","url":"https:\/\/secure.gravatar.com\/avatar\/67146597b405ee077a24e519f75c3e2031736596d6ce35af3a34c122c93d0d7b?s=96&d=retro&r=g","contentUrl":"https:\/\/secure.gravatar.com\/avatar\/67146597b405ee077a24e519f75c3e2031736596d6ce35af3a34c122c93d0d7b?s=96&d=retro&r=g","caption":"pnud"}}]}},"_links":{"self":[{"href":"https:\/\/poblenouurbandistrict.com\/en\/wp-json\/wp\/v2\/posts\/47855","targetHints":{"allow":["GET"]}}],"collection":[{"href":"https:\/\/poblenouurbandistrict.com\/en\/wp-json\/wp\/v2\/posts"}],"about":[{"href":"https:\/\/poblenouurbandistrict.com\/en\/wp-json\/wp\/v2\/types\/post"}],"author":[{"embeddable":true,"href":"https:\/\/poblenouurbandistrict.com\/en\/wp-json\/wp\/v2\/users\/5"}],"replies":[{"embeddable":true,"href":"https:\/\/poblenouurbandistrict.com\/en\/wp-json\/wp\/v2\/comments?post=47855"}],"version-history":[{"count":6,"href":"https:\/\/poblenouurbandistrict.com\/en\/wp-json\/wp\/v2\/posts\/47855\/revisions"}],"predecessor-version":[{"id":47995,"href":"https:\/\/poblenouurbandistrict.com\/en\/wp-json\/wp\/v2\/posts\/47855\/revisions\/47995"}],"wp:featuredmedia":[{"embeddable":true,"href":"https:\/\/poblenouurbandistrict.com\/en\/wp-json\/wp\/v2\/media\/47036"}],"wp:attachment":[{"href":"https:\/\/poblenouurbandistrict.com\/en\/wp-json\/wp\/v2\/media?parent=47855"}],"wp:term":[{"taxonomy":"category","embeddable":true,"href":"https:\/\/poblenouurbandistrict.com\/en\/wp-json\/wp\/v2\/categories?post=47855"},{"taxonomy":"post_tag","embeddable":true,"href":"https:\/\/poblenouurbandistrict.com\/en\/wp-json\/wp\/v2\/tags?post=47855"}],"curies":[{"name":"wp","href":"https:\/\/api.w.org\/{rel}","templated":true}]}}