{"id":50954,"date":"2025-05-05T09:30:42","date_gmt":"2025-05-05T07:30:42","guid":{"rendered":"https:\/\/poblenouurbandistrict.com\/?p=50954"},"modified":"2025-05-09T13:42:09","modified_gmt":"2025-05-09T11:42:09","slug":"art-i-creativitat-les-propostes-del-poblenou-open-day","status":"publish","type":"post","link":"https:\/\/poblenouurbandistrict.com\/en\/art-i-creativitat-les-propostes-del-poblenou-open-day\/","title":{"rendered":"Art and creativity: The Proposals of Poblenou Open Day"},"content":{"rendered":"<p><\/p>\n<p class=\"\" data-start=\"3240\" data-end=\"3469\"><span style=\"color: #333333;\">Museums, studios, and art galleries linked to Poblenou Urban District will open their doors on May 10 to celebrate Open Day. A day to discover art, design, and photography through different formats, catalogs, and exhibitions.<\/span><\/p>\n<h3 data-start=\"3471\" data-end=\"3482\"><span style=\"color: #333333;\"><a style=\"color: #333333;\" href=\"https:\/\/www.amagats.com\/\"><strong data-start=\"3471\" data-end=\"3482\">AMAGATS<\/strong><\/a><\/span><\/h3>\n<p class=\"\" data-start=\"3484\" data-end=\"3901\"><span style=\"color: #333333;\">As part of Open Day, artist Francesca Llopis presents <em data-start=\"3538\" data-end=\"3550\">JAPONISMES<\/em>, an exhibition inspired by her latest trip to Japan. The centerpiece, the video <em data-start=\"3631\" data-end=\"3641\">&#8220;GON-NG&#8221;<\/em>, will be screened in a continuous loop from 12 PM to 10 PM, offering a contemplative and sensory experience. Through lights, shadows, and silences, Llopis invites us to reinterpret Japanese culture from a poetic and contemporary perspective. Limited capacity.<\/span><\/p>\n<h6 style=\"text-align: center;\" data-start=\"3903\" data-end=\"3936\"><span style=\"color: #333333;\">Pallars 101, 4-4<\/span><br data-start=\"3919\" data-end=\"3922\" \/><span style=\"color: #333333;\">12 PM to 10 PM<\/span><\/h6>\n<h3 data-start=\"3938\" data-end=\"3963\"><span style=\"color: #333333;\"><a style=\"color: #333333;\" href=\"https:\/\/www.dissenyhub.barcelona\/\"><strong data-start=\"3938\" data-end=\"3963\">Disseny Hub Barcelona<\/strong><\/a><\/span><\/h3>\n<p class=\"\" data-start=\"3965\" data-end=\"4286\"><span style=\"color: #333333;\">Open doors day at the Design Museum. Visit the new exhibition <em data-start=\"4027\" data-end=\"4071\">&#8220;Matter Matters. Designing with the World&#8221;<\/em>, a reflection on the major challenges of design in a critical time marked by the scarcity of raw materials, as well as the museum\u2019s permanent exhibitions showcasing the best in graphic, fashion, and product design.<\/span><\/p>\n<p class=\"\" data-start=\"4288\" data-end=\"4389\"><span style=\"color: #333333;\">To access, pick up your free ticket at the information desk or via the website <a href=\"https:\/\/www.dissenyhub.barcelona\/\">dissennyhub.barcelona<\/a>.<\/span><\/p>\n<h6 style=\"text-align: center;\" data-start=\"4391\" data-end=\"4442\"><span style=\"color: #333333;\">Pl. de les Gl\u00f2ries Catalanes, 37-38<\/span><br data-start=\"4426\" data-end=\"4429\" \/><span style=\"color: #333333;\">10 AM to 8 PM<\/span><\/h6>\n<h3 data-start=\"4444\" data-end=\"4461\"><span style=\"color: #333333;\"><a style=\"color: #333333;\" href=\"https:\/\/laplataformabcn.com\/\"><strong data-start=\"4444\" data-end=\"4461\">La Plataforma<\/strong><\/a><\/span><\/h3>\n<p data-start=\"1108\" data-end=\"1345\">This special edition marks the closing of the exhibition\u00a0<strong data-start=\"1165\" data-end=\"1196\">\u201cEn el claro, un bosque\u201d<\/strong>\u00a0by\u00a0<strong data-start=\"1200\" data-end=\"1223\">Alexander Grahovsky<\/strong>, featuring a live art performance titled\u00a0<strong data-start=\"1265\" data-end=\"1293\">\u2018Construcci\u00f3n de un paisaje\u2019<\/strong>. Don\u2019t miss the chance to see the artist in action.<\/p>\n<p data-start=\"1347\" data-end=\"1503\">Also discover the works of\u00a0<strong data-start=\"1374\" data-end=\"1389\">V\u00edctor Cano<\/strong>\u00a0and\u00a0<strong data-start=\"1394\" data-end=\"1408\">Peach Face<\/strong>, and immerse yourself in a full artistic experience taking place from\u00a0<strong data-start=\"1479\" data-end=\"1502\">11:00 AM to 8:00 PM<\/strong>.<\/p>\n<p data-start=\"1505\" data-end=\"1670\"><strong data-start=\"1505\" data-end=\"1514\">Music<\/strong>\u00a0from\u00a0<strong data-start=\"1520\" data-end=\"1542\">1:00 PM to 8:00 PM<\/strong><br data-start=\"1542\" data-end=\"1545\" \/>Live performance by\u00a0<strong data-start=\"1565\" data-end=\"1585\">Marina Moratilla<\/strong>\u00a0at\u00a0<strong data-start=\"1589\" data-end=\"1600\">1:00 PM<\/strong><br data-start=\"1600\" data-end=\"1603\" \/>Followed by DJ sets by\u00a0<strong data-start=\"1626\" data-end=\"1670\">La Wallace, Ra\u00fal Naro, and Carla Valent\u00ed<\/strong><\/p>\n<p data-start=\"1672\" data-end=\"1863\"><strong data-start=\"1672\" data-end=\"1687\">Food &amp; Wine<\/strong>\u00a0from\u00a0<strong data-start=\"1693\" data-end=\"1715\">1:00 PM to 8:00 PM<\/strong><br data-start=\"1715\" data-end=\"1718\" \/>Enjoy a curated wine selection by\u00a0<strong data-start=\"1752\" data-end=\"1768\">Gabby Adunka<\/strong>\u00a0and exclusive cocktails by\u00a0<strong data-start=\"1796\" data-end=\"1804\">Riky<\/strong>, while savoring continuous barbecue by\u00a0<strong data-start=\"1844\" data-end=\"1862\">La Tavern\u00edcola<\/strong>.<\/p>\n<h6 style=\"text-align: center;\" data-start=\"4747\" data-end=\"4775\"><span style=\"color: #333333;\">Pujades, 99<\/span><br data-start=\"4758\" data-end=\"4761\" \/><span style=\"color: #333333;\">11 AM to 10 PM<\/span><\/h6>\n<h3 data-start=\"4777\" data-end=\"4814\"><span style=\"color: #333333;\"><a style=\"color: #333333;\" href=\"https:\/\/www.instagram.com\/carmina_wiegerinck_tallerdart\/\"><strong data-start=\"4777\" data-end=\"4814\">Carmina Wiegerinck \u2013 Art Workshop<\/strong><\/a><\/span><\/h3>\n<p class=\"\" data-start=\"4816\" data-end=\"5041\"><span style=\"color: #333333;\">Visit the workshop of Carmina Wiegerinck, a Brazilian-Dutch-Catalan sculptor who has lived in Barcelona for over 30 years, and discover her latest paintings and sculptures. A unique opportunity to explore the artist\u2019s studio.<\/span><\/p>\n<h6 style=\"text-align: center;\" data-start=\"5043\" data-end=\"5104\"><span style=\"color: #333333;\">Ciutat de Granada, 9, ground floor<\/span><br data-start=\"5077\" data-end=\"5080\" \/><span style=\"color: #333333;\">12 to 2 PM and 5 to 9 PM<\/span><\/h6>\n<h6 style=\"text-align: center;\" data-start=\"5847\" data-end=\"5876\"><\/h6>\n<h3 data-start=\"5878\" data-end=\"5911\"><span style=\"color: #333333;\"><a style=\"color: #333333;\" href=\"https:\/\/vallsfortuny.com\/\"><strong data-start=\"5878\" data-end=\"5911\">Rosapalo BCN by Valls Fortuny<\/strong><\/a><\/span><\/h3>\n<p class=\"\" data-start=\"5913\" data-end=\"6249\"><span style=\"color: #333333;\">Rosapalo BCN, the studio of Catalan artist Valls Fortuny, will be closing its doors at Pellaires Street, number 3, after more than 10 years and moving to a new location. During Open Day, come celebrate and say goodbye to a space full of soul, with special art and object sales at unique prices\u2014pieces that have been part of its history.<\/span><\/p>\n<h6 style=\"text-align: center;\" data-start=\"6251\" data-end=\"6277\"><span style=\"color: #333333;\">Pellaires, 3, ground floor<\/span><\/h6>\n<h3><\/h3>\n<h3><a href=\"https:\/\/www.baued.es\/\"><b>BAU, Centre Universitari d\u2019Arts i de Disseny de Barcelona<\/b><\/a><\/h3>\n<p class=\"\" data-start=\"448\" data-end=\"525\"><span style=\"color: #333333;\">In the contemporary arts and practices space, HAUS will offer a DJ session:<\/span><\/p>\n<p class=\"\" data-start=\"527\" data-end=\"584\"><span style=\"color: #333333;\">12:00 to 14:00 <a style=\"color: #333333;\" href=\"https:\/\/www.instagram.com\/hrysct\/\">Harry Escot<\/a> (Ambient\/Electronic)<\/span><\/p>\n<p class=\"\" data-start=\"586\" data-end=\"644\"><span style=\"color: #333333;\">18:00 to 20:00 <a style=\"color: #333333;\" href=\"https:\/\/www.instagram.com\/labrrruta\/\">LABRUTA<\/a>\u00a0(Reggaet\u00f3n\/Electronic)<\/span><\/p>\n<p data-start=\"585\" data-end=\"777\"><span class=\"_fadeIn_pfttw_8\">Extrabold, <\/span><span class=\"_fadeIn_pfttw_8\">the <\/span><span class=\"_fadeIn_pfttw_8\">exhibition:<\/span> <span class=\"_fadeIn_pfttw_8\">Showcase <\/span><span class=\"_fadeIn_pfttw_8\">of <\/span><span class=\"_fadeIn_pfttw_8\">projects <\/span><span class=\"_fadeIn_pfttw_8\">by <\/span><span class=\"_fadeIn_pfttw_8\">students <\/span><span class=\"_fadeIn_pfttw_8\">and <\/span><span class=\"_fadeIn_pfttw_8\">Alumni <\/span><span class=\"_fadeIn_pfttw_8\">from <\/span><span class=\"_fadeIn_pfttw_8\">the <\/span><span class=\"_fadeIn_pfttw_8\">Graphic <\/span><span class=\"_fadeIn_pfttw_8\">Design <\/span><span class=\"_fadeIn_pfttw_8\">Degree <\/span><span class=\"_fadeIn_pfttw_8\">that <\/span><span class=\"_fadeIn_pfttw_8\">were <\/span><span class=\"_fadeIn_pfttw_8\">displayed <\/span><span class=\"_fadeIn_pfttw_8\">at <\/span><span class=\"_fadeIn_pfttw_8\">the <\/span><span class=\"_fadeIn_pfttw_8\">latest <\/span><span class=\"_fadeIn_pfttw_8\">edition <\/span><span class=\"_fadeIn_pfttw_8\">of <\/span><span class=\"_fadeIn_pfttw_8\">the <\/span><span class=\"_fadeIn_pfttw_8\">self-<\/span><span class=\"_fadeIn_pfttw_8\">managed <\/span><span class=\"_fadeIn_pfttw_8\">festival <\/span><span class=\"_fadeIn_pfttw_8\">Extrabold <\/span><span class=\"_fadeIn_pfttw_8\">2025.<\/span><\/p>\n<p data-start=\"779\" data-end=\"924\"><span class=\"_fadeIn_pfttw_8\">Screening <\/span><span class=\"_fadeIn_pfttw_8\">of <\/span><span class=\"_fadeIn_pfttw_8\">short <\/span><span class=\"_fadeIn_pfttw_8\">films<\/span> <span class=\"_fadeIn_pfttw_8\">from <\/span><span class=\"_fadeIn_pfttw_8\">award-<\/span><span class=\"_fadeIn_pfttw_8\">winning <\/span><span class=\"_fadeIn_pfttw_8\">projects <\/span><span class=\"_fadeIn_pfttw_8\">by <\/span><span class=\"_fadeIn_pfttw_8\">Alumni <\/span><span class=\"_fadeIn_pfttw_8\">from <\/span><span class=\"_fadeIn_pfttw_8\">the <\/span><span class=\"_fadeIn_pfttw_8\">Audiovisual <\/span><span class=\"_fadeIn_pfttw_8\">Design <\/span><span class=\"_fadeIn_pfttw_8\">Degree <\/span><span class=\"_fadeIn_pfttw_8\">and <\/span><span class=\"_fadeIn_pfttw_8\">the <\/span><span class=\"_fadeIn_pfttw_8\">Master&#8217;s <\/span><span class=\"_fadeIn_pfttw_8\">in <\/span><span class=\"_fadeIn_pfttw_8\">Motion <\/span><span class=\"_fadeIn_pfttw_8\">Graphics <\/span><span class=\"_fadeIn_pfttw_8\">Design.<\/span><\/p>\n<p data-start=\"926\" data-end=\"1121\"><span class=\"_fadeIn_pfttw_8\">BAR <\/span><span class=\"_fadeIn_pfttw_8\">TOOL #<\/span><span class=\"_fadeIn_pfttw_8\">7 <\/span><span class=\"_fadeIn_pfttw_8\">at <\/span><span class=\"_fadeIn_pfttw_8\">HAUS, <\/span><span class=\"_fadeIn_pfttw_8\">Space <\/span><span class=\"_fadeIn_pfttw_8\">for <\/span><span class=\"_fadeIn_pfttw_8\">Art <\/span><span class=\"_fadeIn_pfttw_8\">and <\/span><span class=\"_fadeIn_pfttw_8\">Contemporary <\/span><span class=\"_fadeIn_pfttw_8\">Practices:<\/span> <span class=\"_fadeIn_pfttw_8\">Open <\/span><span class=\"_fadeIn_pfttw_8\">rehearsal <\/span><span class=\"_fadeIn_pfttw_8\">of <\/span><span class=\"_fadeIn_pfttw_8\">the <\/span><span class=\"_fadeIn_pfttw_8\">performance <\/span><span class=\"_fadeIn_pfttw_8\">project <\/span><em data-start=\"1035\" data-end=\"1049\"><span class=\"_fadeIn_pfttw_8\">La <\/span><span class=\"_fadeIn_pfttw_8\">otra <\/span><span class=\"_fadeIn_pfttw_8\">boca<\/span><\/em><span class=\"_fadeIn_pfttw_8\">, <\/span><span class=\"_fadeIn_pfttw_8\">part <\/span><span class=\"_fadeIn_pfttw_8\">of <\/span><span class=\"_fadeIn_pfttw_8\">the <\/span><span class=\"_fadeIn_pfttw_8\">artistic <\/span><span class=\"_fadeIn_pfttw_8\">research <\/span><span class=\"_fadeIn_pfttw_8\">training <\/span><span class=\"_fadeIn_pfttw_8\">program <\/span><span class=\"_fadeIn_pfttw_8\">curated <\/span><span class=\"_fadeIn_pfttw_8\">by <\/span><span class=\"_fadeIn_pfttw_8\">BAR <\/span><span class=\"_fadeIn_pfttw_8\">Project.<\/span><\/p>\n<h6 style=\"text-align: center;\" data-start=\"646\" data-end=\"821\">Pujades, 118<\/h6>\n<h3><\/h3>\n<h3><span style=\"color: #333333;\"><a style=\"color: #333333;\" href=\"https:\/\/www.paloalto.barcelona\/\">FUNDACI\u00d3 PALO ALTO<\/a><\/span><\/h3>\n<div class=\"location-content\">\n<p><span style=\"color: #333333;\">Visit the free-access exhibition\u00a0<em data-start=\"751\" data-end=\"775\">\u201cDecoding the Gesture\u201d<\/em>\u00a0and enjoy an interactive experience. Using motion capture technologies and artificial intelligence, the exhibition invites you to reflect and engage in discussion on the civic, social, and ethical dimensions of spatial interaction.<\/span><br data-start=\"1007\" data-end=\"1010\" \/><span style=\"color: #333333;\">You can also take part in the 11:30 AM talk\u00a0<em data-start=\"1051\" data-end=\"1079\">\u201cGesture in the Age of AI\u201d<\/em>, featuring the exhibition curators and subject-matter experts.<\/span><br data-start=\"1142\" data-end=\"1145\" \/><span style=\"color: #333333;\">Pre-registration <a href=\"https:\/\/www.paloalto.barcelona\/expogest\">using this link<\/a> is required for the talk<\/span><\/p>\n<h6 style=\"text-align: center;\"><span style=\"color: #333333;\">Pellaires 30-38<\/span><\/h6>\n<h3><span style=\"color: #333333;\"><a style=\"color: #333333;\" href=\"https:\/\/fundaciocarulla.cat\/\">Sala Barcelona del Museu Terra<\/a><\/span><\/h3>\n<div class=\"location-content\">\n<p class=\"\" data-start=\"770\" data-end=\"1353\"><span style=\"color: #333333;\"><strong>Guided tour of the exhibition \u2018Plastic. Brilliant or perverse?\u2019<\/strong>, which invites us to reflect on the fine balance between the use and abuse of plastic through visual arts. The exhibition is curated by N\u00faria Vila and produced by Museu Terra, with works from artists Aleksey Kondratyev, Coke Bartrina, Ester Parteg\u00e0s, Ida-Marie Corell, Ivana Larrosa, Lucas Hope, Mandy Barker, Nick Pumphrey, N\u00faria Val, Octavi Serra, Pepi de Boissieu, Roser Bargall\u00f3, Samuel Rodr\u00edguez, Sean Lin, Sil van der Woerd, S\u00edlvia Conde, and Sophie Thomas.<\/span><\/p>\n<p class=\"\" data-start=\"770\" data-end=\"1353\"><br data-start=\"1297\" data-end=\"1300\" \/><span style=\"color: #333333;\"><strong>FREE<\/strong>\u00a0entry. Guided tours (with prior registration).<a href=\"https:\/\/fundaciocarulla.cat\/\"> Sign up here:<\/a><\/span><\/p>\n<p class=\"\" data-start=\"1355\" data-end=\"1416\"><span style=\"color: #333333;\"><a style=\"color: #333333;\" href=\"https:\/\/www.eventbrite.es\/e\/entradas-visita-comentada-a-lexposicio-plastic-100525-1200-h-1320158101419?aff=ebdsshcopyurl&amp;utm-campaign=social&amp;utm-content=attendeeshare&amp;utm-medium=discovery&amp;utm-term=organizer-profile&amp;utm-share-source=organizer-profile\">12:00 PM<\/a><\/span><br data-start=\"1363\" data-end=\"1366\" \/><span style=\"color: #333333;\"><a style=\"color: #333333;\" href=\"https:\/\/www.eventbrite.es\/e\/entradas-visita-comentada-a-lexposicio-plastic-100525-1300-h-1320164259839?aff=ebdsshcopyurl&amp;utm-campaign=social&amp;utm-content=attendeeshare&amp;utm-medium=discovery&amp;utm-term=organizer-profile&amp;utm-share-source=organizer-profile\">1:00 PM<\/a><\/span><br data-start=\"1373\" data-end=\"1376\" \/><span style=\"color: #333333;\"><a style=\"color: #333333;\" href=\"https:\/\/www.eventbrite.es\/e\/entradas-visita-comentada-a-lexposicio-plastic-100525-1800-h-1320167288899?aff=ebdsshcopyurl&amp;utm-campaign=social&amp;utm-content=attendeeshare&amp;utm-medium=discovery&amp;utm-term=organizer-profile&amp;utm-share-source=organizer-profile\">6:00 PM<\/a><\/span><br data-start=\"1383\" data-end=\"1386\" \/><span style=\"color: #333333;\"><a style=\"color: #333333;\" href=\"https:\/\/www.eventbrite.es\/e\/entradas-visita-comentada-a-lexposicio-plastic-100525-1900-h-1320171070209?aff=ebdsshcopyurl&amp;utm-campaign=social&amp;utm-content=attendeeshare&amp;utm-medium=discovery&amp;utm-term=organizer-profile&amp;utm-share-source=organizer-profile\">7:00 PM<\/a><\/span><br data-start=\"1393\" data-end=\"1396\" \/><span style=\"color: #333333;\"><a style=\"color: #333333;\" href=\"https:\/\/www.eventbrite.es\/e\/entradas-visita-comentada-a-lexposicio-plastic-100525-2000-h-1320171992969?aff=ebdsshcopyurl&amp;utm-campaign=social&amp;utm-content=attendeeshare&amp;utm-medium=discovery&amp;utm-term=organizer-profile&amp;utm-share-source=organizer-profile\">8:00 PM<\/a><\/span><\/p>\n<h6 style=\"text-align: center;\" data-start=\"1355\" data-end=\"1416\">Dels Almog\u00e0vers, 214<\/h6>\n<\/div>\n<\/div>\n<p><\/p>","protected":false},"excerpt":{"rendered":"<p>Museums, studios, and art galleries linked to Poblenou Urban District will open their doors on May 10 to celebrate Open&#8230; <a href=\"https:\/\/poblenouurbandistrict.com\/en\/art-i-creativitat-les-propostes-del-poblenou-open-day\/\">More  \u2192<\/a><\/p>\n","protected":false},"author":5,"featured_media":50738,"comment_status":"closed","ping_status":"closed","sticky":false,"template":"","format":"standard","meta":{"_acf_changed":false,"footnotes":""},"categories":[3567],"tags":[],"class_list":["post-50954","post","type-post","status-publish","format-standard","has-post-thumbnail","hentry","category-poblenou-open-day-2"],"acf":[],"yoast_head":"<!-- This site is optimized with the Yoast SEO plugin v27.5 - https:\/\/yoast.com\/product\/yoast-seo-wordpress\/ -->\n<title>Art and creativity: The Proposals of Poblenou Open Day &#8211; Poblenou Urban District<\/title>\n<meta name=\"robots\" content=\"index, follow, max-snippet:-1, max-image-preview:large, max-video-preview:-1\" \/>\n<link rel=\"canonical\" href=\"https:\/\/poblenouurbandistrict.com\/en\/art-i-creativitat-les-propostes-del-poblenou-open-day\/\" \/>\n<meta property=\"og:locale\" content=\"en_US\" \/>\n<meta property=\"og:type\" content=\"article\" \/>\n<meta property=\"og:title\" content=\"Art and creativity: The Proposals of Poblenou Open Day &#8211; Poblenou Urban District\" \/>\n<meta property=\"og:description\" content=\"Museums, studios, and art galleries linked to Poblenou Urban District will open their doors on May 10 to celebrate Open... More \u2192\" \/>\n<meta property=\"og:url\" content=\"https:\/\/poblenouurbandistrict.com\/en\/art-i-creativitat-les-propostes-del-poblenou-open-day\/\" \/>\n<meta property=\"og:site_name\" content=\"Poblenou Urban District\" \/>\n<meta property=\"article:published_time\" content=\"2025-05-05T07:30:42+00:00\" \/>\n<meta property=\"article:modified_time\" content=\"2025-05-09T11:42:09+00:00\" \/>\n<meta property=\"og:image\" content=\"https:\/\/poblenouurbandistrict.com\/wp-content\/uploads\/2025\/04\/dhub-matter-matters-altares-14-carmina-ruiz.jpg\" \/>\n\t<meta property=\"og:image:width\" content=\"2560\" \/>\n\t<meta property=\"og:image:height\" content=\"1707\" \/>\n\t<meta property=\"og:image:type\" content=\"image\/jpeg\" \/>\n<meta name=\"author\" content=\"pnud\" \/>\n<meta name=\"twitter:card\" content=\"summary_large_image\" \/>\n<meta name=\"twitter:label1\" content=\"Written by\" \/>\n\t<meta name=\"twitter:data1\" content=\"pnud\" \/>\n\t<meta name=\"twitter:label2\" content=\"Est. reading time\" \/>\n\t<meta name=\"twitter:data2\" content=\"5 minutes\" \/>\n<script type=\"application\/ld+json\" class=\"yoast-schema-graph\">{\"@context\":\"https:\\\/\\\/schema.org\",\"@graph\":[{\"@type\":\"Article\",\"@id\":\"https:\\\/\\\/poblenouurbandistrict.com\\\/art-i-creativitat-les-propostes-del-poblenou-open-day\\\/#article\",\"isPartOf\":{\"@id\":\"https:\\\/\\\/poblenouurbandistrict.com\\\/art-i-creativitat-les-propostes-del-poblenou-open-day\\\/\"},\"author\":{\"name\":\"pnud\",\"@id\":\"https:\\\/\\\/poblenouurbandistrict.com\\\/#\\\/schema\\\/person\\\/980a2cf34b399d5218205730acd54a7e\"},\"headline\":\"Art and creativity: The Proposals of Poblenou Open Day\",\"datePublished\":\"2025-05-05T07:30:42+00:00\",\"dateModified\":\"2025-05-09T11:42:09+00:00\",\"mainEntityOfPage\":{\"@id\":\"https:\\\/\\\/poblenouurbandistrict.com\\\/art-i-creativitat-les-propostes-del-poblenou-open-day\\\/\"},\"wordCount\":2409,\"image\":{\"@id\":\"https:\\\/\\\/poblenouurbandistrict.com\\\/art-i-creativitat-les-propostes-del-poblenou-open-day\\\/#primaryimage\"},\"thumbnailUrl\":\"https:\\\/\\\/media.poblenouurbandistrict.com\\\/2025\\\/04\\\/25085638\\\/dhub-matter-matters-altares-14-carmina-ruiz.jpg\",\"articleSection\":[\"Poblenou Open Day\"],\"inLanguage\":\"en-US\"},{\"@type\":\"WebPage\",\"@id\":\"https:\\\/\\\/poblenouurbandistrict.com\\\/en\\\/art-i-creativitat-les-propostes-del-poblenou-open-day\\\/\",\"url\":\"https:\\\/\\\/poblenouurbandistrict.com\\\/en\\\/art-i-creativitat-les-propostes-del-poblenou-open-day\\\/\",\"name\":\"Art and creativity: The Proposals of Poblenou Open Day &#8211; Poblenou Urban District\",\"isPartOf\":{\"@id\":\"https:\\\/\\\/poblenouurbandistrict.com\\\/en\\\/#website\"},\"primaryImageOfPage\":{\"@id\":\"https:\\\/\\\/poblenouurbandistrict.com\\\/en\\\/art-i-creativitat-les-propostes-del-poblenou-open-day\\\/#primaryimage\"},\"image\":{\"@id\":\"https:\\\/\\\/poblenouurbandistrict.com\\\/art-i-creativitat-les-propostes-del-poblenou-open-day\\\/#primaryimage\"},\"thumbnailUrl\":\"https:\\\/\\\/media.poblenouurbandistrict.com\\\/2025\\\/04\\\/25085638\\\/dhub-matter-matters-altares-14-carmina-ruiz.jpg\",\"datePublished\":\"2025-05-05T07:30:42+00:00\",\"dateModified\":\"2025-05-09T11:42:09+00:00\",\"author\":{\"@id\":\"https:\\\/\\\/poblenouurbandistrict.com\\\/#\\\/schema\\\/person\\\/980a2cf34b399d5218205730acd54a7e\"},\"breadcrumb\":{\"@id\":\"https:\\\/\\\/poblenouurbandistrict.com\\\/en\\\/art-i-creativitat-les-propostes-del-poblenou-open-day\\\/#breadcrumb\"},\"inLanguage\":\"en-US\",\"potentialAction\":[{\"@type\":\"ReadAction\",\"target\":[[\"https:\\\/\\\/poblenouurbandistrict.com\\\/en\\\/art-i-creativitat-les-propostes-del-poblenou-open-day\\\/\"]]}]},{\"@type\":\"ImageObject\",\"inLanguage\":\"en-US\",\"@id\":\"https:\\\/\\\/poblenouurbandistrict.com\\\/en\\\/art-i-creativitat-les-propostes-del-poblenou-open-day\\\/#primaryimage\",\"url\":\"https:\\\/\\\/media.poblenouurbandistrict.com\\\/2025\\\/04\\\/25085638\\\/dhub-matter-matters-altares-14-carmina-ruiz.jpg\",\"contentUrl\":\"https:\\\/\\\/media.poblenouurbandistrict.com\\\/2025\\\/04\\\/25085638\\\/dhub-matter-matters-altares-14-carmina-ruiz.jpg\",\"width\":2560,\"height\":1707,\"caption\":\"Exposici\u00f3n Matter Matters. Dise\u00f1ar con el mundo, Museu del Disseny-DHub Barcelona. \u00c1mbito Materia Digital. Silla Hortensia de Andr\u00e9s Reisinger y J\u00falia Esqu\u00e9, 2019\"},{\"@type\":\"BreadcrumbList\",\"@id\":\"https:\\\/\\\/poblenouurbandistrict.com\\\/en\\\/art-i-creativitat-les-propostes-del-poblenou-open-day\\\/#breadcrumb\",\"itemListElement\":[{\"@type\":\"ListItem\",\"position\":1,\"name\":\"Home\",\"item\":\"https:\\\/\\\/poblenouurbandistrict.com\\\/en\\\/\"},{\"@type\":\"ListItem\",\"position\":2,\"name\":\"Art i creativitat: les propostes del Poblenou Open Day\"}]},{\"@type\":\"WebSite\",\"@id\":\"https:\\\/\\\/poblenouurbandistrict.com\\\/en\\\/#website\",\"url\":\"https:\\\/\\\/poblenouurbandistrict.com\\\/en\\\/\",\"name\":\"Poblenou Urban District\",\"description\":\"Creative Community\",\"potentialAction\":[{\"@type\":\"SearchAction\",\"target\":{\"@type\":\"EntryPoint\",\"urlTemplate\":\"https:\\\/\\\/poblenouurbandistrict.com\\\/en\\\/?s={search_term_string}\"},\"query-input\":{\"@type\":\"PropertyValueSpecification\",\"valueRequired\":true,\"valueName\":\"search_term_string\"}}],\"inLanguage\":\"en-US\"},{\"@type\":\"Person\",\"@id\":\"https:\\\/\\\/poblenouurbandistrict.com\\\/#\\\/schema\\\/person\\\/980a2cf34b399d5218205730acd54a7e\",\"name\":\"pnud\",\"image\":{\"@type\":\"ImageObject\",\"inLanguage\":\"en-US\",\"@id\":\"https:\\\/\\\/secure.gravatar.com\\\/avatar\\\/67146597b405ee077a24e519f75c3e2031736596d6ce35af3a34c122c93d0d7b?s=96&d=retro&r=g\",\"url\":\"https:\\\/\\\/secure.gravatar.com\\\/avatar\\\/67146597b405ee077a24e519f75c3e2031736596d6ce35af3a34c122c93d0d7b?s=96&d=retro&r=g\",\"contentUrl\":\"https:\\\/\\\/secure.gravatar.com\\\/avatar\\\/67146597b405ee077a24e519f75c3e2031736596d6ce35af3a34c122c93d0d7b?s=96&d=retro&r=g\",\"caption\":\"pnud\"}}]}<\/script>\n<!-- \/ Yoast SEO plugin. -->","yoast_head_json":{"title":"Art and creativity: The Proposals of Poblenou Open Day &#8211; Poblenou Urban District","robots":{"index":"index","follow":"follow","max-snippet":"max-snippet:-1","max-image-preview":"max-image-preview:large","max-video-preview":"max-video-preview:-1"},"canonical":"https:\/\/poblenouurbandistrict.com\/en\/art-i-creativitat-les-propostes-del-poblenou-open-day\/","og_locale":"en_US","og_type":"article","og_title":"Art and creativity: The Proposals of Poblenou Open Day &#8211; Poblenou Urban District","og_description":"Museums, studios, and art galleries linked to Poblenou Urban District will open their doors on May 10 to celebrate Open... More \u2192","og_url":"https:\/\/poblenouurbandistrict.com\/en\/art-i-creativitat-les-propostes-del-poblenou-open-day\/","og_site_name":"Poblenou Urban District","article_published_time":"2025-05-05T07:30:42+00:00","article_modified_time":"2025-05-09T11:42:09+00:00","og_image":[{"width":2560,"height":1707,"url":"https:\/\/poblenouurbandistrict.com\/wp-content\/uploads\/2025\/04\/dhub-matter-matters-altares-14-carmina-ruiz.jpg","type":"image\/jpeg"}],"author":"pnud","twitter_card":"summary_large_image","twitter_misc":{"Written by":"pnud","Est. reading time":"5 minutes"},"schema":{"@context":"https:\/\/schema.org","@graph":[{"@type":"Article","@id":"https:\/\/poblenouurbandistrict.com\/art-i-creativitat-les-propostes-del-poblenou-open-day\/#article","isPartOf":{"@id":"https:\/\/poblenouurbandistrict.com\/art-i-creativitat-les-propostes-del-poblenou-open-day\/"},"author":{"name":"pnud","@id":"https:\/\/poblenouurbandistrict.com\/#\/schema\/person\/980a2cf34b399d5218205730acd54a7e"},"headline":"Art and creativity: The Proposals of Poblenou Open Day","datePublished":"2025-05-05T07:30:42+00:00","dateModified":"2025-05-09T11:42:09+00:00","mainEntityOfPage":{"@id":"https:\/\/poblenouurbandistrict.com\/art-i-creativitat-les-propostes-del-poblenou-open-day\/"},"wordCount":2409,"image":{"@id":"https:\/\/poblenouurbandistrict.com\/art-i-creativitat-les-propostes-del-poblenou-open-day\/#primaryimage"},"thumbnailUrl":"https:\/\/media.poblenouurbandistrict.com\/2025\/04\/25085638\/dhub-matter-matters-altares-14-carmina-ruiz.jpg","articleSection":["Poblenou Open Day"],"inLanguage":"en-US"},{"@type":"WebPage","@id":"https:\/\/poblenouurbandistrict.com\/en\/art-i-creativitat-les-propostes-del-poblenou-open-day\/","url":"https:\/\/poblenouurbandistrict.com\/en\/art-i-creativitat-les-propostes-del-poblenou-open-day\/","name":"Art and creativity: The Proposals of Poblenou Open Day &#8211; Poblenou Urban District","isPartOf":{"@id":"https:\/\/poblenouurbandistrict.com\/en\/#website"},"primaryImageOfPage":{"@id":"https:\/\/poblenouurbandistrict.com\/en\/art-i-creativitat-les-propostes-del-poblenou-open-day\/#primaryimage"},"image":{"@id":"https:\/\/poblenouurbandistrict.com\/art-i-creativitat-les-propostes-del-poblenou-open-day\/#primaryimage"},"thumbnailUrl":"https:\/\/media.poblenouurbandistrict.com\/2025\/04\/25085638\/dhub-matter-matters-altares-14-carmina-ruiz.jpg","datePublished":"2025-05-05T07:30:42+00:00","dateModified":"2025-05-09T11:42:09+00:00","author":{"@id":"https:\/\/poblenouurbandistrict.com\/#\/schema\/person\/980a2cf34b399d5218205730acd54a7e"},"breadcrumb":{"@id":"https:\/\/poblenouurbandistrict.com\/en\/art-i-creativitat-les-propostes-del-poblenou-open-day\/#breadcrumb"},"inLanguage":"en-US","potentialAction":[{"@type":"ReadAction","target":[["https:\/\/poblenouurbandistrict.com\/en\/art-i-creativitat-les-propostes-del-poblenou-open-day\/"]]}]},{"@type":"ImageObject","inLanguage":"en-US","@id":"https:\/\/poblenouurbandistrict.com\/en\/art-i-creativitat-les-propostes-del-poblenou-open-day\/#primaryimage","url":"https:\/\/media.poblenouurbandistrict.com\/2025\/04\/25085638\/dhub-matter-matters-altares-14-carmina-ruiz.jpg","contentUrl":"https:\/\/media.poblenouurbandistrict.com\/2025\/04\/25085638\/dhub-matter-matters-altares-14-carmina-ruiz.jpg","width":2560,"height":1707,"caption":"Exposici\u00f3n Matter Matters. Dise\u00f1ar con el mundo, Museu del Disseny-DHub Barcelona. \u00c1mbito Materia Digital. Silla Hortensia de Andr\u00e9s Reisinger y J\u00falia Esqu\u00e9, 2019"},{"@type":"BreadcrumbList","@id":"https:\/\/poblenouurbandistrict.com\/en\/art-i-creativitat-les-propostes-del-poblenou-open-day\/#breadcrumb","itemListElement":[{"@type":"ListItem","position":1,"name":"Home","item":"https:\/\/poblenouurbandistrict.com\/en\/"},{"@type":"ListItem","position":2,"name":"Art i creativitat: les propostes del Poblenou Open Day"}]},{"@type":"WebSite","@id":"https:\/\/poblenouurbandistrict.com\/en\/#website","url":"https:\/\/poblenouurbandistrict.com\/en\/","name":"Poblenou Urban District","description":"Creative Community","potentialAction":[{"@type":"SearchAction","target":{"@type":"EntryPoint","urlTemplate":"https:\/\/poblenouurbandistrict.com\/en\/?s={search_term_string}"},"query-input":{"@type":"PropertyValueSpecification","valueRequired":true,"valueName":"search_term_string"}}],"inLanguage":"en-US"},{"@type":"Person","@id":"https:\/\/poblenouurbandistrict.com\/#\/schema\/person\/980a2cf34b399d5218205730acd54a7e","name":"pnud","image":{"@type":"ImageObject","inLanguage":"en-US","@id":"https:\/\/secure.gravatar.com\/avatar\/67146597b405ee077a24e519f75c3e2031736596d6ce35af3a34c122c93d0d7b?s=96&d=retro&r=g","url":"https:\/\/secure.gravatar.com\/avatar\/67146597b405ee077a24e519f75c3e2031736596d6ce35af3a34c122c93d0d7b?s=96&d=retro&r=g","contentUrl":"https:\/\/secure.gravatar.com\/avatar\/67146597b405ee077a24e519f75c3e2031736596d6ce35af3a34c122c93d0d7b?s=96&d=retro&r=g","caption":"pnud"}}]}},"_links":{"self":[{"href":"https:\/\/poblenouurbandistrict.com\/en\/wp-json\/wp\/v2\/posts\/50954","targetHints":{"allow":["GET"]}}],"collection":[{"href":"https:\/\/poblenouurbandistrict.com\/en\/wp-json\/wp\/v2\/posts"}],"about":[{"href":"https:\/\/poblenouurbandistrict.com\/en\/wp-json\/wp\/v2\/types\/post"}],"author":[{"embeddable":true,"href":"https:\/\/poblenouurbandistrict.com\/en\/wp-json\/wp\/v2\/users\/5"}],"replies":[{"embeddable":true,"href":"https:\/\/poblenouurbandistrict.com\/en\/wp-json\/wp\/v2\/comments?post=50954"}],"version-history":[{"count":14,"href":"https:\/\/poblenouurbandistrict.com\/en\/wp-json\/wp\/v2\/posts\/50954\/revisions"}],"predecessor-version":[{"id":51239,"href":"https:\/\/poblenouurbandistrict.com\/en\/wp-json\/wp\/v2\/posts\/50954\/revisions\/51239"}],"wp:featuredmedia":[{"embeddable":true,"href":"https:\/\/poblenouurbandistrict.com\/en\/wp-json\/wp\/v2\/media\/50738"}],"wp:attachment":[{"href":"https:\/\/poblenouurbandistrict.com\/en\/wp-json\/wp\/v2\/media?parent=50954"}],"wp:term":[{"taxonomy":"category","embeddable":true,"href":"https:\/\/poblenouurbandistrict.com\/en\/wp-json\/wp\/v2\/categories?post=50954"},{"taxonomy":"post_tag","embeddable":true,"href":"https:\/\/poblenouurbandistrict.com\/en\/wp-json\/wp\/v2\/tags?post=50954"}],"curies":[{"name":"wp","href":"https:\/\/api.w.org\/{rel}","templated":true}]}}