{"id":54029,"date":"2025-12-11T10:51:20","date_gmt":"2025-12-11T09:51:20","guid":{"rendered":"https:\/\/poblenouurbandistrict.com\/?p=54029"},"modified":"2025-12-11T10:51:29","modified_gmt":"2025-12-11T09:51:29","slug":"el-teatre-nacional-estrena-jambo-bwana-de-manel-dueso","status":"publish","type":"post","link":"https:\/\/poblenouurbandistrict.com\/en\/el-teatre-nacional-estrena-jambo-bwana-de-manel-dueso\/","title":{"rendered":"The Teatre Nacional premieres Jambo Bwana by Manel Dueso"},"content":{"rendered":"<p><\/p>\n<p data-start=\"1013\" data-end=\"1305\">Three lifelong friends reunite to spend the weekend before Christmas together. They believe that a short getaway will help them heal their wounds. But what was meant to be a quiet gathering will turn into a weekend full of excesses that will reconcile them with the world and with themselves.<\/p>\n<p data-start=\"1307\" data-end=\"1392\">A comedy filled with dark humor about sisterhood and survival in a dehumanized world.<\/p>\n<p data-start=\"1394\" data-end=\"1451\">To my friend from Gambia, Samba, who was eaten by a tree.<\/p>\n<p data-start=\"958\" data-end=\"1011\"><a href=\"https:\/\/www.tnc.cat\/ca\/jambo-bwana\"><strong data-start=\"958\" data-end=\"1011\">Jambo Bwana: A Story of Friendship and Overcoming<\/strong><\/a><\/p>\n<p data-start=\"958\" data-end=\"1011\"><strong>17\/12\/25 to 11\/01\/26<\/strong><\/p>\n<p data-start=\"958\" data-end=\"1011\"><strong>Sala Petita<\/strong><\/p>\n<p data-start=\"1453\" data-end=\"1494\"><strong data-start=\"1453\" data-end=\"1480\">Written and directed by<\/strong><br data-start=\"1480\" data-end=\"1483\" \/>Manel Dueso<\/p>\n<p data-start=\"1496\" data-end=\"1564\"><strong data-start=\"1496\" data-end=\"1504\">With<\/strong><br data-start=\"1504\" data-end=\"1507\" \/>Montse Germ\u00e1n, Ant\u00f2nia Jaume, \u00c0urea M\u00e1rquez, Usu Tambadou<\/p>\n<p data-start=\"1496\" data-end=\"1564\"><strong>Schedules<\/strong><\/p>\n<p data-start=\"1611\" data-end=\"1661\">Wednesday to Saturday at 7 p.m.<br data-start=\"1642\" data-end=\"1645\" \/>Sunday at 6 p.m.<\/p>\n<p data-start=\"1663\" data-end=\"1683\"><strong>The 19\/12\/25 there is a Post-show talk<\/strong><\/p>\n<p><\/p>","protected":false},"excerpt":{"rendered":"<p>Three lifelong friends reunite to spend the weekend before Christmas together. They believe that a short getaway will help them&#8230; <a href=\"https:\/\/poblenouurbandistrict.com\/en\/el-teatre-nacional-estrena-jambo-bwana-de-manel-dueso\/\">More  \u2192<\/a><\/p>\n","protected":false},"author":5,"featured_media":54016,"comment_status":"closed","ping_status":"closed","sticky":false,"template":"","format":"standard","meta":{"_acf_changed":false,"footnotes":""},"categories":[3560],"tags":[],"class_list":["post-54029","post","type-post","status-publish","format-standard","has-post-thumbnail","hentry","category-teatre"],"acf":[],"yoast_head":"<!-- This site is optimized with the Yoast SEO plugin v27.5 - https:\/\/yoast.com\/product\/yoast-seo-wordpress\/ -->\n<title>The Teatre Nacional premieres Jambo Bwana by Manel Dueso &#8211; Poblenou Urban District<\/title>\n<meta name=\"robots\" content=\"index, follow, max-snippet:-1, max-image-preview:large, max-video-preview:-1\" \/>\n<link rel=\"canonical\" href=\"https:\/\/poblenouurbandistrict.com\/en\/el-teatre-nacional-estrena-jambo-bwana-de-manel-dueso\/\" \/>\n<meta property=\"og:locale\" content=\"en_US\" \/>\n<meta property=\"og:type\" content=\"article\" \/>\n<meta property=\"og:title\" content=\"The Teatre Nacional premieres Jambo Bwana by Manel Dueso &#8211; Poblenou Urban District\" \/>\n<meta property=\"og:description\" content=\"Three lifelong friends reunite to spend the weekend before Christmas together. They believe that a short getaway will help them... More \u2192\" \/>\n<meta property=\"og:url\" content=\"https:\/\/poblenouurbandistrict.com\/en\/el-teatre-nacional-estrena-jambo-bwana-de-manel-dueso\/\" \/>\n<meta property=\"og:site_name\" content=\"Poblenou Urban District\" \/>\n<meta property=\"article:published_time\" content=\"2025-12-11T09:51:20+00:00\" \/>\n<meta property=\"article:modified_time\" content=\"2025-12-11T09:51:29+00:00\" \/>\n<meta property=\"og:image\" content=\"https:\/\/poblenouurbandistrict.com\/wp-content\/uploads\/2025\/12\/teatre-barcelona-jambo-bwana-1-1100x733-1.webp\" \/>\n\t<meta property=\"og:image:width\" content=\"1100\" \/>\n\t<meta property=\"og:image:height\" content=\"733\" \/>\n\t<meta property=\"og:image:type\" content=\"image\/webp\" \/>\n<meta name=\"author\" content=\"pnud\" \/>\n<meta name=\"twitter:card\" content=\"summary_large_image\" \/>\n<meta name=\"twitter:label1\" content=\"Written by\" \/>\n\t<meta name=\"twitter:data1\" content=\"pnud\" \/>\n\t<meta name=\"twitter:label2\" content=\"Est. reading time\" \/>\n\t<meta name=\"twitter:data2\" content=\"1 minute\" \/>\n<script type=\"application\/ld+json\" class=\"yoast-schema-graph\">{\"@context\":\"https:\\\/\\\/schema.org\",\"@graph\":[{\"@type\":\"Article\",\"@id\":\"https:\\\/\\\/poblenouurbandistrict.com\\\/el-teatre-nacional-estrena-jambo-bwana-de-manel-dueso\\\/#article\",\"isPartOf\":{\"@id\":\"https:\\\/\\\/poblenouurbandistrict.com\\\/el-teatre-nacional-estrena-jambo-bwana-de-manel-dueso\\\/\"},\"author\":{\"name\":\"pnud\",\"@id\":\"https:\\\/\\\/poblenouurbandistrict.com\\\/#\\\/schema\\\/person\\\/980a2cf34b399d5218205730acd54a7e\"},\"headline\":\"The Teatre Nacional premieres Jambo Bwana by Manel Dueso\",\"datePublished\":\"2025-12-11T09:51:20+00:00\",\"dateModified\":\"2025-12-11T09:51:29+00:00\",\"mainEntityOfPage\":{\"@id\":\"https:\\\/\\\/poblenouurbandistrict.com\\\/el-teatre-nacional-estrena-jambo-bwana-de-manel-dueso\\\/\"},\"wordCount\":428,\"image\":{\"@id\":\"https:\\\/\\\/poblenouurbandistrict.com\\\/el-teatre-nacional-estrena-jambo-bwana-de-manel-dueso\\\/#primaryimage\"},\"thumbnailUrl\":\"https:\\\/\\\/media.poblenouurbandistrict.com\\\/2025\\\/12\\\/25095835\\\/teatre-barcelona-jambo-bwana-1-1100x733-1.webp\",\"articleSection\":[\"Theater\"],\"inLanguage\":\"en-US\"},{\"@type\":\"WebPage\",\"@id\":\"https:\\\/\\\/poblenouurbandistrict.com\\\/en\\\/el-teatre-nacional-estrena-jambo-bwana-de-manel-dueso\\\/\",\"url\":\"https:\\\/\\\/poblenouurbandistrict.com\\\/en\\\/el-teatre-nacional-estrena-jambo-bwana-de-manel-dueso\\\/\",\"name\":\"The Teatre Nacional premieres Jambo Bwana by Manel Dueso &#8211; Poblenou Urban District\",\"isPartOf\":{\"@id\":\"https:\\\/\\\/poblenouurbandistrict.com\\\/en\\\/#website\"},\"primaryImageOfPage\":{\"@id\":\"https:\\\/\\\/poblenouurbandistrict.com\\\/en\\\/el-teatre-nacional-estrena-jambo-bwana-de-manel-dueso\\\/#primaryimage\"},\"image\":{\"@id\":\"https:\\\/\\\/poblenouurbandistrict.com\\\/el-teatre-nacional-estrena-jambo-bwana-de-manel-dueso\\\/#primaryimage\"},\"thumbnailUrl\":\"https:\\\/\\\/media.poblenouurbandistrict.com\\\/2025\\\/12\\\/25095835\\\/teatre-barcelona-jambo-bwana-1-1100x733-1.webp\",\"datePublished\":\"2025-12-11T09:51:20+00:00\",\"dateModified\":\"2025-12-11T09:51:29+00:00\",\"author\":{\"@id\":\"https:\\\/\\\/poblenouurbandistrict.com\\\/#\\\/schema\\\/person\\\/980a2cf34b399d5218205730acd54a7e\"},\"breadcrumb\":{\"@id\":\"https:\\\/\\\/poblenouurbandistrict.com\\\/en\\\/el-teatre-nacional-estrena-jambo-bwana-de-manel-dueso\\\/#breadcrumb\"},\"inLanguage\":\"en-US\",\"potentialAction\":[{\"@type\":\"ReadAction\",\"target\":[[\"https:\\\/\\\/poblenouurbandistrict.com\\\/en\\\/el-teatre-nacional-estrena-jambo-bwana-de-manel-dueso\\\/\"]]}]},{\"@type\":\"ImageObject\",\"inLanguage\":\"en-US\",\"@id\":\"https:\\\/\\\/poblenouurbandistrict.com\\\/en\\\/el-teatre-nacional-estrena-jambo-bwana-de-manel-dueso\\\/#primaryimage\",\"url\":\"https:\\\/\\\/media.poblenouurbandistrict.com\\\/2025\\\/12\\\/25095835\\\/teatre-barcelona-jambo-bwana-1-1100x733-1.webp\",\"contentUrl\":\"https:\\\/\\\/media.poblenouurbandistrict.com\\\/2025\\\/12\\\/25095835\\\/teatre-barcelona-jambo-bwana-1-1100x733-1.webp\",\"width\":1100,\"height\":733},{\"@type\":\"BreadcrumbList\",\"@id\":\"https:\\\/\\\/poblenouurbandistrict.com\\\/en\\\/el-teatre-nacional-estrena-jambo-bwana-de-manel-dueso\\\/#breadcrumb\",\"itemListElement\":[{\"@type\":\"ListItem\",\"position\":1,\"name\":\"Home\",\"item\":\"https:\\\/\\\/poblenouurbandistrict.com\\\/en\\\/\"},{\"@type\":\"ListItem\",\"position\":2,\"name\":\"El Teatre Nacional estrena Jambo Bwana de Manel Dueso\"}]},{\"@type\":\"WebSite\",\"@id\":\"https:\\\/\\\/poblenouurbandistrict.com\\\/en\\\/#website\",\"url\":\"https:\\\/\\\/poblenouurbandistrict.com\\\/en\\\/\",\"name\":\"Poblenou Urban District\",\"description\":\"Creative Community\",\"potentialAction\":[{\"@type\":\"SearchAction\",\"target\":{\"@type\":\"EntryPoint\",\"urlTemplate\":\"https:\\\/\\\/poblenouurbandistrict.com\\\/en\\\/?s={search_term_string}\"},\"query-input\":{\"@type\":\"PropertyValueSpecification\",\"valueRequired\":true,\"valueName\":\"search_term_string\"}}],\"inLanguage\":\"en-US\"},{\"@type\":\"Person\",\"@id\":\"https:\\\/\\\/poblenouurbandistrict.com\\\/#\\\/schema\\\/person\\\/980a2cf34b399d5218205730acd54a7e\",\"name\":\"pnud\",\"image\":{\"@type\":\"ImageObject\",\"inLanguage\":\"en-US\",\"@id\":\"https:\\\/\\\/secure.gravatar.com\\\/avatar\\\/67146597b405ee077a24e519f75c3e2031736596d6ce35af3a34c122c93d0d7b?s=96&d=retro&r=g\",\"url\":\"https:\\\/\\\/secure.gravatar.com\\\/avatar\\\/67146597b405ee077a24e519f75c3e2031736596d6ce35af3a34c122c93d0d7b?s=96&d=retro&r=g\",\"contentUrl\":\"https:\\\/\\\/secure.gravatar.com\\\/avatar\\\/67146597b405ee077a24e519f75c3e2031736596d6ce35af3a34c122c93d0d7b?s=96&d=retro&r=g\",\"caption\":\"pnud\"}}]}<\/script>\n<!-- \/ Yoast SEO plugin. -->","yoast_head_json":{"title":"The Teatre Nacional premieres Jambo Bwana by Manel Dueso &#8211; Poblenou Urban District","robots":{"index":"index","follow":"follow","max-snippet":"max-snippet:-1","max-image-preview":"max-image-preview:large","max-video-preview":"max-video-preview:-1"},"canonical":"https:\/\/poblenouurbandistrict.com\/en\/el-teatre-nacional-estrena-jambo-bwana-de-manel-dueso\/","og_locale":"en_US","og_type":"article","og_title":"The Teatre Nacional premieres Jambo Bwana by Manel Dueso &#8211; Poblenou Urban District","og_description":"Three lifelong friends reunite to spend the weekend before Christmas together. They believe that a short getaway will help them... More \u2192","og_url":"https:\/\/poblenouurbandistrict.com\/en\/el-teatre-nacional-estrena-jambo-bwana-de-manel-dueso\/","og_site_name":"Poblenou Urban District","article_published_time":"2025-12-11T09:51:20+00:00","article_modified_time":"2025-12-11T09:51:29+00:00","og_image":[{"width":1100,"height":733,"url":"https:\/\/poblenouurbandistrict.com\/wp-content\/uploads\/2025\/12\/teatre-barcelona-jambo-bwana-1-1100x733-1.webp","type":"image\/webp"}],"author":"pnud","twitter_card":"summary_large_image","twitter_misc":{"Written by":"pnud","Est. reading time":"1 minute"},"schema":{"@context":"https:\/\/schema.org","@graph":[{"@type":"Article","@id":"https:\/\/poblenouurbandistrict.com\/el-teatre-nacional-estrena-jambo-bwana-de-manel-dueso\/#article","isPartOf":{"@id":"https:\/\/poblenouurbandistrict.com\/el-teatre-nacional-estrena-jambo-bwana-de-manel-dueso\/"},"author":{"name":"pnud","@id":"https:\/\/poblenouurbandistrict.com\/#\/schema\/person\/980a2cf34b399d5218205730acd54a7e"},"headline":"The Teatre Nacional premieres Jambo Bwana by Manel Dueso","datePublished":"2025-12-11T09:51:20+00:00","dateModified":"2025-12-11T09:51:29+00:00","mainEntityOfPage":{"@id":"https:\/\/poblenouurbandistrict.com\/el-teatre-nacional-estrena-jambo-bwana-de-manel-dueso\/"},"wordCount":428,"image":{"@id":"https:\/\/poblenouurbandistrict.com\/el-teatre-nacional-estrena-jambo-bwana-de-manel-dueso\/#primaryimage"},"thumbnailUrl":"https:\/\/media.poblenouurbandistrict.com\/2025\/12\/25095835\/teatre-barcelona-jambo-bwana-1-1100x733-1.webp","articleSection":["Theater"],"inLanguage":"en-US"},{"@type":"WebPage","@id":"https:\/\/poblenouurbandistrict.com\/en\/el-teatre-nacional-estrena-jambo-bwana-de-manel-dueso\/","url":"https:\/\/poblenouurbandistrict.com\/en\/el-teatre-nacional-estrena-jambo-bwana-de-manel-dueso\/","name":"The Teatre Nacional premieres Jambo Bwana by Manel Dueso &#8211; Poblenou Urban District","isPartOf":{"@id":"https:\/\/poblenouurbandistrict.com\/en\/#website"},"primaryImageOfPage":{"@id":"https:\/\/poblenouurbandistrict.com\/en\/el-teatre-nacional-estrena-jambo-bwana-de-manel-dueso\/#primaryimage"},"image":{"@id":"https:\/\/poblenouurbandistrict.com\/el-teatre-nacional-estrena-jambo-bwana-de-manel-dueso\/#primaryimage"},"thumbnailUrl":"https:\/\/media.poblenouurbandistrict.com\/2025\/12\/25095835\/teatre-barcelona-jambo-bwana-1-1100x733-1.webp","datePublished":"2025-12-11T09:51:20+00:00","dateModified":"2025-12-11T09:51:29+00:00","author":{"@id":"https:\/\/poblenouurbandistrict.com\/#\/schema\/person\/980a2cf34b399d5218205730acd54a7e"},"breadcrumb":{"@id":"https:\/\/poblenouurbandistrict.com\/en\/el-teatre-nacional-estrena-jambo-bwana-de-manel-dueso\/#breadcrumb"},"inLanguage":"en-US","potentialAction":[{"@type":"ReadAction","target":[["https:\/\/poblenouurbandistrict.com\/en\/el-teatre-nacional-estrena-jambo-bwana-de-manel-dueso\/"]]}]},{"@type":"ImageObject","inLanguage":"en-US","@id":"https:\/\/poblenouurbandistrict.com\/en\/el-teatre-nacional-estrena-jambo-bwana-de-manel-dueso\/#primaryimage","url":"https:\/\/media.poblenouurbandistrict.com\/2025\/12\/25095835\/teatre-barcelona-jambo-bwana-1-1100x733-1.webp","contentUrl":"https:\/\/media.poblenouurbandistrict.com\/2025\/12\/25095835\/teatre-barcelona-jambo-bwana-1-1100x733-1.webp","width":1100,"height":733},{"@type":"BreadcrumbList","@id":"https:\/\/poblenouurbandistrict.com\/en\/el-teatre-nacional-estrena-jambo-bwana-de-manel-dueso\/#breadcrumb","itemListElement":[{"@type":"ListItem","position":1,"name":"Home","item":"https:\/\/poblenouurbandistrict.com\/en\/"},{"@type":"ListItem","position":2,"name":"El Teatre Nacional estrena Jambo Bwana de Manel Dueso"}]},{"@type":"WebSite","@id":"https:\/\/poblenouurbandistrict.com\/en\/#website","url":"https:\/\/poblenouurbandistrict.com\/en\/","name":"Poblenou Urban District","description":"Creative Community","potentialAction":[{"@type":"SearchAction","target":{"@type":"EntryPoint","urlTemplate":"https:\/\/poblenouurbandistrict.com\/en\/?s={search_term_string}"},"query-input":{"@type":"PropertyValueSpecification","valueRequired":true,"valueName":"search_term_string"}}],"inLanguage":"en-US"},{"@type":"Person","@id":"https:\/\/poblenouurbandistrict.com\/#\/schema\/person\/980a2cf34b399d5218205730acd54a7e","name":"pnud","image":{"@type":"ImageObject","inLanguage":"en-US","@id":"https:\/\/secure.gravatar.com\/avatar\/67146597b405ee077a24e519f75c3e2031736596d6ce35af3a34c122c93d0d7b?s=96&d=retro&r=g","url":"https:\/\/secure.gravatar.com\/avatar\/67146597b405ee077a24e519f75c3e2031736596d6ce35af3a34c122c93d0d7b?s=96&d=retro&r=g","contentUrl":"https:\/\/secure.gravatar.com\/avatar\/67146597b405ee077a24e519f75c3e2031736596d6ce35af3a34c122c93d0d7b?s=96&d=retro&r=g","caption":"pnud"}}]}},"_links":{"self":[{"href":"https:\/\/poblenouurbandistrict.com\/en\/wp-json\/wp\/v2\/posts\/54029","targetHints":{"allow":["GET"]}}],"collection":[{"href":"https:\/\/poblenouurbandistrict.com\/en\/wp-json\/wp\/v2\/posts"}],"about":[{"href":"https:\/\/poblenouurbandistrict.com\/en\/wp-json\/wp\/v2\/types\/post"}],"author":[{"embeddable":true,"href":"https:\/\/poblenouurbandistrict.com\/en\/wp-json\/wp\/v2\/users\/5"}],"replies":[{"embeddable":true,"href":"https:\/\/poblenouurbandistrict.com\/en\/wp-json\/wp\/v2\/comments?post=54029"}],"version-history":[{"count":1,"href":"https:\/\/poblenouurbandistrict.com\/en\/wp-json\/wp\/v2\/posts\/54029\/revisions"}],"predecessor-version":[{"id":54035,"href":"https:\/\/poblenouurbandistrict.com\/en\/wp-json\/wp\/v2\/posts\/54029\/revisions\/54035"}],"wp:featuredmedia":[{"embeddable":true,"href":"https:\/\/poblenouurbandistrict.com\/en\/wp-json\/wp\/v2\/media\/54016"}],"wp:attachment":[{"href":"https:\/\/poblenouurbandistrict.com\/en\/wp-json\/wp\/v2\/media?parent=54029"}],"wp:term":[{"taxonomy":"category","embeddable":true,"href":"https:\/\/poblenouurbandistrict.com\/en\/wp-json\/wp\/v2\/categories?post=54029"},{"taxonomy":"post_tag","embeddable":true,"href":"https:\/\/poblenouurbandistrict.com\/en\/wp-json\/wp\/v2\/tags?post=54029"}],"curies":[{"name":"wp","href":"https:\/\/api.w.org\/{rel}","templated":true}]}}