{"id":54270,"date":"2026-01-08T14:36:44","date_gmt":"2026-01-08T13:36:44","guid":{"rendered":"https:\/\/poblenouurbandistrict.com\/?p=54270"},"modified":"2026-01-08T16:21:49","modified_gmt":"2026-01-08T15:21:49","slug":"el-museu-de-la-musica-reivindica-la-soprano-conxita-badia-amb-una-exposicio-inedita","status":"publish","type":"post","link":"https:\/\/poblenouurbandistrict.com\/en\/el-museu-de-la-musica-reivindica-la-soprano-conxita-badia-amb-una-exposicio-inedita\/","title":{"rendered":"The Museu de la M\u00fasica honors soprano Conxita Badia with a previously unseen exhibition"},"content":{"rendered":"<p><\/p>\n<p data-start=\"1949\" data-end=\"2362\">The Museu de la M\u00fasica presents <em data-start=\"1975\" data-end=\"2014\">Conxita Badia. Come You and the Songs<\/em>, an exhibition that highlights the figure of the Catalan soprano and reveals a lesser-known facet of her life: her political commitment to the Republic and to Catalan culture during the Franco regime. The exhibition can be visited from December 17 to February 15, 2026, as part of the Conxita Badia Year, marking the 50th anniversary of her death.<\/p>\n<p data-start=\"2364\" data-end=\"2931\">Promoted by the Museu de la M\u00fasica, L\u2019Auditori and the Conxita Badia Year, the exhibition brings together photographs, archival documents, personal letters, scores and recordings, many of which are on public display for the first time. Curated by Mireia Dom\u00e8nech i Bonet, the artist\u2019s great-granddaughter, the exhibition traces Badia\u2019s artistic career, from her early years with Enric Granados and Pau Casals to her central role in musical life during the 1920s and 1930s, as the preferred interpreter of composers such as Eduard Toldr\u00e0, Frederic Mompou and Robert Gerhard.<\/p>\n<p data-start=\"2933\" data-end=\"3384\">The exhibition also highlights Conxita Badia\u2019s role as an ambassador of Catalan culture during the Spanish Civil War, when she inaugurated the Republican Pavilion at the 1937 Paris International Exposition with a concert, before going into exile in Latin America. Upon her return to Barcelona, she developed an influential teaching career with students such as Montserrat Caball\u00e9 and took an active part in cultural resistance under the Franco regime.<\/p>\n<p data-start=\"3386\" data-end=\"3591\">The exhibition is part of the broader programme of activities of the Conxita Badia Year at the Museu de la M\u00fasica and L\u2019Auditori, which includes concerts, symposia and artistic initiatives through February 2026.<\/p>\n<p><\/p>","protected":false},"excerpt":{"rendered":"<p>The Museu de la M\u00fasica presents Conxita Badia. Come You and the Songs, an exhibition that highlights the figure of&#8230; <a href=\"https:\/\/poblenouurbandistrict.com\/en\/el-museu-de-la-musica-reivindica-la-soprano-conxita-badia-amb-una-exposicio-inedita\/\">More  \u2192<\/a><\/p>\n","protected":false},"author":5,"featured_media":54271,"comment_status":"closed","ping_status":"closed","sticky":false,"template":"","format":"standard","meta":{"_acf_changed":false,"footnotes":""},"categories":[3348],"tags":[],"class_list":["post-54270","post","type-post","status-publish","format-standard","has-post-thumbnail","hentry","category-musica"],"acf":[],"yoast_head":"<!-- This site is optimized with the Yoast SEO plugin v27.4 - https:\/\/yoast.com\/product\/yoast-seo-wordpress\/ -->\n<title>The Museu de la M\u00fasica honors soprano Conxita Badia with a previously unseen exhibition &#8211; Poblenou Urban District<\/title>\n<meta name=\"robots\" content=\"index, follow, max-snippet:-1, max-image-preview:large, max-video-preview:-1\" \/>\n<link rel=\"canonical\" href=\"https:\/\/poblenouurbandistrict.com\/en\/el-museu-de-la-musica-reivindica-la-soprano-conxita-badia-amb-una-exposicio-inedita\/\" \/>\n<meta property=\"og:locale\" content=\"en_US\" \/>\n<meta property=\"og:type\" content=\"article\" \/>\n<meta property=\"og:title\" content=\"The Museu de la M\u00fasica honors soprano Conxita Badia with a previously unseen exhibition &#8211; Poblenou Urban District\" \/>\n<meta property=\"og:description\" content=\"The Museu de la M\u00fasica presents Conxita Badia. Come You and the Songs, an exhibition that highlights the figure of... More \u2192\" \/>\n<meta property=\"og:url\" content=\"https:\/\/poblenouurbandistrict.com\/en\/el-museu-de-la-musica-reivindica-la-soprano-conxita-badia-amb-una-exposicio-inedita\/\" \/>\n<meta property=\"og:site_name\" content=\"Poblenou Urban District\" \/>\n<meta property=\"article:published_time\" content=\"2026-01-08T13:36:44+00:00\" \/>\n<meta property=\"article:modified_time\" content=\"2026-01-08T15:21:49+00:00\" \/>\n<meta property=\"og:image\" content=\"https:\/\/poblenouurbandistrict.com\/wp-content\/uploads\/2025\/12\/unnamed.jpg\" \/>\n\t<meta property=\"og:image:width\" content=\"1475\" \/>\n\t<meta property=\"og:image:height\" content=\"1123\" \/>\n\t<meta property=\"og:image:type\" content=\"image\/jpeg\" \/>\n<meta name=\"author\" content=\"pnud\" \/>\n<meta name=\"twitter:card\" content=\"summary_large_image\" \/>\n<meta name=\"twitter:label1\" content=\"Written by\" \/>\n\t<meta name=\"twitter:data1\" content=\"pnud\" \/>\n\t<meta name=\"twitter:label2\" content=\"Est. reading time\" \/>\n\t<meta name=\"twitter:data2\" content=\"2 minutes\" \/>\n<script type=\"application\/ld+json\" class=\"yoast-schema-graph\">{\"@context\":\"https:\\\/\\\/schema.org\",\"@graph\":[{\"@type\":\"Article\",\"@id\":\"https:\\\/\\\/poblenouurbandistrict.com\\\/el-museu-de-la-musica-reivindica-la-soprano-conxita-badia-amb-una-exposicio-inedita\\\/#article\",\"isPartOf\":{\"@id\":\"https:\\\/\\\/poblenouurbandistrict.com\\\/el-museu-de-la-musica-reivindica-la-soprano-conxita-badia-amb-una-exposicio-inedita\\\/\"},\"author\":{\"name\":\"pnud\",\"@id\":\"https:\\\/\\\/poblenouurbandistrict.com\\\/#\\\/schema\\\/person\\\/980a2cf34b399d5218205730acd54a7e\"},\"headline\":\"The Museu de la M\u00fasica honors soprano Conxita Badia with a previously unseen exhibition\",\"datePublished\":\"2026-01-08T13:36:44+00:00\",\"dateModified\":\"2026-01-08T15:21:49+00:00\",\"mainEntityOfPage\":{\"@id\":\"https:\\\/\\\/poblenouurbandistrict.com\\\/el-museu-de-la-musica-reivindica-la-soprano-conxita-badia-amb-una-exposicio-inedita\\\/\"},\"wordCount\":881,\"image\":{\"@id\":\"https:\\\/\\\/poblenouurbandistrict.com\\\/el-museu-de-la-musica-reivindica-la-soprano-conxita-badia-amb-una-exposicio-inedita\\\/#primaryimage\"},\"thumbnailUrl\":\"https:\\\/\\\/media.poblenouurbandistrict.com\\\/2025\\\/12\\\/25100312\\\/unnamed.jpg\",\"articleSection\":[\"Music\"],\"inLanguage\":\"en-US\"},{\"@type\":\"WebPage\",\"@id\":\"https:\\\/\\\/poblenouurbandistrict.com\\\/en\\\/el-museu-de-la-musica-reivindica-la-soprano-conxita-badia-amb-una-exposicio-inedita\\\/\",\"url\":\"https:\\\/\\\/poblenouurbandistrict.com\\\/en\\\/el-museu-de-la-musica-reivindica-la-soprano-conxita-badia-amb-una-exposicio-inedita\\\/\",\"name\":\"The Museu de la M\u00fasica honors soprano Conxita Badia with a previously unseen exhibition &#8211; Poblenou Urban District\",\"isPartOf\":{\"@id\":\"https:\\\/\\\/poblenouurbandistrict.com\\\/en\\\/#website\"},\"primaryImageOfPage\":{\"@id\":\"https:\\\/\\\/poblenouurbandistrict.com\\\/en\\\/el-museu-de-la-musica-reivindica-la-soprano-conxita-badia-amb-una-exposicio-inedita\\\/#primaryimage\"},\"image\":{\"@id\":\"https:\\\/\\\/poblenouurbandistrict.com\\\/el-museu-de-la-musica-reivindica-la-soprano-conxita-badia-amb-una-exposicio-inedita\\\/#primaryimage\"},\"thumbnailUrl\":\"https:\\\/\\\/media.poblenouurbandistrict.com\\\/2025\\\/12\\\/25100312\\\/unnamed.jpg\",\"datePublished\":\"2026-01-08T13:36:44+00:00\",\"dateModified\":\"2026-01-08T15:21:49+00:00\",\"author\":{\"@id\":\"https:\\\/\\\/poblenouurbandistrict.com\\\/#\\\/schema\\\/person\\\/980a2cf34b399d5218205730acd54a7e\"},\"breadcrumb\":{\"@id\":\"https:\\\/\\\/poblenouurbandistrict.com\\\/en\\\/el-museu-de-la-musica-reivindica-la-soprano-conxita-badia-amb-una-exposicio-inedita\\\/#breadcrumb\"},\"inLanguage\":\"en-US\",\"potentialAction\":[{\"@type\":\"ReadAction\",\"target\":[[\"https:\\\/\\\/poblenouurbandistrict.com\\\/en\\\/el-museu-de-la-musica-reivindica-la-soprano-conxita-badia-amb-una-exposicio-inedita\\\/\"]]}]},{\"@type\":\"ImageObject\",\"inLanguage\":\"en-US\",\"@id\":\"https:\\\/\\\/poblenouurbandistrict.com\\\/en\\\/el-museu-de-la-musica-reivindica-la-soprano-conxita-badia-amb-una-exposicio-inedita\\\/#primaryimage\",\"url\":\"https:\\\/\\\/media.poblenouurbandistrict.com\\\/2025\\\/12\\\/25100312\\\/unnamed.jpg\",\"contentUrl\":\"https:\\\/\\\/media.poblenouurbandistrict.com\\\/2025\\\/12\\\/25100312\\\/unnamed.jpg\",\"width\":1475,\"height\":1123},{\"@type\":\"BreadcrumbList\",\"@id\":\"https:\\\/\\\/poblenouurbandistrict.com\\\/en\\\/el-museu-de-la-musica-reivindica-la-soprano-conxita-badia-amb-una-exposicio-inedita\\\/#breadcrumb\",\"itemListElement\":[{\"@type\":\"ListItem\",\"position\":1,\"name\":\"Home\",\"item\":\"https:\\\/\\\/poblenouurbandistrict.com\\\/en\\\/\"},{\"@type\":\"ListItem\",\"position\":2,\"name\":\"El Museu de la M\u00fasica reivindica la soprano Conxita Badia amb una exposici\u00f3 in\u00e8dita\"}]},{\"@type\":\"WebSite\",\"@id\":\"https:\\\/\\\/poblenouurbandistrict.com\\\/en\\\/#website\",\"url\":\"https:\\\/\\\/poblenouurbandistrict.com\\\/en\\\/\",\"name\":\"Poblenou Urban District\",\"description\":\"Creative Community\",\"potentialAction\":[{\"@type\":\"SearchAction\",\"target\":{\"@type\":\"EntryPoint\",\"urlTemplate\":\"https:\\\/\\\/poblenouurbandistrict.com\\\/en\\\/?s={search_term_string}\"},\"query-input\":{\"@type\":\"PropertyValueSpecification\",\"valueRequired\":true,\"valueName\":\"search_term_string\"}}],\"inLanguage\":\"en-US\"},{\"@type\":\"Person\",\"@id\":\"https:\\\/\\\/poblenouurbandistrict.com\\\/#\\\/schema\\\/person\\\/980a2cf34b399d5218205730acd54a7e\",\"name\":\"pnud\",\"image\":{\"@type\":\"ImageObject\",\"inLanguage\":\"en-US\",\"@id\":\"https:\\\/\\\/secure.gravatar.com\\\/avatar\\\/67146597b405ee077a24e519f75c3e2031736596d6ce35af3a34c122c93d0d7b?s=96&d=retro&r=g\",\"url\":\"https:\\\/\\\/secure.gravatar.com\\\/avatar\\\/67146597b405ee077a24e519f75c3e2031736596d6ce35af3a34c122c93d0d7b?s=96&d=retro&r=g\",\"contentUrl\":\"https:\\\/\\\/secure.gravatar.com\\\/avatar\\\/67146597b405ee077a24e519f75c3e2031736596d6ce35af3a34c122c93d0d7b?s=96&d=retro&r=g\",\"caption\":\"pnud\"}}]}<\/script>\n<!-- \/ Yoast SEO plugin. -->","yoast_head_json":{"title":"The Museu de la M\u00fasica honors soprano Conxita Badia with a previously unseen exhibition &#8211; Poblenou Urban District","robots":{"index":"index","follow":"follow","max-snippet":"max-snippet:-1","max-image-preview":"max-image-preview:large","max-video-preview":"max-video-preview:-1"},"canonical":"https:\/\/poblenouurbandistrict.com\/en\/el-museu-de-la-musica-reivindica-la-soprano-conxita-badia-amb-una-exposicio-inedita\/","og_locale":"en_US","og_type":"article","og_title":"The Museu de la M\u00fasica honors soprano Conxita Badia with a previously unseen exhibition &#8211; Poblenou Urban District","og_description":"The Museu de la M\u00fasica presents Conxita Badia. Come You and the Songs, an exhibition that highlights the figure of... More \u2192","og_url":"https:\/\/poblenouurbandistrict.com\/en\/el-museu-de-la-musica-reivindica-la-soprano-conxita-badia-amb-una-exposicio-inedita\/","og_site_name":"Poblenou Urban District","article_published_time":"2026-01-08T13:36:44+00:00","article_modified_time":"2026-01-08T15:21:49+00:00","og_image":[{"width":1475,"height":1123,"url":"https:\/\/poblenouurbandistrict.com\/wp-content\/uploads\/2025\/12\/unnamed.jpg","type":"image\/jpeg"}],"author":"pnud","twitter_card":"summary_large_image","twitter_misc":{"Written by":"pnud","Est. reading time":"2 minutes"},"schema":{"@context":"https:\/\/schema.org","@graph":[{"@type":"Article","@id":"https:\/\/poblenouurbandistrict.com\/el-museu-de-la-musica-reivindica-la-soprano-conxita-badia-amb-una-exposicio-inedita\/#article","isPartOf":{"@id":"https:\/\/poblenouurbandistrict.com\/el-museu-de-la-musica-reivindica-la-soprano-conxita-badia-amb-una-exposicio-inedita\/"},"author":{"name":"pnud","@id":"https:\/\/poblenouurbandistrict.com\/#\/schema\/person\/980a2cf34b399d5218205730acd54a7e"},"headline":"The Museu de la M\u00fasica honors soprano Conxita Badia with a previously unseen exhibition","datePublished":"2026-01-08T13:36:44+00:00","dateModified":"2026-01-08T15:21:49+00:00","mainEntityOfPage":{"@id":"https:\/\/poblenouurbandistrict.com\/el-museu-de-la-musica-reivindica-la-soprano-conxita-badia-amb-una-exposicio-inedita\/"},"wordCount":881,"image":{"@id":"https:\/\/poblenouurbandistrict.com\/el-museu-de-la-musica-reivindica-la-soprano-conxita-badia-amb-una-exposicio-inedita\/#primaryimage"},"thumbnailUrl":"https:\/\/media.poblenouurbandistrict.com\/2025\/12\/25100312\/unnamed.jpg","articleSection":["Music"],"inLanguage":"en-US"},{"@type":"WebPage","@id":"https:\/\/poblenouurbandistrict.com\/en\/el-museu-de-la-musica-reivindica-la-soprano-conxita-badia-amb-una-exposicio-inedita\/","url":"https:\/\/poblenouurbandistrict.com\/en\/el-museu-de-la-musica-reivindica-la-soprano-conxita-badia-amb-una-exposicio-inedita\/","name":"The Museu de la M\u00fasica honors soprano Conxita Badia with a previously unseen exhibition &#8211; Poblenou Urban District","isPartOf":{"@id":"https:\/\/poblenouurbandistrict.com\/en\/#website"},"primaryImageOfPage":{"@id":"https:\/\/poblenouurbandistrict.com\/en\/el-museu-de-la-musica-reivindica-la-soprano-conxita-badia-amb-una-exposicio-inedita\/#primaryimage"},"image":{"@id":"https:\/\/poblenouurbandistrict.com\/el-museu-de-la-musica-reivindica-la-soprano-conxita-badia-amb-una-exposicio-inedita\/#primaryimage"},"thumbnailUrl":"https:\/\/media.poblenouurbandistrict.com\/2025\/12\/25100312\/unnamed.jpg","datePublished":"2026-01-08T13:36:44+00:00","dateModified":"2026-01-08T15:21:49+00:00","author":{"@id":"https:\/\/poblenouurbandistrict.com\/#\/schema\/person\/980a2cf34b399d5218205730acd54a7e"},"breadcrumb":{"@id":"https:\/\/poblenouurbandistrict.com\/en\/el-museu-de-la-musica-reivindica-la-soprano-conxita-badia-amb-una-exposicio-inedita\/#breadcrumb"},"inLanguage":"en-US","potentialAction":[{"@type":"ReadAction","target":[["https:\/\/poblenouurbandistrict.com\/en\/el-museu-de-la-musica-reivindica-la-soprano-conxita-badia-amb-una-exposicio-inedita\/"]]}]},{"@type":"ImageObject","inLanguage":"en-US","@id":"https:\/\/poblenouurbandistrict.com\/en\/el-museu-de-la-musica-reivindica-la-soprano-conxita-badia-amb-una-exposicio-inedita\/#primaryimage","url":"https:\/\/media.poblenouurbandistrict.com\/2025\/12\/25100312\/unnamed.jpg","contentUrl":"https:\/\/media.poblenouurbandistrict.com\/2025\/12\/25100312\/unnamed.jpg","width":1475,"height":1123},{"@type":"BreadcrumbList","@id":"https:\/\/poblenouurbandistrict.com\/en\/el-museu-de-la-musica-reivindica-la-soprano-conxita-badia-amb-una-exposicio-inedita\/#breadcrumb","itemListElement":[{"@type":"ListItem","position":1,"name":"Home","item":"https:\/\/poblenouurbandistrict.com\/en\/"},{"@type":"ListItem","position":2,"name":"El Museu de la M\u00fasica reivindica la soprano Conxita Badia amb una exposici\u00f3 in\u00e8dita"}]},{"@type":"WebSite","@id":"https:\/\/poblenouurbandistrict.com\/en\/#website","url":"https:\/\/poblenouurbandistrict.com\/en\/","name":"Poblenou Urban District","description":"Creative Community","potentialAction":[{"@type":"SearchAction","target":{"@type":"EntryPoint","urlTemplate":"https:\/\/poblenouurbandistrict.com\/en\/?s={search_term_string}"},"query-input":{"@type":"PropertyValueSpecification","valueRequired":true,"valueName":"search_term_string"}}],"inLanguage":"en-US"},{"@type":"Person","@id":"https:\/\/poblenouurbandistrict.com\/#\/schema\/person\/980a2cf34b399d5218205730acd54a7e","name":"pnud","image":{"@type":"ImageObject","inLanguage":"en-US","@id":"https:\/\/secure.gravatar.com\/avatar\/67146597b405ee077a24e519f75c3e2031736596d6ce35af3a34c122c93d0d7b?s=96&d=retro&r=g","url":"https:\/\/secure.gravatar.com\/avatar\/67146597b405ee077a24e519f75c3e2031736596d6ce35af3a34c122c93d0d7b?s=96&d=retro&r=g","contentUrl":"https:\/\/secure.gravatar.com\/avatar\/67146597b405ee077a24e519f75c3e2031736596d6ce35af3a34c122c93d0d7b?s=96&d=retro&r=g","caption":"pnud"}}]}},"_links":{"self":[{"href":"https:\/\/poblenouurbandistrict.com\/en\/wp-json\/wp\/v2\/posts\/54270","targetHints":{"allow":["GET"]}}],"collection":[{"href":"https:\/\/poblenouurbandistrict.com\/en\/wp-json\/wp\/v2\/posts"}],"about":[{"href":"https:\/\/poblenouurbandistrict.com\/en\/wp-json\/wp\/v2\/types\/post"}],"author":[{"embeddable":true,"href":"https:\/\/poblenouurbandistrict.com\/en\/wp-json\/wp\/v2\/users\/5"}],"replies":[{"embeddable":true,"href":"https:\/\/poblenouurbandistrict.com\/en\/wp-json\/wp\/v2\/comments?post=54270"}],"version-history":[{"count":2,"href":"https:\/\/poblenouurbandistrict.com\/en\/wp-json\/wp\/v2\/posts\/54270\/revisions"}],"predecessor-version":[{"id":54364,"href":"https:\/\/poblenouurbandistrict.com\/en\/wp-json\/wp\/v2\/posts\/54270\/revisions\/54364"}],"wp:featuredmedia":[{"embeddable":true,"href":"https:\/\/poblenouurbandistrict.com\/en\/wp-json\/wp\/v2\/media\/54271"}],"wp:attachment":[{"href":"https:\/\/poblenouurbandistrict.com\/en\/wp-json\/wp\/v2\/media?parent=54270"}],"wp:term":[{"taxonomy":"category","embeddable":true,"href":"https:\/\/poblenouurbandistrict.com\/en\/wp-json\/wp\/v2\/categories?post=54270"},{"taxonomy":"post_tag","embeddable":true,"href":"https:\/\/poblenouurbandistrict.com\/en\/wp-json\/wp\/v2\/tags?post=54270"}],"curies":[{"name":"wp","href":"https:\/\/api.w.org\/{rel}","templated":true}]}}