{"id":54350,"date":"2026-01-08T14:29:14","date_gmt":"2026-01-08T13:29:14","guid":{"rendered":"https:\/\/poblenouurbandistrict.com\/?p=54350"},"modified":"2026-01-09T13:48:19","modified_gmt":"2026-01-09T12:48:19","slug":"les-millors-exposicions-i-activitats-als-museus-i-galeries-del-districte-creatiu","status":"publish","type":"post","link":"https:\/\/poblenouurbandistrict.com\/en\/les-millors-exposicions-i-activitats-als-museus-i-galeries-del-districte-creatiu\/","title":{"rendered":"The best exhibitions and activities in the museums and galleries of the Creative District"},"content":{"rendered":"<p><\/p>\n<p data-start=\"4744\" data-end=\"5109\">The year begins, and with it the activity of the museums in the Creative District continues unabated: take advantage of January to see the best exhibitions in Poblenou, take part in workshops and activities, or follow an art gallery route through the Creative District.<\/p>\n<h3 data-start=\"5111\" data-end=\"5138\"><a href=\"https:\/\/www.dissenyhub.barcelona\/\">Disseny Hub Barcelona<\/a><\/h3>\n<p data-start=\"5139\" data-end=\"5193\"><strong data-start=\"5139\" data-end=\"5193\">Screening and round table: \u2018Cola, Colita, Colassa\u2019<\/strong><\/p>\n<p data-start=\"5195\" data-end=\"5767\">On January 13 at 6 pm, the DHub hosts the screening of the documentary <em data-start=\"5266\" data-end=\"5289\">Cola, Colita, Colassa<\/em>, directed by Ventura Pons in 2015, which portrays the career and relationships of photographer Colita with iconic figures from the cultural scene (such as Maruja Torres, Rosa Maria Sard\u00e0, Teresa Gimpera and N\u00faria Feliu). The screening is followed by a round table moderated by Francesc Polop (director of the Archivo Colita Fotograf\u00eda), with the participation of N\u00faria Rib\u00f3, Anabel Campo Vidal and Vicky Combal\u00eda, offering an in-depth exploration of Colita\u2019s figure and legacy.<\/p>\n<p data-start=\"5769\" data-end=\"5793\"><strong data-start=\"5769\" data-end=\"5793\">\u2018The Value of Water\u2019<\/strong><\/p>\n<p data-start=\"5795\" data-end=\"6085\">Until January 11, the DHub hosts the exhibition <em data-start=\"5843\" data-end=\"5863\">The Value of Water<\/em>, a show that explores traditional ways of obtaining and managing water, featuring objects from the Museu del Disseny collection alongside contemporary pieces that reflect on the responsible use of this essential resource.<\/p>\n<p data-start=\"6087\" data-end=\"6127\"><strong data-start=\"6087\" data-end=\"6127\">Free guided tours of the exhibitions<\/strong><\/p>\n<p data-start=\"6129\" data-end=\"6521\">Every Saturday at 11 am, with admission to the Museu del Disseny-DHub, free \u201cTastet\u201d guided tours are offered through the museum\u2019s four permanent exhibitions (including \u201cCommon Objects. Local Stories, Global Debates\u201d, \u201cMatter Matters. Designing with the World\u201d, \u201cDo You Design or Do You Work? New Visual Communication (1980\u20132003)\u201d and \u201cThe Dressed Body. Silhouettes and Fashion (1550\u20132015)\u201d).<\/p>\n<p data-start=\"6523\" data-end=\"6564\"><strong data-start=\"6523\" data-end=\"6564\">Presentation of <em data-start=\"6541\" data-end=\"6553\">Inmaterial<\/em> magazine<\/strong><\/p>\n<p data-start=\"6566\" data-end=\"6936\">On January 20 at 6 pm, the DHub presents issue number 20 of <em data-start=\"6626\" data-end=\"6638\">Inmaterial<\/em> magazine, a special volume titled <em data-start=\"6673\" data-end=\"6739\">Designing with the World: Towards a New Relationship with Matter<\/em>. The event, part of the <em data-start=\"6764\" data-end=\"6779\">Shared Matter<\/em> activity cycle linked to the exhibition <em data-start=\"6820\" data-end=\"6836\">Matter Matters<\/em>, features editors Mariona Moncunill, Jorge Luis Marzo and Olga Subir\u00f3s (curator of the exhibition).<\/p>\n<hr \/>\n<h3 data-start=\"6938\" data-end=\"6958\"><a href=\"https:\/\/www.fundaciovilacasas.com\/ca\/museu\/museu-can-framis-barcelona\">Museu Can Framis<\/a><\/h3>\n<p data-start=\"6960\" data-end=\"7048\"><strong data-start=\"6960\" data-end=\"7009\">Permanent Exhibition of Contemporary Painting<\/strong><br data-start=\"7009\" data-end=\"7012\" \/>\u201cA permanently changing collection\u201d.<\/p>\n<p data-start=\"7050\" data-end=\"7295\"><strong data-start=\"7050\" data-end=\"7075\">Temporary Exhibition:<\/strong> <em data-start=\"7076\" data-end=\"7127\">Silvia Gubern. Splendour. Returning to the Origin<\/em>, a show bringing together works by artist Silvia Gubern, on view until February 22, 2026. The exhibition explores the artist\u2019s aesthetic approach and creative process.<\/p>\n<p data-start=\"7297\" data-end=\"7685\">Regarding activities, the museum offers guided tours of the Silvia Gubern exhibition on January 24 at midday, aimed at providing deeper insight into the works and their context. On January 25, the workshop <em data-start=\"7503\" data-end=\"7564\">Mysteri\u2019Art: a journey of the soul towards essential beauty<\/em> will also take place, an activity focused on exploring concepts related to aesthetic perception and creative expression.<\/p>\n<hr \/>\n<h3 data-start=\"7687\" data-end=\"7721\"><a href=\"https:\/\/museuterra.cat\/plastic-genial-pervers-bcn\/\">Sala Barcelona del Museu Terra<\/a><\/h3>\n<p data-start=\"7723\" data-end=\"8195\"><strong data-start=\"7723\" data-end=\"7760\">\u201cPlastic. Brilliant or Perverse?\u201d<\/strong><br data-start=\"7760\" data-end=\"7763\" \/>This exhibition, part of the programme of the Sala Barcelona at the Museu Terra, can be visited free of charge during the venue\u2019s opening hours until May 30, 2026. Curated by N\u00faria Vila, the exhibition reflects on plastic, from its history and uses to its environmental and social impacts, through different thematic sections and the participation of contemporary artists via audiovisual works, installations and collection objects.<\/p>\n<hr \/>\n<h3 data-start=\"8197\" data-end=\"8237\"><a href=\"https:\/\/www.piramidon.com\/es\/\">Piramid\u00f3n. Centre d\u2019Art Contemporani<\/a><\/h3>\n<p data-start=\"8239\" data-end=\"8427\">Throughout January, visitors have the last opportunity to see the exhibitions <em data-start=\"8317\" data-end=\"8347\">Un impulso de \u00faltimo momento<\/em> by Rom\u00e1n Castro and the group exhibition <em data-start=\"8389\" data-end=\"8398\">2025_N4<\/em>, both closing on January 20.<\/p>\n<hr \/>\n<h3 data-start=\"8429\" data-end=\"8446\"><a href=\"https:\/\/laplataformabcn.com\/\">La Plataforma<\/a><\/h3>\n<p data-start=\"8448\" data-end=\"8718\"><strong data-start=\"8448\" data-end=\"8485\">Art and Sales: A penas, pu\u00f1aladas<\/strong> is the exhibition celebrating the 15th anniversary of the gallery\u2019s opening. A group exhibition bringing together a selection of recent works and archival pieces that trace the gallery\u2019s trajectory through the voices of its artists.<\/p>\n<p data-start=\"8720\" data-end=\"8746\">On view until February 13.<\/p>\n<hr \/>\n<h3 data-start=\"8748\" data-end=\"8764\"><a href=\"https:\/\/load-gallery.com\/exhibitions\/yatreda\">Load Gallery<\/a><\/h3>\n<p data-start=\"8766\" data-end=\"9054\"><strong data-start=\"8766\" data-end=\"8813\">Yatreda \u12eb\u1325\u122c\u12f3, Let\u2019s Slow Down Time Together<\/strong> can be visited at the gallery until February 14. Yatreda \u12eb\u1325\u122c\u12f3\u2019s, the ethiopian collective first solo exhibition in Europe presents a concise selection of their video works, connecting memory, oral tradition and identity through a rigorous and poetic visual language.<\/p>\n<p><\/p>","protected":false},"excerpt":{"rendered":"<p>The year begins, and with it the activity of the museums in the Creative District continues unabated: take advantage of&#8230; <a href=\"https:\/\/poblenouurbandistrict.com\/en\/les-millors-exposicions-i-activitats-als-museus-i-galeries-del-districte-creatiu\/\">More  \u2192<\/a><\/p>\n","protected":false},"author":5,"featured_media":54359,"comment_status":"closed","ping_status":"closed","sticky":false,"template":"","format":"standard","meta":{"_acf_changed":false,"footnotes":""},"categories":[3363,3342],"tags":[],"class_list":["post-54350","post","type-post","status-publish","format-standard","has-post-thumbnail","hentry","category-places","category-art"],"acf":[],"yoast_head":"<!-- This site is optimized with the Yoast SEO plugin v27.4 - https:\/\/yoast.com\/product\/yoast-seo-wordpress\/ -->\n<title>The best exhibitions and activities in the museums and galleries of the Creative District &#8211; Poblenou Urban District<\/title>\n<meta name=\"robots\" content=\"index, follow, max-snippet:-1, max-image-preview:large, max-video-preview:-1\" \/>\n<link rel=\"canonical\" href=\"https:\/\/poblenouurbandistrict.com\/en\/les-millors-exposicions-i-activitats-als-museus-i-galeries-del-districte-creatiu\/\" \/>\n<meta property=\"og:locale\" content=\"en_US\" \/>\n<meta property=\"og:type\" content=\"article\" \/>\n<meta property=\"og:title\" content=\"The best exhibitions and activities in the museums and galleries of the Creative District &#8211; Poblenou Urban District\" \/>\n<meta property=\"og:description\" content=\"The year begins, and with it the activity of the museums in the Creative District continues unabated: take advantage of... More \u2192\" \/>\n<meta property=\"og:url\" content=\"https:\/\/poblenouurbandistrict.com\/en\/les-millors-exposicions-i-activitats-als-museus-i-galeries-del-districte-creatiu\/\" \/>\n<meta property=\"og:site_name\" content=\"Poblenou Urban District\" \/>\n<meta property=\"article:published_time\" content=\"2026-01-08T13:29:14+00:00\" \/>\n<meta property=\"article:modified_time\" content=\"2026-01-09T12:48:19+00:00\" \/>\n<meta property=\"og:image\" content=\"https:\/\/poblenouurbandistrict.com\/wp-content\/uploads\/2026\/01\/unnamed-12.jpg\" \/>\n\t<meta property=\"og:image:width\" content=\"2560\" \/>\n\t<meta property=\"og:image:height\" content=\"1706\" \/>\n\t<meta property=\"og:image:type\" content=\"image\/jpeg\" \/>\n<meta name=\"author\" content=\"pnud\" \/>\n<meta name=\"twitter:card\" content=\"summary_large_image\" \/>\n<meta name=\"twitter:label1\" content=\"Written by\" \/>\n\t<meta name=\"twitter:data1\" content=\"pnud\" \/>\n\t<meta name=\"twitter:label2\" content=\"Est. reading time\" \/>\n\t<meta name=\"twitter:data2\" content=\"4 minutes\" \/>\n<script type=\"application\/ld+json\" class=\"yoast-schema-graph\">{\"@context\":\"https:\\\/\\\/schema.org\",\"@graph\":[{\"@type\":\"Article\",\"@id\":\"https:\\\/\\\/poblenouurbandistrict.com\\\/les-millors-exposicions-i-activitats-als-museus-i-galeries-del-districte-creatiu\\\/#article\",\"isPartOf\":{\"@id\":\"https:\\\/\\\/poblenouurbandistrict.com\\\/les-millors-exposicions-i-activitats-als-museus-i-galeries-del-districte-creatiu\\\/\"},\"author\":{\"name\":\"pnud\",\"@id\":\"https:\\\/\\\/poblenouurbandistrict.com\\\/#\\\/schema\\\/person\\\/980a2cf34b399d5218205730acd54a7e\"},\"headline\":\"The best exhibitions and activities in the museums and galleries of the Creative District\",\"datePublished\":\"2026-01-08T13:29:14+00:00\",\"dateModified\":\"2026-01-09T12:48:19+00:00\",\"mainEntityOfPage\":{\"@id\":\"https:\\\/\\\/poblenouurbandistrict.com\\\/les-millors-exposicions-i-activitats-als-museus-i-galeries-del-districte-creatiu\\\/\"},\"wordCount\":2175,\"image\":{\"@id\":\"https:\\\/\\\/poblenouurbandistrict.com\\\/les-millors-exposicions-i-activitats-als-museus-i-galeries-del-districte-creatiu\\\/#primaryimage\"},\"thumbnailUrl\":\"https:\\\/\\\/media.poblenouurbandistrict.com\\\/2026\\\/01\\\/25100435\\\/unnamed-12.jpg\",\"articleSection\":[\"Places\",\"Art\"],\"inLanguage\":\"en-US\"},{\"@type\":\"WebPage\",\"@id\":\"https:\\\/\\\/poblenouurbandistrict.com\\\/en\\\/les-millors-exposicions-i-activitats-als-museus-i-galeries-del-districte-creatiu\\\/\",\"url\":\"https:\\\/\\\/poblenouurbandistrict.com\\\/en\\\/les-millors-exposicions-i-activitats-als-museus-i-galeries-del-districte-creatiu\\\/\",\"name\":\"The best exhibitions and activities in the museums and galleries of the Creative District &#8211; Poblenou Urban District\",\"isPartOf\":{\"@id\":\"https:\\\/\\\/poblenouurbandistrict.com\\\/en\\\/#website\"},\"primaryImageOfPage\":{\"@id\":\"https:\\\/\\\/poblenouurbandistrict.com\\\/en\\\/les-millors-exposicions-i-activitats-als-museus-i-galeries-del-districte-creatiu\\\/#primaryimage\"},\"image\":{\"@id\":\"https:\\\/\\\/poblenouurbandistrict.com\\\/les-millors-exposicions-i-activitats-als-museus-i-galeries-del-districte-creatiu\\\/#primaryimage\"},\"thumbnailUrl\":\"https:\\\/\\\/media.poblenouurbandistrict.com\\\/2026\\\/01\\\/25100435\\\/unnamed-12.jpg\",\"datePublished\":\"2026-01-08T13:29:14+00:00\",\"dateModified\":\"2026-01-09T12:48:19+00:00\",\"author\":{\"@id\":\"https:\\\/\\\/poblenouurbandistrict.com\\\/#\\\/schema\\\/person\\\/980a2cf34b399d5218205730acd54a7e\"},\"breadcrumb\":{\"@id\":\"https:\\\/\\\/poblenouurbandistrict.com\\\/en\\\/les-millors-exposicions-i-activitats-als-museus-i-galeries-del-districte-creatiu\\\/#breadcrumb\"},\"inLanguage\":\"en-US\",\"potentialAction\":[{\"@type\":\"ReadAction\",\"target\":[[\"https:\\\/\\\/poblenouurbandistrict.com\\\/en\\\/les-millors-exposicions-i-activitats-als-museus-i-galeries-del-districte-creatiu\\\/\"]]}]},{\"@type\":\"ImageObject\",\"inLanguage\":\"en-US\",\"@id\":\"https:\\\/\\\/poblenouurbandistrict.com\\\/en\\\/les-millors-exposicions-i-activitats-als-museus-i-galeries-del-districte-creatiu\\\/#primaryimage\",\"url\":\"https:\\\/\\\/media.poblenouurbandistrict.com\\\/2026\\\/01\\\/25100435\\\/unnamed-12.jpg\",\"contentUrl\":\"https:\\\/\\\/media.poblenouurbandistrict.com\\\/2026\\\/01\\\/25100435\\\/unnamed-12.jpg\",\"width\":2560,\"height\":1706},{\"@type\":\"BreadcrumbList\",\"@id\":\"https:\\\/\\\/poblenouurbandistrict.com\\\/en\\\/les-millors-exposicions-i-activitats-als-museus-i-galeries-del-districte-creatiu\\\/#breadcrumb\",\"itemListElement\":[{\"@type\":\"ListItem\",\"position\":1,\"name\":\"Home\",\"item\":\"https:\\\/\\\/poblenouurbandistrict.com\\\/en\\\/\"},{\"@type\":\"ListItem\",\"position\":2,\"name\":\"Les millors exposicions i activitats als museus i galeries del Districte Creatiu\"}]},{\"@type\":\"WebSite\",\"@id\":\"https:\\\/\\\/poblenouurbandistrict.com\\\/en\\\/#website\",\"url\":\"https:\\\/\\\/poblenouurbandistrict.com\\\/en\\\/\",\"name\":\"Poblenou Urban District\",\"description\":\"Creative Community\",\"potentialAction\":[{\"@type\":\"SearchAction\",\"target\":{\"@type\":\"EntryPoint\",\"urlTemplate\":\"https:\\\/\\\/poblenouurbandistrict.com\\\/en\\\/?s={search_term_string}\"},\"query-input\":{\"@type\":\"PropertyValueSpecification\",\"valueRequired\":true,\"valueName\":\"search_term_string\"}}],\"inLanguage\":\"en-US\"},{\"@type\":\"Person\",\"@id\":\"https:\\\/\\\/poblenouurbandistrict.com\\\/#\\\/schema\\\/person\\\/980a2cf34b399d5218205730acd54a7e\",\"name\":\"pnud\",\"image\":{\"@type\":\"ImageObject\",\"inLanguage\":\"en-US\",\"@id\":\"https:\\\/\\\/secure.gravatar.com\\\/avatar\\\/67146597b405ee077a24e519f75c3e2031736596d6ce35af3a34c122c93d0d7b?s=96&d=retro&r=g\",\"url\":\"https:\\\/\\\/secure.gravatar.com\\\/avatar\\\/67146597b405ee077a24e519f75c3e2031736596d6ce35af3a34c122c93d0d7b?s=96&d=retro&r=g\",\"contentUrl\":\"https:\\\/\\\/secure.gravatar.com\\\/avatar\\\/67146597b405ee077a24e519f75c3e2031736596d6ce35af3a34c122c93d0d7b?s=96&d=retro&r=g\",\"caption\":\"pnud\"}}]}<\/script>\n<!-- \/ Yoast SEO plugin. -->","yoast_head_json":{"title":"The best exhibitions and activities in the museums and galleries of the Creative District &#8211; Poblenou Urban District","robots":{"index":"index","follow":"follow","max-snippet":"max-snippet:-1","max-image-preview":"max-image-preview:large","max-video-preview":"max-video-preview:-1"},"canonical":"https:\/\/poblenouurbandistrict.com\/en\/les-millors-exposicions-i-activitats-als-museus-i-galeries-del-districte-creatiu\/","og_locale":"en_US","og_type":"article","og_title":"The best exhibitions and activities in the museums and galleries of the Creative District &#8211; Poblenou Urban District","og_description":"The year begins, and with it the activity of the museums in the Creative District continues unabated: take advantage of... More \u2192","og_url":"https:\/\/poblenouurbandistrict.com\/en\/les-millors-exposicions-i-activitats-als-museus-i-galeries-del-districte-creatiu\/","og_site_name":"Poblenou Urban District","article_published_time":"2026-01-08T13:29:14+00:00","article_modified_time":"2026-01-09T12:48:19+00:00","og_image":[{"width":2560,"height":1706,"url":"https:\/\/poblenouurbandistrict.com\/wp-content\/uploads\/2026\/01\/unnamed-12.jpg","type":"image\/jpeg"}],"author":"pnud","twitter_card":"summary_large_image","twitter_misc":{"Written by":"pnud","Est. reading time":"4 minutes"},"schema":{"@context":"https:\/\/schema.org","@graph":[{"@type":"Article","@id":"https:\/\/poblenouurbandistrict.com\/les-millors-exposicions-i-activitats-als-museus-i-galeries-del-districte-creatiu\/#article","isPartOf":{"@id":"https:\/\/poblenouurbandistrict.com\/les-millors-exposicions-i-activitats-als-museus-i-galeries-del-districte-creatiu\/"},"author":{"name":"pnud","@id":"https:\/\/poblenouurbandistrict.com\/#\/schema\/person\/980a2cf34b399d5218205730acd54a7e"},"headline":"The best exhibitions and activities in the museums and galleries of the Creative District","datePublished":"2026-01-08T13:29:14+00:00","dateModified":"2026-01-09T12:48:19+00:00","mainEntityOfPage":{"@id":"https:\/\/poblenouurbandistrict.com\/les-millors-exposicions-i-activitats-als-museus-i-galeries-del-districte-creatiu\/"},"wordCount":2175,"image":{"@id":"https:\/\/poblenouurbandistrict.com\/les-millors-exposicions-i-activitats-als-museus-i-galeries-del-districte-creatiu\/#primaryimage"},"thumbnailUrl":"https:\/\/media.poblenouurbandistrict.com\/2026\/01\/25100435\/unnamed-12.jpg","articleSection":["Places","Art"],"inLanguage":"en-US"},{"@type":"WebPage","@id":"https:\/\/poblenouurbandistrict.com\/en\/les-millors-exposicions-i-activitats-als-museus-i-galeries-del-districte-creatiu\/","url":"https:\/\/poblenouurbandistrict.com\/en\/les-millors-exposicions-i-activitats-als-museus-i-galeries-del-districte-creatiu\/","name":"The best exhibitions and activities in the museums and galleries of the Creative District &#8211; Poblenou Urban District","isPartOf":{"@id":"https:\/\/poblenouurbandistrict.com\/en\/#website"},"primaryImageOfPage":{"@id":"https:\/\/poblenouurbandistrict.com\/en\/les-millors-exposicions-i-activitats-als-museus-i-galeries-del-districte-creatiu\/#primaryimage"},"image":{"@id":"https:\/\/poblenouurbandistrict.com\/les-millors-exposicions-i-activitats-als-museus-i-galeries-del-districte-creatiu\/#primaryimage"},"thumbnailUrl":"https:\/\/media.poblenouurbandistrict.com\/2026\/01\/25100435\/unnamed-12.jpg","datePublished":"2026-01-08T13:29:14+00:00","dateModified":"2026-01-09T12:48:19+00:00","author":{"@id":"https:\/\/poblenouurbandistrict.com\/#\/schema\/person\/980a2cf34b399d5218205730acd54a7e"},"breadcrumb":{"@id":"https:\/\/poblenouurbandistrict.com\/en\/les-millors-exposicions-i-activitats-als-museus-i-galeries-del-districte-creatiu\/#breadcrumb"},"inLanguage":"en-US","potentialAction":[{"@type":"ReadAction","target":[["https:\/\/poblenouurbandistrict.com\/en\/les-millors-exposicions-i-activitats-als-museus-i-galeries-del-districte-creatiu\/"]]}]},{"@type":"ImageObject","inLanguage":"en-US","@id":"https:\/\/poblenouurbandistrict.com\/en\/les-millors-exposicions-i-activitats-als-museus-i-galeries-del-districte-creatiu\/#primaryimage","url":"https:\/\/media.poblenouurbandistrict.com\/2026\/01\/25100435\/unnamed-12.jpg","contentUrl":"https:\/\/media.poblenouurbandistrict.com\/2026\/01\/25100435\/unnamed-12.jpg","width":2560,"height":1706},{"@type":"BreadcrumbList","@id":"https:\/\/poblenouurbandistrict.com\/en\/les-millors-exposicions-i-activitats-als-museus-i-galeries-del-districte-creatiu\/#breadcrumb","itemListElement":[{"@type":"ListItem","position":1,"name":"Home","item":"https:\/\/poblenouurbandistrict.com\/en\/"},{"@type":"ListItem","position":2,"name":"Les millors exposicions i activitats als museus i galeries del Districte Creatiu"}]},{"@type":"WebSite","@id":"https:\/\/poblenouurbandistrict.com\/en\/#website","url":"https:\/\/poblenouurbandistrict.com\/en\/","name":"Poblenou Urban District","description":"Creative Community","potentialAction":[{"@type":"SearchAction","target":{"@type":"EntryPoint","urlTemplate":"https:\/\/poblenouurbandistrict.com\/en\/?s={search_term_string}"},"query-input":{"@type":"PropertyValueSpecification","valueRequired":true,"valueName":"search_term_string"}}],"inLanguage":"en-US"},{"@type":"Person","@id":"https:\/\/poblenouurbandistrict.com\/#\/schema\/person\/980a2cf34b399d5218205730acd54a7e","name":"pnud","image":{"@type":"ImageObject","inLanguage":"en-US","@id":"https:\/\/secure.gravatar.com\/avatar\/67146597b405ee077a24e519f75c3e2031736596d6ce35af3a34c122c93d0d7b?s=96&d=retro&r=g","url":"https:\/\/secure.gravatar.com\/avatar\/67146597b405ee077a24e519f75c3e2031736596d6ce35af3a34c122c93d0d7b?s=96&d=retro&r=g","contentUrl":"https:\/\/secure.gravatar.com\/avatar\/67146597b405ee077a24e519f75c3e2031736596d6ce35af3a34c122c93d0d7b?s=96&d=retro&r=g","caption":"pnud"}}]}},"_links":{"self":[{"href":"https:\/\/poblenouurbandistrict.com\/en\/wp-json\/wp\/v2\/posts\/54350","targetHints":{"allow":["GET"]}}],"collection":[{"href":"https:\/\/poblenouurbandistrict.com\/en\/wp-json\/wp\/v2\/posts"}],"about":[{"href":"https:\/\/poblenouurbandistrict.com\/en\/wp-json\/wp\/v2\/types\/post"}],"author":[{"embeddable":true,"href":"https:\/\/poblenouurbandistrict.com\/en\/wp-json\/wp\/v2\/users\/5"}],"replies":[{"embeddable":true,"href":"https:\/\/poblenouurbandistrict.com\/en\/wp-json\/wp\/v2\/comments?post=54350"}],"version-history":[{"count":6,"href":"https:\/\/poblenouurbandistrict.com\/en\/wp-json\/wp\/v2\/posts\/54350\/revisions"}],"predecessor-version":[{"id":54371,"href":"https:\/\/poblenouurbandistrict.com\/en\/wp-json\/wp\/v2\/posts\/54350\/revisions\/54371"}],"wp:featuredmedia":[{"embeddable":true,"href":"https:\/\/poblenouurbandistrict.com\/en\/wp-json\/wp\/v2\/media\/54359"}],"wp:attachment":[{"href":"https:\/\/poblenouurbandistrict.com\/en\/wp-json\/wp\/v2\/media?parent=54350"}],"wp:term":[{"taxonomy":"category","embeddable":true,"href":"https:\/\/poblenouurbandistrict.com\/en\/wp-json\/wp\/v2\/categories?post=54350"},{"taxonomy":"post_tag","embeddable":true,"href":"https:\/\/poblenouurbandistrict.com\/en\/wp-json\/wp\/v2\/tags?post=54350"}],"curies":[{"name":"wp","href":"https:\/\/api.w.org\/{rel}","templated":true}]}}