{"id":55916,"date":"2026-04-28T13:48:34","date_gmt":"2026-04-28T11:48:34","guid":{"rendered":"https:\/\/poblenouurbandistrict.com\/?p=55916"},"modified":"2026-04-28T13:48:34","modified_gmt":"2026-04-28T11:48:34","slug":"tota-la-proposta-gastronomica-del-poblenou-open-day-4","status":"publish","type":"post","link":"https:\/\/poblenouurbandistrict.com\/en\/tota-la-proposta-gastronomica-del-poblenou-open-day-4\/","title":{"rendered":"The whole Poblenou Open Day&#8217;s gastronomic programe"},"content":{"rendered":"<p><\/p>\n<p class=\"\" data-start=\"123\" data-end=\"399\"><span style=\"color: #333333;\">Get ready to be surprised by the wide range of food and cocktail experiences prepared by the restaurants and bars associated with Poblenou Urban District for this Open Day. Delicious delicacies paired with live music, DJs, and other cultural offerings.<\/span><\/p>\n<h3><\/h3>\n<h3 data-start=\"596\" data-end=\"783\"><span style=\"color: #333333;\"><a style=\"color: #333333;\" href=\"https:\/\/botanicusbcn.com\/\"><strong data-start=\"596\" data-end=\"609\">Botanicus<\/strong><\/a><\/span><\/h3>\n<p data-path-to-node=\"2\">For this edition of the Open Day, present an exclusive cocktail at a special price.<\/p>\n<h6 style=\"text-align: center;\" data-start=\"596\" data-end=\"783\"><span style=\"color: #333333;\">Pujades, 177<\/span><br data-start=\"769\" data-end=\"772\" \/><span style=\"color: #333333;\">18 h to 03 h<\/span><\/h6>\n<h3 data-start=\"785\" data-end=\"1057\"><a href=\"https:\/\/www.instagram.com\/cuadrobcn\/?hl=es\">Cuadro<\/a><\/h3>\n<p data-path-to-node=\"5\">Enjoy a 2-for-1 vermut promotion all day long to keep the vibes going. To wrap up the afternoon with top energy, the venue will host a Funky DJ Set from 6:00 PM to 8:00 PM.<\/p>\n<h6 style=\"text-align: center;\" data-start=\"785\" data-end=\"1057\"><span style=\"color: #333333;\">Pamplona, 33<\/span><br data-start=\"1043\" data-end=\"1046\" \/><span style=\"color: #333333;\">12 h to 00 h<\/span><\/h6>\n<h3 data-start=\"1059\" data-end=\"1295\"><\/h3>\n<h3 data-start=\"785\" data-end=\"1057\"><span style=\"color: #333333;\"><a style=\"color: #333333;\" href=\"https:\/\/wearecacho.com\/\"><strong data-start=\"785\" data-end=\"794\">Cacho<\/strong><\/a><\/span><\/h3>\n<p data-path-to-node=\"5\">Enjoy the \u201cOpen Day Combo\u201d of homemade empanada and natural wine, available from 5:00 PM to 11:00 PM. A quick, artisanal choice for a break during the neighborhood event.<\/p>\n<h6 style=\"text-align: center;\" data-start=\"785\" data-end=\"1057\"><span style=\"color: #333333;\">Llull, 27 Baixos<\/span><br data-start=\"1043\" data-end=\"1046\" \/><span style=\"color: #333333;\">12 h to 00 h<\/span><\/h6>\n<h3 data-start=\"785\" data-end=\"1057\"><span style=\"color: #333333;\"><a style=\"color: #333333;\" href=\"https:\/\/wearecacho.com\/\"><strong data-start=\"785\" data-end=\"794\">Cacho Burgers<\/strong><\/a><\/span><\/h3>\n<p data-path-to-node=\"8\">If you\u2019re looking for a great meal without the fuss, Cacho Burger is the place to be. During Open Day, you can grab their top combo: a Cheese Burger and a craft Cacho Beer APA for just \u20ac9.9. The perfect way to recharge with a killer burger and a house brew before hitting the route again.<\/p>\n<h6 style=\"text-align: center;\" data-start=\"785\" data-end=\"1057\"><span style=\"color: #333333;\">Pujades, 195<\/span><br data-start=\"1043\" data-end=\"1046\" \/><span style=\"color: #333333;\">13h to 16h and de 19h to 23h\u00a0<\/span><\/h6>\n<h3 data-start=\"1059\" data-end=\"1295\"><\/h3>\n<h3 data-start=\"1059\" data-end=\"1295\"><span style=\"color: #333333;\"><a style=\"color: #333333;\" href=\"https:\/\/catacroquet.es\/\"><strong data-start=\"1059\" data-end=\"1074\">Catacroquet<\/strong><\/a><\/span><\/h3>\n<p>Catacroquet is a paradise for lovers of great\u00a0croquettes, where you can choose from many varieties and enjoy other\u00a0tapas, wines, and drinks on its spacious terrace.<\/p>\n<h6 style=\"text-align: center;\" data-start=\"1059\" data-end=\"1295\"><span style=\"color: #333333;\">Almog\u00e0vers, 211<\/span><br data-start=\"1278\" data-end=\"1281\" \/><span style=\"color: #333333;\">12.30 h to 01 h<\/span><\/h6>\n<h3 data-start=\"1297\" data-end=\"1634\"><\/h3>\n<h3 data-start=\"1297\" data-end=\"1634\"><span style=\"color: #333333;\"><a style=\"color: #333333;\" href=\"https:\/\/www.corpenbarcelona.com\/\"><strong data-start=\"1297\" data-end=\"1311\">Corpen Gin<\/strong><\/a><\/span><\/h3>\n<p data-start=\"745\" data-end=\"983\">CORPEN\u2019s BLOCK PARTY returns for Open Day, bringing together music, food, and great vibes. Enjoy Corpen Gin cocktails and non-alcoholic options, food by Hi-Fried, and DJ sets by Chloe de Gucci and Realname Travis &amp; Friends.<\/p>\n<p data-start=\"985\" data-end=\"1071\" data-is-last-node=\"\" data-is-only-node=\"\">Featuring special guests Soil \u2013 Savory Spirits.<\/p>\n<h6 style=\"text-align: center;\" data-start=\"1297\" data-end=\"1634\"><span style=\"color: #333333;\">Pujades, 74, local 6<\/span><br data-start=\"1620\" data-end=\"1623\" \/><span style=\"color: #333333;\">12 h a 23 h<\/span><\/h6>\n<h3 data-start=\"2090\" data-end=\"2352\"><\/h3>\n<h3 data-start=\"2090\" data-end=\"2352\"><span style=\"color: #333333;\"><a style=\"color: #333333;\" href=\"https:\/\/escuelapizzamakers.com\/\"><strong data-start=\"2090\" data-end=\"2105\">Escuela Pizza Makers<\/strong><\/a><\/span><\/h3>\n<p>Gastronomic Experience \u2013 Pizza Workshops &amp; Tasting. <strong><a href=\"https:\/\/www.eventbrite.com\/e\/taller-pizza-open-day-degustacion-open-day-tickets-1987902623259?aff=oddtdtcreator\">Book your spot.<\/a><\/strong><\/p>\n<p>Pizza Workshop (1:30h): A proposal that combines learning, creativity and gastronomy around the world of pizza, in a dynamic format designed to enjoy in a group. The experience takes place in a professional school of pizza makers, providing an authentic and specialized approach.<\/p>\n<h6 style=\"text-align: center;\"><strong>11:30h to 13:00h<\/strong><br \/>\n<strong>18:00h to 19:30h<\/strong><\/h6>\n<p data-path-to-node=\"2,1,0\">Italian Tasting in the lounge area, a space designed to relax and enjoy without rushes. A selection of varied pizzas and focaccias is offered, accompanied by Italian dessert and drinks included, in a format ideal for sharing and extending the experience in a relaxed atmosphere.<\/p>\n<h6 style=\"text-align: center;\"><strong>14:00h to 16:00h<br \/>\n<\/strong><span style=\"color: #333333;\">Bilbao, 58<\/span><\/h6>\n<p>&nbsp;<\/p>\n<h3 data-start=\"2354\" data-end=\"2679\"><span style=\"color: #333333;\"><a style=\"color: #333333;\" href=\"https:\/\/garagebeer.co\/\"><strong data-start=\"2354\" data-end=\"2381\">Garage Beer Co Poblenou<\/strong><\/a><\/span><\/h3>\n<p data-path-to-node=\"2\">Garage Beer Co Poblenou pairs craft beer with local art featuring an exhibition by Silustra. It\u2019s the perfect chance to enjoy the artist\u2019s visual work within the Garage\u2019s signature industrial and laid-back atmosphere\u2014a must for illustration and craft beer fans alike.<\/p>\n<h6 style=\"text-align: center;\" data-start=\"2354\" data-end=\"2679\"><span style=\"color: #333333;\">Passeig de Calvell, 45<\/span><br data-start=\"2665\" data-end=\"2668\" \/><span style=\"color: #333333;\">13 h to 01 h<\/span><\/h6>\n<h3 data-start=\"2681\" data-end=\"2855\"><\/h3>\n<h3 data-start=\"2681\" data-end=\"2855\"><span style=\"color: #333333;\"><a style=\"color: #333333;\" href=\"https:\/\/www.instagram.com\/hoppinessbcn\/?hl=es\"><strong data-start=\"2681\" data-end=\"2694\">Hoppiness<\/strong><\/a><\/span><\/h3>\n<p data-path-to-node=\"2\">For Open Day, we are featuring a special promotion that pairs local snacks with craft beer. The offer includes a half-portion of our signature patatas bravas served with a half-pint of Tokiski Pils craft beer for a fixed price of \u20ac5.50.<\/p>\n<h6 style=\"text-align: center;\" data-start=\"2681\" data-end=\"2855\"><span style=\"color: #333333;\">Ramon Turr\u00f3, 180<\/span><br data-start=\"2841\" data-end=\"2844\" \/><span style=\"color: #333333;\">12:30 h to 0:30 h<\/span><\/h6>\n<h3 data-start=\"2857\" data-end=\"3130\"><\/h3>\n<h3 data-start=\"3132\" data-end=\"3398\"><span style=\"color: #333333;\"><a style=\"color: #333333;\" href=\"https:\/\/www.instagram.com\/lataqueriabcn\/?hl=es\"><strong data-start=\"3132\" data-end=\"3147\">La Taquer\u00eda de Poblenou<\/strong><\/a><\/span><\/h3>\n<section class=\"text-token-text-primary w-full focus:outline-none [--shadow-height:45px] has-data-writing-block:pointer-events-none has-data-writing-block:-mt-(--shadow-height) has-data-writing-block:pt-(--shadow-height) [&amp;:has([data-writing-block])&gt;*]:pointer-events-auto [content-visibility:auto] supports-[content-visibility:auto]:[contain-intrinsic-size:auto_100lvh] R6Vx5W_threadScrollVars scroll-mb-[calc(var(--scroll-root-safe-area-inset-bottom,0px)+var(--thread-response-height))] scroll-mt-[calc(var(--header-height)+min(200px,max(70px,20svh)))]\" dir=\"auto\" data-turn-id=\"request-69e1f095-1474-83eb-a84e-bf8243ff4cbc-0\" data-testid=\"conversation-turn-50\" data-scroll-anchor=\"false\" data-turn=\"assistant\">\n<div class=\"text-base my-auto mx-auto pb-10 [--thread-content-margin:var(--thread-content-margin-xs,calc(var(--spacing)*4))] @w-sm\/main:[--thread-content-margin:var(--thread-content-margin-sm,calc(var(--spacing)*6))] @w-lg\/main:[--thread-content-margin:var(--thread-content-margin-lg,calc(var(--spacing)*16))] px-(--thread-content-margin)\">\n<div class=\"[--thread-content-max-width:40rem] @w-lg\/main:[--thread-content-max-width:48rem] mx-auto max-w-(--thread-content-max-width) flex-1 group\/turn-messages focus-visible:outline-hidden relative flex w-full min-w-0 flex-col agent-turn\">\n<div class=\"flex max-w-full flex-col gap-4 grow\">\n<div class=\"min-h-8 text-message relative flex w-full flex-col items-end gap-2 text-start break-words whitespace-normal outline-none keyboard-focused:focus-ring [.text-message+&amp;]:mt-1\" dir=\"auto\" tabindex=\"0\" data-message-author-role=\"assistant\" data-message-id=\"d3adbb3e-bafc-4a9e-8f47-799c1c2aa5ee\" data-message-model-slug=\"gpt-5-3\" data-turn-start-message=\"true\">\n<div class=\"flex w-full flex-col gap-1 empty:hidden\">\n<div class=\"markdown prose dark:prose-invert w-full wrap-break-word light markdown-new-styling\">\n<section class=\"text-token-text-primary w-full focus:outline-none [--shadow-height:45px] has-data-writing-block:pointer-events-none has-data-writing-block:-mt-(--shadow-height) has-data-writing-block:pt-(--shadow-height) [&amp;:has([data-writing-block])&gt;*]:pointer-events-auto [content-visibility:auto] supports-[content-visibility:auto]:[contain-intrinsic-size:auto_100lvh] R6Vx5W_threadScrollVars scroll-mb-[calc(var(--scroll-root-safe-area-inset-bottom,0px)+var(--thread-response-height))] scroll-mt-[calc(var(--header-height)+min(200px,max(70px,20svh)))]\" dir=\"auto\" data-turn-id=\"request-69e1f095-1474-83eb-a84e-bf8243ff4cbc-0\" data-testid=\"conversation-turn-50\" data-scroll-anchor=\"false\" data-turn=\"assistant\">\n<div class=\"text-base my-auto mx-auto pb-10 [--thread-content-margin:var(--thread-content-margin-xs,calc(var(--spacing)*4))] @w-sm\/main:[--thread-content-margin:var(--thread-content-margin-sm,calc(var(--spacing)*6))] @w-lg\/main:[--thread-content-margin:var(--thread-content-margin-lg,calc(var(--spacing)*16))] px-(--thread-content-margin)\">\n<div class=\"[--thread-content-max-width:40rem] @w-lg\/main:[--thread-content-max-width:48rem] mx-auto max-w-(--thread-content-max-width) flex-1 group\/turn-messages focus-visible:outline-hidden relative flex w-full min-w-0 flex-col agent-turn\">\n<div class=\"flex max-w-full flex-col gap-4 grow\">\n<div class=\"min-h-8 text-message relative flex w-full flex-col items-end gap-2 text-start break-words whitespace-normal outline-none keyboard-focused:focus-ring [.text-message+&amp;]:mt-1\" dir=\"auto\" tabindex=\"0\" data-message-author-role=\"assistant\" data-message-id=\"d3adbb3e-bafc-4a9e-8f47-799c1c2aa5ee\" data-message-model-slug=\"gpt-5-3\" data-turn-start-message=\"true\">\n<div class=\"flex w-full flex-col gap-1 empty:hidden\">\n<div class=\"markdown prose dark:prose-invert w-full wrap-break-word light markdown-new-styling\">\n<p data-start=\"577\" data-end=\"853\" data-is-last-node=\"\" data-is-only-node=\"\">La Taquer\u00eda de Poblenou presents an exhibition of Mexican pi\u00f1atas and a food offering featuring the best beef birria, tacos, and quesabirrias with their consom\u00e9. All paired with micheladas made with Chabela beer and, to finish, Mexican mezcal and guava mojitos.<\/p>\n<\/div>\n<\/div>\n<\/div>\n<\/div>\n<\/div>\n<\/div>\n<\/section>\n<\/div>\n<\/div>\n<\/div>\n<\/div>\n<\/div>\n<\/div>\n<\/section>\n<h6 style=\"text-align: center;\" data-start=\"3132\" data-end=\"3398\"><span style=\"color: #333333;\">Pujades, 172<\/span><br data-start=\"3384\" data-end=\"3387\" \/><span style=\"color: #333333;\">13 h to 00 h<\/span><\/h6>\n<h3 data-start=\"3400\" data-end=\"3769\"><\/h3>\n<h3 data-start=\"3400\" data-end=\"3769\"><span style=\"color: #333333;\"><a style=\"color: #333333;\" href=\"https:\/\/latavernicola.com\/\"><strong data-start=\"3400\" data-end=\"3418\">La Tavern\u00edcola<\/strong><\/a><\/span><\/h3>\n<p data-start=\"609\" data-end=\"840\">A restaurant to enjoy premium Argentine and local meats with a wide selection of wines. For Open Day, it offers the \u201cOpen Day Combo\u201d: Angus sandwich on artisan ciabatta with chimichurri + a glass of Malbec Alma Loca for \u20ac12.<\/p>\n<p data-start=\"243\" data-end=\"248\">Combo Open Day: 15.30h \u2013 22.30h<\/p>\n<h6 style=\"text-align: center;\" data-start=\"3400\" data-end=\"3769\"><span style=\"color: #333333;\">Roc Boronat, 70<\/span><br data-start=\"3749\" data-end=\"3752\" \/><span style=\"color: #333333;\">12 h to 23:00 h<\/span><\/h6>\n<h3 data-start=\"3771\" data-end=\"3991\"><\/h3>\n<h3><a href=\"https:\/\/www.instagram.com\/local225bcn\/\">Local 225<\/a><\/h3>\n<p class=\"\" data-start=\"4147\" data-end=\"4414\">Vermouth day at Local 225 Barrio Bar. Tapas and omelettes menu available non-stop, terrace seating, sunshine, and DJs in the afternoon!<\/p>\n<h6 style=\"text-align: center;\" data-start=\"4147\" data-end=\"4414\"><span style=\"color: #333333;\">Doctor Trueta, 225<\/span><br data-start=\"4400\" data-end=\"4403\" \/><span style=\"color: #333333;\">12 h to 00 h<\/span><\/h6>\n<p>&nbsp;<\/p>\n<h3><a href=\"https:\/\/www.sisirooftop.com\/es\/barcelona\"><strong>S\u00edS\u00ed Rooftop<\/strong><\/a><\/h3>\n<p>Welcome the summer season with a vibrant poolside gathering featuring panoramic views of Barcelona. Sip refreshing curated drinks, enjoy gourmet canap\u00e9s from our new menu, and experience live DJ sets by MR. B and Crossroads from 15:00 to 18:00, followed by Dixselia and Pau Za\u00f1artu from 18:00 to 22:00, all in a relaxed yet upbeat atmosphere. The perfect start to summer.<\/p>\n<h6 style=\"text-align: center;\" data-start=\"4914\" data-end=\"5113\"><span style=\"color: #333333;\">Cristobal de Moura, 49<\/span><br data-start=\"5090\" data-end=\"5093\" \/><span style=\"color: #333333;\">14h to 22h<\/span><\/h6>\n<p>&nbsp;<\/p>\n<h3 data-start=\"4914\" data-end=\"5113\"><span style=\"color: #333333;\"><a style=\"color: #333333;\" href=\"https:\/\/www.warikeproject.com\/\"><strong data-start=\"4914\" data-end=\"4932\">Warike Project<\/strong><\/a><\/span><\/h3>\n<p class=\"\" data-start=\"4914\" data-end=\"5113\">Don\u2019t miss out on authentic peruvian cusine at Warike with their Happy Hour on Pisco Sour and tapas.<\/p>\n<h6 style=\"text-align: center;\" data-start=\"4914\" data-end=\"5113\"><span style=\"color: #333333;\">Bilbao, 24<\/span><br data-start=\"5090\" data-end=\"5093\" \/><span style=\"color: #333333;\">13h to 15:30 h<\/span><\/h6>\n<p>&nbsp;<\/p>","protected":false},"excerpt":{"rendered":"<p>Get ready to be surprised by the wide range of food and cocktail experiences prepared by the restaurants and bars&#8230; <a href=\"https:\/\/poblenouurbandistrict.com\/en\/tota-la-proposta-gastronomica-del-poblenou-open-day-4\/\">More  \u2192<\/a><\/p>\n","protected":false},"author":5,"featured_media":55701,"comment_status":"closed","ping_status":"closed","sticky":false,"template":"","format":"standard","meta":{"_acf_changed":false,"footnotes":""},"categories":[3565,3353],"tags":[],"class_list":["post-55916","post","type-post","status-publish","format-standard","has-post-thumbnail","hentry","category-poblenou-open-day","category-gastronomia"],"acf":[],"yoast_head":"<!-- This site is optimized with the Yoast SEO plugin v27.4 - https:\/\/yoast.com\/product\/yoast-seo-wordpress\/ -->\n<title>The whole Poblenou Open Day&#039;s gastronomic programe &#8211; Poblenou Urban District<\/title>\n<meta name=\"robots\" content=\"index, follow, max-snippet:-1, max-image-preview:large, max-video-preview:-1\" \/>\n<link rel=\"canonical\" href=\"https:\/\/poblenouurbandistrict.com\/en\/tota-la-proposta-gastronomica-del-poblenou-open-day-4\/\" \/>\n<meta property=\"og:locale\" content=\"en_US\" \/>\n<meta property=\"og:type\" content=\"article\" \/>\n<meta property=\"og:title\" content=\"The whole Poblenou Open Day&#039;s gastronomic programe &#8211; Poblenou Urban District\" \/>\n<meta property=\"og:description\" content=\"Get ready to be surprised by the wide range of food and cocktail experiences prepared by the restaurants and bars... More \u2192\" \/>\n<meta property=\"og:url\" content=\"https:\/\/poblenouurbandistrict.com\/en\/tota-la-proposta-gastronomica-del-poblenou-open-day-4\/\" \/>\n<meta property=\"og:site_name\" content=\"Poblenou Urban District\" \/>\n<meta property=\"article:published_time\" content=\"2026-04-28T11:48:34+00:00\" \/>\n<meta property=\"og:image\" content=\"https:\/\/media.poblenouurbandistrict.com\/2026\/04\/20134112\/saveclipapp-582604782-18547174387005217-4615677867561810026-n-e1776685291290.jpg\" \/>\n\t<meta property=\"og:image:width\" content=\"1440\" \/>\n\t<meta property=\"og:image:height\" content=\"1080\" \/>\n\t<meta property=\"og:image:type\" content=\"image\/jpeg\" \/>\n<meta name=\"author\" content=\"pnud\" \/>\n<meta name=\"twitter:card\" content=\"summary_large_image\" \/>\n<meta name=\"twitter:label1\" content=\"Written by\" \/>\n\t<meta name=\"twitter:data1\" content=\"pnud\" \/>\n\t<meta name=\"twitter:label2\" content=\"Est. reading time\" \/>\n\t<meta name=\"twitter:data2\" content=\"5 minutes\" \/>\n<script type=\"application\/ld+json\" class=\"yoast-schema-graph\">{\"@context\":\"https:\\\/\\\/schema.org\",\"@graph\":[{\"@type\":\"Article\",\"@id\":\"https:\\\/\\\/poblenouurbandistrict.com\\\/tota-la-proposta-gastronomica-del-poblenou-open-day-4\\\/#article\",\"isPartOf\":{\"@id\":\"https:\\\/\\\/poblenouurbandistrict.com\\\/tota-la-proposta-gastronomica-del-poblenou-open-day-4\\\/\"},\"author\":{\"name\":\"pnud\",\"@id\":\"https:\\\/\\\/poblenouurbandistrict.com\\\/#\\\/schema\\\/person\\\/980a2cf34b399d5218205730acd54a7e\"},\"headline\":\"The whole Poblenou Open Day&#8217;s gastronomic programe\",\"datePublished\":\"2026-04-28T11:48:34+00:00\",\"mainEntityOfPage\":{\"@id\":\"https:\\\/\\\/poblenouurbandistrict.com\\\/tota-la-proposta-gastronomica-del-poblenou-open-day-4\\\/\"},\"wordCount\":2420,\"image\":{\"@id\":\"https:\\\/\\\/poblenouurbandistrict.com\\\/tota-la-proposta-gastronomica-del-poblenou-open-day-4\\\/#primaryimage\"},\"thumbnailUrl\":\"https:\\\/\\\/media.poblenouurbandistrict.com\\\/2026\\\/04\\\/20134112\\\/saveclipapp-582604782-18547174387005217-4615677867561810026-n-e1776685291290.jpg\",\"articleSection\":[\"Poblenou Open Day\",\"Gastronomy\"],\"inLanguage\":\"en-US\"},{\"@type\":\"WebPage\",\"@id\":\"https:\\\/\\\/poblenouurbandistrict.com\\\/en\\\/tota-la-proposta-gastronomica-del-poblenou-open-day-4\\\/\",\"url\":\"https:\\\/\\\/poblenouurbandistrict.com\\\/en\\\/tota-la-proposta-gastronomica-del-poblenou-open-day-4\\\/\",\"name\":\"The whole Poblenou Open Day's gastronomic programe &#8211; Poblenou Urban District\",\"isPartOf\":{\"@id\":\"https:\\\/\\\/poblenouurbandistrict.com\\\/en\\\/#website\"},\"primaryImageOfPage\":{\"@id\":\"https:\\\/\\\/poblenouurbandistrict.com\\\/en\\\/tota-la-proposta-gastronomica-del-poblenou-open-day-4\\\/#primaryimage\"},\"image\":{\"@id\":\"https:\\\/\\\/poblenouurbandistrict.com\\\/tota-la-proposta-gastronomica-del-poblenou-open-day-4\\\/#primaryimage\"},\"thumbnailUrl\":\"https:\\\/\\\/media.poblenouurbandistrict.com\\\/2026\\\/04\\\/20134112\\\/saveclipapp-582604782-18547174387005217-4615677867561810026-n-e1776685291290.jpg\",\"datePublished\":\"2026-04-28T11:48:34+00:00\",\"author\":{\"@id\":\"https:\\\/\\\/poblenouurbandistrict.com\\\/#\\\/schema\\\/person\\\/980a2cf34b399d5218205730acd54a7e\"},\"breadcrumb\":{\"@id\":\"https:\\\/\\\/poblenouurbandistrict.com\\\/en\\\/tota-la-proposta-gastronomica-del-poblenou-open-day-4\\\/#breadcrumb\"},\"inLanguage\":\"en-US\",\"potentialAction\":[{\"@type\":\"ReadAction\",\"target\":[[\"https:\\\/\\\/poblenouurbandistrict.com\\\/en\\\/tota-la-proposta-gastronomica-del-poblenou-open-day-4\\\/\"]]}]},{\"@type\":\"ImageObject\",\"inLanguage\":\"en-US\",\"@id\":\"https:\\\/\\\/poblenouurbandistrict.com\\\/en\\\/tota-la-proposta-gastronomica-del-poblenou-open-day-4\\\/#primaryimage\",\"url\":\"https:\\\/\\\/media.poblenouurbandistrict.com\\\/2026\\\/04\\\/20134112\\\/saveclipapp-582604782-18547174387005217-4615677867561810026-n-e1776685291290.jpg\",\"contentUrl\":\"https:\\\/\\\/media.poblenouurbandistrict.com\\\/2026\\\/04\\\/20134112\\\/saveclipapp-582604782-18547174387005217-4615677867561810026-n-e1776685291290.jpg\",\"width\":1440,\"height\":1080},{\"@type\":\"BreadcrumbList\",\"@id\":\"https:\\\/\\\/poblenouurbandistrict.com\\\/en\\\/tota-la-proposta-gastronomica-del-poblenou-open-day-4\\\/#breadcrumb\",\"itemListElement\":[{\"@type\":\"ListItem\",\"position\":1,\"name\":\"Home\",\"item\":\"https:\\\/\\\/poblenouurbandistrict.com\\\/en\\\/\"},{\"@type\":\"ListItem\",\"position\":2,\"name\":\"Tota la proposta gastron\u00f2mica del Poblenou Open Day\"}]},{\"@type\":\"WebSite\",\"@id\":\"https:\\\/\\\/poblenouurbandistrict.com\\\/en\\\/#website\",\"url\":\"https:\\\/\\\/poblenouurbandistrict.com\\\/en\\\/\",\"name\":\"Poblenou Urban District\",\"description\":\"Creative Community\",\"potentialAction\":[{\"@type\":\"SearchAction\",\"target\":{\"@type\":\"EntryPoint\",\"urlTemplate\":\"https:\\\/\\\/poblenouurbandistrict.com\\\/en\\\/?s={search_term_string}\"},\"query-input\":{\"@type\":\"PropertyValueSpecification\",\"valueRequired\":true,\"valueName\":\"search_term_string\"}}],\"inLanguage\":\"en-US\"},{\"@type\":\"Person\",\"@id\":\"https:\\\/\\\/poblenouurbandistrict.com\\\/#\\\/schema\\\/person\\\/980a2cf34b399d5218205730acd54a7e\",\"name\":\"pnud\",\"image\":{\"@type\":\"ImageObject\",\"inLanguage\":\"en-US\",\"@id\":\"https:\\\/\\\/secure.gravatar.com\\\/avatar\\\/67146597b405ee077a24e519f75c3e2031736596d6ce35af3a34c122c93d0d7b?s=96&d=retro&r=g\",\"url\":\"https:\\\/\\\/secure.gravatar.com\\\/avatar\\\/67146597b405ee077a24e519f75c3e2031736596d6ce35af3a34c122c93d0d7b?s=96&d=retro&r=g\",\"contentUrl\":\"https:\\\/\\\/secure.gravatar.com\\\/avatar\\\/67146597b405ee077a24e519f75c3e2031736596d6ce35af3a34c122c93d0d7b?s=96&d=retro&r=g\",\"caption\":\"pnud\"}}]}<\/script>\n<!-- \/ Yoast SEO plugin. -->","yoast_head_json":{"title":"The whole Poblenou Open Day's gastronomic programe &#8211; Poblenou Urban District","robots":{"index":"index","follow":"follow","max-snippet":"max-snippet:-1","max-image-preview":"max-image-preview:large","max-video-preview":"max-video-preview:-1"},"canonical":"https:\/\/poblenouurbandistrict.com\/en\/tota-la-proposta-gastronomica-del-poblenou-open-day-4\/","og_locale":"en_US","og_type":"article","og_title":"The whole Poblenou Open Day's gastronomic programe &#8211; Poblenou Urban District","og_description":"Get ready to be surprised by the wide range of food and cocktail experiences prepared by the restaurants and bars... More \u2192","og_url":"https:\/\/poblenouurbandistrict.com\/en\/tota-la-proposta-gastronomica-del-poblenou-open-day-4\/","og_site_name":"Poblenou Urban District","article_published_time":"2026-04-28T11:48:34+00:00","og_image":[{"width":1440,"height":1080,"url":"https:\/\/media.poblenouurbandistrict.com\/2026\/04\/20134112\/saveclipapp-582604782-18547174387005217-4615677867561810026-n-e1776685291290.jpg","type":"image\/jpeg"}],"author":"pnud","twitter_card":"summary_large_image","twitter_misc":{"Written by":"pnud","Est. reading time":"5 minutes"},"schema":{"@context":"https:\/\/schema.org","@graph":[{"@type":"Article","@id":"https:\/\/poblenouurbandistrict.com\/tota-la-proposta-gastronomica-del-poblenou-open-day-4\/#article","isPartOf":{"@id":"https:\/\/poblenouurbandistrict.com\/tota-la-proposta-gastronomica-del-poblenou-open-day-4\/"},"author":{"name":"pnud","@id":"https:\/\/poblenouurbandistrict.com\/#\/schema\/person\/980a2cf34b399d5218205730acd54a7e"},"headline":"The whole Poblenou Open Day&#8217;s gastronomic programe","datePublished":"2026-04-28T11:48:34+00:00","mainEntityOfPage":{"@id":"https:\/\/poblenouurbandistrict.com\/tota-la-proposta-gastronomica-del-poblenou-open-day-4\/"},"wordCount":2420,"image":{"@id":"https:\/\/poblenouurbandistrict.com\/tota-la-proposta-gastronomica-del-poblenou-open-day-4\/#primaryimage"},"thumbnailUrl":"https:\/\/media.poblenouurbandistrict.com\/2026\/04\/20134112\/saveclipapp-582604782-18547174387005217-4615677867561810026-n-e1776685291290.jpg","articleSection":["Poblenou Open Day","Gastronomy"],"inLanguage":"en-US"},{"@type":"WebPage","@id":"https:\/\/poblenouurbandistrict.com\/en\/tota-la-proposta-gastronomica-del-poblenou-open-day-4\/","url":"https:\/\/poblenouurbandistrict.com\/en\/tota-la-proposta-gastronomica-del-poblenou-open-day-4\/","name":"The whole Poblenou Open Day's gastronomic programe &#8211; Poblenou Urban District","isPartOf":{"@id":"https:\/\/poblenouurbandistrict.com\/en\/#website"},"primaryImageOfPage":{"@id":"https:\/\/poblenouurbandistrict.com\/en\/tota-la-proposta-gastronomica-del-poblenou-open-day-4\/#primaryimage"},"image":{"@id":"https:\/\/poblenouurbandistrict.com\/tota-la-proposta-gastronomica-del-poblenou-open-day-4\/#primaryimage"},"thumbnailUrl":"https:\/\/media.poblenouurbandistrict.com\/2026\/04\/20134112\/saveclipapp-582604782-18547174387005217-4615677867561810026-n-e1776685291290.jpg","datePublished":"2026-04-28T11:48:34+00:00","author":{"@id":"https:\/\/poblenouurbandistrict.com\/#\/schema\/person\/980a2cf34b399d5218205730acd54a7e"},"breadcrumb":{"@id":"https:\/\/poblenouurbandistrict.com\/en\/tota-la-proposta-gastronomica-del-poblenou-open-day-4\/#breadcrumb"},"inLanguage":"en-US","potentialAction":[{"@type":"ReadAction","target":[["https:\/\/poblenouurbandistrict.com\/en\/tota-la-proposta-gastronomica-del-poblenou-open-day-4\/"]]}]},{"@type":"ImageObject","inLanguage":"en-US","@id":"https:\/\/poblenouurbandistrict.com\/en\/tota-la-proposta-gastronomica-del-poblenou-open-day-4\/#primaryimage","url":"https:\/\/media.poblenouurbandistrict.com\/2026\/04\/20134112\/saveclipapp-582604782-18547174387005217-4615677867561810026-n-e1776685291290.jpg","contentUrl":"https:\/\/media.poblenouurbandistrict.com\/2026\/04\/20134112\/saveclipapp-582604782-18547174387005217-4615677867561810026-n-e1776685291290.jpg","width":1440,"height":1080},{"@type":"BreadcrumbList","@id":"https:\/\/poblenouurbandistrict.com\/en\/tota-la-proposta-gastronomica-del-poblenou-open-day-4\/#breadcrumb","itemListElement":[{"@type":"ListItem","position":1,"name":"Home","item":"https:\/\/poblenouurbandistrict.com\/en\/"},{"@type":"ListItem","position":2,"name":"Tota la proposta gastron\u00f2mica del Poblenou Open Day"}]},{"@type":"WebSite","@id":"https:\/\/poblenouurbandistrict.com\/en\/#website","url":"https:\/\/poblenouurbandistrict.com\/en\/","name":"Poblenou Urban District","description":"Creative Community","potentialAction":[{"@type":"SearchAction","target":{"@type":"EntryPoint","urlTemplate":"https:\/\/poblenouurbandistrict.com\/en\/?s={search_term_string}"},"query-input":{"@type":"PropertyValueSpecification","valueRequired":true,"valueName":"search_term_string"}}],"inLanguage":"en-US"},{"@type":"Person","@id":"https:\/\/poblenouurbandistrict.com\/#\/schema\/person\/980a2cf34b399d5218205730acd54a7e","name":"pnud","image":{"@type":"ImageObject","inLanguage":"en-US","@id":"https:\/\/secure.gravatar.com\/avatar\/67146597b405ee077a24e519f75c3e2031736596d6ce35af3a34c122c93d0d7b?s=96&d=retro&r=g","url":"https:\/\/secure.gravatar.com\/avatar\/67146597b405ee077a24e519f75c3e2031736596d6ce35af3a34c122c93d0d7b?s=96&d=retro&r=g","contentUrl":"https:\/\/secure.gravatar.com\/avatar\/67146597b405ee077a24e519f75c3e2031736596d6ce35af3a34c122c93d0d7b?s=96&d=retro&r=g","caption":"pnud"}}]}},"_links":{"self":[{"href":"https:\/\/poblenouurbandistrict.com\/en\/wp-json\/wp\/v2\/posts\/55916","targetHints":{"allow":["GET"]}}],"collection":[{"href":"https:\/\/poblenouurbandistrict.com\/en\/wp-json\/wp\/v2\/posts"}],"about":[{"href":"https:\/\/poblenouurbandistrict.com\/en\/wp-json\/wp\/v2\/types\/post"}],"author":[{"embeddable":true,"href":"https:\/\/poblenouurbandistrict.com\/en\/wp-json\/wp\/v2\/users\/5"}],"replies":[{"embeddable":true,"href":"https:\/\/poblenouurbandistrict.com\/en\/wp-json\/wp\/v2\/comments?post=55916"}],"version-history":[{"count":14,"href":"https:\/\/poblenouurbandistrict.com\/en\/wp-json\/wp\/v2\/posts\/55916\/revisions"}],"predecessor-version":[{"id":55930,"href":"https:\/\/poblenouurbandistrict.com\/en\/wp-json\/wp\/v2\/posts\/55916\/revisions\/55930"}],"wp:featuredmedia":[{"embeddable":true,"href":"https:\/\/poblenouurbandistrict.com\/en\/wp-json\/wp\/v2\/media\/55701"}],"wp:attachment":[{"href":"https:\/\/poblenouurbandistrict.com\/en\/wp-json\/wp\/v2\/media?parent=55916"}],"wp:term":[{"taxonomy":"category","embeddable":true,"href":"https:\/\/poblenouurbandistrict.com\/en\/wp-json\/wp\/v2\/categories?post=55916"},{"taxonomy":"post_tag","embeddable":true,"href":"https:\/\/poblenouurbandistrict.com\/en\/wp-json\/wp\/v2\/tags?post=55916"}],"curies":[{"name":"wp","href":"https:\/\/api.w.org\/{rel}","templated":true}]}}