{"id":27291,"global_id":"poblenouurbandistrict.com\/es?id=27291","global_id_lineage":["poblenouurbandistrict.com\/es?id=27291"],"author":"5","status":"publish","date":"2022-03-17 18:39:31","date_utc":"2022-03-17 17:39:31","modified":"2022-04-06 00:00:16","modified_utc":"2022-04-05 22:00:16","url":"https:\/\/poblenouurbandistrict.com\/es\/agenda\/concert-trentemoller-memoria-tour-2022\/","rest_url":"https:\/\/poblenouurbandistrict.com\/es\/wp-json\/tribe\/events\/v1\/events\/27291","title":"Concierto: Trentemoller &#8211; Memoria Tour 2022","description":"<p>El compositor, m\u00fasico y productor dan\u00e9s Trentem\u00f8ller presentar\u00e1 su inminente nuevo disco en una gira europea que pasar\u00e1 por la Sala Razzmatazz.<\/p>","excerpt":"","slug":"concert-trentemoller-memoria-tour-2022","image":{"url":"https:\/\/media.poblenouurbandistrict.com\/2022\/03\/25045512\/trentefinal.jpg","id":27292,"extension":"jpg","width":2000,"height":2000,"filesize":625654,"sizes":{"woocommerce_thumbnail":{"width":300,"height":450,"mime-type":"image\/jpeg","filesize":18955,"uncropped":false,"url":"https:\/\/media.poblenouurbandistrict.com\/2022\/03\/25045512\/trentefinal-300x450.jpg"},"woocommerce_gallery_thumbnail":{"width":100,"height":100,"mime-type":"image\/jpeg","filesize":2744,"url":"https:\/\/media.poblenouurbandistrict.com\/2022\/03\/25045512\/trentefinal-100x100.jpg"},"woocommerce_single":{"width":600,"height":600,"mime-type":"image\/jpeg","filesize":41017,"url":"https:\/\/media.poblenouurbandistrict.com\/2022\/03\/25045512\/trentefinal-600x600.jpg"},"medium":{"width":620,"height":620,"mime-type":"image\/jpeg","url":"https:\/\/media.poblenouurbandistrict.com\/2022\/03\/25045512\/trentefinal-620x620.jpg"},"large":{"width":640,"height":640,"mime-type":"image\/jpeg","url":"https:\/\/media.poblenouurbandistrict.com\/2022\/03\/25045512\/trentefinal-640x640.jpg"},"thumbnail":{"width":180,"height":180,"mime-type":"image\/jpeg","url":"https:\/\/media.poblenouurbandistrict.com\/2022\/03\/25045512\/trentefinal-180x180.jpg"},"medium_large":{"width":768,"height":768,"mime-type":"image\/jpeg","url":"https:\/\/media.poblenouurbandistrict.com\/2022\/03\/25045512\/trentefinal-768x768.jpg"},"1536x1536":{"width":1536,"height":1536,"mime-type":"image\/jpeg","url":"https:\/\/media.poblenouurbandistrict.com\/2022\/03\/25045512\/trentefinal-1536x1536.jpg"},"full-content":{"width":1400,"height":1400,"mime-type":"image\/jpeg","url":"https:\/\/media.poblenouurbandistrict.com\/2022\/03\/25045512\/trentefinal-1400x1400.jpg"},"half-width":{"width":1100,"height":1100,"mime-type":"image\/jpeg","url":"https:\/\/media.poblenouurbandistrict.com\/2022\/03\/25045512\/trentefinal-1100x1100.jpg"},"half-content":{"width":700,"height":700,"mime-type":"image\/jpeg","url":"https:\/\/media.poblenouurbandistrict.com\/2022\/03\/25045512\/trentefinal-700x700.jpg"},"third-content":{"width":470,"height":470,"mime-type":"image\/jpeg","url":"https:\/\/media.poblenouurbandistrict.com\/2022\/03\/25045512\/trentefinal-470x470.jpg"},"fourth-content":{"width":350,"height":350,"mime-type":"image\/jpeg","url":"https:\/\/media.poblenouurbandistrict.com\/2022\/03\/25045512\/trentefinal-350x350.jpg"},"puud-posts-excerpt":{"width":690,"height":430,"mime-type":"image\/jpeg","url":"https:\/\/media.poblenouurbandistrict.com\/2022\/03\/25045512\/trentefinal-690x430.jpg"},"puud-posts-yellow":{"width":690,"height":430,"mime-type":"image\/jpeg","url":"https:\/\/media.poblenouurbandistrict.com\/2022\/03\/25045512\/trentefinal-690x430.jpg"}}},"all_day":false,"start_date":"2022-04-12 21:00:00","start_date_details":{"year":"2022","month":"04","day":"12","hour":"21","minutes":"00","seconds":"00"},"end_date":"2022-04-12 22:00:00","end_date_details":{"year":"2022","month":"04","day":"12","hour":"22","minutes":"00","seconds":"00"},"utc_start_date":"2022-04-12 19:00:00","utc_start_date_details":{"year":"2022","month":"04","day":"12","hour":"19","minutes":"00","seconds":"00"},"utc_end_date":"2022-04-12 20:00:00","utc_end_date_details":{"year":"2022","month":"04","day":"12","hour":"20","minutes":"00","seconds":"00"},"timezone":"Europe\/Madrid","timezone_abbr":"CEST","cost":"\u20ac25 \u2013 \u20ac30","cost_details":{"currency_symbol":"\u20ac","currency_code":"","currency_position":"prefix","values":["25","30"]},"website":"https:\/\/www.salarazzmatazz.com\/en\/12-04-2022\/trentemoller-memoria-tour-2022","show_map":true,"show_map_link":true,"hide_from_listings":false,"sticky":false,"featured":false,"categories":[{"name":"M\u00fasica","slug":"musica","term_group":0,"term_taxonomy_id":3557,"taxonomy":"tribe_events_cat","description":"","parent":0,"count":897,"filter":"raw","term_order":"0","i18n_config":{"name":{"ts":{"ca":"M\u00fasica","es":"M\u00fasica","en":"Music"}}},"id":3557,"urls":{"self":"https:\/\/poblenouurbandistrict.com\/es\/wp-json\/tribe\/events\/v1\/categories\/3557","collection":"https:\/\/poblenouurbandistrict.com\/es\/wp-json\/tribe\/events\/v1\/categories"}}],"tags":[],"venue":{"id":26095,"author":"5","status":"publish","date":"2022-02-09 13:33:24","date_utc":"2022-02-09 12:33:24","modified":"2022-02-09 13:33:24","modified_utc":"2022-02-09 12:33:24","url":"https:\/\/poblenouurbandistrict.com\/es\/recinto\/sala-razzmatazz\/","venue":"Sala Razzmatazz","slug":"sala-razzmatazz","address":"C\/ dels Almog\u00e0vers, 122","city":"Barcelona","country":"Espanya","province":"Barcelona","zip":"08018","phone":"933 20 82 00","website":"https:\/\/www.salarazzmatazz.com\/","stateprovince":"Barcelona","json_ld":{"@type":"Place","name":"Sala Razzmatazz","description":"","url":"https:\/\/poblenouurbandistrict.com\/es\/recinto\/sala-razzmatazz\/","address":{"@type":"PostalAddress","streetAddress":"C\/ dels Almog\u00e0vers, 122","addressLocality":"Barcelona","addressRegion":"Barcelona","postalCode":"08018","addressCountry":"Espanya"},"telephone":"933 20 82 00","sameAs":"https:\/\/www.salarazzmatazz.com\/"},"show_map":true,"show_map_link":true,"global_id":"poblenouurbandistrict.com\/es?id=26095","global_id_lineage":["poblenouurbandistrict.com\/es?id=26095"]},"organizer":[{"id":26096,"author":"5","status":"publish","date":"2022-02-09 13:33:25","date_utc":"2022-02-09 12:33:25","modified":"2022-02-09 13:33:25","modified_utc":"2022-02-09 12:33:25","url":"https:\/\/poblenouurbandistrict.com\/es\/organizador\/sala-razzmatazz\/","organizer":"Sala Razzmatazz","slug":"sala-razzmatazz","phone":"933 20 82 00","website":"https:\/\/www.salarazzmatazz.com\/","json_ld":{"@type":"Person","name":"Sala Razzmatazz","description":"","url":"https:\/\/www.salarazzmatazz.com\/","telephone":"933 20 82 00","email":"","sameAs":"https:\/\/www.salarazzmatazz.com\/"},"global_id":"poblenouurbandistrict.com\/es?id=26096","global_id_lineage":["poblenouurbandistrict.com\/es?id=26096"]}],"custom_fields":[],"json_ld":{"@context":"http:\/\/schema.org","@type":"Event","name":"Concierto: Trentemoller &#8211; Memoria Tour 2022","description":"&lt;p&gt;El compositor, m\u00fasic i productor dan\u00e8s Trentem\u00f8ller presentar\u00e0 el seu imminent nou disc a una gira europea que passar\u00e0 per... &lt;a href=&quot;https:\/\/poblenouurbandistrict.com\/es\/agenda\/concert-trentemoller-memoria-tour-2022\/&quot;&gt;M\u00e1s  \u2192&lt;\/a&gt;&lt;\/p&gt;\\n","image":"https:\/\/media.poblenouurbandistrict.com\/2022\/03\/25045512\/trentefinal.jpg","url":"https:\/\/poblenouurbandistrict.com\/es\/agenda\/concert-trentemoller-memoria-tour-2022\/","eventAttendanceMode":"https:\/\/schema.org\/OfflineEventAttendanceMode","eventStatus":"https:\/\/schema.org\/EventScheduled","startDate":"2022-04-12T21:00:00+02:00","endDate":"2022-04-12T22:00:00+02:00","location":{"@type":"Place","name":"Sala Razzmatazz","description":"","url":"https:\/\/poblenouurbandistrict.com\/es\/recinto\/sala-razzmatazz\/","address":{"@type":"PostalAddress","streetAddress":"C\/ dels Almog\u00e0vers, 122","addressLocality":"Barcelona","addressRegion":"Barcelona","postalCode":"08018","addressCountry":"Espanya"},"telephone":"933 20 82 00","sameAs":"https:\/\/www.salarazzmatazz.com\/"},"organizer":{"@type":"Person","name":"Sala Razzmatazz","description":"","url":"https:\/\/www.salarazzmatazz.com\/","telephone":"933 20 82 00","email":"","sameAs":"https:\/\/www.salarazzmatazz.com\/"},"offers":{"@type":"Offer","price":"25 \u2013 30","priceCurrency":"USD","url":"https:\/\/poblenouurbandistrict.com\/es\/agenda\/concert-trentemoller-memoria-tour-2022\/","category":"primary","availability":"inStock","validFrom":"1970-01-01T00:00:00+00:00"},"performer":"Organization"},"is_virtual":false,"virtual_url":null,"virtual_video_source":""}