{"id":30618,"global_id":"poblenouurbandistrict.com\/es?id=30618","global_id_lineage":["poblenouurbandistrict.com\/es?id=30618"],"author":"5","status":"publish","date":"2022-05-19 17:19:08","date_utc":"2022-05-19 15:19:08","modified":"2022-05-19 17:19:08","modified_utc":"2022-05-19 15:19:08","url":"https:\/\/poblenouurbandistrict.com\/es\/agenda\/xerrada-simposi-darquitectura-ecologica-africana\/","rest_url":"https:\/\/poblenouurbandistrict.com\/es\/wp-json\/tribe\/events\/v1\/events\/30618","title":"Charla: Simposio de Arquitectura Ecol\u00f3gica Africana","description":"<p>El Simposio de Arquitectura Ecol\u00f3gica Africana tiene como objetivo proporcionar una plataforma para que los j\u00f3venes arquitectos y dise\u00f1adores del continente muestren su trabajo y tambi\u00e9n para que los profesionales m\u00e1s experimentados se re\u00fanan con la esperanza de abordar cuestiones pertinentes que afectan al sector del dise\u00f1o y la construcci\u00f3n en \u00c1frica.<\/p>","excerpt":"","slug":"xerrada-simposi-darquitectura-ecologica-africana","image":{"url":"https:\/\/media.poblenouurbandistrict.com\/2022\/05\/25051757\/screenshot-2022-05-19-at-171843.jpg","id":30619,"extension":"jpg","width":712,"height":712,"filesize":158426,"sizes":{"medium":{"width":620,"height":620,"mime-type":"image\/jpeg","filesize":89226,"url":"https:\/\/media.poblenouurbandistrict.com\/2022\/05\/25051757\/screenshot-2022-05-19-at-171843-620x620.jpg"},"large":{"width":640,"height":640,"mime-type":"image\/jpeg","filesize":92699,"url":"https:\/\/media.poblenouurbandistrict.com\/2022\/05\/25051757\/screenshot-2022-05-19-at-171843-640x640.jpg"},"thumbnail":{"width":180,"height":180,"mime-type":"image\/jpeg","filesize":12893,"url":"https:\/\/media.poblenouurbandistrict.com\/2022\/05\/25051757\/screenshot-2022-05-19-at-171843-180x180.jpg"},"half-content":{"width":700,"height":700,"mime-type":"image\/jpeg","filesize":106136,"url":"https:\/\/media.poblenouurbandistrict.com\/2022\/05\/25051757\/screenshot-2022-05-19-at-171843-700x700.jpg"},"third-content":{"width":470,"height":470,"mime-type":"image\/jpeg","filesize":59664,"url":"https:\/\/media.poblenouurbandistrict.com\/2022\/05\/25051757\/screenshot-2022-05-19-at-171843-470x470.jpg"},"fourth-content":{"width":350,"height":350,"mime-type":"image\/jpeg","filesize":37832,"url":"https:\/\/media.poblenouurbandistrict.com\/2022\/05\/25051757\/screenshot-2022-05-19-at-171843-350x350.jpg"},"puud-posts-excerpt":{"width":690,"height":430,"mime-type":"image\/jpeg","filesize":89053,"url":"https:\/\/media.poblenouurbandistrict.com\/2022\/05\/25051757\/screenshot-2022-05-19-at-171843-690x430.jpg"},"puud-posts-yellow":{"width":690,"height":430,"mime-type":"image\/jpeg","filesize":89053,"url":"https:\/\/media.poblenouurbandistrict.com\/2022\/05\/25051757\/screenshot-2022-05-19-at-171843-690x430.jpg"},"woocommerce_thumbnail":{"width":300,"height":450,"mime-type":"image\/jpeg","filesize":39128,"uncropped":false,"url":"https:\/\/media.poblenouurbandistrict.com\/2022\/05\/25051757\/screenshot-2022-05-19-at-171843-300x450.jpg"},"woocommerce_single":{"width":600,"height":600,"mime-type":"image\/jpeg","filesize":83883,"url":"https:\/\/media.poblenouurbandistrict.com\/2022\/05\/25051757\/screenshot-2022-05-19-at-171843-600x600.jpg"},"woocommerce_gallery_thumbnail":{"width":100,"height":100,"mime-type":"image\/jpeg","filesize":4953,"url":"https:\/\/media.poblenouurbandistrict.com\/2022\/05\/25051757\/screenshot-2022-05-19-at-171843-100x100.jpg"}}},"all_day":false,"start_date":"2022-05-27 11:00:00","start_date_details":{"year":"2022","month":"05","day":"27","hour":"11","minutes":"00","seconds":"00"},"end_date":"2022-05-27 18:00:00","end_date_details":{"year":"2022","month":"05","day":"27","hour":"18","minutes":"00","seconds":"00"},"utc_start_date":"2022-05-27 09:00:00","utc_start_date_details":{"year":"2022","month":"05","day":"27","hour":"09","minutes":"00","seconds":"00"},"utc_end_date":"2022-05-27 16:00:00","utc_end_date_details":{"year":"2022","month":"05","day":"27","hour":"16","minutes":"00","seconds":"00"},"timezone":"Europe\/Madrid","timezone_abbr":"CEST","cost":"","cost_details":{"currency_symbol":"","currency_code":"","currency_position":"prefix","values":[]},"website":"https:\/\/iaac.net\/afrikan-ecological-architecture-symposium\/","show_map":true,"show_map_link":true,"hide_from_listings":false,"sticky":false,"featured":false,"categories":[{"name":"Exposici\u00f3n","slug":"exposicion","term_group":0,"term_taxonomy_id":3553,"taxonomy":"tribe_events_cat","description":"","parent":0,"count":628,"filter":"raw","term_order":"0","i18n_config":{"name":{"ts":{"ca":"Exposici\u00f3","es":"Exposici\u00f3n","en":"Exhibition"}}},"id":3553,"urls":{"self":"https:\/\/poblenouurbandistrict.com\/es\/wp-json\/tribe\/events\/v1\/categories\/3553","collection":"https:\/\/poblenouurbandistrict.com\/es\/wp-json\/tribe\/events\/v1\/categories"}},{"name":"Charla","slug":"charla","term_group":0,"term_taxonomy_id":3554,"taxonomy":"tribe_events_cat","description":"","parent":0,"count":146,"filter":"raw","term_order":"0","i18n_config":{"name":{"ts":{"ca":"Xerrada","es":"Charla","en":"Talk"}}},"id":3554,"urls":{"self":"https:\/\/poblenouurbandistrict.com\/es\/wp-json\/tribe\/events\/v1\/categories\/3554","collection":"https:\/\/poblenouurbandistrict.com\/es\/wp-json\/tribe\/events\/v1\/categories"}}],"tags":[],"venue":{"id":26011,"author":"5","status":"publish","date":"2022-02-08 12:47:23","date_utc":"2022-02-08 11:47:23","modified":"2022-02-08 12:47:23","modified_utc":"2022-02-08 11:47:23","url":"https:\/\/poblenouurbandistrict.com\/es\/recinto\/iaac\/","venue":"IAAC","slug":"iaac","address":"Carrer de Pujades, 102","city":"Barcelona","zip":"08005","website":"https:\/\/iaac.net\/","json_ld":{"@type":"Place","name":"IAAC","description":"","url":"https:\/\/poblenouurbandistrict.com\/es\/recinto\/iaac\/","address":{"@type":"PostalAddress","streetAddress":"Carrer de Pujades, 102","addressLocality":"Barcelona","postalCode":"08005"},"telephone":"","sameAs":"https:\/\/iaac.net\/"},"show_map":true,"show_map_link":true,"global_id":"poblenouurbandistrict.com\/es?id=26011","global_id_lineage":["poblenouurbandistrict.com\/es?id=26011"]},"organizer":[{"id":26012,"author":"5","status":"publish","date":"2022-02-08 12:47:23","date_utc":"2022-02-08 11:47:23","modified":"2022-02-08 12:47:23","modified_utc":"2022-02-08 11:47:23","url":"https:\/\/poblenouurbandistrict.com\/es\/organizador\/iaac\/","organizer":"IAAC","slug":"iaac","website":"https:\/\/iaac.net\/","json_ld":{"@type":"Person","name":"IAAC","description":"","url":"https:\/\/iaac.net\/","telephone":"","email":"","sameAs":"https:\/\/iaac.net\/"},"global_id":"poblenouurbandistrict.com\/es?id=26012","global_id_lineage":["poblenouurbandistrict.com\/es?id=26012"]}],"custom_fields":[],"json_ld":{"@context":"http:\/\/schema.org","@type":"Event","name":"Charla: Simposio de Arquitectura Ecol\u00f3gica Africana","description":"&lt;p&gt;El Simposi d\\'Arquitectura Ecol\u00f2gica Africana t\u00e9 com a objectiu proporcionar una plataforma perqu\u00e8 els joves arquitectes i dissenyadors del continent... &lt;a href=&quot;https:\/\/poblenouurbandistrict.com\/es\/agenda\/xerrada-simposi-darquitectura-ecologica-africana\/&quot;&gt;M\u00e1s  \u2192&lt;\/a&gt;&lt;\/p&gt;\\n","image":"https:\/\/media.poblenouurbandistrict.com\/2022\/05\/25051757\/screenshot-2022-05-19-at-171843.jpg","url":"https:\/\/poblenouurbandistrict.com\/es\/agenda\/xerrada-simposi-darquitectura-ecologica-africana\/","eventAttendanceMode":"https:\/\/schema.org\/OfflineEventAttendanceMode","eventStatus":"https:\/\/schema.org\/EventScheduled","startDate":"2022-05-27T11:00:00+02:00","endDate":"2022-05-27T18:00:00+02:00","location":{"@type":"Place","name":"IAAC","description":"","url":"https:\/\/poblenouurbandistrict.com\/es\/recinto\/iaac\/","address":{"@type":"PostalAddress","streetAddress":"Carrer de Pujades, 102","addressLocality":"Barcelona","postalCode":"08005"},"telephone":"","sameAs":"https:\/\/iaac.net\/"},"organizer":{"@type":"Person","name":"IAAC","description":"","url":"https:\/\/iaac.net\/","telephone":"","email":"","sameAs":"https:\/\/iaac.net\/"},"performer":"Organization"},"is_virtual":false,"virtual_url":null,"virtual_video_source":""}