{"id":10378,"date":"2010-03-27T08:21:46","date_gmt":"2010-03-27T07:21:46","guid":{"rendered":"https:\/\/poblenouurbandistrict.com\/new\/?p=10378"},"modified":"2017-03-27T08:46:32","modified_gmt":"2017-03-27T06:46:32","slug":"bases-sorteig-facebook-eva-adela-als-afores","status":"publish","type":"post","link":"https:\/\/poblenouurbandistrict.com\/es\/bases-sorteig-facebook-eva-adela-als-afores\/","title":{"rendered":"BASES SORTEO FACEBOOK \u201cEVA I ADELA ALS AFORES\u201d"},"content":{"rendered":"<p>&nbsp;<\/p>\n<p><span style=\"color: #000000;\"><strong>1.- Entidad organizadora<\/strong><\/span><br \/>\nPoblenou Urban District Asoc. asociaci\u00f3n sin \u00e1nimo de lucro, con domicilio social en Pujades 99 Bajos 2\u00aa con CIF G-65843096, organiza un CONCURSO denominado \u201cEVA I ADELA ALS AFORES\u201d<\/p>\n<p><span style=\"color: #000000;\"><strong>2.- Desvinculaci\u00f3n con respecto a Facebook<\/strong><\/span><br \/>\nFacebook no patrocina, avala ni administra de modo alguno esta promoci\u00f3n, ni est\u00e1 asociado a ella. El usuario se desvincula totalmente de Facebook y es consciente de que est\u00e1 proporcionando su informaci\u00f3n a Poblenou Urban District Asoc. y no a Facebook. La informaci\u00f3n que proporcione se utilizar\u00e1 para gestionar la participaci\u00f3n del sorteo y para comunicarle el premio.<\/p>\n<p><span style=\"color: #000000;\"><strong>3.- Objeto y mec\u00e1nica del concurso<\/strong><\/span><br \/>\nPara la participaci\u00f3n en el sorteo es necesario hacer &#8216;Me gusta&#8217; en la publicaci\u00f3n del sorteo, compartir la publicaci\u00f3n del sorteo i etiquetar en la publicaci\u00f3n compartida a la persona con la que ir\u00edas a ver la obra.<\/p>\n<p><span style=\"color: #000000;\"><strong>4.- Duraci\u00f3n y \u00c1mbito<\/strong><\/span><br \/>\nLa fecha de comienzo del concurso ser\u00e1 el 27 de marzo y finalizar\u00e1 el 6 de abril.<\/p>\n<p><span style=\"color: #000000;\"><strong>5.- Requisitos para participar<\/strong><\/span><br \/>\nPodr\u00e1n participar en la Promoci\u00f3n: \u2013 todas las personas f\u00edsicas mayores de 18 a\u00f1os y que cuenten con un perfil de usuario real en Facebook. No podr\u00e1n participar: perfiles fraudulentos y\/o empresas.<\/p>\n<p><span style=\"color: #000000;\"><strong>6.- Selecci\u00f3n del ganador\/a, suplentes, comunicaci\u00f3n y entrega<\/strong><\/span><br \/>\nEl ganador\/a ser\u00e1 seleccionado mediante una herramienta externa que da al azar el seleccionado\/a. Poblenou Urban District Asoc. no se hace responsable del uso fraudulento por parte de la herramienta externa de la selecci\u00f3n al azar del ganador\/a en caso de que existiese.<\/p>\n<p>Si no se logra contactar con el ganador en 5h, o \u00e9ste renunciase al premio, se proceder\u00e1 a seleccionar un nuevo ganador, perdiendo el anterior ganador su derecho a reclamar el premio. Asimismo, se comunicar\u00e1 el nombre del ganador en la fan page de Facebook de Poblenou Urban District Asoc. y v\u00eda email si el ganador\/ha seleccionado tiene publicado en su perfil de Facebook el correo electr\u00f3nico, una vez finalizada la promoci\u00f3n.<\/p>\n<p><span style=\"color: #000000;\"><strong>7.- Premios<\/strong><\/span><br \/>\nSe repartir\u00e1n 3 premios de 1 entrada doble cada uno para el espect\u00e1culo &#8216;Eva i Adela als afores de Merc\u00e8 Sarrias para el domingo 9 de abril a las 18:30.<\/p>\n<p><span style=\"color: #000000;\"><strong>8.- Reservas y limitaciones<\/strong><\/span><br \/>\nSe entender\u00e1, a t\u00edtulo enunciativo pero no limitativo, que se produce fraude, cuando se detecta el supuesto uso de aplicaciones independientes al Website; la realizaci\u00f3n de un abuso de consultas al servidor y todos aquellos comportamientos que puedan resultar aparentemente abusivos y\/o malintencionados. La constataci\u00f3n de cualquiera de estas circunstancias durante el concurso supondr\u00e1 la descalificaci\u00f3n autom\u00e1tica del concurso as\u00ed como la p\u00e9rdida del premio si se le hubiere otorgado.<\/p>\n<p><span style=\"color: #000000;\"><strong>Poblenou Urban District Asoc.<\/strong><\/span> queda eximida de cualquier responsabilidad en el supuesto de existir alg\u00fan error en los datos facilitados por los propios agraciados que impidiera su identificaci\u00f3n.<\/p>\n<p><span style=\"color: #000000;\"><strong>Poblenou Urban District Asoc.<\/strong> <\/span>se reserva el derecho de emprender acciones judiciales contra aquellas personas que realicen cualquier tipo de acto susceptible de ser considerado manipulaci\u00f3n o falsificaci\u00f3n del concurso.<\/p>\n<p><span style=\"color: #000000;\"><strong>Poblenou Urban District Asoc.<\/strong><\/span> excluye cualquier responsabilidad por da\u00f1os y perjuicios de toda naturaleza que puedan deberse a la falta temporal de disponibilidad o de continuidad del funcionamiento de los servicios mediante los que se participa en la promoci\u00f3n, a la defraudaci\u00f3n de la utilidad que los usuarios hubieren podido atribuir a los mismos, y en particular, aunque no de modo exclusivo, a los fallos en el acceso a las distintas p\u00e1ginas y env\u00edos de respuestas de participaci\u00f3n a trav\u00e9s de Internet.<\/p>\n<p><strong><span style=\"color: #000000;\">Poblenou Urban District Asoc<\/span>.<\/strong> se reserva el derecho a efectuar cambios que redunden en el buen fin del concurso cuando concurra causa justa o motivos de fuerza mayor que impidan llevarla a t\u00e9rmino en la forma en que recogen las presentes bases.<\/p>\n<p><strong><span style=\"color: #000000;\">Poblenou Urban District Asoc<\/span>.<\/strong> se reserva el derecho a aplazar o ampliar el per\u00edodo del concurso, as\u00ed como la facultad de interpretar las presentes bases legales. Asimismo, la empresa organizadora quedar\u00e1 exenta de toda responsabilidad si concurriere alguno de los casos se\u00f1alados, as\u00ed como de cualquier responsabilidad por los da\u00f1os y perjuicios que pudiesen ocasionarse durante el disfrute del premio.<\/p>\n<p><span style=\"color: #000000;\"><strong>9.- Protecci\u00f3n de datos<\/strong><\/span><br \/>\nLos datos suministrados por los participantes ser\u00e1n tratados confidencialmente y recopilados en caso de ser necesario en un fichero automatizado de datos de car\u00e1cter personal, siendo Poblenou Urban District Asoc. titular y responsable de dicho fichero, con domicilio social en C\/ Badajoz 99 bajos 2\u00aa cuya finalidad ser\u00e1 la gesti\u00f3n del presente sorteo.<\/p>\n<p><span style=\"color: #000000;\"><strong>Poblenou Urban District Asoc.<\/strong> <\/span>garantiza el cumplimiento \u00edntegro de la Ley Org\u00e1nica 15\/1999, de 13 de diciembre de Protecci\u00f3n de Datos de Car\u00e1cter Personal en el tratamiento de los datos personales recogidos en el presente CONCURSO, en especial por lo que se refiere a la atenci\u00f3n del ejercicio de los derechos de informaci\u00f3n, acceso, rectificaci\u00f3n, oposici\u00f3n y cancelaci\u00f3n de datos personales de los concursantes.<\/p>\n<p><span style=\"color: #000000;\"><strong>10.- Aceptaci\u00f3n de las bases.<\/strong><\/span><br \/>\nLa simple participaci\u00f3n en el concurso implica la aceptaci\u00f3n de las presentes Bases, por lo que la manifestaci\u00f3n en el sentido de no aceptaci\u00f3n de la totalidad o parte de las mismas implicar\u00e1 la exclusi\u00f3n del participante y como consecuencia de ello, Poblenou Urban District Asoc. quedar\u00e1 liberada del cumplimiento de la obligaci\u00f3n contra\u00edda con dicho participante.<\/p>\n<p><span style=\"color: #000000;\"><strong>Poblenou Urban District<\/strong>,<\/span> es una asociaci\u00f3n fundada a principios del a\u00f1o 2012 que tiene como objetivo promover esta zona como el Nuevo Distrito del Arte y la Creatividad de Barcelona.<\/p>\n<p>&nbsp;<\/p>","protected":false},"excerpt":{"rendered":"<p>&nbsp; 1.- Entidad organizadora Poblenou Urban District Asoc. asociaci\u00f3n sin \u00e1nimo de lucro, con domicilio social en Pujades 99 Bajos&#8230; <a href=\"https:\/\/poblenouurbandistrict.com\/es\/bases-sorteig-facebook-eva-adela-als-afores\/\">M\u00e1s  \u2192<\/a><\/p>\n","protected":false},"author":5,"featured_media":0,"comment_status":"closed","ping_status":"closed","sticky":false,"template":"","format":"standard","meta":{"_acf_changed":false,"footnotes":""},"categories":[1],"tags":[],"class_list":["post-10378","post","type-post","status-publish","format-standard","hentry","category-noticias"],"acf":[],"yoast_head":"<!-- This site is optimized with the Yoast SEO plugin v27.4 - https:\/\/yoast.com\/product\/yoast-seo-wordpress\/ -->\n<title>Bases del sorteig Eva i Adela a les afores de la Sala Beckett<\/title>\n<meta name=\"description\" content=\"Poblenou Urban District, \u00e9s una associaci\u00f3 fundada a principis de l&#039;any 2012 que t\u00e9 com a objectiu promoure aquesta zona com el Nou Districte.\" \/>\n<meta name=\"robots\" content=\"index, follow, max-snippet:-1, max-image-preview:large, max-video-preview:-1\" \/>\n<link rel=\"canonical\" href=\"https:\/\/poblenouurbandistrict.com\/es\/bases-sorteig-facebook-eva-adela-als-afores\/\" \/>\n<meta property=\"og:locale\" content=\"es_ES\" \/>\n<meta property=\"og:type\" content=\"article\" \/>\n<meta property=\"og:title\" content=\"Bases del sorteig Eva i Adela a les afores de la Sala Beckett\" \/>\n<meta property=\"og:description\" content=\"Poblenou Urban District, \u00e9s una associaci\u00f3 fundada a principis de l&#039;any 2012 que t\u00e9 com a objectiu promoure aquesta zona com el Nou Districte.\" \/>\n<meta property=\"og:url\" content=\"https:\/\/poblenouurbandistrict.com\/es\/bases-sorteig-facebook-eva-adela-als-afores\/\" \/>\n<meta property=\"og:site_name\" content=\"Poblenou Urban District\" \/>\n<meta property=\"article:published_time\" content=\"2010-03-27T07:21:46+00:00\" \/>\n<meta property=\"article:modified_time\" content=\"2017-03-27T06:46:32+00:00\" \/>\n<meta name=\"author\" content=\"pnud\" \/>\n<meta name=\"twitter:card\" content=\"summary_large_image\" \/>\n<meta name=\"twitter:label1\" content=\"Escrito por\" \/>\n\t<meta name=\"twitter:data1\" content=\"pnud\" \/>\n\t<meta name=\"twitter:label2\" content=\"Tiempo de lectura\" \/>\n\t<meta name=\"twitter:data2\" content=\"9 minutos\" \/>\n<script type=\"application\/ld+json\" class=\"yoast-schema-graph\">{\"@context\":\"https:\\\/\\\/schema.org\",\"@graph\":[{\"@type\":\"Article\",\"@id\":\"https:\\\/\\\/poblenouurbandistrict.com\\\/bases-sorteig-facebook-eva-adela-als-afores\\\/#article\",\"isPartOf\":{\"@id\":\"https:\\\/\\\/poblenouurbandistrict.com\\\/bases-sorteig-facebook-eva-adela-als-afores\\\/\"},\"author\":{\"name\":\"pnud\",\"@id\":\"https:\\\/\\\/poblenouurbandistrict.com\\\/#\\\/schema\\\/person\\\/980a2cf34b399d5218205730acd54a7e\"},\"headline\":\"BASES SORTEO FACEBOOK \u201cEVA I ADELA ALS AFORES\u201d\",\"datePublished\":\"2010-03-27T07:21:46+00:00\",\"dateModified\":\"2017-03-27T06:46:32+00:00\",\"mainEntityOfPage\":{\"@id\":\"https:\\\/\\\/poblenouurbandistrict.com\\\/bases-sorteig-facebook-eva-adela-als-afores\\\/\"},\"wordCount\":1880,\"articleSection\":[\"Est\u00e1 pasando\"],\"inLanguage\":\"es\"},{\"@type\":\"WebPage\",\"@id\":\"https:\\\/\\\/poblenouurbandistrict.com\\\/es\\\/bases-sorteig-facebook-eva-adela-als-afores\\\/\",\"url\":\"https:\\\/\\\/poblenouurbandistrict.com\\\/es\\\/bases-sorteig-facebook-eva-adela-als-afores\\\/\",\"name\":\"Bases del sorteig Eva i Adela a les afores de la Sala Beckett\",\"isPartOf\":{\"@id\":\"https:\\\/\\\/poblenouurbandistrict.com\\\/es\\\/#website\"},\"datePublished\":\"2010-03-27T07:21:46+00:00\",\"dateModified\":\"2017-03-27T06:46:32+00:00\",\"author\":{\"@id\":\"https:\\\/\\\/poblenouurbandistrict.com\\\/#\\\/schema\\\/person\\\/980a2cf34b399d5218205730acd54a7e\"},\"description\":\"Poblenou Urban District, \u00e9s una associaci\u00f3 fundada a principis de l'any 2012 que t\u00e9 com a objectiu promoure aquesta zona com el Nou Districte.\",\"breadcrumb\":{\"@id\":\"https:\\\/\\\/poblenouurbandistrict.com\\\/es\\\/bases-sorteig-facebook-eva-adela-als-afores\\\/#breadcrumb\"},\"inLanguage\":\"es\",\"potentialAction\":[{\"@type\":\"ReadAction\",\"target\":[[\"https:\\\/\\\/poblenouurbandistrict.com\\\/es\\\/bases-sorteig-facebook-eva-adela-als-afores\\\/\"]]}]},{\"@type\":\"BreadcrumbList\",\"@id\":\"https:\\\/\\\/poblenouurbandistrict.com\\\/es\\\/bases-sorteig-facebook-eva-adela-als-afores\\\/#breadcrumb\",\"itemListElement\":[{\"@type\":\"ListItem\",\"position\":1,\"name\":\"Home\",\"item\":\"https:\\\/\\\/poblenouurbandistrict.com\\\/es\\\/\"},{\"@type\":\"ListItem\",\"position\":2,\"name\":\"BASES SORTEO FACEBOOK \u201cEVA I ADELA ALS AFORES\u201d\"}]},{\"@type\":\"WebSite\",\"@id\":\"https:\\\/\\\/poblenouurbandistrict.com\\\/es\\\/#website\",\"url\":\"https:\\\/\\\/poblenouurbandistrict.com\\\/es\\\/\",\"name\":\"Poblenou Urban District\",\"description\":\"Comunidad Creativa\",\"potentialAction\":[{\"@type\":\"SearchAction\",\"target\":{\"@type\":\"EntryPoint\",\"urlTemplate\":\"https:\\\/\\\/poblenouurbandistrict.com\\\/es\\\/?s={search_term_string}\"},\"query-input\":{\"@type\":\"PropertyValueSpecification\",\"valueRequired\":true,\"valueName\":\"search_term_string\"}}],\"inLanguage\":\"es\"},{\"@type\":\"Person\",\"@id\":\"https:\\\/\\\/poblenouurbandistrict.com\\\/#\\\/schema\\\/person\\\/980a2cf34b399d5218205730acd54a7e\",\"name\":\"pnud\",\"image\":{\"@type\":\"ImageObject\",\"inLanguage\":\"es\",\"@id\":\"https:\\\/\\\/secure.gravatar.com\\\/avatar\\\/67146597b405ee077a24e519f75c3e2031736596d6ce35af3a34c122c93d0d7b?s=96&d=retro&r=g\",\"url\":\"https:\\\/\\\/secure.gravatar.com\\\/avatar\\\/67146597b405ee077a24e519f75c3e2031736596d6ce35af3a34c122c93d0d7b?s=96&d=retro&r=g\",\"contentUrl\":\"https:\\\/\\\/secure.gravatar.com\\\/avatar\\\/67146597b405ee077a24e519f75c3e2031736596d6ce35af3a34c122c93d0d7b?s=96&d=retro&r=g\",\"caption\":\"pnud\"}}]}<\/script>\n<!-- \/ Yoast SEO plugin. -->","yoast_head_json":{"title":"Bases del sorteig Eva i Adela a les afores de la Sala Beckett","description":"Poblenou Urban District, \u00e9s una associaci\u00f3 fundada a principis de l'any 2012 que t\u00e9 com a objectiu promoure aquesta zona com el Nou Districte.","robots":{"index":"index","follow":"follow","max-snippet":"max-snippet:-1","max-image-preview":"max-image-preview:large","max-video-preview":"max-video-preview:-1"},"canonical":"https:\/\/poblenouurbandistrict.com\/es\/bases-sorteig-facebook-eva-adela-als-afores\/","og_locale":"es_ES","og_type":"article","og_title":"Bases del sorteig Eva i Adela a les afores de la Sala Beckett","og_description":"Poblenou Urban District, \u00e9s una associaci\u00f3 fundada a principis de l'any 2012 que t\u00e9 com a objectiu promoure aquesta zona com el Nou Districte.","og_url":"https:\/\/poblenouurbandistrict.com\/es\/bases-sorteig-facebook-eva-adela-als-afores\/","og_site_name":"Poblenou Urban District","article_published_time":"2010-03-27T07:21:46+00:00","article_modified_time":"2017-03-27T06:46:32+00:00","author":"pnud","twitter_card":"summary_large_image","twitter_misc":{"Escrito por":"pnud","Tiempo de lectura":"9 minutos"},"schema":{"@context":"https:\/\/schema.org","@graph":[{"@type":"Article","@id":"https:\/\/poblenouurbandistrict.com\/bases-sorteig-facebook-eva-adela-als-afores\/#article","isPartOf":{"@id":"https:\/\/poblenouurbandistrict.com\/bases-sorteig-facebook-eva-adela-als-afores\/"},"author":{"name":"pnud","@id":"https:\/\/poblenouurbandistrict.com\/#\/schema\/person\/980a2cf34b399d5218205730acd54a7e"},"headline":"BASES SORTEO FACEBOOK \u201cEVA I ADELA ALS AFORES\u201d","datePublished":"2010-03-27T07:21:46+00:00","dateModified":"2017-03-27T06:46:32+00:00","mainEntityOfPage":{"@id":"https:\/\/poblenouurbandistrict.com\/bases-sorteig-facebook-eva-adela-als-afores\/"},"wordCount":1880,"articleSection":["Est\u00e1 pasando"],"inLanguage":"es"},{"@type":"WebPage","@id":"https:\/\/poblenouurbandistrict.com\/es\/bases-sorteig-facebook-eva-adela-als-afores\/","url":"https:\/\/poblenouurbandistrict.com\/es\/bases-sorteig-facebook-eva-adela-als-afores\/","name":"Bases del sorteig Eva i Adela a les afores de la Sala Beckett","isPartOf":{"@id":"https:\/\/poblenouurbandistrict.com\/es\/#website"},"datePublished":"2010-03-27T07:21:46+00:00","dateModified":"2017-03-27T06:46:32+00:00","author":{"@id":"https:\/\/poblenouurbandistrict.com\/#\/schema\/person\/980a2cf34b399d5218205730acd54a7e"},"description":"Poblenou Urban District, \u00e9s una associaci\u00f3 fundada a principis de l'any 2012 que t\u00e9 com a objectiu promoure aquesta zona com el Nou Districte.","breadcrumb":{"@id":"https:\/\/poblenouurbandistrict.com\/es\/bases-sorteig-facebook-eva-adela-als-afores\/#breadcrumb"},"inLanguage":"es","potentialAction":[{"@type":"ReadAction","target":[["https:\/\/poblenouurbandistrict.com\/es\/bases-sorteig-facebook-eva-adela-als-afores\/"]]}]},{"@type":"BreadcrumbList","@id":"https:\/\/poblenouurbandistrict.com\/es\/bases-sorteig-facebook-eva-adela-als-afores\/#breadcrumb","itemListElement":[{"@type":"ListItem","position":1,"name":"Home","item":"https:\/\/poblenouurbandistrict.com\/es\/"},{"@type":"ListItem","position":2,"name":"BASES SORTEO FACEBOOK \u201cEVA I ADELA ALS AFORES\u201d"}]},{"@type":"WebSite","@id":"https:\/\/poblenouurbandistrict.com\/es\/#website","url":"https:\/\/poblenouurbandistrict.com\/es\/","name":"Poblenou Urban District","description":"Comunidad Creativa","potentialAction":[{"@type":"SearchAction","target":{"@type":"EntryPoint","urlTemplate":"https:\/\/poblenouurbandistrict.com\/es\/?s={search_term_string}"},"query-input":{"@type":"PropertyValueSpecification","valueRequired":true,"valueName":"search_term_string"}}],"inLanguage":"es"},{"@type":"Person","@id":"https:\/\/poblenouurbandistrict.com\/#\/schema\/person\/980a2cf34b399d5218205730acd54a7e","name":"pnud","image":{"@type":"ImageObject","inLanguage":"es","@id":"https:\/\/secure.gravatar.com\/avatar\/67146597b405ee077a24e519f75c3e2031736596d6ce35af3a34c122c93d0d7b?s=96&d=retro&r=g","url":"https:\/\/secure.gravatar.com\/avatar\/67146597b405ee077a24e519f75c3e2031736596d6ce35af3a34c122c93d0d7b?s=96&d=retro&r=g","contentUrl":"https:\/\/secure.gravatar.com\/avatar\/67146597b405ee077a24e519f75c3e2031736596d6ce35af3a34c122c93d0d7b?s=96&d=retro&r=g","caption":"pnud"}}]}},"_links":{"self":[{"href":"https:\/\/poblenouurbandistrict.com\/es\/wp-json\/wp\/v2\/posts\/10378","targetHints":{"allow":["GET"]}}],"collection":[{"href":"https:\/\/poblenouurbandistrict.com\/es\/wp-json\/wp\/v2\/posts"}],"about":[{"href":"https:\/\/poblenouurbandistrict.com\/es\/wp-json\/wp\/v2\/types\/post"}],"author":[{"embeddable":true,"href":"https:\/\/poblenouurbandistrict.com\/es\/wp-json\/wp\/v2\/users\/5"}],"replies":[{"embeddable":true,"href":"https:\/\/poblenouurbandistrict.com\/es\/wp-json\/wp\/v2\/comments?post=10378"}],"version-history":[{"count":4,"href":"https:\/\/poblenouurbandistrict.com\/es\/wp-json\/wp\/v2\/posts\/10378\/revisions"}],"predecessor-version":[{"id":10382,"href":"https:\/\/poblenouurbandistrict.com\/es\/wp-json\/wp\/v2\/posts\/10378\/revisions\/10382"}],"wp:attachment":[{"href":"https:\/\/poblenouurbandistrict.com\/es\/wp-json\/wp\/v2\/media?parent=10378"}],"wp:term":[{"taxonomy":"category","embeddable":true,"href":"https:\/\/poblenouurbandistrict.com\/es\/wp-json\/wp\/v2\/categories?post=10378"},{"taxonomy":"post_tag","embeddable":true,"href":"https:\/\/poblenouurbandistrict.com\/es\/wp-json\/wp\/v2\/tags?post=10378"}],"curies":[{"name":"wp","href":"https:\/\/api.w.org\/{rel}","templated":true}]}}