{"id":10607,"date":"2016-12-14T18:48:35","date_gmt":"2016-12-14T17:48:35","guid":{"rendered":"https:\/\/poblenouurbandistrict.com\/new\/?p=10607"},"modified":"2017-04-26T13:06:33","modified_gmt":"2017-04-26T11:06:33","slug":"estudis-de-disseny-arquitectura-produccio-open-day-2017","status":"publish","type":"post","link":"https:\/\/poblenouurbandistrict.com\/es\/estudis-de-disseny-arquitectura-produccio-open-day-2017\/","title":{"rendered":"ESTUDIOS DE DISE\u00d1O &#8211; ARQUITECTURA &#8211; PRODUCCI\u00d3N"},"content":{"rendered":"<p><img loading=\"lazy\" decoding=\"async\" class=\"aligncenter size-medium wp-image-10609\" src=\"https:\/\/media.poblenouurbandistrict.com\/2017\/04\/25015513\/Makespaces_Circuit3-620x380.jpg\" alt=\"Makespaces_Circuit3\" width=\"620\" height=\"380\" \/><\/p>\n<p>&nbsp;<\/p>\n<p><b>\u25c9 <\/b><b>Mediodesign<\/b><b>: Local Handcrafted Projects<\/b><\/p>\n<p><b>Actividad inscrita dentro del Makerspaces Circuit<\/b><\/p>\n<p><span style=\"font-weight: 400;\">Puertas abiertas del taller con la exposici\u00f3n de mobiliario producido localmente. Fabricaci\u00f3n en directo. Venta de productos de la marca &#8216;Objects by Medio&#8217; con un descuento especial. \u00a1M\u00fasica, cervezas y ambiente festivo!<\/span><\/p>\n<p>12-17h<br \/>\n<span style=\"font-weight: 400;\">Pallars 85-91<br \/>\n<\/span><span style=\"font-weight: 400;\">T 934852911<br \/>\n<\/span><span style=\"font-weight: 400;\"><a href=\"http:\/\/mediodesign.com\">mediodesign.com<\/a><\/span><\/p>\n<hr \/>\n<p><b>\u25c9 <\/b><b>Atipus<\/b><\/p>\n<p><span style=\"font-weight: 400;\">Nueva colecci\u00f3n de posters de &#8216;by-Atipus&#8217;, \u00a1aprovechad el 10% de descuento! Tambi\u00e9n contar\u00e1n con Maza Coatelier y las ilustraciones de Egle Zvirblyte. De 13h a 14h cata de cava reserva edici\u00f3n limitada de la bodega Mar\u00eda Rigol Ordi (requiere reserva previa enviando un correo electr\u00f3nico a <\/span><a href=\"mailto:hola@atipus.com\"><span style=\"font-weight: 400;\">hola@atipus.com<\/span><\/a><span style=\"font-weight: 400;\">)<\/span><\/p>\n<p>12-19h<br \/>\n<span style=\"font-weight: 400;\">Pallars 85, 1r 2a<br \/>\n<\/span><span style=\"font-weight: 400;\">T 934 851 395<br \/>\n<\/span><span style=\"font-weight: 400;\"><a href=\"http:\/\/atipus.com\">atipus.com<\/a><\/span><\/p>\n<hr \/>\n<p><b>\u25c9 <\/b><b>Indissoluble<\/b><\/p>\n<p><span style=\"font-weight: 400;\">Muestra del estudio de proyectos y del taller de producci\u00f3n de Indissoluble donde se pueden ver prototipos de fabricaci\u00f3n de proyectos en curso.<\/span><\/p>\n<p>12-22h<br \/>\n<span style=\"font-weight: 400;\">Pujades 130-132<br \/>\n<\/span><span style=\"font-weight: 400;\">T 934 121 075<br \/>\n<\/span><span style=\"font-weight: 400;\"><span style=\"font-weight: 400;\"><a href=\"http:\/\/indissoluble.com\">indissoluble.com<\/a><\/span><\/span><\/p>\n<hr \/>\n<p><b>\u25c9 Story: We produce<\/b><\/p>\n<p><b>Actividad inscrita dentro de la actividad de La Plataforma<\/b><\/p>\n<p>12-22h<br \/>\n<span style=\"font-weight: 400;\">Pujades 99, bxs.<br \/>\n<\/span><span style=\"font-weight: 400;\">T 696 189 042<br \/>\n<\/span><span style=\"font-weight: 400;\"><span style=\"font-weight: 400;\"><span style=\"font-weight: 400;\"><a href=\"http:\/\/lacocinapalpita.com\">lacocinapalpita.com<\/a><\/span><\/span><\/span><\/p>\n<hr \/>\n<p><b>\u25c9 All Those<\/b><\/p>\n<p><b>Actividad inscrita dentro del Independiente Barcelona Coffee Festival<\/b><\/p>\n<p>12-22h<br \/>\n<span style=\"font-weight: 400;\">Pamplona 88, bxs.<br \/>\n<\/span><span style=\"font-weight: 400;\">T 620 036 179<br \/>\n<\/span><span style=\"font-weight: 400;\"><span style=\"font-weight: 400;\"><span style=\"font-weight: 400;\"><span style=\"font-weight: 400;\"><a href=\"http:\/\/allthose.org\">allthose.org<\/a><\/span><\/span><\/span><\/span><\/p>\n<hr \/>\n<p><b>\u25c9 <\/b><b>ATIM Enginyeria Event Engineering<\/b><\/p>\n<p><b>Actividad inscrita dentro del Urban District Art Festival<\/b><\/p>\n<p>12-22h<br \/>\n<span style=\"font-weight: 400;\">Badajoz 127<br \/>\n<\/span><span style=\"font-weight: 400;\">T 691 833 936<br \/>\n<\/span><span style=\"font-weight: 400;\"><span style=\"font-weight: 400;\"><span style=\"font-weight: 400;\"><span style=\"font-weight: 400;\"><span style=\"font-weight: 400;\"><a href=\"http:\/\/atim.cat\">atim.cat<\/a><\/span><\/span><\/span><\/span><\/span><\/p>\n<hr \/>\n<p><b>\u25c9 <\/b><b>Codigo Sound &amp; Projects<\/b><\/p>\n<p><b>Actividad inscrita dentro del Urban District Art Festival<\/b><\/p>\n<p>12-22h<br \/>\n<span style=\"font-weight: 400;\">Pamplona 81<br \/>\n<\/span><span style=\"font-weight: 400;\">T 615 512 595<br \/>\n<\/span><span style=\"font-weight: 400;\"><span style=\"font-weight: 400;\"><span style=\"font-weight: 400;\"><span style=\"font-weight: 400;\"><span style=\"font-weight: 400;\"><span style=\"font-weight: 400;\"><a href=\"http:\/\/codigosound.com\">codigosound.com<\/a><\/span><\/span><\/span><\/span><\/span><\/span><\/p>\n<hr \/>\n<p><b>\u25c9 Minded Factory<\/b><\/p>\n<p><span style=\"font-weight: 400;\">Durante toda la jornada Minded Factory ha organizado un evento con live painting, proyecciones, m\u00fasica y copas. \u00a1No perd\u00e1is la oportunidad de visitar la productora!<\/span><\/p>\n<p>18-22h<br \/>\n<span style=\"font-weight: 400;\">Pere IV 78-84, 5\u00e8 4a<br \/>\n<\/span><span style=\"font-weight: 400;\">T 933 090 778<br \/>\n<\/span><span style=\"font-weight: 400;\"><span style=\"font-weight: 400;\"><span style=\"font-weight: 400;\"><span style=\"font-weight: 400;\"><span style=\"font-weight: 400;\"><span style=\"font-weight: 400;\"><span style=\"font-weight: 400;\"><a href=\"http:\/\/mindedfactory.com\">mindedfactory.com<\/a><\/span><\/span><\/span><\/span><\/span><\/span><\/span><\/p>\n<hr \/>\n<p><b>\u25c9 <\/b><b>ROC35<\/b><\/p>\n<p><span style=\"font-weight: 400;\">ROC 35 es una antigua nave industrial reconvertida en un espacio multifuncional enfocado a la gastronom\u00eda. Os har\u00e1n una visita guiada para explicaros el proyecto a cada hora en punto (desde las 12h hasta las 19h), 15 personas por pase. Tambi\u00e9n habr\u00e1 talleres, conferencias y actividades de showcooking durante todo el d\u00eda.<\/span><\/p>\n<p>12-22h<br \/>\n<span style=\"font-weight: 400;\">Roc Boronat 35<br \/>\n<\/span><span style=\"font-weight: 400;\">T 937 977 015<br \/>\n<\/span><span style=\"font-weight: 400;\"><span style=\"font-weight: 400;\"><span style=\"font-weight: 400;\"><span style=\"font-weight: 400;\"><span style=\"font-weight: 400;\"><span style=\"font-weight: 400;\"><span style=\"font-weight: 400;\"><span style=\"font-weight: 400;\"><a href=\"http:\/\/roc35.com\">roc35.com<\/a><\/span><\/span><\/span><\/span><\/span><\/span><\/span><\/span><\/p>\n<hr \/>\n<p><span style=\"font-weight: 400;\"><span style=\"font-weight: 400;\"><span style=\"font-weight: 400;\"><span style=\"font-weight: 400;\"><span style=\"font-weight: 400;\"><span style=\"font-weight: 400;\"><span style=\"font-weight: 400;\"><span style=\"font-weight: 400;\"><b>\u25c9 <\/b><b>The Folio Club<\/b><\/span><\/span><\/span><\/span><\/span><\/span><\/span><\/span><\/p>\n<p>Precios especiales en la venta de obra fotogr\u00e1fica de los artistas Matias y Solera, Alfons Rodr\u00edguez, Nico Baizas, entre otros.<\/p>\n<p>15-20h<br \/>\nRoc Boronat, 37<br \/>\nT 933 569 606<br \/>\n<a href=\"http:\/\/thefolioclub.com\">thefolioclub.com<\/a><\/p>\n<p>&nbsp;<\/p>\n<h3><span style=\"text-decoration: underline;\"><span style=\"color: #e63929; text-decoration: underline;\">[<a style=\"color: #e63929; text-decoration: underline;\" href=\"https:\/\/poblenouurbandistrict.com\/es\/programacio-open-day\/\">VOLVER AL INICIO DE LA PROGRAMACI\u00d3N<\/a>]<\/span><\/span><\/h3>\n<p>&nbsp;<\/p>\n<hr \/>\n<p><strong>Open Day\u00a0<\/strong>es un evento en el que el arte y la creatividad son el objetivo principal, y donde la comunidad creativa de Poblenou abre \u00a0sus puertas de 12 a 22h para ofrecer una amplia variedad de propuestas culturales gratuitas.<\/p>\n<hr \/>\n<p>&nbsp;<\/p>","protected":false},"excerpt":{"rendered":"<p>&nbsp; \u25c9 Mediodesign: Local Handcrafted Projects Actividad inscrita dentro del Makerspaces Circuit Puertas abiertas del taller con la exposici\u00f3n de&#8230; <a href=\"https:\/\/poblenouurbandistrict.com\/es\/estudis-de-disseny-arquitectura-produccio-open-day-2017\/\">M\u00e1s  \u2192<\/a><\/p>\n","protected":false},"author":5,"featured_media":10608,"comment_status":"closed","ping_status":"closed","sticky":false,"template":"","format":"standard","meta":{"_acf_changed":false,"footnotes":""},"categories":[1],"tags":[2507,563,15,657,2744],"class_list":["post-10607","post","type-post","status-publish","format-standard","has-post-thumbnail","hentry","category-noticias","tag-arquitectura-poblenou","tag-carrot-cafe-open-day","tag-open-day","tag-poblenou-open-day","tag-poblenou-open-day-2017"],"acf":[],"yoast_head":"<!-- This site is optimized with the Yoast SEO plugin v27.4 - https:\/\/yoast.com\/product\/yoast-seo-wordpress\/ -->\n<title>Estudis de disseny, arquitectura i producci\u00f3 de l&#039;Open Day 2017<\/title>\n<meta name=\"description\" content=\"Consulta la programaci\u00f3 de les activitats que ofereixen els diferents estudis de disseny, arquitectura i producci\u00f3 que participen a l&#039;Open day 2017.\" \/>\n<meta name=\"robots\" content=\"index, follow, max-snippet:-1, max-image-preview:large, max-video-preview:-1\" \/>\n<link rel=\"canonical\" href=\"https:\/\/poblenouurbandistrict.com\/es\/estudis-de-disseny-arquitectura-produccio-open-day-2017\/\" \/>\n<meta property=\"og:locale\" content=\"es_ES\" \/>\n<meta property=\"og:type\" content=\"article\" \/>\n<meta property=\"og:title\" content=\"Estudis de disseny, arquitectura i producci\u00f3 de l&#039;Open Day 2017\" \/>\n<meta property=\"og:description\" content=\"Consulta la programaci\u00f3 de les activitats que ofereixen els diferents estudis de disseny, arquitectura i producci\u00f3 que participen a l&#039;Open day 2017.\" \/>\n<meta property=\"og:url\" content=\"https:\/\/poblenouurbandistrict.com\/es\/estudis-de-disseny-arquitectura-produccio-open-day-2017\/\" \/>\n<meta property=\"og:site_name\" content=\"Poblenou Urban District\" \/>\n<meta property=\"article:published_time\" content=\"2016-12-14T17:48:35+00:00\" \/>\n<meta property=\"article:modified_time\" content=\"2017-04-26T11:06:33+00:00\" \/>\n<meta property=\"og:image\" content=\"https:\/\/media.poblenouurbandistrict.com\/2017\/04\/25015510\/Makespaces_Circuit10.jpg\" \/>\n\t<meta property=\"og:image:width\" content=\"1292\" \/>\n\t<meta property=\"og:image:height\" content=\"792\" \/>\n\t<meta property=\"og:image:type\" content=\"image\/jpeg\" \/>\n<meta name=\"author\" content=\"pnud\" \/>\n<meta name=\"twitter:card\" content=\"summary_large_image\" \/>\n<meta name=\"twitter:label1\" content=\"Escrito por\" \/>\n\t<meta name=\"twitter:data1\" content=\"pnud\" \/>\n\t<meta name=\"twitter:label2\" content=\"Tiempo de lectura\" \/>\n\t<meta name=\"twitter:data2\" content=\"4 minutos\" \/>\n<script type=\"application\/ld+json\" class=\"yoast-schema-graph\">{\"@context\":\"https:\\\/\\\/schema.org\",\"@graph\":[{\"@type\":\"Article\",\"@id\":\"https:\\\/\\\/poblenouurbandistrict.com\\\/es\\\/estudis-de-disseny-arquitectura-produccio-open-day-2017\\\/#article\",\"isPartOf\":{\"@id\":\"https:\\\/\\\/poblenouurbandistrict.com\\\/es\\\/estudis-de-disseny-arquitectura-produccio-open-day-2017\\\/\"},\"author\":{\"name\":\"pnud\",\"@id\":\"https:\\\/\\\/poblenouurbandistrict.com\\\/#\\\/schema\\\/person\\\/980a2cf34b399d5218205730acd54a7e\"},\"headline\":\"ESTUDIOS DE DISE\u00d1O &#8211; ARQUITECTURA &#8211; PRODUCCI\u00d3N\",\"datePublished\":\"2016-12-14T17:48:35+00:00\",\"dateModified\":\"2017-04-26T11:06:33+00:00\",\"mainEntityOfPage\":{\"@id\":\"https:\\\/\\\/poblenouurbandistrict.com\\\/es\\\/estudis-de-disseny-arquitectura-produccio-open-day-2017\\\/\"},\"wordCount\":835,\"image\":{\"@id\":\"https:\\\/\\\/poblenouurbandistrict.com\\\/es\\\/estudis-de-disseny-arquitectura-produccio-open-day-2017\\\/#primaryimage\"},\"thumbnailUrl\":\"https:\\\/\\\/media.poblenouurbandistrict.com\\\/2017\\\/04\\\/25015510\\\/Makespaces_Circuit10.jpg\",\"keywords\":[\"arquitectura poblenou\",\"Carrot Caf\u00e9 Open Day\",\"Open Day\",\"poblenou open day\",\"Poblenou Open Day 2017\"],\"articleSection\":[\"Est\u00e1 pasando\"],\"inLanguage\":\"es\"},{\"@type\":\"WebPage\",\"@id\":\"https:\\\/\\\/poblenouurbandistrict.com\\\/es\\\/estudis-de-disseny-arquitectura-produccio-open-day-2017\\\/\",\"url\":\"https:\\\/\\\/poblenouurbandistrict.com\\\/es\\\/estudis-de-disseny-arquitectura-produccio-open-day-2017\\\/\",\"name\":\"Estudis de disseny, arquitectura i producci\u00f3 de l'Open Day 2017\",\"isPartOf\":{\"@id\":\"https:\\\/\\\/poblenouurbandistrict.com\\\/es\\\/#website\"},\"primaryImageOfPage\":{\"@id\":\"https:\\\/\\\/poblenouurbandistrict.com\\\/es\\\/estudis-de-disseny-arquitectura-produccio-open-day-2017\\\/#primaryimage\"},\"image\":{\"@id\":\"https:\\\/\\\/poblenouurbandistrict.com\\\/es\\\/estudis-de-disseny-arquitectura-produccio-open-day-2017\\\/#primaryimage\"},\"thumbnailUrl\":\"https:\\\/\\\/media.poblenouurbandistrict.com\\\/2017\\\/04\\\/25015510\\\/Makespaces_Circuit10.jpg\",\"datePublished\":\"2016-12-14T17:48:35+00:00\",\"dateModified\":\"2017-04-26T11:06:33+00:00\",\"author\":{\"@id\":\"https:\\\/\\\/poblenouurbandistrict.com\\\/#\\\/schema\\\/person\\\/980a2cf34b399d5218205730acd54a7e\"},\"description\":\"Consulta la programaci\u00f3 de les activitats que ofereixen els diferents estudis de disseny, arquitectura i producci\u00f3 que participen a l'Open day 2017.\",\"breadcrumb\":{\"@id\":\"https:\\\/\\\/poblenouurbandistrict.com\\\/es\\\/estudis-de-disseny-arquitectura-produccio-open-day-2017\\\/#breadcrumb\"},\"inLanguage\":\"es\",\"potentialAction\":[{\"@type\":\"ReadAction\",\"target\":[[\"https:\\\/\\\/poblenouurbandistrict.com\\\/es\\\/estudis-de-disseny-arquitectura-produccio-open-day-2017\\\/\"]]}]},{\"@type\":\"ImageObject\",\"inLanguage\":\"es\",\"@id\":\"https:\\\/\\\/poblenouurbandistrict.com\\\/es\\\/estudis-de-disseny-arquitectura-produccio-open-day-2017\\\/#primaryimage\",\"url\":\"https:\\\/\\\/media.poblenouurbandistrict.com\\\/2017\\\/04\\\/25015510\\\/Makespaces_Circuit10.jpg\",\"contentUrl\":\"https:\\\/\\\/media.poblenouurbandistrict.com\\\/2017\\\/04\\\/25015510\\\/Makespaces_Circuit10.jpg\",\"width\":1292,\"height\":792},{\"@type\":\"BreadcrumbList\",\"@id\":\"https:\\\/\\\/poblenouurbandistrict.com\\\/es\\\/estudis-de-disseny-arquitectura-produccio-open-day-2017\\\/#breadcrumb\",\"itemListElement\":[{\"@type\":\"ListItem\",\"position\":1,\"name\":\"Home\",\"item\":\"https:\\\/\\\/poblenouurbandistrict.com\\\/es\\\/\"},{\"@type\":\"ListItem\",\"position\":2,\"name\":\"ESTUDIOS DE DISE\u00d1O &#8211; ARQUITECTURA &#8211; PRODUCCI\u00d3N\"}]},{\"@type\":\"WebSite\",\"@id\":\"https:\\\/\\\/poblenouurbandistrict.com\\\/es\\\/#website\",\"url\":\"https:\\\/\\\/poblenouurbandistrict.com\\\/es\\\/\",\"name\":\"Poblenou Urban District\",\"description\":\"Comunidad Creativa\",\"potentialAction\":[{\"@type\":\"SearchAction\",\"target\":{\"@type\":\"EntryPoint\",\"urlTemplate\":\"https:\\\/\\\/poblenouurbandistrict.com\\\/es\\\/?s={search_term_string}\"},\"query-input\":{\"@type\":\"PropertyValueSpecification\",\"valueRequired\":true,\"valueName\":\"search_term_string\"}}],\"inLanguage\":\"es\"},{\"@type\":\"Person\",\"@id\":\"https:\\\/\\\/poblenouurbandistrict.com\\\/#\\\/schema\\\/person\\\/980a2cf34b399d5218205730acd54a7e\",\"name\":\"pnud\",\"image\":{\"@type\":\"ImageObject\",\"inLanguage\":\"es\",\"@id\":\"https:\\\/\\\/secure.gravatar.com\\\/avatar\\\/67146597b405ee077a24e519f75c3e2031736596d6ce35af3a34c122c93d0d7b?s=96&d=retro&r=g\",\"url\":\"https:\\\/\\\/secure.gravatar.com\\\/avatar\\\/67146597b405ee077a24e519f75c3e2031736596d6ce35af3a34c122c93d0d7b?s=96&d=retro&r=g\",\"contentUrl\":\"https:\\\/\\\/secure.gravatar.com\\\/avatar\\\/67146597b405ee077a24e519f75c3e2031736596d6ce35af3a34c122c93d0d7b?s=96&d=retro&r=g\",\"caption\":\"pnud\"}}]}<\/script>\n<!-- \/ Yoast SEO plugin. -->","yoast_head_json":{"title":"Estudis de disseny, arquitectura i producci\u00f3 de l'Open Day 2017","description":"Consulta la programaci\u00f3 de les activitats que ofereixen els diferents estudis de disseny, arquitectura i producci\u00f3 que participen a l'Open day 2017.","robots":{"index":"index","follow":"follow","max-snippet":"max-snippet:-1","max-image-preview":"max-image-preview:large","max-video-preview":"max-video-preview:-1"},"canonical":"https:\/\/poblenouurbandistrict.com\/es\/estudis-de-disseny-arquitectura-produccio-open-day-2017\/","og_locale":"es_ES","og_type":"article","og_title":"Estudis de disseny, arquitectura i producci\u00f3 de l'Open Day 2017","og_description":"Consulta la programaci\u00f3 de les activitats que ofereixen els diferents estudis de disseny, arquitectura i producci\u00f3 que participen a l'Open day 2017.","og_url":"https:\/\/poblenouurbandistrict.com\/es\/estudis-de-disseny-arquitectura-produccio-open-day-2017\/","og_site_name":"Poblenou Urban District","article_published_time":"2016-12-14T17:48:35+00:00","article_modified_time":"2017-04-26T11:06:33+00:00","og_image":[{"width":1292,"height":792,"url":"https:\/\/media.poblenouurbandistrict.com\/2017\/04\/25015510\/Makespaces_Circuit10.jpg","type":"image\/jpeg"}],"author":"pnud","twitter_card":"summary_large_image","twitter_misc":{"Escrito por":"pnud","Tiempo de lectura":"4 minutos"},"schema":{"@context":"https:\/\/schema.org","@graph":[{"@type":"Article","@id":"https:\/\/poblenouurbandistrict.com\/es\/estudis-de-disseny-arquitectura-produccio-open-day-2017\/#article","isPartOf":{"@id":"https:\/\/poblenouurbandistrict.com\/es\/estudis-de-disseny-arquitectura-produccio-open-day-2017\/"},"author":{"name":"pnud","@id":"https:\/\/poblenouurbandistrict.com\/#\/schema\/person\/980a2cf34b399d5218205730acd54a7e"},"headline":"ESTUDIOS DE DISE\u00d1O &#8211; ARQUITECTURA &#8211; PRODUCCI\u00d3N","datePublished":"2016-12-14T17:48:35+00:00","dateModified":"2017-04-26T11:06:33+00:00","mainEntityOfPage":{"@id":"https:\/\/poblenouurbandistrict.com\/es\/estudis-de-disseny-arquitectura-produccio-open-day-2017\/"},"wordCount":835,"image":{"@id":"https:\/\/poblenouurbandistrict.com\/es\/estudis-de-disseny-arquitectura-produccio-open-day-2017\/#primaryimage"},"thumbnailUrl":"https:\/\/media.poblenouurbandistrict.com\/2017\/04\/25015510\/Makespaces_Circuit10.jpg","keywords":["arquitectura poblenou","Carrot Caf\u00e9 Open Day","Open Day","poblenou open day","Poblenou Open Day 2017"],"articleSection":["Est\u00e1 pasando"],"inLanguage":"es"},{"@type":"WebPage","@id":"https:\/\/poblenouurbandistrict.com\/es\/estudis-de-disseny-arquitectura-produccio-open-day-2017\/","url":"https:\/\/poblenouurbandistrict.com\/es\/estudis-de-disseny-arquitectura-produccio-open-day-2017\/","name":"Estudis de disseny, arquitectura i producci\u00f3 de l'Open Day 2017","isPartOf":{"@id":"https:\/\/poblenouurbandistrict.com\/es\/#website"},"primaryImageOfPage":{"@id":"https:\/\/poblenouurbandistrict.com\/es\/estudis-de-disseny-arquitectura-produccio-open-day-2017\/#primaryimage"},"image":{"@id":"https:\/\/poblenouurbandistrict.com\/es\/estudis-de-disseny-arquitectura-produccio-open-day-2017\/#primaryimage"},"thumbnailUrl":"https:\/\/media.poblenouurbandistrict.com\/2017\/04\/25015510\/Makespaces_Circuit10.jpg","datePublished":"2016-12-14T17:48:35+00:00","dateModified":"2017-04-26T11:06:33+00:00","author":{"@id":"https:\/\/poblenouurbandistrict.com\/#\/schema\/person\/980a2cf34b399d5218205730acd54a7e"},"description":"Consulta la programaci\u00f3 de les activitats que ofereixen els diferents estudis de disseny, arquitectura i producci\u00f3 que participen a l'Open day 2017.","breadcrumb":{"@id":"https:\/\/poblenouurbandistrict.com\/es\/estudis-de-disseny-arquitectura-produccio-open-day-2017\/#breadcrumb"},"inLanguage":"es","potentialAction":[{"@type":"ReadAction","target":[["https:\/\/poblenouurbandistrict.com\/es\/estudis-de-disseny-arquitectura-produccio-open-day-2017\/"]]}]},{"@type":"ImageObject","inLanguage":"es","@id":"https:\/\/poblenouurbandistrict.com\/es\/estudis-de-disseny-arquitectura-produccio-open-day-2017\/#primaryimage","url":"https:\/\/media.poblenouurbandistrict.com\/2017\/04\/25015510\/Makespaces_Circuit10.jpg","contentUrl":"https:\/\/media.poblenouurbandistrict.com\/2017\/04\/25015510\/Makespaces_Circuit10.jpg","width":1292,"height":792},{"@type":"BreadcrumbList","@id":"https:\/\/poblenouurbandistrict.com\/es\/estudis-de-disseny-arquitectura-produccio-open-day-2017\/#breadcrumb","itemListElement":[{"@type":"ListItem","position":1,"name":"Home","item":"https:\/\/poblenouurbandistrict.com\/es\/"},{"@type":"ListItem","position":2,"name":"ESTUDIOS DE DISE\u00d1O &#8211; ARQUITECTURA &#8211; PRODUCCI\u00d3N"}]},{"@type":"WebSite","@id":"https:\/\/poblenouurbandistrict.com\/es\/#website","url":"https:\/\/poblenouurbandistrict.com\/es\/","name":"Poblenou Urban District","description":"Comunidad Creativa","potentialAction":[{"@type":"SearchAction","target":{"@type":"EntryPoint","urlTemplate":"https:\/\/poblenouurbandistrict.com\/es\/?s={search_term_string}"},"query-input":{"@type":"PropertyValueSpecification","valueRequired":true,"valueName":"search_term_string"}}],"inLanguage":"es"},{"@type":"Person","@id":"https:\/\/poblenouurbandistrict.com\/#\/schema\/person\/980a2cf34b399d5218205730acd54a7e","name":"pnud","image":{"@type":"ImageObject","inLanguage":"es","@id":"https:\/\/secure.gravatar.com\/avatar\/67146597b405ee077a24e519f75c3e2031736596d6ce35af3a34c122c93d0d7b?s=96&d=retro&r=g","url":"https:\/\/secure.gravatar.com\/avatar\/67146597b405ee077a24e519f75c3e2031736596d6ce35af3a34c122c93d0d7b?s=96&d=retro&r=g","contentUrl":"https:\/\/secure.gravatar.com\/avatar\/67146597b405ee077a24e519f75c3e2031736596d6ce35af3a34c122c93d0d7b?s=96&d=retro&r=g","caption":"pnud"}}]}},"_links":{"self":[{"href":"https:\/\/poblenouurbandistrict.com\/es\/wp-json\/wp\/v2\/posts\/10607","targetHints":{"allow":["GET"]}}],"collection":[{"href":"https:\/\/poblenouurbandistrict.com\/es\/wp-json\/wp\/v2\/posts"}],"about":[{"href":"https:\/\/poblenouurbandistrict.com\/es\/wp-json\/wp\/v2\/types\/post"}],"author":[{"embeddable":true,"href":"https:\/\/poblenouurbandistrict.com\/es\/wp-json\/wp\/v2\/users\/5"}],"replies":[{"embeddable":true,"href":"https:\/\/poblenouurbandistrict.com\/es\/wp-json\/wp\/v2\/comments?post=10607"}],"version-history":[{"count":3,"href":"https:\/\/poblenouurbandistrict.com\/es\/wp-json\/wp\/v2\/posts\/10607\/revisions"}],"predecessor-version":[{"id":10697,"href":"https:\/\/poblenouurbandistrict.com\/es\/wp-json\/wp\/v2\/posts\/10607\/revisions\/10697"}],"wp:featuredmedia":[{"embeddable":true,"href":"https:\/\/poblenouurbandistrict.com\/es\/wp-json\/wp\/v2\/media\/10608"}],"wp:attachment":[{"href":"https:\/\/poblenouurbandistrict.com\/es\/wp-json\/wp\/v2\/media?parent=10607"}],"wp:term":[{"taxonomy":"category","embeddable":true,"href":"https:\/\/poblenouurbandistrict.com\/es\/wp-json\/wp\/v2\/categories?post=10607"},{"taxonomy":"post_tag","embeddable":true,"href":"https:\/\/poblenouurbandistrict.com\/es\/wp-json\/wp\/v2\/tags?post=10607"}],"curies":[{"name":"wp","href":"https:\/\/api.w.org\/{rel}","templated":true}]}}