{"id":17534,"date":"2020-03-19T12:23:14","date_gmt":"2020-03-19T11:23:14","guid":{"rendered":"https:\/\/poblenouurbandistrict.com\/?p=17534"},"modified":"2020-04-08T12:40:14","modified_gmt":"2020-04-08T10:40:14","slug":"valkiria-iff-espai-granada-nuevos-miembros-poblenou-urban-district","status":"publish","type":"post","link":"https:\/\/poblenouurbandistrict.com\/es\/valkiria-iff-espai-granada-nuevos-miembros-poblenou-urban-district\/","title":{"rendered":"Bienvenidos, Espai Granada y Valkiria IFF"},"content":{"rendered":"<p><strong>Valkiria IFF y Espai Granada se unen al Poblenou Urban District, \u00a1bienvenidos!\u00a0<\/strong><\/p>\n<p><a href=\"https:\/\/poblenouurbandistrict.com\/es\/membres\/espai-granada\/\" target=\"_blank\" rel=\"noopener noreferrer\"><strong>Espai Granada<\/strong><\/a>, loft donde puedes convertir tus eventos en una experiencia inolvidable gozando de las mejores vistas de Barcelona, se acaba de unir a nuestra comunidad. Se trata de un \u00e1tico reconvertido en un loft de vanguardia en lo m\u00e1s alto de un edificio caracter\u00edstico del Poblenou. Sus m\u00e1s de 170 m\u00b2, de los cuales 85 m\u00b2 son terraza, cuentan con una impactante vista 360\u00ba sobre la ciudad de Barcelona.<\/p>\n<p>En el Espai Granada se pueden realizar desde <strong>shootings<\/strong> y <strong>rodajes<\/strong> hasta <strong>eventos corporativos<\/strong> (con talleres y showcookings) o <strong>privados<\/strong>, as\u00ed como <strong>talleres gastron\u00f3micos<\/strong> y originales <strong>casales de cocina para ni\u00f1os<\/strong>, entre otros. En estos casales, planificados para este verano, apuestan por cocinar con los ni\u00f1os, ni\u00f1as y adolescentes de una manera l\u00fadica y participativa con tem\u00e1ticas tan interesantes como \u00abCocinas del Mundo\u00bb con chefs de diferentes pa\u00edses, \u00abCocina Molecular\u00bb y \u00abCocina Mediterr\u00e1nea\u201d.<\/p>\n<h1>Los talleres gastron\u00f3micos son 100% participativos y las recetas se preparan con productos km 0 y totalmente ecol\u00f3gicos, fomentando as\u00ed la alimentaci\u00f3n saludable y sostenible.<\/h1>\n<p>Detr\u00e1s de <strong>Espai Granada<\/strong> se encuentra un equipo de gente creativa y joven que se encargar\u00e1 en asesorarte para la organizaci\u00f3n de tu evento adem\u00e1s de seleccionar a los mejores chefs, sommeliers, djs, dise\u00f1adores etc.<\/p>\n<p><img loading=\"lazy\" decoding=\"async\" class=\"size-medium wp-image-17540 aligncenter\" src=\"https:\/\/media.poblenouurbandistrict.com\/2020\/03\/25030146\/valkiria-iff-620x414.jpg\" alt=\"\" width=\"620\" height=\"414\" \/><\/p>\n<p><a href=\"https:\/\/poblenouurbandistrict.com\/es\/membres\/valkiria-iff\/\" target=\"_blank\" rel=\"noopener noreferrer\"><strong>Valkiria IFF<\/strong><\/a> tambi\u00e9n se acaba de incorporar a nuestra comunidad, un espacio multifuncional de experiencias adaptable a cualquier tipo de evento. Cuenta con una sala de 415 m\u00b2, otra de 265 m\u00b2 y una terraza de 100 m\u00b2. En esta nave innovadora se vive la tecnolog\u00eda, interacci\u00f3n e inspiraci\u00f3n, que impacta en cada una de las personas que la visitan.<\/p>\n<h1>No es solo un espacio con personalidad y alma para crear experiencias, sino que adem\u00e1s dispone de un equipo creativo y una comunidad que est\u00e1 enfocada en el bienestar de las personas. Es un punto de encuentro dentro del distrito 22@.<\/h1>\n<p>Valkiria IFF\u00a0 entra contacto con una red que agrupa grandes empresas, pymes y startups, universidades y centros tecnol\u00f3gicos, en un ecosistema transformador que se retroalimenta continuamente para la innovaci\u00f3n y el futuro.<\/p>\n<p>\u00a1Bienvenidos a nuestra comunidad!<\/p>","protected":false},"excerpt":{"rendered":"<p>Valkiria IFF y Espai Granada se unen al Poblenou Urban District, \u00a1bienvenidos!\u00a0 Espai Granada, loft donde puedes convertir tus eventos&#8230; <a href=\"https:\/\/poblenouurbandistrict.com\/es\/valkiria-iff-espai-granada-nuevos-miembros-poblenou-urban-district\/\">M\u00e1s  \u2192<\/a><\/p>\n","protected":false},"author":5,"featured_media":17538,"comment_status":"closed","ping_status":"closed","sticky":false,"template":"","format":"standard","meta":{"_acf_changed":false,"footnotes":""},"categories":[3363],"tags":[],"class_list":["post-17534","post","type-post","status-publish","format-standard","has-post-thumbnail","hentry","category-places"],"acf":[],"yoast_head":"<!-- This site is optimized with the Yoast SEO plugin v27.4 - https:\/\/yoast.com\/product\/yoast-seo-wordpress\/ -->\n<title>Nuevos miembros - Poblenou Urban District - Espai Granada - Valkiria IFF<\/title>\n<meta name=\"description\" content=\"Valkiria IFF y Espai Granada se unen como miembros de la comunidad del Poblenou Urban District de Barcelona, \u00a1bienvenidos!\" \/>\n<meta name=\"robots\" content=\"index, follow, max-snippet:-1, max-image-preview:large, max-video-preview:-1\" \/>\n<link rel=\"canonical\" href=\"https:\/\/poblenouurbandistrict.com\/es\/valkiria-iff-espai-granada-nuevos-miembros-poblenou-urban-district\/\" \/>\n<meta property=\"og:locale\" content=\"es_ES\" \/>\n<meta property=\"og:type\" content=\"article\" \/>\n<meta property=\"og:title\" content=\"Nuevos miembros - Poblenou Urban District - Espai Granada - Valkiria IFF\" \/>\n<meta property=\"og:description\" content=\"Valkiria IFF y Espai Granada se unen como miembros de la comunidad del Poblenou Urban District de Barcelona, \u00a1bienvenidos!\" \/>\n<meta property=\"og:url\" content=\"https:\/\/poblenouurbandistrict.com\/es\/valkiria-iff-espai-granada-nuevos-miembros-poblenou-urban-district\/\" \/>\n<meta property=\"og:site_name\" content=\"Poblenou Urban District\" \/>\n<meta property=\"article:published_time\" content=\"2020-03-19T11:23:14+00:00\" \/>\n<meta property=\"article:modified_time\" content=\"2020-04-08T10:40:14+00:00\" \/>\n<meta property=\"og:image\" content=\"https:\/\/poblenouurbandistrict.com\/wp-content\/uploads\/2020\/03\/espai-granda-living-room-scaled.jpeg\" \/>\n\t<meta property=\"og:image:width\" content=\"1707\" \/>\n\t<meta property=\"og:image:height\" content=\"2560\" \/>\n\t<meta property=\"og:image:type\" content=\"image\/jpeg\" \/>\n<meta name=\"author\" content=\"pnud\" \/>\n<meta name=\"twitter:card\" content=\"summary_large_image\" \/>\n<meta name=\"twitter:label1\" content=\"Escrito por\" \/>\n\t<meta name=\"twitter:data1\" content=\"pnud\" \/>\n\t<meta name=\"twitter:label2\" content=\"Tiempo de lectura\" \/>\n\t<meta name=\"twitter:data2\" content=\"5 minutos\" \/>\n<script type=\"application\/ld+json\" class=\"yoast-schema-graph\">{\"@context\":\"https:\\\/\\\/schema.org\",\"@graph\":[{\"@type\":\"Article\",\"@id\":\"https:\\\/\\\/poblenouurbandistrict.com\\\/valkiria-iff-espai-granada-nuevos-miembros-poblenou-urban-district\\\/#article\",\"isPartOf\":{\"@id\":\"https:\\\/\\\/poblenouurbandistrict.com\\\/valkiria-iff-espai-granada-nuevos-miembros-poblenou-urban-district\\\/\"},\"author\":{\"name\":\"pnud\",\"@id\":\"https:\\\/\\\/poblenouurbandistrict.com\\\/#\\\/schema\\\/person\\\/980a2cf34b399d5218205730acd54a7e\"},\"headline\":\"Bienvenidos, Espai Granada y Valkiria IFF\",\"datePublished\":\"2020-03-19T11:23:14+00:00\",\"dateModified\":\"2020-04-08T10:40:14+00:00\",\"mainEntityOfPage\":{\"@id\":\"https:\\\/\\\/poblenouurbandistrict.com\\\/valkiria-iff-espai-granada-nuevos-miembros-poblenou-urban-district\\\/\"},\"wordCount\":1132,\"image\":{\"@id\":\"https:\\\/\\\/poblenouurbandistrict.com\\\/valkiria-iff-espai-granada-nuevos-miembros-poblenou-urban-district\\\/#primaryimage\"},\"thumbnailUrl\":\"https:\\\/\\\/poblenouurbandistrict.com\\\/wp-content\\\/uploads\\\/2020\\\/03\\\/espai-granda-living-room-scaled.jpeg\",\"articleSection\":[\"Espacios\"],\"inLanguage\":\"es\"},{\"@type\":\"WebPage\",\"@id\":\"https:\\\/\\\/poblenouurbandistrict.com\\\/es\\\/valkiria-iff-espai-granada-nuevos-miembros-poblenou-urban-district\\\/\",\"url\":\"https:\\\/\\\/poblenouurbandistrict.com\\\/es\\\/valkiria-iff-espai-granada-nuevos-miembros-poblenou-urban-district\\\/\",\"name\":\"Nuevos miembros - Poblenou Urban District - Espai Granada - Valkiria IFF\",\"isPartOf\":{\"@id\":\"https:\\\/\\\/poblenouurbandistrict.com\\\/es\\\/#website\"},\"primaryImageOfPage\":{\"@id\":\"https:\\\/\\\/poblenouurbandistrict.com\\\/es\\\/valkiria-iff-espai-granada-nuevos-miembros-poblenou-urban-district\\\/#primaryimage\"},\"image\":{\"@id\":\"https:\\\/\\\/poblenouurbandistrict.com\\\/valkiria-iff-espai-granada-nuevos-miembros-poblenou-urban-district\\\/#primaryimage\"},\"thumbnailUrl\":\"https:\\\/\\\/poblenouurbandistrict.com\\\/wp-content\\\/uploads\\\/2020\\\/03\\\/espai-granda-living-room-scaled.jpeg\",\"datePublished\":\"2020-03-19T11:23:14+00:00\",\"dateModified\":\"2020-04-08T10:40:14+00:00\",\"author\":{\"@id\":\"https:\\\/\\\/poblenouurbandistrict.com\\\/#\\\/schema\\\/person\\\/980a2cf34b399d5218205730acd54a7e\"},\"description\":\"Valkiria IFF y Espai Granada se unen como miembros de la comunidad del Poblenou Urban District de Barcelona, \u00a1bienvenidos!\",\"breadcrumb\":{\"@id\":\"https:\\\/\\\/poblenouurbandistrict.com\\\/es\\\/valkiria-iff-espai-granada-nuevos-miembros-poblenou-urban-district\\\/#breadcrumb\"},\"inLanguage\":\"es\",\"potentialAction\":[{\"@type\":\"ReadAction\",\"target\":[[\"https:\\\/\\\/poblenouurbandistrict.com\\\/es\\\/valkiria-iff-espai-granada-nuevos-miembros-poblenou-urban-district\\\/\"]]}]},{\"@type\":\"ImageObject\",\"inLanguage\":\"es\",\"@id\":\"https:\\\/\\\/poblenouurbandistrict.com\\\/es\\\/valkiria-iff-espai-granada-nuevos-miembros-poblenou-urban-district\\\/#primaryimage\",\"url\":\"https:\\\/\\\/poblenouurbandistrict.com\\\/wp-content\\\/uploads\\\/2020\\\/03\\\/espai-granda-living-room-scaled.jpeg\",\"contentUrl\":\"https:\\\/\\\/poblenouurbandistrict.com\\\/wp-content\\\/uploads\\\/2020\\\/03\\\/espai-granda-living-room-scaled.jpeg\",\"width\":1707,\"height\":2560},{\"@type\":\"BreadcrumbList\",\"@id\":\"https:\\\/\\\/poblenouurbandistrict.com\\\/es\\\/valkiria-iff-espai-granada-nuevos-miembros-poblenou-urban-district\\\/#breadcrumb\",\"itemListElement\":[{\"@type\":\"ListItem\",\"position\":1,\"name\":\"Home\",\"item\":\"https:\\\/\\\/poblenouurbandistrict.com\\\/es\\\/\"},{\"@type\":\"ListItem\",\"position\":2,\"name\":\"Benvinguts, Espai Granada i Valkiria IFF\"}]},{\"@type\":\"WebSite\",\"@id\":\"https:\\\/\\\/poblenouurbandistrict.com\\\/es\\\/#website\",\"url\":\"https:\\\/\\\/poblenouurbandistrict.com\\\/es\\\/\",\"name\":\"Poblenou Urban District\",\"description\":\"Comunidad Creativa\",\"potentialAction\":[{\"@type\":\"SearchAction\",\"target\":{\"@type\":\"EntryPoint\",\"urlTemplate\":\"https:\\\/\\\/poblenouurbandistrict.com\\\/es\\\/?s={search_term_string}\"},\"query-input\":{\"@type\":\"PropertyValueSpecification\",\"valueRequired\":true,\"valueName\":\"search_term_string\"}}],\"inLanguage\":\"es\"},{\"@type\":\"Person\",\"@id\":\"https:\\\/\\\/poblenouurbandistrict.com\\\/#\\\/schema\\\/person\\\/980a2cf34b399d5218205730acd54a7e\",\"name\":\"pnud\",\"image\":{\"@type\":\"ImageObject\",\"inLanguage\":\"es\",\"@id\":\"https:\\\/\\\/secure.gravatar.com\\\/avatar\\\/67146597b405ee077a24e519f75c3e2031736596d6ce35af3a34c122c93d0d7b?s=96&d=retro&r=g\",\"url\":\"https:\\\/\\\/secure.gravatar.com\\\/avatar\\\/67146597b405ee077a24e519f75c3e2031736596d6ce35af3a34c122c93d0d7b?s=96&d=retro&r=g\",\"contentUrl\":\"https:\\\/\\\/secure.gravatar.com\\\/avatar\\\/67146597b405ee077a24e519f75c3e2031736596d6ce35af3a34c122c93d0d7b?s=96&d=retro&r=g\",\"caption\":\"pnud\"}}]}<\/script>\n<!-- \/ Yoast SEO plugin. -->","yoast_head_json":{"title":"Nuevos miembros - Poblenou Urban District - Espai Granada - Valkiria IFF","description":"Valkiria IFF y Espai Granada se unen como miembros de la comunidad del Poblenou Urban District de Barcelona, \u00a1bienvenidos!","robots":{"index":"index","follow":"follow","max-snippet":"max-snippet:-1","max-image-preview":"max-image-preview:large","max-video-preview":"max-video-preview:-1"},"canonical":"https:\/\/poblenouurbandistrict.com\/es\/valkiria-iff-espai-granada-nuevos-miembros-poblenou-urban-district\/","og_locale":"es_ES","og_type":"article","og_title":"Nuevos miembros - Poblenou Urban District - Espai Granada - Valkiria IFF","og_description":"Valkiria IFF y Espai Granada se unen como miembros de la comunidad del Poblenou Urban District de Barcelona, \u00a1bienvenidos!","og_url":"https:\/\/poblenouurbandistrict.com\/es\/valkiria-iff-espai-granada-nuevos-miembros-poblenou-urban-district\/","og_site_name":"Poblenou Urban District","article_published_time":"2020-03-19T11:23:14+00:00","article_modified_time":"2020-04-08T10:40:14+00:00","og_image":[{"width":1707,"height":2560,"url":"https:\/\/poblenouurbandistrict.com\/wp-content\/uploads\/2020\/03\/espai-granda-living-room-scaled.jpeg","type":"image\/jpeg"}],"author":"pnud","twitter_card":"summary_large_image","twitter_misc":{"Escrito por":"pnud","Tiempo de lectura":"5 minutos"},"schema":{"@context":"https:\/\/schema.org","@graph":[{"@type":"Article","@id":"https:\/\/poblenouurbandistrict.com\/valkiria-iff-espai-granada-nuevos-miembros-poblenou-urban-district\/#article","isPartOf":{"@id":"https:\/\/poblenouurbandistrict.com\/valkiria-iff-espai-granada-nuevos-miembros-poblenou-urban-district\/"},"author":{"name":"pnud","@id":"https:\/\/poblenouurbandistrict.com\/#\/schema\/person\/980a2cf34b399d5218205730acd54a7e"},"headline":"Bienvenidos, Espai Granada y Valkiria IFF","datePublished":"2020-03-19T11:23:14+00:00","dateModified":"2020-04-08T10:40:14+00:00","mainEntityOfPage":{"@id":"https:\/\/poblenouurbandistrict.com\/valkiria-iff-espai-granada-nuevos-miembros-poblenou-urban-district\/"},"wordCount":1132,"image":{"@id":"https:\/\/poblenouurbandistrict.com\/valkiria-iff-espai-granada-nuevos-miembros-poblenou-urban-district\/#primaryimage"},"thumbnailUrl":"https:\/\/poblenouurbandistrict.com\/wp-content\/uploads\/2020\/03\/espai-granda-living-room-scaled.jpeg","articleSection":["Espacios"],"inLanguage":"es"},{"@type":"WebPage","@id":"https:\/\/poblenouurbandistrict.com\/es\/valkiria-iff-espai-granada-nuevos-miembros-poblenou-urban-district\/","url":"https:\/\/poblenouurbandistrict.com\/es\/valkiria-iff-espai-granada-nuevos-miembros-poblenou-urban-district\/","name":"Nuevos miembros - Poblenou Urban District - Espai Granada - Valkiria IFF","isPartOf":{"@id":"https:\/\/poblenouurbandistrict.com\/es\/#website"},"primaryImageOfPage":{"@id":"https:\/\/poblenouurbandistrict.com\/es\/valkiria-iff-espai-granada-nuevos-miembros-poblenou-urban-district\/#primaryimage"},"image":{"@id":"https:\/\/poblenouurbandistrict.com\/valkiria-iff-espai-granada-nuevos-miembros-poblenou-urban-district\/#primaryimage"},"thumbnailUrl":"https:\/\/poblenouurbandistrict.com\/wp-content\/uploads\/2020\/03\/espai-granda-living-room-scaled.jpeg","datePublished":"2020-03-19T11:23:14+00:00","dateModified":"2020-04-08T10:40:14+00:00","author":{"@id":"https:\/\/poblenouurbandistrict.com\/#\/schema\/person\/980a2cf34b399d5218205730acd54a7e"},"description":"Valkiria IFF y Espai Granada se unen como miembros de la comunidad del Poblenou Urban District de Barcelona, \u00a1bienvenidos!","breadcrumb":{"@id":"https:\/\/poblenouurbandistrict.com\/es\/valkiria-iff-espai-granada-nuevos-miembros-poblenou-urban-district\/#breadcrumb"},"inLanguage":"es","potentialAction":[{"@type":"ReadAction","target":[["https:\/\/poblenouurbandistrict.com\/es\/valkiria-iff-espai-granada-nuevos-miembros-poblenou-urban-district\/"]]}]},{"@type":"ImageObject","inLanguage":"es","@id":"https:\/\/poblenouurbandistrict.com\/es\/valkiria-iff-espai-granada-nuevos-miembros-poblenou-urban-district\/#primaryimage","url":"https:\/\/poblenouurbandistrict.com\/wp-content\/uploads\/2020\/03\/espai-granda-living-room-scaled.jpeg","contentUrl":"https:\/\/poblenouurbandistrict.com\/wp-content\/uploads\/2020\/03\/espai-granda-living-room-scaled.jpeg","width":1707,"height":2560},{"@type":"BreadcrumbList","@id":"https:\/\/poblenouurbandistrict.com\/es\/valkiria-iff-espai-granada-nuevos-miembros-poblenou-urban-district\/#breadcrumb","itemListElement":[{"@type":"ListItem","position":1,"name":"Home","item":"https:\/\/poblenouurbandistrict.com\/es\/"},{"@type":"ListItem","position":2,"name":"Benvinguts, Espai Granada i Valkiria IFF"}]},{"@type":"WebSite","@id":"https:\/\/poblenouurbandistrict.com\/es\/#website","url":"https:\/\/poblenouurbandistrict.com\/es\/","name":"Poblenou Urban District","description":"Comunidad Creativa","potentialAction":[{"@type":"SearchAction","target":{"@type":"EntryPoint","urlTemplate":"https:\/\/poblenouurbandistrict.com\/es\/?s={search_term_string}"},"query-input":{"@type":"PropertyValueSpecification","valueRequired":true,"valueName":"search_term_string"}}],"inLanguage":"es"},{"@type":"Person","@id":"https:\/\/poblenouurbandistrict.com\/#\/schema\/person\/980a2cf34b399d5218205730acd54a7e","name":"pnud","image":{"@type":"ImageObject","inLanguage":"es","@id":"https:\/\/secure.gravatar.com\/avatar\/67146597b405ee077a24e519f75c3e2031736596d6ce35af3a34c122c93d0d7b?s=96&d=retro&r=g","url":"https:\/\/secure.gravatar.com\/avatar\/67146597b405ee077a24e519f75c3e2031736596d6ce35af3a34c122c93d0d7b?s=96&d=retro&r=g","contentUrl":"https:\/\/secure.gravatar.com\/avatar\/67146597b405ee077a24e519f75c3e2031736596d6ce35af3a34c122c93d0d7b?s=96&d=retro&r=g","caption":"pnud"}}]}},"_links":{"self":[{"href":"https:\/\/poblenouurbandistrict.com\/es\/wp-json\/wp\/v2\/posts\/17534","targetHints":{"allow":["GET"]}}],"collection":[{"href":"https:\/\/poblenouurbandistrict.com\/es\/wp-json\/wp\/v2\/posts"}],"about":[{"href":"https:\/\/poblenouurbandistrict.com\/es\/wp-json\/wp\/v2\/types\/post"}],"author":[{"embeddable":true,"href":"https:\/\/poblenouurbandistrict.com\/es\/wp-json\/wp\/v2\/users\/5"}],"replies":[{"embeddable":true,"href":"https:\/\/poblenouurbandistrict.com\/es\/wp-json\/wp\/v2\/comments?post=17534"}],"version-history":[{"count":5,"href":"https:\/\/poblenouurbandistrict.com\/es\/wp-json\/wp\/v2\/posts\/17534\/revisions"}],"predecessor-version":[{"id":17797,"href":"https:\/\/poblenouurbandistrict.com\/es\/wp-json\/wp\/v2\/posts\/17534\/revisions\/17797"}],"wp:featuredmedia":[{"embeddable":true,"href":"https:\/\/poblenouurbandistrict.com\/es\/wp-json\/wp\/v2\/media\/17538"}],"wp:attachment":[{"href":"https:\/\/poblenouurbandistrict.com\/es\/wp-json\/wp\/v2\/media?parent=17534"}],"wp:term":[{"taxonomy":"category","embeddable":true,"href":"https:\/\/poblenouurbandistrict.com\/es\/wp-json\/wp\/v2\/categories?post=17534"},{"taxonomy":"post_tag","embeddable":true,"href":"https:\/\/poblenouurbandistrict.com\/es\/wp-json\/wp\/v2\/tags?post=17534"}],"curies":[{"name":"wp","href":"https:\/\/api.w.org\/{rel}","templated":true}]}}