{"id":24259,"date":"2021-11-19T14:18:31","date_gmt":"2021-11-19T13:18:31","guid":{"rendered":"https:\/\/poblenouurbandistrict.com\/?p=24259"},"modified":"2021-11-23T17:58:12","modified_gmt":"2021-11-23T16:58:12","slug":"centros-de-formacion-en-diseno-y-arquitectura-coworking-y-hubs","status":"publish","type":"post","link":"https:\/\/poblenouurbandistrict.com\/es\/centros-de-formacion-en-diseno-y-arquitectura-coworking-y-hubs\/","title":{"rendered":"Centros de Formaci\u00f3n en dise\u00f1o y arquitectura, coworking y hubs del Poblenou Open Night"},"content":{"rendered":"<p><span style=\"font-weight: 400;\">Po<span style=\"color: #000000;\">blenou es el centro neur\u00e1lgico de la comunidad creativa de Barcelona donde los centros de estudio relacionados con estas disciplinas se re\u00fanen en sus calles. Escuelas de arte y dise\u00f1o, institutos superiores de arquitectura, laboratorios de fabricaci\u00f3n\u2026 \u00a1Todos ellos se unen en el Poblenou para potenciar el futuro de las industrias creativas! <\/span><\/span><span style=\"font-weight: 400; color: #000000;\">Descubre todas las actividades que han preparado para el <strong><a style=\"color: #000000;\" href=\"https:\/\/poblenouurbandistrict.com\/en\/poblenou-open-night\/open-night-2021\/\" target=\"_blank\" rel=\"noopener\">Poblenou Open Night<\/a>:<\/strong>\u00a0<\/span><\/p>\n<p>&nbsp;<\/p>\n<p><span style=\"color: #000000;\"><a style=\"color: #000000;\" href=\"https:\/\/barcelonaschoolofcreativity.com\/\" target=\"_blank\" rel=\"noopener\"><b>Barcelona school of Creativity <\/b><\/a>adem\u00e1s de Centro de Alto Rendimiento Creativo, son especialistas en \u2018<strong>Creatividad Inside-Out<\/strong>\u2018; una integraci\u00f3n de diferentes fuentes, m\u00e9todos y t\u00e9cnicas, enfocadas al desarrollo del potencial creativo mediante el trabajo corporal, la experiencia sorpresa, la representaci\u00f3n y el trabajo creativo dirigido.<\/span><\/p>\n<p><span style=\"font-weight: 400; color: #000000;\">Para el Poblenou Open Night, Barcelona School of Creativity propone un Workshop en su espacio que durar\u00e1 aproximadamente unas tres horas y ser\u00e1 de Creatividad Inside-Out, un entrenamiento para creativos y creativas que quieran estimular su bienestar personal como eje transformador de la producci\u00f3n creativa.\u00a0<\/span><\/p>\n<p><span style=\"font-weight: 400; color: #000000;\"><a style=\"color: #000000;\" href=\"https:\/\/ja.cat\/ZO4BW\" target=\"_blank\" rel=\"noopener\"><strong>Reserva tu plaza<\/strong><\/a> y descubre lo que tu creatividad puede hacer.<\/span><\/p>\n<p><span style=\"color: #000000;\"><i><span style=\"font-weight: 400;\">Horario: 19:00 &#8211; 21:00<\/span><\/i><\/span><\/p>\n<p><span style=\"color: #000000;\"><i><span style=\"font-weight: 400;\">Pallars 65, interior, Nau 4<\/span><\/i><\/span><\/p>\n<p><span style=\"color: #000000;\"><i><span style=\"font-weight: 400;\">644419290<\/span><\/i><\/span><\/p>\n<p>&nbsp;<\/p>\n<p><span style=\"color: #000000;\"><a style=\"color: #000000;\" href=\"https:\/\/www.baued.es\/\" target=\"_blank\" rel=\"noopener\"><b>BAU Centro Universitario de Dise\u00f1o <\/b><\/a>ubicado en Barcelona y adscrito a la Universitat de Vic &#8211; Universitat Central de Catalunya, imparte estudios oficiales de dise\u00f1o dentro del Espacio Europeo de Educaci\u00f3n Superior. Con espacios para la docencia y experimentaci\u00f3n y para el fomento de la innovaci\u00f3n y la investigaci\u00f3n.<\/span><\/p>\n<p><span style=\"font-weight: 400; color: #000000;\">Para el poblenou Open Night BAU Centro Universitario de Dise\u00f1o de Barcelona nos propone tres actividades relevantes:\u00a0<\/span><\/p>\n<p><span style=\"color: #000000;\"><b>\u2018Exohive<\/b><span style=\"font-weight: 400;\">\u2019, que ha participado en la \u00faltima edici\u00f3n del S\u00f3nar+, ofrece una experiencia interactiva inmersiva con un organismo de exobiolog\u00eda especulativa. Heidi Valda y Javi Albo, con el apoyo de Luis Silva y Ruben Oya, presentan a un ser de ciencia-ficci\u00f3n para simular un encuentro con una criatura extraterrestre. La instalaci\u00f3n propone una hip\u00f3tesis sobre la existencia de vida en el universo y una exploraci\u00f3n de los l\u00edmites de la astrobiolog\u00eda.\u00a0<\/span><\/span><\/p>\n<p><span style=\"font-weight: 400; color: #000000;\"><strong>FINAL DEGREE FASHION FILM:<\/strong> Una veintena de colecciones de moda. J\u00f3venes, libres e inspiradoras. Juntas en una pasarela que es un film o en un film que es una pasarela.<\/span><\/p>\n<p><span style=\"font-weight: 400; color: #000000;\">Todo esto \u2014y mucho m\u00e1s\u2014 es el nuevo Final Degree Fashion Show de BAU. El tradicional desfile de los Trabajos Finales de Grado del alumnado del itinerario de Moda del Grado en Dise\u00f1o alcanza en esta edici\u00f3n una nueva dimensi\u00f3n y evoluciona hacia una pieza audiovisual que recoge la esencia de las colecciones.<\/span><\/p>\n<p><span style=\"color: #000000;\"><strong>MUSIC URBAN CIRCUIT \/ MUC<\/strong><\/span><\/p>\n<p><span style=\"color: #000000;\"><strong>BAU<\/strong> es uno de los espacios emblem\u00e1ticos\u00a0encargados de acoger una de las tardes m\u00e1s efervescentes a nivel musical. De 19 h a 00 h, con diferentes estilos y formatos musicales, brindaremos en compa\u00f1\u00eda de una programaci\u00f3n ecl\u00e9ctica e ins\u00f3lita con artistas emergentes y consolidados de la escena musical barcelonesa.<\/span><\/p>\n<ul>\n<li><span style=\"color: #000000;\">Connie<\/span><\/li>\n<li><span style=\"color: #000000;\">Bel Loren (aka Isa\u00b7bel)<\/span><\/li>\n<li><span style=\"color: #000000;\">Marina Pravkina (JazzBetween)<\/span><\/li>\n<li><span style=\"color: #000000;\">La Portenya DJ<\/span><\/li>\n<li><span style=\"color: #000000;\">Natif Orchestra<\/span><\/li>\n<li><span style=\"color: #000000;\">Fatbwoy<\/span><\/li>\n<\/ul>\n<p><span style=\"color: #000000;\"><i><span style=\"font-weight: 400;\">Horario: 19:00 &#8211; 00:00<\/span><\/i><\/span><\/p>\n<p><span style=\"color: #000000;\"><i><span style=\"font-weight: 400;\">Pujades 128<\/span><\/i><\/span><\/p>\n<p><span style=\"color: #000000;\"><i><span style=\"font-weight: 400;\">934153474<\/span><\/i><\/span><\/p>\n<p>&nbsp;<\/p>\n<p><span style=\"color: #000000;\"><a style=\"color: #000000;\" href=\"https:\/\/fxanimation.es\/\" target=\"_blank\" rel=\"noopener\"><b>FX Animation <\/b><\/a>con m\u00e1s de 14 a\u00f1os de experiencia y reconocidos internacionalmente como una de las 100 mejores escuelas de animaci\u00f3n y cine del mundo, son una escuela superior con titulaci\u00f3n propia de alto rendimiento, con sede \u00fanica en Barcelona y con dos grandes \u00e1reas de formaci\u00f3n: 3D\/Animaci\u00f3n y Cine.<\/span><\/p>\n<p><span style=\"font-weight: 400; color: #000000;\">Para el Poblenou Open Night, FX ANIMATION Barcelona 3D &amp; Film School te invita a asistir a una noche de cine en la que se podr\u00e1 disfrutar de 7 cortometrajes del festival de FX ANIMATION en colaboraci\u00f3n con RNE \u2013 R\u00e0dio 4, con gran proyecci\u00f3n internacional y en competici\u00f3n en festivales europeos, latinoamericanos, asi\u00e1ticos y de Ocean\u00eda. Se podr\u00e1 disfrutar de tramas de desencuentro, fantas\u00eda, ciencia ficci\u00f3n, romance, drama\u2026 Toda una oportunidad para ver en exclusiva esta programaci\u00f3n.\u00a0 \u00a1Os esperamos a las 19:00!<\/span><\/p>\n<p><span style=\"color: #000000;\"><strong><a style=\"color: #000000;\" href=\"https:\/\/www.eventbrite.es\/e\/entradas-poblenou-open-night-proyeccion-de-cortometrajes-203856419037?aff=erelexpmlt\" target=\"_blank\" rel=\"noopener\">Reserva tu plaza\u00a0<\/a><\/strong><\/span><\/p>\n<p><span style=\"font-weight: 400; color: #000000;\">Horarios de proyecciones:<\/span><\/p>\n<p><span style=\"font-weight: 400; color: #000000;\">19hs a 20hs<\/span><\/p>\n<p><span style=\"font-weight: 400; color: #000000;\">20:15hs a 21:15hs<\/span><\/p>\n<p><span style=\"font-weight: 400; color: #000000;\">21:30hs a 22:30hs<\/span><\/p>\n<p><span style=\"font-weight: 400; color: #000000;\">22:45hs a 23:45hs<\/span><\/p>\n<p><span style=\"color: #000000;\"><i><span style=\"font-weight: 400;\">Pujades, 112<\/span><\/i><\/span><\/p>\n<p><span style=\"color: #000000;\"><i><span style=\"font-weight: 400;\">934814391<\/span><\/i><\/span><\/p>\n<p>&nbsp;<\/p>\n<p><span style=\"color: #000000;\"><a style=\"color: #000000;\" href=\"https:\/\/iaac.net\/\" target=\"_blank\" rel=\"noopener\"><b>IAAC <\/b><\/a>Instituto de Arquitectura Avanzada de Catalu\u00f1a es un centro de investigaci\u00f3n, educaci\u00f3n, producci\u00f3n y divulgaci\u00f3n, con la misi\u00f3n de visualizar el h\u00e1bitat futuro de nuestra sociedad y construirlo en el presente.<\/span><\/p>\n<p><span style=\"font-weight: 400; color: #000000;\">Si tienes curiosidad por la tecnolog\u00eda y la innovaci\u00f3n, no pierdas la oportunidad de pasar por el IAAC la noche del Poblenou Open Night y conocer lo que hacen en el Instituto de Arquitectura Avanzada de Catalu\u00f1a. Nos abren las puertas de su laboratorio (<strong>Fab Lab Barcelona<\/strong>) para mostrar los resultados de sus \u00faltimos proyectos internacionales. Ven, toma una cerveza y explora c\u00f3mo se trabaja para un futuro m\u00e1s inclusivo, colaborativo y circular a trav\u00e9s de la investigaci\u00f3n y la innovaci\u00f3n.<\/span><\/p>\n<p><span style=\"color: #000000;\"><i><span style=\"font-weight: 400;\">Horario: 19h a 21h<\/span><\/i><\/span><\/p>\n<p><span style=\"color: #000000;\"><i><span style=\"font-weight: 400;\">Pujades 102<\/span><\/i><\/span><\/p>\n<p><span style=\"color: #000000;\"><i><span style=\"font-weight: 400;\">93 320 95 20<\/span><\/i><\/span><\/p>\n<p>&nbsp;<\/p>\n<p><span style=\"color: #000000;\"><a style=\"color: #000000;\" href=\"https:\/\/www.lidembarcelona.com\/\" target=\"_blank\" rel=\"noopener\"><b>L\u2019Idem Creative Arts School Barcelona <\/b><\/a>es la escuela internacional con m\u00e1s de 25 a\u00f1os de experiencia en la formaci\u00f3n de nuevos talentos de las artes creativas, especialmente en los \u00e1mbitos de la Animaci\u00f3n y el Dise\u00f1o.<\/span><\/p>\n<p><span style=\"color: #000000;\"><span style=\"font-weight: 400;\">En el Idem Creative Arts School Barcelona han programado diversas actividades para la especial noche del Open Night. <\/span><span style=\"font-weight: 400;\">Ser\u00e1 una jornada con una demostraci\u00f3n del gran talento de sus estudiantes. De 19h a 23h el visitante podr\u00e1 disfrutar de las siguientes actividades:<\/span><\/span><\/p>\n<p><span style=\"font-weight: 400; color: #000000;\"><strong>Taller Pixilaci\u00f3n:<\/strong> \u00bfquieres convertirte en t\u00edtere de una animaci\u00f3n? En este taller te explicaremos en qu\u00e9 consiste la t\u00e9cnica de Stop Motion de la pixilaci\u00f3n, y crearemos una animaci\u00f3n contigo como protagonista.<\/span><\/p>\n<p><span style=\"font-weight: 400; color: #000000;\"><strong>Taller de caricaturas:<\/strong> \u00bfc\u00f3mo ser\u00eda tu rostro en un retrato caricaturizado? Ven a descubrirlo en este taller de la mano de los estudiantes de Animaci\u00f3n de L\u2019Idem Barcelona.<\/span><\/p>\n<p><span style=\"font-weight: 400; color: #000000;\"><strong>Mercado de dise\u00f1o:<\/strong> te invitamos a descubrir los \u00faltimos dise\u00f1os textiles de sus estudiantes de Animaci\u00f3n y Dise\u00f1o Digital. \u00a1El regalo perfecto para Navidad!<\/span><\/p>\n<p><span style=\"font-weight: 400; color: #000000;\"><strong>Stickers creativos:<\/strong> decora tu m\u00f3vil, ordenador o cualquier objeto con las pegatinas dise\u00f1adas por nuestros estudiantes.<\/span><\/p>\n<p><span style=\"font-weight: 400; color: #000000;\">Y \u2026 \u00a1disfruta de m\u00fasica en directo en L\u2019Idem!<\/span><\/p>\n<p><span style=\"color: #000000;\"><i><span style=\"font-weight: 400;\">Horario: 19h at 23h<\/span><\/i><\/span><\/p>\n<p><span style=\"color: #000000;\"><i><span style=\"font-weight: 400;\">Ciutat de Granada 53-57<\/span><\/i><\/span><\/p>\n<p><span style=\"color: #000000;\"><i><span style=\"font-weight: 400;\">934854550<\/span><\/i><\/span><\/p>\n<p>&nbsp;<\/p>\n<p><span style=\"color: #000000;\"><a style=\"color: #000000;\" href=\"https:\/\/www.bridge48.com\/\" target=\"_blank\" rel=\"noopener\"><b>Bridge_48 <\/b><\/a>el hub creativo afincado en el distrito creativo de Barcelona. Un puente que conecta a artistas emergentes con m\u00fasicos establecidos, creando una red de contactos sin fronteras basada en la colaboraci\u00f3n universal que humaniza la industria y fortalece la diversidad cultural.<\/span><\/p>\n<p><span style=\"font-weight: 400; color: #000000;\">En la noche del Poblenou Open Night en el Bridge_48 se vivir\u00e1 una aut\u00e9ntica explosi\u00f3n musical. Abre las puertas para presentarnos una programaci\u00f3n musical con 8 DJs distribuidos entre un auditorio con sonido de alta fidelidad y dos escenarios de Silent Party (cada participante tiene sus propios auriculares). All\u00ed podr\u00e1s conocer a una comunidad de creadores y creadoras de la m\u00fasica del futuro y sus proyectos art\u00edsticos.<\/span><\/p>\n<p><span style=\"color: #000000;\">Adem\u00e1s de esta programaci\u00f3n el Bridge_48 incorpora parte del line-up del MUSIC URBAN CIRCUIT \/ MUC<\/span><\/p>\n<p><span style=\"color: #000000;\">El <span style=\"font-weight: 400;\"><strong>Bridge_48<\/strong> es una de los espacios <\/span>emblem\u00e1ticos\u00a0encargados de acoger una de las tardes m\u00e1s efervescentes a nivel musical. De 19 h a 00 h, con diferentes estilos y formatos musicales, brindaremos en compa\u00f1\u00eda de una programaci\u00f3n ecl\u00e9ctica e ins\u00f3lita con artistas emergentes y consolidados de la escena musical barcelonesa.<\/span><\/p>\n<ul>\n<li><span style=\"color: #000000;\">Radioborneo<\/span><\/li>\n<li><span style=\"color: #000000;\">Pankiun<\/span><\/li>\n<li><span style=\"color: #000000;\">DJ miss beat<\/span><\/li>\n<li>Omvra<\/li>\n<\/ul>\n<p><i><span style=\"font-weight: 400;\">Horario: 19h a 00h<\/span><\/i><\/p>\n<p><i><span style=\"font-weight: 400;\">Llull 48, bajos izquierda<\/span><\/i><\/p>\n<p>&nbsp;<\/p>\n<p><span style=\"color: #000000;\"><a style=\"color: #000000;\" href=\"https:\/\/valkiriahubspace.com\/2021-nosotros\/\" target=\"_blank\" rel=\"noopener\"><strong>Valkiria Hub Space<\/strong><\/a><\/span><span data-sheets-value=\"{&quot;1&quot;:2,&quot;2&quot;:&quot;Valkiria ha programado diversas actividades: Desde una exposici\u00f3n de arte sobre Constructivismo Entr\u00f3pico, del Artista Guillermo Jure, a una degustaci\u00f3n de postales comestibles de la mano de \\&quot;Flipando en Colores\\&quot; hasta Experiencia en entorno inmersivo usando Chroma. Todo ambientado con la M\u00fasica de la Dj, Dj Sia miss de 21:00 a 23:00 y con la oferta gastronom\u00eda by Golden Smith.&quot;}\" data-sheets-userformat=\"{&quot;2&quot;:961,&quot;3&quot;:{&quot;1&quot;:0},&quot;9&quot;:1,&quot;10&quot;:1,&quot;11&quot;:4,&quot;12&quot;:0}\">\u00a0ha programado diversas actividades: Desde una exposici\u00f3n de arte sobre Constructivismo Entr\u00f3pico, del Artista Guillermo Jure, a una degustaci\u00f3n de postales comestibles de la mano de \u00abFlipando en Colores\u00bb hasta Experiencia en entorno inmersivo usando Chroma. Todo ambientado con la M\u00fasica de la Dj, Dj Sia miss de 21:00 a 23:00 y con la oferta gastronom\u00eda by Golden Smith.<\/span><\/p>\n<p><em>Horario: 19:00 &#8211; 00:00<\/em><\/p>\n<p><em>Direcci\u00f3n: Pujades 126<\/em><\/p>\n<p>&nbsp;<\/p>","protected":false},"excerpt":{"rendered":"<p>Poblenou es el centro neur\u00e1lgico de la comunidad creativa de Barcelona donde los centros de estudio relacionados con estas disciplinas&#8230; <a href=\"https:\/\/poblenouurbandistrict.com\/es\/centros-de-formacion-en-diseno-y-arquitectura-coworking-y-hubs\/\">M\u00e1s  \u2192<\/a><\/p>\n","protected":false},"author":5,"featured_media":24338,"comment_status":"closed","ping_status":"closed","sticky":false,"template":"","format":"standard","meta":{"_acf_changed":false,"footnotes":""},"categories":[3526,3364,3345],"tags":[],"class_list":["post-24259","post","type-post","status-publish","format-standard","has-post-thumbnail","hentry","category-open-night","category-poblenou-urban-district","category-formacion"],"acf":[],"yoast_head":"<!-- This site is optimized with the Yoast SEO plugin v27.4 - https:\/\/yoast.com\/product\/yoast-seo-wordpress\/ -->\n<title>Poblenou Urban District &#8211; Open Night &#8211; Poblenou Urban District<\/title>\n<meta name=\"description\" content=\"Descubre todas las actividades que han preparado estos centros formativos para la jornada del Poblenou Open Night.\" \/>\n<meta name=\"robots\" content=\"index, follow, max-snippet:-1, max-image-preview:large, max-video-preview:-1\" \/>\n<link rel=\"canonical\" href=\"https:\/\/poblenouurbandistrict.com\/es\/centros-de-formacion-en-diseno-y-arquitectura-coworking-y-hubs\/\" \/>\n<meta property=\"og:locale\" content=\"es_ES\" \/>\n<meta property=\"og:type\" content=\"article\" \/>\n<meta property=\"og:title\" content=\"Poblenou Urban District &#8211; Open Night &#8211; Poblenou Urban District\" \/>\n<meta property=\"og:description\" content=\"Descubre todas las actividades que han preparado estos centros formativos para la jornada del Poblenou Open Night.\" \/>\n<meta property=\"og:url\" content=\"https:\/\/poblenouurbandistrict.com\/es\/centros-de-formacion-en-diseno-y-arquitectura-coworking-y-hubs\/\" \/>\n<meta property=\"og:site_name\" content=\"Poblenou Urban District\" \/>\n<meta property=\"article:published_time\" content=\"2021-11-19T13:18:31+00:00\" \/>\n<meta property=\"article:modified_time\" content=\"2021-11-23T16:58:12+00:00\" \/>\n<meta property=\"og:image\" content=\"https:\/\/poblenouurbandistrict.com\/wp-content\/uploads\/2021\/11\/makerspaces-iaac-fablab-estudiantes-scaled.jpg\" \/>\n\t<meta property=\"og:image:width\" content=\"2560\" \/>\n\t<meta property=\"og:image:height\" content=\"1707\" \/>\n\t<meta property=\"og:image:type\" content=\"image\/jpeg\" \/>\n<meta name=\"author\" content=\"pnud\" \/>\n<meta name=\"twitter:card\" content=\"summary_large_image\" \/>\n<meta name=\"twitter:label1\" content=\"Escrito por\" \/>\n\t<meta name=\"twitter:data1\" content=\"pnud\" \/>\n\t<meta name=\"twitter:label2\" content=\"Tiempo de lectura\" \/>\n\t<meta name=\"twitter:data2\" content=\"18 minutos\" \/>\n<script type=\"application\/ld+json\" class=\"yoast-schema-graph\">{\"@context\":\"https:\\\/\\\/schema.org\",\"@graph\":[{\"@type\":\"Article\",\"@id\":\"https:\\\/\\\/poblenouurbandistrict.com\\\/centros-de-formacion-en-diseno-y-arquitectura-coworking-y-hubs\\\/#article\",\"isPartOf\":{\"@id\":\"https:\\\/\\\/poblenouurbandistrict.com\\\/centros-de-formacion-en-diseno-y-arquitectura-coworking-y-hubs\\\/\"},\"author\":{\"name\":\"pnud\",\"@id\":\"https:\\\/\\\/poblenouurbandistrict.com\\\/#\\\/schema\\\/person\\\/980a2cf34b399d5218205730acd54a7e\"},\"headline\":\"Centros de Formaci\u00f3n en dise\u00f1o y arquitectura, coworking y hubs del Poblenou Open Night\",\"datePublished\":\"2021-11-19T13:18:31+00:00\",\"dateModified\":\"2021-11-23T16:58:12+00:00\",\"mainEntityOfPage\":{\"@id\":\"https:\\\/\\\/poblenouurbandistrict.com\\\/centros-de-formacion-en-diseno-y-arquitectura-coworking-y-hubs\\\/\"},\"wordCount\":3729,\"image\":{\"@id\":\"https:\\\/\\\/poblenouurbandistrict.com\\\/centros-de-formacion-en-diseno-y-arquitectura-coworking-y-hubs\\\/#primaryimage\"},\"thumbnailUrl\":\"https:\\\/\\\/media.poblenouurbandistrict.com\\\/2021\\\/11\\\/25042859\\\/makerspaces-iaac-fablab-estudiantes-scaled.jpg\",\"articleSection\":[\"Open Night\",\"Poblenou Urban District\",\"Formaci\u00f3n\"],\"inLanguage\":\"es\"},{\"@type\":\"WebPage\",\"@id\":\"https:\\\/\\\/poblenouurbandistrict.com\\\/es\\\/centros-de-formacion-en-diseno-y-arquitectura-coworking-y-hubs\\\/\",\"url\":\"https:\\\/\\\/poblenouurbandistrict.com\\\/es\\\/centros-de-formacion-en-diseno-y-arquitectura-coworking-y-hubs\\\/\",\"name\":\"Poblenou Urban District &#8211; Open Night &#8211; Poblenou Urban District\",\"isPartOf\":{\"@id\":\"https:\\\/\\\/poblenouurbandistrict.com\\\/es\\\/#website\"},\"primaryImageOfPage\":{\"@id\":\"https:\\\/\\\/poblenouurbandistrict.com\\\/es\\\/centros-de-formacion-en-diseno-y-arquitectura-coworking-y-hubs\\\/#primaryimage\"},\"image\":{\"@id\":\"https:\\\/\\\/poblenouurbandistrict.com\\\/centros-de-formacion-en-diseno-y-arquitectura-coworking-y-hubs\\\/#primaryimage\"},\"thumbnailUrl\":\"https:\\\/\\\/media.poblenouurbandistrict.com\\\/2021\\\/11\\\/25042859\\\/makerspaces-iaac-fablab-estudiantes-scaled.jpg\",\"datePublished\":\"2021-11-19T13:18:31+00:00\",\"dateModified\":\"2021-11-23T16:58:12+00:00\",\"author\":{\"@id\":\"https:\\\/\\\/poblenouurbandistrict.com\\\/#\\\/schema\\\/person\\\/980a2cf34b399d5218205730acd54a7e\"},\"description\":\"Descubre todas las actividades que han preparado estos centros formativos para la jornada del Poblenou Open Night.\",\"breadcrumb\":{\"@id\":\"https:\\\/\\\/poblenouurbandistrict.com\\\/es\\\/centros-de-formacion-en-diseno-y-arquitectura-coworking-y-hubs\\\/#breadcrumb\"},\"inLanguage\":\"es\",\"potentialAction\":[{\"@type\":\"ReadAction\",\"target\":[[\"https:\\\/\\\/poblenouurbandistrict.com\\\/es\\\/centros-de-formacion-en-diseno-y-arquitectura-coworking-y-hubs\\\/\"]]}]},{\"@type\":\"ImageObject\",\"inLanguage\":\"es\",\"@id\":\"https:\\\/\\\/poblenouurbandistrict.com\\\/es\\\/centros-de-formacion-en-diseno-y-arquitectura-coworking-y-hubs\\\/#primaryimage\",\"url\":\"https:\\\/\\\/media.poblenouurbandistrict.com\\\/2021\\\/11\\\/25042859\\\/makerspaces-iaac-fablab-estudiantes-scaled.jpg\",\"contentUrl\":\"https:\\\/\\\/media.poblenouurbandistrict.com\\\/2021\\\/11\\\/25042859\\\/makerspaces-iaac-fablab-estudiantes-scaled.jpg\",\"width\":2560,\"height\":1707},{\"@type\":\"BreadcrumbList\",\"@id\":\"https:\\\/\\\/poblenouurbandistrict.com\\\/es\\\/centros-de-formacion-en-diseno-y-arquitectura-coworking-y-hubs\\\/#breadcrumb\",\"itemListElement\":[{\"@type\":\"ListItem\",\"position\":1,\"name\":\"Home\",\"item\":\"https:\\\/\\\/poblenouurbandistrict.com\\\/es\\\/\"},{\"@type\":\"ListItem\",\"position\":2,\"name\":\"Centres de Formaci\u00f3 en disseny i arquitectura, coworking i hubs del Poblenou Open Night\"}]},{\"@type\":\"WebSite\",\"@id\":\"https:\\\/\\\/poblenouurbandistrict.com\\\/es\\\/#website\",\"url\":\"https:\\\/\\\/poblenouurbandistrict.com\\\/es\\\/\",\"name\":\"Poblenou Urban District\",\"description\":\"Comunidad Creativa\",\"potentialAction\":[{\"@type\":\"SearchAction\",\"target\":{\"@type\":\"EntryPoint\",\"urlTemplate\":\"https:\\\/\\\/poblenouurbandistrict.com\\\/es\\\/?s={search_term_string}\"},\"query-input\":{\"@type\":\"PropertyValueSpecification\",\"valueRequired\":true,\"valueName\":\"search_term_string\"}}],\"inLanguage\":\"es\"},{\"@type\":\"Person\",\"@id\":\"https:\\\/\\\/poblenouurbandistrict.com\\\/#\\\/schema\\\/person\\\/980a2cf34b399d5218205730acd54a7e\",\"name\":\"pnud\",\"image\":{\"@type\":\"ImageObject\",\"inLanguage\":\"es\",\"@id\":\"https:\\\/\\\/secure.gravatar.com\\\/avatar\\\/67146597b405ee077a24e519f75c3e2031736596d6ce35af3a34c122c93d0d7b?s=96&d=retro&r=g\",\"url\":\"https:\\\/\\\/secure.gravatar.com\\\/avatar\\\/67146597b405ee077a24e519f75c3e2031736596d6ce35af3a34c122c93d0d7b?s=96&d=retro&r=g\",\"contentUrl\":\"https:\\\/\\\/secure.gravatar.com\\\/avatar\\\/67146597b405ee077a24e519f75c3e2031736596d6ce35af3a34c122c93d0d7b?s=96&d=retro&r=g\",\"caption\":\"pnud\"}}]}<\/script>\n<!-- \/ Yoast SEO plugin. -->","yoast_head_json":{"title":"Poblenou Urban District &#8211; Open Night &#8211; Poblenou Urban District","description":"Descubre todas las actividades que han preparado estos centros formativos para la jornada del Poblenou Open Night.","robots":{"index":"index","follow":"follow","max-snippet":"max-snippet:-1","max-image-preview":"max-image-preview:large","max-video-preview":"max-video-preview:-1"},"canonical":"https:\/\/poblenouurbandistrict.com\/es\/centros-de-formacion-en-diseno-y-arquitectura-coworking-y-hubs\/","og_locale":"es_ES","og_type":"article","og_title":"Poblenou Urban District &#8211; Open Night &#8211; Poblenou Urban District","og_description":"Descubre todas las actividades que han preparado estos centros formativos para la jornada del Poblenou Open Night.","og_url":"https:\/\/poblenouurbandistrict.com\/es\/centros-de-formacion-en-diseno-y-arquitectura-coworking-y-hubs\/","og_site_name":"Poblenou Urban District","article_published_time":"2021-11-19T13:18:31+00:00","article_modified_time":"2021-11-23T16:58:12+00:00","og_image":[{"width":2560,"height":1707,"url":"https:\/\/poblenouurbandistrict.com\/wp-content\/uploads\/2021\/11\/makerspaces-iaac-fablab-estudiantes-scaled.jpg","type":"image\/jpeg"}],"author":"pnud","twitter_card":"summary_large_image","twitter_misc":{"Escrito por":"pnud","Tiempo de lectura":"18 minutos"},"schema":{"@context":"https:\/\/schema.org","@graph":[{"@type":"Article","@id":"https:\/\/poblenouurbandistrict.com\/centros-de-formacion-en-diseno-y-arquitectura-coworking-y-hubs\/#article","isPartOf":{"@id":"https:\/\/poblenouurbandistrict.com\/centros-de-formacion-en-diseno-y-arquitectura-coworking-y-hubs\/"},"author":{"name":"pnud","@id":"https:\/\/poblenouurbandistrict.com\/#\/schema\/person\/980a2cf34b399d5218205730acd54a7e"},"headline":"Centros de Formaci\u00f3n en dise\u00f1o y arquitectura, coworking y hubs del Poblenou Open Night","datePublished":"2021-11-19T13:18:31+00:00","dateModified":"2021-11-23T16:58:12+00:00","mainEntityOfPage":{"@id":"https:\/\/poblenouurbandistrict.com\/centros-de-formacion-en-diseno-y-arquitectura-coworking-y-hubs\/"},"wordCount":3729,"image":{"@id":"https:\/\/poblenouurbandistrict.com\/centros-de-formacion-en-diseno-y-arquitectura-coworking-y-hubs\/#primaryimage"},"thumbnailUrl":"https:\/\/media.poblenouurbandistrict.com\/2021\/11\/25042859\/makerspaces-iaac-fablab-estudiantes-scaled.jpg","articleSection":["Open Night","Poblenou Urban District","Formaci\u00f3n"],"inLanguage":"es"},{"@type":"WebPage","@id":"https:\/\/poblenouurbandistrict.com\/es\/centros-de-formacion-en-diseno-y-arquitectura-coworking-y-hubs\/","url":"https:\/\/poblenouurbandistrict.com\/es\/centros-de-formacion-en-diseno-y-arquitectura-coworking-y-hubs\/","name":"Poblenou Urban District &#8211; Open Night &#8211; Poblenou Urban District","isPartOf":{"@id":"https:\/\/poblenouurbandistrict.com\/es\/#website"},"primaryImageOfPage":{"@id":"https:\/\/poblenouurbandistrict.com\/es\/centros-de-formacion-en-diseno-y-arquitectura-coworking-y-hubs\/#primaryimage"},"image":{"@id":"https:\/\/poblenouurbandistrict.com\/centros-de-formacion-en-diseno-y-arquitectura-coworking-y-hubs\/#primaryimage"},"thumbnailUrl":"https:\/\/media.poblenouurbandistrict.com\/2021\/11\/25042859\/makerspaces-iaac-fablab-estudiantes-scaled.jpg","datePublished":"2021-11-19T13:18:31+00:00","dateModified":"2021-11-23T16:58:12+00:00","author":{"@id":"https:\/\/poblenouurbandistrict.com\/#\/schema\/person\/980a2cf34b399d5218205730acd54a7e"},"description":"Descubre todas las actividades que han preparado estos centros formativos para la jornada del Poblenou Open Night.","breadcrumb":{"@id":"https:\/\/poblenouurbandistrict.com\/es\/centros-de-formacion-en-diseno-y-arquitectura-coworking-y-hubs\/#breadcrumb"},"inLanguage":"es","potentialAction":[{"@type":"ReadAction","target":[["https:\/\/poblenouurbandistrict.com\/es\/centros-de-formacion-en-diseno-y-arquitectura-coworking-y-hubs\/"]]}]},{"@type":"ImageObject","inLanguage":"es","@id":"https:\/\/poblenouurbandistrict.com\/es\/centros-de-formacion-en-diseno-y-arquitectura-coworking-y-hubs\/#primaryimage","url":"https:\/\/media.poblenouurbandistrict.com\/2021\/11\/25042859\/makerspaces-iaac-fablab-estudiantes-scaled.jpg","contentUrl":"https:\/\/media.poblenouurbandistrict.com\/2021\/11\/25042859\/makerspaces-iaac-fablab-estudiantes-scaled.jpg","width":2560,"height":1707},{"@type":"BreadcrumbList","@id":"https:\/\/poblenouurbandistrict.com\/es\/centros-de-formacion-en-diseno-y-arquitectura-coworking-y-hubs\/#breadcrumb","itemListElement":[{"@type":"ListItem","position":1,"name":"Home","item":"https:\/\/poblenouurbandistrict.com\/es\/"},{"@type":"ListItem","position":2,"name":"Centres de Formaci\u00f3 en disseny i arquitectura, coworking i hubs del Poblenou Open Night"}]},{"@type":"WebSite","@id":"https:\/\/poblenouurbandistrict.com\/es\/#website","url":"https:\/\/poblenouurbandistrict.com\/es\/","name":"Poblenou Urban District","description":"Comunidad Creativa","potentialAction":[{"@type":"SearchAction","target":{"@type":"EntryPoint","urlTemplate":"https:\/\/poblenouurbandistrict.com\/es\/?s={search_term_string}"},"query-input":{"@type":"PropertyValueSpecification","valueRequired":true,"valueName":"search_term_string"}}],"inLanguage":"es"},{"@type":"Person","@id":"https:\/\/poblenouurbandistrict.com\/#\/schema\/person\/980a2cf34b399d5218205730acd54a7e","name":"pnud","image":{"@type":"ImageObject","inLanguage":"es","@id":"https:\/\/secure.gravatar.com\/avatar\/67146597b405ee077a24e519f75c3e2031736596d6ce35af3a34c122c93d0d7b?s=96&d=retro&r=g","url":"https:\/\/secure.gravatar.com\/avatar\/67146597b405ee077a24e519f75c3e2031736596d6ce35af3a34c122c93d0d7b?s=96&d=retro&r=g","contentUrl":"https:\/\/secure.gravatar.com\/avatar\/67146597b405ee077a24e519f75c3e2031736596d6ce35af3a34c122c93d0d7b?s=96&d=retro&r=g","caption":"pnud"}}]}},"_links":{"self":[{"href":"https:\/\/poblenouurbandistrict.com\/es\/wp-json\/wp\/v2\/posts\/24259","targetHints":{"allow":["GET"]}}],"collection":[{"href":"https:\/\/poblenouurbandistrict.com\/es\/wp-json\/wp\/v2\/posts"}],"about":[{"href":"https:\/\/poblenouurbandistrict.com\/es\/wp-json\/wp\/v2\/types\/post"}],"author":[{"embeddable":true,"href":"https:\/\/poblenouurbandistrict.com\/es\/wp-json\/wp\/v2\/users\/5"}],"replies":[{"embeddable":true,"href":"https:\/\/poblenouurbandistrict.com\/es\/wp-json\/wp\/v2\/comments?post=24259"}],"version-history":[{"count":18,"href":"https:\/\/poblenouurbandistrict.com\/es\/wp-json\/wp\/v2\/posts\/24259\/revisions"}],"predecessor-version":[{"id":24527,"href":"https:\/\/poblenouurbandistrict.com\/es\/wp-json\/wp\/v2\/posts\/24259\/revisions\/24527"}],"wp:featuredmedia":[{"embeddable":true,"href":"https:\/\/poblenouurbandistrict.com\/es\/wp-json\/wp\/v2\/media\/24338"}],"wp:attachment":[{"href":"https:\/\/poblenouurbandistrict.com\/es\/wp-json\/wp\/v2\/media?parent=24259"}],"wp:term":[{"taxonomy":"category","embeddable":true,"href":"https:\/\/poblenouurbandistrict.com\/es\/wp-json\/wp\/v2\/categories?post=24259"},{"taxonomy":"post_tag","embeddable":true,"href":"https:\/\/poblenouurbandistrict.com\/es\/wp-json\/wp\/v2\/tags?post=24259"}],"curies":[{"name":"wp","href":"https:\/\/api.w.org\/{rel}","templated":true}]}}