{"id":25049,"date":"2021-12-16T13:44:30","date_gmt":"2021-12-16T12:44:30","guid":{"rendered":"https:\/\/poblenouurbandistrict.com\/?p=25049"},"modified":"2021-12-16T19:23:52","modified_gmt":"2021-12-16T18:23:52","slug":"ar-de-encen-els-carrers-de-poblenou-dart-i-disseny","status":"publish","type":"post","link":"https:\/\/poblenouurbandistrict.com\/es\/ar-de-encen-els-carrers-de-poblenou-dart-i-disseny\/","title":{"rendered":"AR-DE enciende las calles de Poblenou de arte y dise\u00f1o"},"content":{"rendered":"<p>El segundo fin de semana de diciembre con la comunidad de Poblenou Urban District celebramos la primera edici\u00f3n de <span style=\"color: #000000;\"><strong><a style=\"color: #000000;\" href=\"https:\/\/poblenouurbandistrict.com\/es\/neix-ar-de-el-nou-circuit-artistic-de-barcelona\/\">AR-DE<\/a>,<\/strong> <\/span>un circuito de museos, galer\u00edas de arte y dise\u00f1o y showrooms del distrito creativo de Barcelona.<\/p>\n<p>En AR-DE participaron un total de 11 espacios que ofrecieron todo un abanico de exposiciones, presentaciones de productos de dise\u00f1o y nuevas colecciones. <span style=\"color: #000000;\"><strong><a style=\"color: #000000;\" href=\"https:\/\/poblenouurbandistrict.com\/es\/descobreix-la-programacio-dar-de\/\">Una programaci\u00f3n<\/a> <\/strong><\/span>que acerc\u00f3 a un p\u00fablico atra\u00eddo por el arte y el dise\u00f1o y que pudo disfrutar durante los d\u00edas 10, 11 y 12 de diciembre.<\/p>\n<p>En esta primera edici\u00f3n de AR-DE, con la complicidad de 11 entidades y espacios de la comunidad creativa de Barcelona, Poblenou Urban District pretende promover el arte y el dise\u00f1o que se \u201ccultiva\u201d dentro del distrito creativo de Barcelona, no solo con la intenci\u00f3n de acercar al p\u00fablico a la programaci\u00f3n de estos espacios, sino tambi\u00e9n incentivar la venta de arte y dise\u00f1o. Una primera cata de lo que esperamos se convierta en algo s\u00f3lido y recurrente.<\/p>\n<p>En <span style=\"color: #000000;\"><strong><a style=\"color: #000000;\" href=\"https:\/\/poblenouurbandistrict.com\/es\/neix-ar-de-el-nou-circuit-artistic-de-barcelona\/\">AR-DE<\/a> <\/strong><\/span>contamos tambi\u00e9n con la colaboraci\u00f3n del colectivo Tecno-Art\u00edstico<span style=\"color: #000000;\"><strong> <a style=\"color: #000000;\" href=\"https:\/\/poblenouurbandistrict.com\/es\/luzidlab-volem-desenvolupar-experiencies-immersives-pel-be-de-la-societat\/\">Luzidlab<\/a><\/strong><\/span>, que desarroll\u00f3 una app especialmente dise\u00f1ada para la ocasi\u00f3n. En ella pudimos ver e interpretar distintas esculturas en forma de extintor en formato virtual a trav\u00e9s de nuestro Smartphone y un p\u00f3ster anclado en cada uno de los espacios participantes.<\/p>\n<p>Adem\u00e1s, el s\u00e1bado contamos con las charlas<span style=\"color: #000000;\"><strong> <a style=\"color: #000000;\" href=\"https:\/\/poblenouurbandistrict.com\/es\/torna-el-cicle-de-conferencies-urban-talks\/\">Urban Talks<\/a><\/strong><\/span>, un ciclo de charlas celebradas en Razzmatazz donde se pudo degustar de un interesante debate sobre cultura y creatividad en relaci\u00f3n con el entorno urbano. Este a\u00f1o, celebramos la tercera edici\u00f3n bajo el t\u00edtulo: Cultura y creatividad en mutaci\u00f3n continua, con un conjunto de tres conferencias para dialogar y tratar la modernidad tecnol\u00f3gica dentro de la ciudad y c\u00f3mo afecta a las industrias cultural, creativa y art\u00edstica de la zona.<\/p>\n<p>Fue una oportunidad \u00fanica para debatir sobre el arte, el patrimonio, la econom\u00eda, la tecnolog\u00eda o la sostenibilidad con profesionales que han destacado por su actividad en estos campos y nos permitieron ver con optimismo el futuro de las ciudades.<\/p>\n<p>Si no pudiste asistir, puedes disfrutarlas en el siguiente v\u00eddeo.<\/p>\n<p><div class=\"flex-video\"><iframe loading=\"lazy\" title=\"Urban Talks\" width=\"896\" height=\"504\" src=\"https:\/\/www.youtube.com\/embed\/wye7jnzbk2c?feature=oembed\" frameborder=\"0\" allow=\"accelerometer; autoplay; clipboard-write; encrypted-media; gyroscope; picture-in-picture\" allowfullscreen><\/iframe><\/div><\/p>\n<p>&nbsp;<\/p>","protected":false},"excerpt":{"rendered":"<p>El segundo fin de semana de diciembre con la comunidad de Poblenou Urban District celebramos la primera edici\u00f3n de AR-DE,&#8230; <a href=\"https:\/\/poblenouurbandistrict.com\/es\/ar-de-encen-els-carrers-de-poblenou-dart-i-disseny\/\">M\u00e1s  \u2192<\/a><\/p>\n","protected":false},"author":5,"featured_media":25100,"comment_status":"closed","ping_status":"closed","sticky":false,"template":"","format":"standard","meta":{"_acf_changed":false,"footnotes":""},"categories":[3538,3364],"tags":[],"class_list":["post-25049","post","type-post","status-publish","format-standard","has-post-thumbnail","hentry","category-ar-de","category-poblenou-urban-district"],"acf":[],"yoast_head":"<!-- This site is optimized with the Yoast SEO plugin v27.5 - https:\/\/yoast.com\/product\/yoast-seo-wordpress\/ -->\n<title>AR-DE enciende las calles de Poblenou de arte y dise\u00f1o &#8211; AR-DE &#8211;<\/title>\n<meta name=\"description\" content=\"El segon cap de setmana de desembre la comunitat de Poblenou Urban District va celebrar la primera edici\u00f3 d&#039;AR-DE.\" \/>\n<meta name=\"robots\" content=\"index, follow, max-snippet:-1, max-image-preview:large, max-video-preview:-1\" \/>\n<link rel=\"canonical\" href=\"https:\/\/poblenouurbandistrict.com\/es\/ar-de-encen-els-carrers-de-poblenou-dart-i-disseny\/\" \/>\n<meta property=\"og:locale\" content=\"es_ES\" \/>\n<meta property=\"og:type\" content=\"article\" \/>\n<meta property=\"og:title\" content=\"AR-DE enciende las calles de Poblenou de arte y dise\u00f1o &#8211; AR-DE &#8211;\" \/>\n<meta property=\"og:description\" content=\"El segon cap de setmana de desembre la comunitat de Poblenou Urban District va celebrar la primera edici\u00f3 d&#039;AR-DE.\" \/>\n<meta property=\"og:url\" content=\"https:\/\/poblenouurbandistrict.com\/es\/ar-de-encen-els-carrers-de-poblenou-dart-i-disseny\/\" \/>\n<meta property=\"og:site_name\" content=\"Poblenou Urban District\" \/>\n<meta property=\"article:published_time\" content=\"2021-12-16T12:44:30+00:00\" \/>\n<meta property=\"article:modified_time\" content=\"2021-12-16T18:23:52+00:00\" \/>\n<meta property=\"og:image\" content=\"https:\/\/poblenouurbandistrict.com\/wp-content\/uploads\/2021\/12\/captura-de-pantalla-2021-12-16-a-les-165621.png\" \/>\n\t<meta property=\"og:image:width\" content=\"1128\" \/>\n\t<meta property=\"og:image:height\" content=\"872\" \/>\n\t<meta property=\"og:image:type\" content=\"image\/jpeg\" \/>\n<meta name=\"author\" content=\"pnud\" \/>\n<meta name=\"twitter:card\" content=\"summary_large_image\" \/>\n<meta name=\"twitter:label1\" content=\"Escrito por\" \/>\n\t<meta name=\"twitter:data1\" content=\"pnud\" \/>\n\t<meta name=\"twitter:label2\" content=\"Tiempo de lectura\" \/>\n\t<meta name=\"twitter:data2\" content=\"4 minutos\" \/>\n<script type=\"application\/ld+json\" class=\"yoast-schema-graph\">{\"@context\":\"https:\\\/\\\/schema.org\",\"@graph\":[{\"@type\":\"Article\",\"@id\":\"https:\\\/\\\/poblenouurbandistrict.com\\\/ar-de-encen-els-carrers-de-poblenou-dart-i-disseny\\\/#article\",\"isPartOf\":{\"@id\":\"https:\\\/\\\/poblenouurbandistrict.com\\\/ar-de-encen-els-carrers-de-poblenou-dart-i-disseny\\\/\"},\"author\":{\"name\":\"pnud\",\"@id\":\"https:\\\/\\\/poblenouurbandistrict.com\\\/#\\\/schema\\\/person\\\/980a2cf34b399d5218205730acd54a7e\"},\"headline\":\"AR-DE enciende las calles de Poblenou de arte y dise\u00f1o\",\"datePublished\":\"2021-12-16T12:44:30+00:00\",\"dateModified\":\"2021-12-16T18:23:52+00:00\",\"mainEntityOfPage\":{\"@id\":\"https:\\\/\\\/poblenouurbandistrict.com\\\/ar-de-encen-els-carrers-de-poblenou-dart-i-disseny\\\/\"},\"wordCount\":785,\"image\":{\"@id\":\"https:\\\/\\\/poblenouurbandistrict.com\\\/ar-de-encen-els-carrers-de-poblenou-dart-i-disseny\\\/#primaryimage\"},\"thumbnailUrl\":\"https:\\\/\\\/media.poblenouurbandistrict.com\\\/2021\\\/12\\\/25043602\\\/captura-de-pantalla-2021-12-16-a-les-165621.jpg\",\"articleSection\":[\"AR-DE\",\"Poblenou Urban District\"],\"inLanguage\":\"es\"},{\"@type\":\"WebPage\",\"@id\":\"https:\\\/\\\/poblenouurbandistrict.com\\\/es\\\/ar-de-encen-els-carrers-de-poblenou-dart-i-disseny\\\/\",\"url\":\"https:\\\/\\\/poblenouurbandistrict.com\\\/es\\\/ar-de-encen-els-carrers-de-poblenou-dart-i-disseny\\\/\",\"name\":\"AR-DE enciende las calles de Poblenou de arte y dise\u00f1o &#8211; AR-DE &#8211;\",\"isPartOf\":{\"@id\":\"https:\\\/\\\/poblenouurbandistrict.com\\\/es\\\/#website\"},\"primaryImageOfPage\":{\"@id\":\"https:\\\/\\\/poblenouurbandistrict.com\\\/es\\\/ar-de-encen-els-carrers-de-poblenou-dart-i-disseny\\\/#primaryimage\"},\"image\":{\"@id\":\"https:\\\/\\\/poblenouurbandistrict.com\\\/ar-de-encen-els-carrers-de-poblenou-dart-i-disseny\\\/#primaryimage\"},\"thumbnailUrl\":\"https:\\\/\\\/media.poblenouurbandistrict.com\\\/2021\\\/12\\\/25043602\\\/captura-de-pantalla-2021-12-16-a-les-165621.jpg\",\"datePublished\":\"2021-12-16T12:44:30+00:00\",\"dateModified\":\"2021-12-16T18:23:52+00:00\",\"author\":{\"@id\":\"https:\\\/\\\/poblenouurbandistrict.com\\\/#\\\/schema\\\/person\\\/980a2cf34b399d5218205730acd54a7e\"},\"description\":\"El segon cap de setmana de desembre la comunitat de Poblenou Urban District va celebrar la primera edici\u00f3 d'AR-DE.\",\"breadcrumb\":{\"@id\":\"https:\\\/\\\/poblenouurbandistrict.com\\\/es\\\/ar-de-encen-els-carrers-de-poblenou-dart-i-disseny\\\/#breadcrumb\"},\"inLanguage\":\"es\",\"potentialAction\":[{\"@type\":\"ReadAction\",\"target\":[[\"https:\\\/\\\/poblenouurbandistrict.com\\\/es\\\/ar-de-encen-els-carrers-de-poblenou-dart-i-disseny\\\/\"]]}]},{\"@type\":\"ImageObject\",\"inLanguage\":\"es\",\"@id\":\"https:\\\/\\\/poblenouurbandistrict.com\\\/es\\\/ar-de-encen-els-carrers-de-poblenou-dart-i-disseny\\\/#primaryimage\",\"url\":\"https:\\\/\\\/media.poblenouurbandistrict.com\\\/2021\\\/12\\\/25043602\\\/captura-de-pantalla-2021-12-16-a-les-165621.jpg\",\"contentUrl\":\"https:\\\/\\\/media.poblenouurbandistrict.com\\\/2021\\\/12\\\/25043602\\\/captura-de-pantalla-2021-12-16-a-les-165621.jpg\",\"width\":1128,\"height\":872},{\"@type\":\"BreadcrumbList\",\"@id\":\"https:\\\/\\\/poblenouurbandistrict.com\\\/es\\\/ar-de-encen-els-carrers-de-poblenou-dart-i-disseny\\\/#breadcrumb\",\"itemListElement\":[{\"@type\":\"ListItem\",\"position\":1,\"name\":\"Home\",\"item\":\"https:\\\/\\\/poblenouurbandistrict.com\\\/es\\\/\"},{\"@type\":\"ListItem\",\"position\":2,\"name\":\"AR-DE enc\u00e9n els carrers de Poblenou d&#8217;art i disseny\"}]},{\"@type\":\"WebSite\",\"@id\":\"https:\\\/\\\/poblenouurbandistrict.com\\\/es\\\/#website\",\"url\":\"https:\\\/\\\/poblenouurbandistrict.com\\\/es\\\/\",\"name\":\"Poblenou Urban District\",\"description\":\"Comunidad Creativa\",\"potentialAction\":[{\"@type\":\"SearchAction\",\"target\":{\"@type\":\"EntryPoint\",\"urlTemplate\":\"https:\\\/\\\/poblenouurbandistrict.com\\\/es\\\/?s={search_term_string}\"},\"query-input\":{\"@type\":\"PropertyValueSpecification\",\"valueRequired\":true,\"valueName\":\"search_term_string\"}}],\"inLanguage\":\"es\"},{\"@type\":\"Person\",\"@id\":\"https:\\\/\\\/poblenouurbandistrict.com\\\/#\\\/schema\\\/person\\\/980a2cf34b399d5218205730acd54a7e\",\"name\":\"pnud\",\"image\":{\"@type\":\"ImageObject\",\"inLanguage\":\"es\",\"@id\":\"https:\\\/\\\/secure.gravatar.com\\\/avatar\\\/67146597b405ee077a24e519f75c3e2031736596d6ce35af3a34c122c93d0d7b?s=96&d=retro&r=g\",\"url\":\"https:\\\/\\\/secure.gravatar.com\\\/avatar\\\/67146597b405ee077a24e519f75c3e2031736596d6ce35af3a34c122c93d0d7b?s=96&d=retro&r=g\",\"contentUrl\":\"https:\\\/\\\/secure.gravatar.com\\\/avatar\\\/67146597b405ee077a24e519f75c3e2031736596d6ce35af3a34c122c93d0d7b?s=96&d=retro&r=g\",\"caption\":\"pnud\"}}]}<\/script>\n<!-- \/ Yoast SEO plugin. -->","yoast_head_json":{"title":"AR-DE enciende las calles de Poblenou de arte y dise\u00f1o &#8211; AR-DE &#8211;","description":"El segon cap de setmana de desembre la comunitat de Poblenou Urban District va celebrar la primera edici\u00f3 d'AR-DE.","robots":{"index":"index","follow":"follow","max-snippet":"max-snippet:-1","max-image-preview":"max-image-preview:large","max-video-preview":"max-video-preview:-1"},"canonical":"https:\/\/poblenouurbandistrict.com\/es\/ar-de-encen-els-carrers-de-poblenou-dart-i-disseny\/","og_locale":"es_ES","og_type":"article","og_title":"AR-DE enciende las calles de Poblenou de arte y dise\u00f1o &#8211; AR-DE &#8211;","og_description":"El segon cap de setmana de desembre la comunitat de Poblenou Urban District va celebrar la primera edici\u00f3 d'AR-DE.","og_url":"https:\/\/poblenouurbandistrict.com\/es\/ar-de-encen-els-carrers-de-poblenou-dart-i-disseny\/","og_site_name":"Poblenou Urban District","article_published_time":"2021-12-16T12:44:30+00:00","article_modified_time":"2021-12-16T18:23:52+00:00","og_image":[{"width":1128,"height":872,"url":"https:\/\/poblenouurbandistrict.com\/wp-content\/uploads\/2021\/12\/captura-de-pantalla-2021-12-16-a-les-165621.png","type":"image\/jpeg"}],"author":"pnud","twitter_card":"summary_large_image","twitter_misc":{"Escrito por":"pnud","Tiempo de lectura":"4 minutos"},"schema":{"@context":"https:\/\/schema.org","@graph":[{"@type":"Article","@id":"https:\/\/poblenouurbandistrict.com\/ar-de-encen-els-carrers-de-poblenou-dart-i-disseny\/#article","isPartOf":{"@id":"https:\/\/poblenouurbandistrict.com\/ar-de-encen-els-carrers-de-poblenou-dart-i-disseny\/"},"author":{"name":"pnud","@id":"https:\/\/poblenouurbandistrict.com\/#\/schema\/person\/980a2cf34b399d5218205730acd54a7e"},"headline":"AR-DE enciende las calles de Poblenou de arte y dise\u00f1o","datePublished":"2021-12-16T12:44:30+00:00","dateModified":"2021-12-16T18:23:52+00:00","mainEntityOfPage":{"@id":"https:\/\/poblenouurbandistrict.com\/ar-de-encen-els-carrers-de-poblenou-dart-i-disseny\/"},"wordCount":785,"image":{"@id":"https:\/\/poblenouurbandistrict.com\/ar-de-encen-els-carrers-de-poblenou-dart-i-disseny\/#primaryimage"},"thumbnailUrl":"https:\/\/media.poblenouurbandistrict.com\/2021\/12\/25043602\/captura-de-pantalla-2021-12-16-a-les-165621.jpg","articleSection":["AR-DE","Poblenou Urban District"],"inLanguage":"es"},{"@type":"WebPage","@id":"https:\/\/poblenouurbandistrict.com\/es\/ar-de-encen-els-carrers-de-poblenou-dart-i-disseny\/","url":"https:\/\/poblenouurbandistrict.com\/es\/ar-de-encen-els-carrers-de-poblenou-dart-i-disseny\/","name":"AR-DE enciende las calles de Poblenou de arte y dise\u00f1o &#8211; AR-DE &#8211;","isPartOf":{"@id":"https:\/\/poblenouurbandistrict.com\/es\/#website"},"primaryImageOfPage":{"@id":"https:\/\/poblenouurbandistrict.com\/es\/ar-de-encen-els-carrers-de-poblenou-dart-i-disseny\/#primaryimage"},"image":{"@id":"https:\/\/poblenouurbandistrict.com\/ar-de-encen-els-carrers-de-poblenou-dart-i-disseny\/#primaryimage"},"thumbnailUrl":"https:\/\/media.poblenouurbandistrict.com\/2021\/12\/25043602\/captura-de-pantalla-2021-12-16-a-les-165621.jpg","datePublished":"2021-12-16T12:44:30+00:00","dateModified":"2021-12-16T18:23:52+00:00","author":{"@id":"https:\/\/poblenouurbandistrict.com\/#\/schema\/person\/980a2cf34b399d5218205730acd54a7e"},"description":"El segon cap de setmana de desembre la comunitat de Poblenou Urban District va celebrar la primera edici\u00f3 d'AR-DE.","breadcrumb":{"@id":"https:\/\/poblenouurbandistrict.com\/es\/ar-de-encen-els-carrers-de-poblenou-dart-i-disseny\/#breadcrumb"},"inLanguage":"es","potentialAction":[{"@type":"ReadAction","target":[["https:\/\/poblenouurbandistrict.com\/es\/ar-de-encen-els-carrers-de-poblenou-dart-i-disseny\/"]]}]},{"@type":"ImageObject","inLanguage":"es","@id":"https:\/\/poblenouurbandistrict.com\/es\/ar-de-encen-els-carrers-de-poblenou-dart-i-disseny\/#primaryimage","url":"https:\/\/media.poblenouurbandistrict.com\/2021\/12\/25043602\/captura-de-pantalla-2021-12-16-a-les-165621.jpg","contentUrl":"https:\/\/media.poblenouurbandistrict.com\/2021\/12\/25043602\/captura-de-pantalla-2021-12-16-a-les-165621.jpg","width":1128,"height":872},{"@type":"BreadcrumbList","@id":"https:\/\/poblenouurbandistrict.com\/es\/ar-de-encen-els-carrers-de-poblenou-dart-i-disseny\/#breadcrumb","itemListElement":[{"@type":"ListItem","position":1,"name":"Home","item":"https:\/\/poblenouurbandistrict.com\/es\/"},{"@type":"ListItem","position":2,"name":"AR-DE enc\u00e9n els carrers de Poblenou d&#8217;art i disseny"}]},{"@type":"WebSite","@id":"https:\/\/poblenouurbandistrict.com\/es\/#website","url":"https:\/\/poblenouurbandistrict.com\/es\/","name":"Poblenou Urban District","description":"Comunidad Creativa","potentialAction":[{"@type":"SearchAction","target":{"@type":"EntryPoint","urlTemplate":"https:\/\/poblenouurbandistrict.com\/es\/?s={search_term_string}"},"query-input":{"@type":"PropertyValueSpecification","valueRequired":true,"valueName":"search_term_string"}}],"inLanguage":"es"},{"@type":"Person","@id":"https:\/\/poblenouurbandistrict.com\/#\/schema\/person\/980a2cf34b399d5218205730acd54a7e","name":"pnud","image":{"@type":"ImageObject","inLanguage":"es","@id":"https:\/\/secure.gravatar.com\/avatar\/67146597b405ee077a24e519f75c3e2031736596d6ce35af3a34c122c93d0d7b?s=96&d=retro&r=g","url":"https:\/\/secure.gravatar.com\/avatar\/67146597b405ee077a24e519f75c3e2031736596d6ce35af3a34c122c93d0d7b?s=96&d=retro&r=g","contentUrl":"https:\/\/secure.gravatar.com\/avatar\/67146597b405ee077a24e519f75c3e2031736596d6ce35af3a34c122c93d0d7b?s=96&d=retro&r=g","caption":"pnud"}}]}},"_links":{"self":[{"href":"https:\/\/poblenouurbandistrict.com\/es\/wp-json\/wp\/v2\/posts\/25049","targetHints":{"allow":["GET"]}}],"collection":[{"href":"https:\/\/poblenouurbandistrict.com\/es\/wp-json\/wp\/v2\/posts"}],"about":[{"href":"https:\/\/poblenouurbandistrict.com\/es\/wp-json\/wp\/v2\/types\/post"}],"author":[{"embeddable":true,"href":"https:\/\/poblenouurbandistrict.com\/es\/wp-json\/wp\/v2\/users\/5"}],"replies":[{"embeddable":true,"href":"https:\/\/poblenouurbandistrict.com\/es\/wp-json\/wp\/v2\/comments?post=25049"}],"version-history":[{"count":4,"href":"https:\/\/poblenouurbandistrict.com\/es\/wp-json\/wp\/v2\/posts\/25049\/revisions"}],"predecessor-version":[{"id":25122,"href":"https:\/\/poblenouurbandistrict.com\/es\/wp-json\/wp\/v2\/posts\/25049\/revisions\/25122"}],"wp:featuredmedia":[{"embeddable":true,"href":"https:\/\/poblenouurbandistrict.com\/es\/wp-json\/wp\/v2\/media\/25100"}],"wp:attachment":[{"href":"https:\/\/poblenouurbandistrict.com\/es\/wp-json\/wp\/v2\/media?parent=25049"}],"wp:term":[{"taxonomy":"category","embeddable":true,"href":"https:\/\/poblenouurbandistrict.com\/es\/wp-json\/wp\/v2\/categories?post=25049"},{"taxonomy":"post_tag","embeddable":true,"href":"https:\/\/poblenouurbandistrict.com\/es\/wp-json\/wp\/v2\/tags?post=25049"}],"curies":[{"name":"wp","href":"https:\/\/api.w.org\/{rel}","templated":true}]}}