{"id":25520,"date":"2022-01-26T10:32:32","date_gmt":"2022-01-26T09:32:32","guid":{"rendered":"https:\/\/poblenouurbandistrict.com\/?p=25520"},"modified":"2022-01-31T16:10:08","modified_gmt":"2022-01-31T15:10:08","slug":"bau-presenta-nucli-per-loff-llum-bcn-2022","status":"publish","type":"post","link":"https:\/\/poblenouurbandistrict.com\/es\/bau-presenta-nucli-per-loff-llum-bcn-2022\/","title":{"rendered":"BAU presenta Nucli para el Off Llum Bcn 2022"},"content":{"rendered":"<p><span style=\"color: #333333;\">En esta tercera edici\u00f3n del <span style=\"color: #000000;\"><a style=\"color: #000000;\" href=\"https:\/\/poblenouurbandistrict.com\/es\/off-llum-bcn-2022\/\" target=\"_blank\" rel=\"noopener\"><strong>Off Llum Bcn<\/strong><\/a><\/span> cuenta con la participaci\u00f3n de <span style=\"font-weight: 400; color: #333333;\"><a style=\"color: #333333;\" href=\"https:\/\/www.baued.es\/\" target=\"_blank\" rel=\"noopener\"><strong>BAU (Centro Universitario de artes y Dise\u00f1o)<\/strong><\/a> como espacio que acoge la instalaci\u00f3n lum\u00ednica <strong><em>Nucli<\/em>.<\/strong><\/span><\/span><\/p>\n<p><span style=\"font-weight: 400; color: #333333;\"><em><strong>Nucli<\/strong><\/em> es una obra art\u00edstica que cuenta con la participaci\u00f3n de ex-alumnos de <a style=\"color: #333333;\" href=\"https:\/\/www.baued.es\/\" target=\"_blank\" rel=\"noopener\"><strong>BAU.<\/strong><\/a>\u00a0 Artistas como <strong>Xavier Maixenchs Bob\u00e9<\/strong>, <strong>Catalina Joy Ansaldi, Luisina Andrea Lauriente, David Pastor Ussetti y Lorenza Tabares Montoya<\/strong> nos brindan la oportunidad de ver su obra lum\u00ednica <em><strong>Nucli<\/strong><\/em>.\u00a0<\/span><\/p>\n<p><span style=\"font-weight: 400; color: #333333;\"><em><strong>Nucli<\/strong><\/em> se caracteriza por ser una interfaz central de informaci\u00f3n inmaterial, que exhibe elementos visuales y sonoros para conformar un sistema de datos sensoriales. La informaci\u00f3n comienza con un recorrido desde un punto central, generando diferentes flujos de comunicaci\u00f3n hacia otros dispositivos, creando una experiencia sensorial-audiovisual.<\/span><\/p>\n<p><span style=\"font-weight: 400; color: #333333;\">La obra se encuentra instalada en un aula del Centro universitario, donde la educaci\u00f3n est\u00e1 presente diariamente. Esta transmisi\u00f3n de informaci\u00f3n busca representar el proceso educativo. Como desde una entidad central se distribuyen conocimientos, valores, creencias y h\u00e1bitos hacia los integrantes que forman parte. A trav\u00e9s de conexiones entre el sonido y la luz, se generan diferentes patrones y combinaciones de informaci\u00f3n audiovisual para ser interpretado por el usuario. El espacio invita a los visitantes a formar parte del aula como alumnos y vivir una experiencia.\u00a0<\/span><\/p>\n<p><span style=\"font-weight: 400; color: #333333;\">Los artistas son ex-alumnos de <strong>BAU<\/strong>, del m\u00e1ster<strong> Innovaci\u00f3n Audiovisual y Entornos Interactivos<\/strong>.<\/span><\/p>\n<p><span style=\"font-weight: 400; color: #333333;\"><strong>Xavi Maixenchs<\/strong> (Espa\u00f1a): Dise\u00f1ador industrial, artista y desarrollador de nuevos medios digitales. Posee conocimientos de hardware y software, arte 3D, luz y cin\u00e9tica, instalaciones, escenograf\u00eda de espect\u00e1culos, producci\u00f3n y realidad virtual.<\/span><\/p>\n<p><span style=\"font-weight: 400; color: #333333;\"><strong>Catalina Ansaldi<\/strong> (EEUU\/Argentina): Dise\u00f1adora audiovisual con conocimiento de camar\u00f3grafa, editora, VJ, DJ y dise\u00f1o sonoro en diversos \u00e1mbitos y culturas.<\/span><\/p>\n<p><span style=\"font-weight: 400; color: #333333;\"><strong>Luisina Lauriente<\/strong> (Argentina): Arquitecta con un gran inter\u00e9s en dise\u00f1o de producto, arquitectura ef\u00edmera, dise\u00f1o param\u00e9trico y fabricaci\u00f3n digital. Combina sus conocimientos t\u00e9cnicos con la experimentaci\u00f3n con distintos materiales y tecnolog\u00edas para la creaci\u00f3n de entornos interactivos centrados en el usuario.<\/span><\/p>\n<p><span style=\"font-weight: 400; color: #333333;\"><strong>David Ussetti<\/strong> (Espa\u00f1a): Dise\u00f1ador gr\u00e1fico y director de arte apasionado por la creatividad, la comunicaci\u00f3n y la tecnolog\u00eda. Sus trabajos cubren un amplio abanico creativo, desde generar ideas conceptuales, su plasmaci\u00f3n gr\u00e1fica y visual o crear estrategias de comunicaci\u00f3n manteniendo un buen manejo de los programas de arte y dise\u00f1o.<\/span><\/p>\n<p><span style=\"font-weight: 400; color: #333333;\"><strong>Lorenza Tabares<\/strong> (Colombia): Ingeniera Electr\u00f3nica que se caracteriza por implementar electr\u00f3nica y luz en sus obras; instalaciones t\u00e9cnicamente conformadas por electromec\u00e1nica, sensores, kin\u00e9tica, etc. Actualmente trabaja como Technology Expert en <a style=\"color: #333333;\" href=\"https:\/\/www.protopixel.io\/\" target=\"_blank\" rel=\"noopener\"><strong>Protopixel<\/strong><\/a>.<\/span><\/p>\n<p>D\u00eda y horario: De Viernes a domingo de 19h a 23h<\/p>\n<p>Ubicaci\u00f3n: Pujades, 128<\/p>\n<p>&nbsp;<\/p>\n<p>Organizador:\u00a0<strong>BAU<\/strong><\/p>\n<p>Patrocinio:\u00a0<strong>BAU<\/strong><\/p>","protected":false},"excerpt":{"rendered":"<p>En esta tercera edici\u00f3n del Off Llum Bcn cuenta con la participaci\u00f3n de BAU (Centro Universitario de artes y Dise\u00f1o)&#8230; <a href=\"https:\/\/poblenouurbandistrict.com\/es\/bau-presenta-nucli-per-loff-llum-bcn-2022\/\">M\u00e1s  \u2192<\/a><\/p>\n","protected":false},"author":5,"featured_media":25539,"comment_status":"closed","ping_status":"closed","sticky":false,"template":"","format":"standard","meta":{"_acf_changed":false,"footnotes":""},"categories":[3548],"tags":[],"class_list":["post-25520","post","type-post","status-publish","format-standard","has-post-thumbnail","hentry","category-off-llum-bcn"],"acf":[],"yoast_head":"<!-- This site is optimized with the Yoast SEO plugin v27.5 - https:\/\/yoast.com\/product\/yoast-seo-wordpress\/ -->\n<title>BAU presenta Nucli para el Off Llum Bcn 2022 &#8211; Poblenou Urban District<\/title>\n<meta name=\"robots\" content=\"index, follow, max-snippet:-1, max-image-preview:large, max-video-preview:-1\" \/>\n<link rel=\"canonical\" href=\"https:\/\/poblenouurbandistrict.com\/es\/bau-presenta-nucli-per-loff-llum-bcn-2022\/\" \/>\n<meta property=\"og:locale\" content=\"es_ES\" \/>\n<meta property=\"og:type\" content=\"article\" \/>\n<meta property=\"og:title\" content=\"BAU presenta Nucli para el Off Llum Bcn 2022 &#8211; Poblenou Urban District\" \/>\n<meta property=\"og:description\" content=\"En esta tercera edici\u00f3n del Off Llum Bcn cuenta con la participaci\u00f3n de BAU (Centro Universitario de artes y Dise\u00f1o)... M\u00e1s \u2192\" \/>\n<meta property=\"og:url\" content=\"https:\/\/poblenouurbandistrict.com\/es\/bau-presenta-nucli-per-loff-llum-bcn-2022\/\" \/>\n<meta property=\"og:site_name\" content=\"Poblenou Urban District\" \/>\n<meta property=\"article:published_time\" content=\"2022-01-26T09:32:32+00:00\" \/>\n<meta property=\"article:modified_time\" content=\"2022-01-31T15:10:08+00:00\" \/>\n<meta property=\"og:image\" content=\"https:\/\/poblenouurbandistrict.com\/wp-content\/uploads\/2022\/01\/nucli.png\" \/>\n\t<meta property=\"og:image:width\" content=\"2048\" \/>\n\t<meta property=\"og:image:height\" content=\"1536\" \/>\n\t<meta property=\"og:image:type\" content=\"image\/png\" \/>\n<meta name=\"author\" content=\"pnud\" \/>\n<meta name=\"twitter:card\" content=\"summary_large_image\" \/>\n<meta name=\"twitter:label1\" content=\"Escrito por\" \/>\n\t<meta name=\"twitter:data1\" content=\"pnud\" \/>\n\t<meta name=\"twitter:label2\" content=\"Tiempo de lectura\" \/>\n\t<meta name=\"twitter:data2\" content=\"2 minutos\" \/>\n<script type=\"application\/ld+json\" class=\"yoast-schema-graph\">{\"@context\":\"https:\\\/\\\/schema.org\",\"@graph\":[{\"@type\":\"Article\",\"@id\":\"https:\\\/\\\/poblenouurbandistrict.com\\\/bau-presenta-nucli-per-loff-llum-bcn-2022\\\/#article\",\"isPartOf\":{\"@id\":\"https:\\\/\\\/poblenouurbandistrict.com\\\/bau-presenta-nucli-per-loff-llum-bcn-2022\\\/\"},\"author\":{\"name\":\"pnud\",\"@id\":\"https:\\\/\\\/poblenouurbandistrict.com\\\/#\\\/schema\\\/person\\\/980a2cf34b399d5218205730acd54a7e\"},\"headline\":\"BAU presenta Nucli para el Off Llum Bcn 2022\",\"datePublished\":\"2022-01-26T09:32:32+00:00\",\"dateModified\":\"2022-01-31T15:10:08+00:00\",\"mainEntityOfPage\":{\"@id\":\"https:\\\/\\\/poblenouurbandistrict.com\\\/bau-presenta-nucli-per-loff-llum-bcn-2022\\\/\"},\"wordCount\":1323,\"image\":{\"@id\":\"https:\\\/\\\/poblenouurbandistrict.com\\\/bau-presenta-nucli-per-loff-llum-bcn-2022\\\/#primaryimage\"},\"thumbnailUrl\":\"https:\\\/\\\/media.poblenouurbandistrict.com\\\/2022\\\/01\\\/25044306\\\/nucli.jpg\",\"articleSection\":[\"Off Llum BCN\"],\"inLanguage\":\"es\"},{\"@type\":\"WebPage\",\"@id\":\"https:\\\/\\\/poblenouurbandistrict.com\\\/es\\\/bau-presenta-nucli-per-loff-llum-bcn-2022\\\/\",\"url\":\"https:\\\/\\\/poblenouurbandistrict.com\\\/es\\\/bau-presenta-nucli-per-loff-llum-bcn-2022\\\/\",\"name\":\"BAU presenta Nucli para el Off Llum Bcn 2022 &#8211; Poblenou Urban District\",\"isPartOf\":{\"@id\":\"https:\\\/\\\/poblenouurbandistrict.com\\\/es\\\/#website\"},\"primaryImageOfPage\":{\"@id\":\"https:\\\/\\\/poblenouurbandistrict.com\\\/es\\\/bau-presenta-nucli-per-loff-llum-bcn-2022\\\/#primaryimage\"},\"image\":{\"@id\":\"https:\\\/\\\/poblenouurbandistrict.com\\\/bau-presenta-nucli-per-loff-llum-bcn-2022\\\/#primaryimage\"},\"thumbnailUrl\":\"https:\\\/\\\/media.poblenouurbandistrict.com\\\/2022\\\/01\\\/25044306\\\/nucli.jpg\",\"datePublished\":\"2022-01-26T09:32:32+00:00\",\"dateModified\":\"2022-01-31T15:10:08+00:00\",\"author\":{\"@id\":\"https:\\\/\\\/poblenouurbandistrict.com\\\/#\\\/schema\\\/person\\\/980a2cf34b399d5218205730acd54a7e\"},\"breadcrumb\":{\"@id\":\"https:\\\/\\\/poblenouurbandistrict.com\\\/es\\\/bau-presenta-nucli-per-loff-llum-bcn-2022\\\/#breadcrumb\"},\"inLanguage\":\"es\",\"potentialAction\":[{\"@type\":\"ReadAction\",\"target\":[[\"https:\\\/\\\/poblenouurbandistrict.com\\\/es\\\/bau-presenta-nucli-per-loff-llum-bcn-2022\\\/\"]]}]},{\"@type\":\"ImageObject\",\"inLanguage\":\"es\",\"@id\":\"https:\\\/\\\/poblenouurbandistrict.com\\\/es\\\/bau-presenta-nucli-per-loff-llum-bcn-2022\\\/#primaryimage\",\"url\":\"https:\\\/\\\/media.poblenouurbandistrict.com\\\/2022\\\/01\\\/25044306\\\/nucli.jpg\",\"contentUrl\":\"https:\\\/\\\/media.poblenouurbandistrict.com\\\/2022\\\/01\\\/25044306\\\/nucli.jpg\",\"width\":2048,\"height\":1536},{\"@type\":\"BreadcrumbList\",\"@id\":\"https:\\\/\\\/poblenouurbandistrict.com\\\/es\\\/bau-presenta-nucli-per-loff-llum-bcn-2022\\\/#breadcrumb\",\"itemListElement\":[{\"@type\":\"ListItem\",\"position\":1,\"name\":\"Home\",\"item\":\"https:\\\/\\\/poblenouurbandistrict.com\\\/es\\\/\"},{\"@type\":\"ListItem\",\"position\":2,\"name\":\"BAU presenta Nucli per l&#8217;Off Llum Bcn 2022\"}]},{\"@type\":\"WebSite\",\"@id\":\"https:\\\/\\\/poblenouurbandistrict.com\\\/es\\\/#website\",\"url\":\"https:\\\/\\\/poblenouurbandistrict.com\\\/es\\\/\",\"name\":\"Poblenou Urban District\",\"description\":\"Comunidad Creativa\",\"potentialAction\":[{\"@type\":\"SearchAction\",\"target\":{\"@type\":\"EntryPoint\",\"urlTemplate\":\"https:\\\/\\\/poblenouurbandistrict.com\\\/es\\\/?s={search_term_string}\"},\"query-input\":{\"@type\":\"PropertyValueSpecification\",\"valueRequired\":true,\"valueName\":\"search_term_string\"}}],\"inLanguage\":\"es\"},{\"@type\":\"Person\",\"@id\":\"https:\\\/\\\/poblenouurbandistrict.com\\\/#\\\/schema\\\/person\\\/980a2cf34b399d5218205730acd54a7e\",\"name\":\"pnud\",\"image\":{\"@type\":\"ImageObject\",\"inLanguage\":\"es\",\"@id\":\"https:\\\/\\\/secure.gravatar.com\\\/avatar\\\/67146597b405ee077a24e519f75c3e2031736596d6ce35af3a34c122c93d0d7b?s=96&d=retro&r=g\",\"url\":\"https:\\\/\\\/secure.gravatar.com\\\/avatar\\\/67146597b405ee077a24e519f75c3e2031736596d6ce35af3a34c122c93d0d7b?s=96&d=retro&r=g\",\"contentUrl\":\"https:\\\/\\\/secure.gravatar.com\\\/avatar\\\/67146597b405ee077a24e519f75c3e2031736596d6ce35af3a34c122c93d0d7b?s=96&d=retro&r=g\",\"caption\":\"pnud\"}}]}<\/script>\n<!-- \/ Yoast SEO plugin. -->","yoast_head_json":{"title":"BAU presenta Nucli para el Off Llum Bcn 2022 &#8211; Poblenou Urban District","robots":{"index":"index","follow":"follow","max-snippet":"max-snippet:-1","max-image-preview":"max-image-preview:large","max-video-preview":"max-video-preview:-1"},"canonical":"https:\/\/poblenouurbandistrict.com\/es\/bau-presenta-nucli-per-loff-llum-bcn-2022\/","og_locale":"es_ES","og_type":"article","og_title":"BAU presenta Nucli para el Off Llum Bcn 2022 &#8211; Poblenou Urban District","og_description":"En esta tercera edici\u00f3n del Off Llum Bcn cuenta con la participaci\u00f3n de BAU (Centro Universitario de artes y Dise\u00f1o)... M\u00e1s \u2192","og_url":"https:\/\/poblenouurbandistrict.com\/es\/bau-presenta-nucli-per-loff-llum-bcn-2022\/","og_site_name":"Poblenou Urban District","article_published_time":"2022-01-26T09:32:32+00:00","article_modified_time":"2022-01-31T15:10:08+00:00","og_image":[{"width":2048,"height":1536,"url":"https:\/\/poblenouurbandistrict.com\/wp-content\/uploads\/2022\/01\/nucli.png","type":"image\/png"}],"author":"pnud","twitter_card":"summary_large_image","twitter_misc":{"Escrito por":"pnud","Tiempo de lectura":"2 minutos"},"schema":{"@context":"https:\/\/schema.org","@graph":[{"@type":"Article","@id":"https:\/\/poblenouurbandistrict.com\/bau-presenta-nucli-per-loff-llum-bcn-2022\/#article","isPartOf":{"@id":"https:\/\/poblenouurbandistrict.com\/bau-presenta-nucli-per-loff-llum-bcn-2022\/"},"author":{"name":"pnud","@id":"https:\/\/poblenouurbandistrict.com\/#\/schema\/person\/980a2cf34b399d5218205730acd54a7e"},"headline":"BAU presenta Nucli para el Off Llum Bcn 2022","datePublished":"2022-01-26T09:32:32+00:00","dateModified":"2022-01-31T15:10:08+00:00","mainEntityOfPage":{"@id":"https:\/\/poblenouurbandistrict.com\/bau-presenta-nucli-per-loff-llum-bcn-2022\/"},"wordCount":1323,"image":{"@id":"https:\/\/poblenouurbandistrict.com\/bau-presenta-nucli-per-loff-llum-bcn-2022\/#primaryimage"},"thumbnailUrl":"https:\/\/media.poblenouurbandistrict.com\/2022\/01\/25044306\/nucli.jpg","articleSection":["Off Llum BCN"],"inLanguage":"es"},{"@type":"WebPage","@id":"https:\/\/poblenouurbandistrict.com\/es\/bau-presenta-nucli-per-loff-llum-bcn-2022\/","url":"https:\/\/poblenouurbandistrict.com\/es\/bau-presenta-nucli-per-loff-llum-bcn-2022\/","name":"BAU presenta Nucli para el Off Llum Bcn 2022 &#8211; Poblenou Urban District","isPartOf":{"@id":"https:\/\/poblenouurbandistrict.com\/es\/#website"},"primaryImageOfPage":{"@id":"https:\/\/poblenouurbandistrict.com\/es\/bau-presenta-nucli-per-loff-llum-bcn-2022\/#primaryimage"},"image":{"@id":"https:\/\/poblenouurbandistrict.com\/bau-presenta-nucli-per-loff-llum-bcn-2022\/#primaryimage"},"thumbnailUrl":"https:\/\/media.poblenouurbandistrict.com\/2022\/01\/25044306\/nucli.jpg","datePublished":"2022-01-26T09:32:32+00:00","dateModified":"2022-01-31T15:10:08+00:00","author":{"@id":"https:\/\/poblenouurbandistrict.com\/#\/schema\/person\/980a2cf34b399d5218205730acd54a7e"},"breadcrumb":{"@id":"https:\/\/poblenouurbandistrict.com\/es\/bau-presenta-nucli-per-loff-llum-bcn-2022\/#breadcrumb"},"inLanguage":"es","potentialAction":[{"@type":"ReadAction","target":[["https:\/\/poblenouurbandistrict.com\/es\/bau-presenta-nucli-per-loff-llum-bcn-2022\/"]]}]},{"@type":"ImageObject","inLanguage":"es","@id":"https:\/\/poblenouurbandistrict.com\/es\/bau-presenta-nucli-per-loff-llum-bcn-2022\/#primaryimage","url":"https:\/\/media.poblenouurbandistrict.com\/2022\/01\/25044306\/nucli.jpg","contentUrl":"https:\/\/media.poblenouurbandistrict.com\/2022\/01\/25044306\/nucli.jpg","width":2048,"height":1536},{"@type":"BreadcrumbList","@id":"https:\/\/poblenouurbandistrict.com\/es\/bau-presenta-nucli-per-loff-llum-bcn-2022\/#breadcrumb","itemListElement":[{"@type":"ListItem","position":1,"name":"Home","item":"https:\/\/poblenouurbandistrict.com\/es\/"},{"@type":"ListItem","position":2,"name":"BAU presenta Nucli per l&#8217;Off Llum Bcn 2022"}]},{"@type":"WebSite","@id":"https:\/\/poblenouurbandistrict.com\/es\/#website","url":"https:\/\/poblenouurbandistrict.com\/es\/","name":"Poblenou Urban District","description":"Comunidad Creativa","potentialAction":[{"@type":"SearchAction","target":{"@type":"EntryPoint","urlTemplate":"https:\/\/poblenouurbandistrict.com\/es\/?s={search_term_string}"},"query-input":{"@type":"PropertyValueSpecification","valueRequired":true,"valueName":"search_term_string"}}],"inLanguage":"es"},{"@type":"Person","@id":"https:\/\/poblenouurbandistrict.com\/#\/schema\/person\/980a2cf34b399d5218205730acd54a7e","name":"pnud","image":{"@type":"ImageObject","inLanguage":"es","@id":"https:\/\/secure.gravatar.com\/avatar\/67146597b405ee077a24e519f75c3e2031736596d6ce35af3a34c122c93d0d7b?s=96&d=retro&r=g","url":"https:\/\/secure.gravatar.com\/avatar\/67146597b405ee077a24e519f75c3e2031736596d6ce35af3a34c122c93d0d7b?s=96&d=retro&r=g","contentUrl":"https:\/\/secure.gravatar.com\/avatar\/67146597b405ee077a24e519f75c3e2031736596d6ce35af3a34c122c93d0d7b?s=96&d=retro&r=g","caption":"pnud"}}]}},"_links":{"self":[{"href":"https:\/\/poblenouurbandistrict.com\/es\/wp-json\/wp\/v2\/posts\/25520","targetHints":{"allow":["GET"]}}],"collection":[{"href":"https:\/\/poblenouurbandistrict.com\/es\/wp-json\/wp\/v2\/posts"}],"about":[{"href":"https:\/\/poblenouurbandistrict.com\/es\/wp-json\/wp\/v2\/types\/post"}],"author":[{"embeddable":true,"href":"https:\/\/poblenouurbandistrict.com\/es\/wp-json\/wp\/v2\/users\/5"}],"replies":[{"embeddable":true,"href":"https:\/\/poblenouurbandistrict.com\/es\/wp-json\/wp\/v2\/comments?post=25520"}],"version-history":[{"count":11,"href":"https:\/\/poblenouurbandistrict.com\/es\/wp-json\/wp\/v2\/posts\/25520\/revisions"}],"predecessor-version":[{"id":25779,"href":"https:\/\/poblenouurbandistrict.com\/es\/wp-json\/wp\/v2\/posts\/25520\/revisions\/25779"}],"wp:featuredmedia":[{"embeddable":true,"href":"https:\/\/poblenouurbandistrict.com\/es\/wp-json\/wp\/v2\/media\/25539"}],"wp:attachment":[{"href":"https:\/\/poblenouurbandistrict.com\/es\/wp-json\/wp\/v2\/media?parent=25520"}],"wp:term":[{"taxonomy":"category","embeddable":true,"href":"https:\/\/poblenouurbandistrict.com\/es\/wp-json\/wp\/v2\/categories?post=25520"},{"taxonomy":"post_tag","embeddable":true,"href":"https:\/\/poblenouurbandistrict.com\/es\/wp-json\/wp\/v2\/tags?post=25520"}],"curies":[{"name":"wp","href":"https:\/\/api.w.org\/{rel}","templated":true}]}}