{"id":25524,"date":"2022-01-28T14:00:15","date_gmt":"2022-01-28T13:00:15","guid":{"rendered":"https:\/\/poblenouurbandistrict.com\/?p=25524"},"modified":"2022-01-31T16:37:00","modified_gmt":"2022-01-31T15:37:00","slug":"off-llum-bcn-2022-la-plataforma-presenta-el-extasis-de-santa-maria-de-no-queda-tinte","status":"publish","type":"post","link":"https:\/\/poblenouurbandistrict.com\/es\/off-llum-bcn-2022-la-plataforma-presenta-el-extasis-de-santa-maria-de-no-queda-tinte\/","title":{"rendered":"Off Llum Bcn 2022: La Plataforma presenta El \u00c9xtasis de Santa Maria de No Queda Tinte"},"content":{"rendered":"<p><span style=\"font-weight: 400; color: #333333;\">En el marco del <a style=\"color: #333333;\" href=\"https:\/\/poblenouurbandistrict.com\/es\/off-llum-bcn-2022\/\" target=\"_blank\" rel=\"noopener\"><strong>Off Llum Bcn 2022<\/strong><\/a> que tendr\u00e1 lugar del 4 al 6 de febrero,\u00a0la galeria de arte <a style=\"color: #333333;\" href=\"https:\/\/www.instagram.com\/laplataformabcn\/\" target=\"_blank\" rel=\"noopener\"><strong>La Plataforma<\/strong><\/a> presenta la obra <em><strong>El \u00c9xtasis de Santa Maria <\/strong><\/em>de la artista<strong> <a style=\"color: #333333;\" href=\"https:\/\/www.instagram.com\/noquedatinte\/\" target=\"_blank\" rel=\"noopener\">No Queda Tinte (Marina Salazar)<\/a><\/strong><\/span><\/p>\n<p><span style=\"font-weight: 400; color: #333333;\"><strong>Marina Salazar<\/strong> describe: \u00abLa iluminaci\u00f3n (en alem\u00e1n, Erleuchtung) es la experiencia de lo divino. Y cuando se revela se convierte en un acto pol\u00edtico de fe, gu\u00eda y poder.<\/span><\/p>\n<p><span style=\"font-weight: 400; color: #333333;\">La luz siempre aparece en nuestra cultura como lo opuesto a la oscuridad, como dualidad.\u00a0<\/span><\/p>\n<p><span style=\"font-weight: 400; color: #333333;\">La vida (\u201cdar a luz\u201d) y la muerte (\u201cver la luz al final del t\u00fanel\u201d). Un binarismo complementario e intr\u00ednseco que nos condiciona como seres humanos. La noche y el d\u00eda. El bien y el mal. Lo correcto y lo incorrecto. Lo sagrado y lo prohibido.\u00a0<\/span><\/p>\n<p><span style=\"font-weight: 400; color: #333333;\">En este ritual divino, dejamos las velas a un lado e iniciamos la ceremonia\u00a0 encendiendo luces de ne\u00f3n para revelar esta pieza er\u00f3tico festiva, que busca sorprender al espectador con la revelaci\u00f3n e interacci\u00f3n que proyecta su aura.\u00a0<\/span><\/p>\n<p><span style=\"font-weight: 400; color: #333333;\">Y es que al final, todo lo que sabemos sobre nuestra luz, nos lo ha ense\u00f1ado nuestra oscuridad.\u00bb<\/span><\/p>\n<p><span style=\"font-weight: 400; color: #333333;\"><strong>Marina Salazar<\/strong> es una dise\u00f1adora gr\u00e1fica con<em> affaires<\/em> art\u00edsticos. En su proyecto \u00abLovjects\u00bb reivindica el pongo y le da valor hackeando estas figuritas de porcelana, implementando nuevos mensajes y c\u00f3digos cr\u00edticos llenos de contenido pol\u00edtico, color, humor y controversia social. A trav\u00e9s de la recuperaci\u00f3n cultural, les ofrece una segunda oportunidad para poder llegar a tener una nueva vida y transformarse en iconos.<\/span><\/p>\n<p><span style=\"font-weight: 400; color: #333333;\">Le da mucha importancia al trabajo personal y a encargos que se salgan de los l\u00edmites de su disciplina, ya que es donde puede investigar y experimentar con nuevas t\u00e9cnicas y lenguajes. Es minimal\u00edstamente barroca, un poco kitsch y le encantan los retos creativos para entrenar sus rubias neuronas.<\/span><\/p>\n<p><span style=\"color: #333333;\">D\u00eda y horario: Viernes y s\u00e1bado 18h a 23h<\/span><\/p>\n<p>Domingo de 18h a 23h<\/p>\n<p><span style=\"color: #333333;\">Ubicaci\u00f3n: <strong>Pujades 99<\/strong><\/span><\/p>\n<p>&nbsp;<\/p>\n<p>Organiza: <strong>La Plataforma.\u00a0<\/strong><\/p>\n<figure id=\"location-25451\" class=\"swiper-slide location-item red has-image\">\n<div class=\"img\"><\/div>\n<\/figure>\n<p><\/p>","protected":false},"excerpt":{"rendered":"<p>En el marco del Off Llum Bcn 2022 que tendr\u00e1 lugar del 4 al 6 de febrero,\u00a0la galeria de arte&#8230; <a href=\"https:\/\/poblenouurbandistrict.com\/es\/off-llum-bcn-2022-la-plataforma-presenta-el-extasis-de-santa-maria-de-no-queda-tinte\/\">M\u00e1s  \u2192<\/a><\/p>\n","protected":false},"author":5,"featured_media":25525,"comment_status":"closed","ping_status":"closed","sticky":false,"template":"","format":"standard","meta":{"_acf_changed":false,"footnotes":""},"categories":[3548,3364],"tags":[],"class_list":["post-25524","post","type-post","status-publish","format-standard","has-post-thumbnail","hentry","category-off-llum-bcn","category-poblenou-urban-district"],"acf":[],"yoast_head":"<!-- This site is optimized with the Yoast SEO plugin v27.5 - https:\/\/yoast.com\/product\/yoast-seo-wordpress\/ -->\n<title>Off Llum BCN Poblenou Urban District<\/title>\n<meta name=\"description\" content=\"La galeria de arte La Plataforma presenta la obra El \u00c9xtasis de Santa Maria de la artista No Queda Tinte (Marina Salazar)\" \/>\n<meta name=\"robots\" content=\"index, follow, max-snippet:-1, max-image-preview:large, max-video-preview:-1\" \/>\n<link rel=\"canonical\" href=\"https:\/\/poblenouurbandistrict.com\/es\/off-llum-bcn-2022-la-plataforma-presenta-el-extasis-de-santa-maria-de-no-queda-tinte\/\" \/>\n<meta property=\"og:locale\" content=\"es_ES\" \/>\n<meta property=\"og:type\" content=\"article\" \/>\n<meta property=\"og:title\" content=\"Off Llum BCN Poblenou Urban District\" \/>\n<meta property=\"og:description\" content=\"La galeria de arte La Plataforma presenta la obra El \u00c9xtasis de Santa Maria de la artista No Queda Tinte (Marina Salazar)\" \/>\n<meta property=\"og:url\" content=\"https:\/\/poblenouurbandistrict.com\/es\/off-llum-bcn-2022-la-plataforma-presenta-el-extasis-de-santa-maria-de-no-queda-tinte\/\" \/>\n<meta property=\"og:site_name\" content=\"Poblenou Urban District\" \/>\n<meta property=\"article:published_time\" content=\"2022-01-28T13:00:15+00:00\" \/>\n<meta property=\"article:modified_time\" content=\"2022-01-31T15:37:00+00:00\" \/>\n<meta property=\"og:image\" content=\"https:\/\/poblenouurbandistrict.com\/wp-content\/uploads\/2022\/01\/nqt-marina-salazar-1.jpg\" \/>\n\t<meta property=\"og:image:width\" content=\"2449\" \/>\n\t<meta property=\"og:image:height\" content=\"2449\" \/>\n\t<meta property=\"og:image:type\" content=\"image\/jpeg\" \/>\n<meta name=\"author\" content=\"pnud\" \/>\n<meta name=\"twitter:card\" content=\"summary_large_image\" \/>\n<meta name=\"twitter:label1\" content=\"Escrito por\" \/>\n\t<meta name=\"twitter:data1\" content=\"pnud\" \/>\n\t<meta name=\"twitter:label2\" content=\"Tiempo de lectura\" \/>\n\t<meta name=\"twitter:data2\" content=\"2 minutos\" \/>\n<script type=\"application\/ld+json\" class=\"yoast-schema-graph\">{\"@context\":\"https:\\\/\\\/schema.org\",\"@graph\":[{\"@type\":\"Article\",\"@id\":\"https:\\\/\\\/poblenouurbandistrict.com\\\/off-llum-bcn-2022-la-plataforma-presenta-el-extasis-de-santa-maria-de-no-queda-tinte\\\/#article\",\"isPartOf\":{\"@id\":\"https:\\\/\\\/poblenouurbandistrict.com\\\/off-llum-bcn-2022-la-plataforma-presenta-el-extasis-de-santa-maria-de-no-queda-tinte\\\/\"},\"author\":{\"name\":\"pnud\",\"@id\":\"https:\\\/\\\/poblenouurbandistrict.com\\\/#\\\/schema\\\/person\\\/980a2cf34b399d5218205730acd54a7e\"},\"headline\":\"Off Llum Bcn 2022: La Plataforma presenta El \u00c9xtasis de Santa Maria de No Queda Tinte\",\"datePublished\":\"2022-01-28T13:00:15+00:00\",\"dateModified\":\"2022-01-31T15:37:00+00:00\",\"mainEntityOfPage\":{\"@id\":\"https:\\\/\\\/poblenouurbandistrict.com\\\/off-llum-bcn-2022-la-plataforma-presenta-el-extasis-de-santa-maria-de-no-queda-tinte\\\/\"},\"wordCount\":727,\"image\":{\"@id\":\"https:\\\/\\\/poblenouurbandistrict.com\\\/off-llum-bcn-2022-la-plataforma-presenta-el-extasis-de-santa-maria-de-no-queda-tinte\\\/#primaryimage\"},\"thumbnailUrl\":\"https:\\\/\\\/media.poblenouurbandistrict.com\\\/2022\\\/01\\\/25044300\\\/nqt-marina-salazar-1.jpg\",\"articleSection\":[\"Off Llum BCN\",\"Poblenou Urban District\"],\"inLanguage\":\"es\"},{\"@type\":\"WebPage\",\"@id\":\"https:\\\/\\\/poblenouurbandistrict.com\\\/es\\\/off-llum-bcn-2022-la-plataforma-presenta-el-extasis-de-santa-maria-de-no-queda-tinte\\\/\",\"url\":\"https:\\\/\\\/poblenouurbandistrict.com\\\/es\\\/off-llum-bcn-2022-la-plataforma-presenta-el-extasis-de-santa-maria-de-no-queda-tinte\\\/\",\"name\":\"Off Llum BCN Poblenou Urban District\",\"isPartOf\":{\"@id\":\"https:\\\/\\\/poblenouurbandistrict.com\\\/es\\\/#website\"},\"primaryImageOfPage\":{\"@id\":\"https:\\\/\\\/poblenouurbandistrict.com\\\/es\\\/off-llum-bcn-2022-la-plataforma-presenta-el-extasis-de-santa-maria-de-no-queda-tinte\\\/#primaryimage\"},\"image\":{\"@id\":\"https:\\\/\\\/poblenouurbandistrict.com\\\/off-llum-bcn-2022-la-plataforma-presenta-el-extasis-de-santa-maria-de-no-queda-tinte\\\/#primaryimage\"},\"thumbnailUrl\":\"https:\\\/\\\/media.poblenouurbandistrict.com\\\/2022\\\/01\\\/25044300\\\/nqt-marina-salazar-1.jpg\",\"datePublished\":\"2022-01-28T13:00:15+00:00\",\"dateModified\":\"2022-01-31T15:37:00+00:00\",\"author\":{\"@id\":\"https:\\\/\\\/poblenouurbandistrict.com\\\/#\\\/schema\\\/person\\\/980a2cf34b399d5218205730acd54a7e\"},\"description\":\"La galeria de arte La Plataforma presenta la obra El \u00c9xtasis de Santa Maria de la artista No Queda Tinte (Marina Salazar)\",\"breadcrumb\":{\"@id\":\"https:\\\/\\\/poblenouurbandistrict.com\\\/es\\\/off-llum-bcn-2022-la-plataforma-presenta-el-extasis-de-santa-maria-de-no-queda-tinte\\\/#breadcrumb\"},\"inLanguage\":\"es\",\"potentialAction\":[{\"@type\":\"ReadAction\",\"target\":[[\"https:\\\/\\\/poblenouurbandistrict.com\\\/es\\\/off-llum-bcn-2022-la-plataforma-presenta-el-extasis-de-santa-maria-de-no-queda-tinte\\\/\"]]}]},{\"@type\":\"ImageObject\",\"inLanguage\":\"es\",\"@id\":\"https:\\\/\\\/poblenouurbandistrict.com\\\/es\\\/off-llum-bcn-2022-la-plataforma-presenta-el-extasis-de-santa-maria-de-no-queda-tinte\\\/#primaryimage\",\"url\":\"https:\\\/\\\/media.poblenouurbandistrict.com\\\/2022\\\/01\\\/25044300\\\/nqt-marina-salazar-1.jpg\",\"contentUrl\":\"https:\\\/\\\/media.poblenouurbandistrict.com\\\/2022\\\/01\\\/25044300\\\/nqt-marina-salazar-1.jpg\",\"width\":2449,\"height\":2449},{\"@type\":\"BreadcrumbList\",\"@id\":\"https:\\\/\\\/poblenouurbandistrict.com\\\/es\\\/off-llum-bcn-2022-la-plataforma-presenta-el-extasis-de-santa-maria-de-no-queda-tinte\\\/#breadcrumb\",\"itemListElement\":[{\"@type\":\"ListItem\",\"position\":1,\"name\":\"Home\",\"item\":\"https:\\\/\\\/poblenouurbandistrict.com\\\/es\\\/\"},{\"@type\":\"ListItem\",\"position\":2,\"name\":\"Off Llum Bcn 2022: La Plataforma presenta El \u00c9xtasis de Santa Maria de No Queda Tinte\"}]},{\"@type\":\"WebSite\",\"@id\":\"https:\\\/\\\/poblenouurbandistrict.com\\\/es\\\/#website\",\"url\":\"https:\\\/\\\/poblenouurbandistrict.com\\\/es\\\/\",\"name\":\"Poblenou Urban District\",\"description\":\"Comunidad Creativa\",\"potentialAction\":[{\"@type\":\"SearchAction\",\"target\":{\"@type\":\"EntryPoint\",\"urlTemplate\":\"https:\\\/\\\/poblenouurbandistrict.com\\\/es\\\/?s={search_term_string}\"},\"query-input\":{\"@type\":\"PropertyValueSpecification\",\"valueRequired\":true,\"valueName\":\"search_term_string\"}}],\"inLanguage\":\"es\"},{\"@type\":\"Person\",\"@id\":\"https:\\\/\\\/poblenouurbandistrict.com\\\/#\\\/schema\\\/person\\\/980a2cf34b399d5218205730acd54a7e\",\"name\":\"pnud\",\"image\":{\"@type\":\"ImageObject\",\"inLanguage\":\"es\",\"@id\":\"https:\\\/\\\/secure.gravatar.com\\\/avatar\\\/67146597b405ee077a24e519f75c3e2031736596d6ce35af3a34c122c93d0d7b?s=96&d=retro&r=g\",\"url\":\"https:\\\/\\\/secure.gravatar.com\\\/avatar\\\/67146597b405ee077a24e519f75c3e2031736596d6ce35af3a34c122c93d0d7b?s=96&d=retro&r=g\",\"contentUrl\":\"https:\\\/\\\/secure.gravatar.com\\\/avatar\\\/67146597b405ee077a24e519f75c3e2031736596d6ce35af3a34c122c93d0d7b?s=96&d=retro&r=g\",\"caption\":\"pnud\"}}]}<\/script>\n<!-- \/ Yoast SEO plugin. -->","yoast_head_json":{"title":"Off Llum BCN Poblenou Urban District","description":"La galeria de arte La Plataforma presenta la obra El \u00c9xtasis de Santa Maria de la artista No Queda Tinte (Marina Salazar)","robots":{"index":"index","follow":"follow","max-snippet":"max-snippet:-1","max-image-preview":"max-image-preview:large","max-video-preview":"max-video-preview:-1"},"canonical":"https:\/\/poblenouurbandistrict.com\/es\/off-llum-bcn-2022-la-plataforma-presenta-el-extasis-de-santa-maria-de-no-queda-tinte\/","og_locale":"es_ES","og_type":"article","og_title":"Off Llum BCN Poblenou Urban District","og_description":"La galeria de arte La Plataforma presenta la obra El \u00c9xtasis de Santa Maria de la artista No Queda Tinte (Marina Salazar)","og_url":"https:\/\/poblenouurbandistrict.com\/es\/off-llum-bcn-2022-la-plataforma-presenta-el-extasis-de-santa-maria-de-no-queda-tinte\/","og_site_name":"Poblenou Urban District","article_published_time":"2022-01-28T13:00:15+00:00","article_modified_time":"2022-01-31T15:37:00+00:00","og_image":[{"width":2449,"height":2449,"url":"https:\/\/poblenouurbandistrict.com\/wp-content\/uploads\/2022\/01\/nqt-marina-salazar-1.jpg","type":"image\/jpeg"}],"author":"pnud","twitter_card":"summary_large_image","twitter_misc":{"Escrito por":"pnud","Tiempo de lectura":"2 minutos"},"schema":{"@context":"https:\/\/schema.org","@graph":[{"@type":"Article","@id":"https:\/\/poblenouurbandistrict.com\/off-llum-bcn-2022-la-plataforma-presenta-el-extasis-de-santa-maria-de-no-queda-tinte\/#article","isPartOf":{"@id":"https:\/\/poblenouurbandistrict.com\/off-llum-bcn-2022-la-plataforma-presenta-el-extasis-de-santa-maria-de-no-queda-tinte\/"},"author":{"name":"pnud","@id":"https:\/\/poblenouurbandistrict.com\/#\/schema\/person\/980a2cf34b399d5218205730acd54a7e"},"headline":"Off Llum Bcn 2022: La Plataforma presenta El \u00c9xtasis de Santa Maria de No Queda Tinte","datePublished":"2022-01-28T13:00:15+00:00","dateModified":"2022-01-31T15:37:00+00:00","mainEntityOfPage":{"@id":"https:\/\/poblenouurbandistrict.com\/off-llum-bcn-2022-la-plataforma-presenta-el-extasis-de-santa-maria-de-no-queda-tinte\/"},"wordCount":727,"image":{"@id":"https:\/\/poblenouurbandistrict.com\/off-llum-bcn-2022-la-plataforma-presenta-el-extasis-de-santa-maria-de-no-queda-tinte\/#primaryimage"},"thumbnailUrl":"https:\/\/media.poblenouurbandistrict.com\/2022\/01\/25044300\/nqt-marina-salazar-1.jpg","articleSection":["Off Llum BCN","Poblenou Urban District"],"inLanguage":"es"},{"@type":"WebPage","@id":"https:\/\/poblenouurbandistrict.com\/es\/off-llum-bcn-2022-la-plataforma-presenta-el-extasis-de-santa-maria-de-no-queda-tinte\/","url":"https:\/\/poblenouurbandistrict.com\/es\/off-llum-bcn-2022-la-plataforma-presenta-el-extasis-de-santa-maria-de-no-queda-tinte\/","name":"Off Llum BCN Poblenou Urban District","isPartOf":{"@id":"https:\/\/poblenouurbandistrict.com\/es\/#website"},"primaryImageOfPage":{"@id":"https:\/\/poblenouurbandistrict.com\/es\/off-llum-bcn-2022-la-plataforma-presenta-el-extasis-de-santa-maria-de-no-queda-tinte\/#primaryimage"},"image":{"@id":"https:\/\/poblenouurbandistrict.com\/off-llum-bcn-2022-la-plataforma-presenta-el-extasis-de-santa-maria-de-no-queda-tinte\/#primaryimage"},"thumbnailUrl":"https:\/\/media.poblenouurbandistrict.com\/2022\/01\/25044300\/nqt-marina-salazar-1.jpg","datePublished":"2022-01-28T13:00:15+00:00","dateModified":"2022-01-31T15:37:00+00:00","author":{"@id":"https:\/\/poblenouurbandistrict.com\/#\/schema\/person\/980a2cf34b399d5218205730acd54a7e"},"description":"La galeria de arte La Plataforma presenta la obra El \u00c9xtasis de Santa Maria de la artista No Queda Tinte (Marina Salazar)","breadcrumb":{"@id":"https:\/\/poblenouurbandistrict.com\/es\/off-llum-bcn-2022-la-plataforma-presenta-el-extasis-de-santa-maria-de-no-queda-tinte\/#breadcrumb"},"inLanguage":"es","potentialAction":[{"@type":"ReadAction","target":[["https:\/\/poblenouurbandistrict.com\/es\/off-llum-bcn-2022-la-plataforma-presenta-el-extasis-de-santa-maria-de-no-queda-tinte\/"]]}]},{"@type":"ImageObject","inLanguage":"es","@id":"https:\/\/poblenouurbandistrict.com\/es\/off-llum-bcn-2022-la-plataforma-presenta-el-extasis-de-santa-maria-de-no-queda-tinte\/#primaryimage","url":"https:\/\/media.poblenouurbandistrict.com\/2022\/01\/25044300\/nqt-marina-salazar-1.jpg","contentUrl":"https:\/\/media.poblenouurbandistrict.com\/2022\/01\/25044300\/nqt-marina-salazar-1.jpg","width":2449,"height":2449},{"@type":"BreadcrumbList","@id":"https:\/\/poblenouurbandistrict.com\/es\/off-llum-bcn-2022-la-plataforma-presenta-el-extasis-de-santa-maria-de-no-queda-tinte\/#breadcrumb","itemListElement":[{"@type":"ListItem","position":1,"name":"Home","item":"https:\/\/poblenouurbandistrict.com\/es\/"},{"@type":"ListItem","position":2,"name":"Off Llum Bcn 2022: La Plataforma presenta El \u00c9xtasis de Santa Maria de No Queda Tinte"}]},{"@type":"WebSite","@id":"https:\/\/poblenouurbandistrict.com\/es\/#website","url":"https:\/\/poblenouurbandistrict.com\/es\/","name":"Poblenou Urban District","description":"Comunidad Creativa","potentialAction":[{"@type":"SearchAction","target":{"@type":"EntryPoint","urlTemplate":"https:\/\/poblenouurbandistrict.com\/es\/?s={search_term_string}"},"query-input":{"@type":"PropertyValueSpecification","valueRequired":true,"valueName":"search_term_string"}}],"inLanguage":"es"},{"@type":"Person","@id":"https:\/\/poblenouurbandistrict.com\/#\/schema\/person\/980a2cf34b399d5218205730acd54a7e","name":"pnud","image":{"@type":"ImageObject","inLanguage":"es","@id":"https:\/\/secure.gravatar.com\/avatar\/67146597b405ee077a24e519f75c3e2031736596d6ce35af3a34c122c93d0d7b?s=96&d=retro&r=g","url":"https:\/\/secure.gravatar.com\/avatar\/67146597b405ee077a24e519f75c3e2031736596d6ce35af3a34c122c93d0d7b?s=96&d=retro&r=g","contentUrl":"https:\/\/secure.gravatar.com\/avatar\/67146597b405ee077a24e519f75c3e2031736596d6ce35af3a34c122c93d0d7b?s=96&d=retro&r=g","caption":"pnud"}}]}},"_links":{"self":[{"href":"https:\/\/poblenouurbandistrict.com\/es\/wp-json\/wp\/v2\/posts\/25524","targetHints":{"allow":["GET"]}}],"collection":[{"href":"https:\/\/poblenouurbandistrict.com\/es\/wp-json\/wp\/v2\/posts"}],"about":[{"href":"https:\/\/poblenouurbandistrict.com\/es\/wp-json\/wp\/v2\/types\/post"}],"author":[{"embeddable":true,"href":"https:\/\/poblenouurbandistrict.com\/es\/wp-json\/wp\/v2\/users\/5"}],"replies":[{"embeddable":true,"href":"https:\/\/poblenouurbandistrict.com\/es\/wp-json\/wp\/v2\/comments?post=25524"}],"version-history":[{"count":12,"href":"https:\/\/poblenouurbandistrict.com\/es\/wp-json\/wp\/v2\/posts\/25524\/revisions"}],"predecessor-version":[{"id":25781,"href":"https:\/\/poblenouurbandistrict.com\/es\/wp-json\/wp\/v2\/posts\/25524\/revisions\/25781"}],"wp:featuredmedia":[{"embeddable":true,"href":"https:\/\/poblenouurbandistrict.com\/es\/wp-json\/wp\/v2\/media\/25525"}],"wp:attachment":[{"href":"https:\/\/poblenouurbandistrict.com\/es\/wp-json\/wp\/v2\/media?parent=25524"}],"wp:term":[{"taxonomy":"category","embeddable":true,"href":"https:\/\/poblenouurbandistrict.com\/es\/wp-json\/wp\/v2\/categories?post=25524"},{"taxonomy":"post_tag","embeddable":true,"href":"https:\/\/poblenouurbandistrict.com\/es\/wp-json\/wp\/v2\/tags?post=25524"}],"curies":[{"name":"wp","href":"https:\/\/api.w.org\/{rel}","templated":true}]}}