{"id":25744,"date":"2022-01-28T12:34:49","date_gmt":"2022-01-28T11:34:49","guid":{"rendered":"https:\/\/poblenouurbandistrict.com\/?p=25744"},"modified":"2022-01-28T12:59:19","modified_gmt":"2022-01-28T11:59:19","slug":"nuestro-mar-vibra-de-lartista-i-dissenyador-maurici-gines-emmarcada-a-loff-llum-bcn","status":"publish","type":"post","link":"https:\/\/poblenouurbandistrict.com\/es\/nuestro-mar-vibra-de-lartista-i-dissenyador-maurici-gines-emmarcada-a-loff-llum-bcn\/","title":{"rendered":"\u00bbNuestro Mar Vibra\u00bb del artista y dise\u00f1ador Maurici Gin\u00e9s, enmarcada dentro de la programaci\u00f3n del Off\u00a0Llum\u00a0Bcn."},"content":{"rendered":"<p>La galer\u00eda <strong><span style=\"color: #000000;\"><a style=\"color: #000000;\" href=\"https:\/\/chezxefo.com\/\" target=\"_blank\" rel=\"noopener\"><span class=\"hiddenSpellError\">Chez<\/span>\u00a0<span class=\"hiddenSpellError\">Xefo<\/span><\/a><\/span><\/strong> acoger\u00e1 los pr\u00f3ximos 4, 5 y 6 de febrero la instalaci\u00f3n lum\u00ednica \u00ab<strong>Nuestro Mar Vibra<\/strong>\u00bb del artista y dise\u00f1ador <span style=\"color: #000000;\"><a style=\"color: #000000;\" href=\"https:\/\/artecstudio.net\/about\" target=\"_blank\" rel=\"noopener\"><strong>Mauricio Gin\u00e9s<\/strong><\/a><\/span>, enmarcada dentro de la programaci\u00f3n del <span style=\"color: #000000;\"><strong><a style=\"color: #000000;\" href=\"https:\/\/poblenouurbandistrict.com\/off-llum-bcn-2022\/\" target=\"_blank\" rel=\"noopener\"><span class=\"hiddenSpellError\">Off<\/span>\u00a0Llum\u00a0<span class=\"hiddenSpellError\">Bcn<\/span><\/a><\/strong><\/span>.<\/p>\n<p>\u00ab<strong>Nuestro\u00a0Mar Vibra<\/strong>\u00bb\u00a0son\u00a0recuerdos de luz de Barcelona. Se inspira en la estela de reflejos que el sol produce en el agua cuando aparece en el mar Mediterr\u00e1neo de modo que la obra evoca una mirada fragmentada de la salida del sol, sus reflejos en un mar propio. El movimiento del espectador y el movimiento de la luz en la pieza crea sutiles efectos de perspectiva generando una relaci\u00f3n personal con la obra.<\/p>\n<p>\u00ab<strong>Nuestro\u00a0Mar Vibra<\/strong>\u00bb est\u00e1 compuesta por varios elementos y matices. En primer lugar, los filtros de tonos c\u00e1lidos en el interior de la pieza recrean los colores de la salida del sol, mientras que el uso de luz din\u00e1mica permite generar varias escenas asociadas al agua y al mar. El contenido principal simula el movimiento de un fluido, transmitiendo sensaciones de paz y tranquilidad. \u00c9sta y otras escenas, como las ondas del mar y reflejos, se activan alternativamente enlaz\u00e1ndose entre ellas.<\/p>\n<p>La escultura lum\u00ednica est\u00e1 construida a partir de l\u00e1minas de metacrilato de varios espesores y mide 70 cm de ancho y 3 metros de alto. Con el fin de difuminar la luz y obtener una textura, el metacrilato se aren\u00f3 manualmente por sus dos caras. La instalaci\u00f3n incorpora un sistema de audio que reproduce un rumor lejano del mar, pensado para que el usuario pueda tener una experiencia completa a trav\u00e9s de la luz, el sonido y la tecnolog\u00eda.<\/p>\n<p>El objetivo pues ha sido trasladar esta luz a la galer\u00eda <strong>Chez Xefo<\/strong>, donde las personas que la visiten puedan tener una relaci\u00f3n especial con la ciudad.<\/p>","protected":false},"excerpt":{"rendered":"<p>La galer\u00eda Chez\u00a0Xefo acoger\u00e1 los pr\u00f3ximos 4, 5 y 6 de febrero la instalaci\u00f3n lum\u00ednica \u00abNuestro Mar Vibra\u00bb del artista&#8230; <a href=\"https:\/\/poblenouurbandistrict.com\/es\/nuestro-mar-vibra-de-lartista-i-dissenyador-maurici-gines-emmarcada-a-loff-llum-bcn\/\">M\u00e1s  \u2192<\/a><\/p>\n","protected":false},"author":5,"featured_media":25745,"comment_status":"closed","ping_status":"closed","sticky":false,"template":"","format":"standard","meta":{"_acf_changed":false,"footnotes":""},"categories":[3548,3364],"tags":[],"class_list":["post-25744","post","type-post","status-publish","format-standard","has-post-thumbnail","hentry","category-off-llum-bcn","category-poblenou-urban-district"],"acf":[],"yoast_head":"<!-- This site is optimized with the Yoast SEO plugin v27.5 - https:\/\/yoast.com\/product\/yoast-seo-wordpress\/ -->\n<title>Off Llum BCN Poblenou Urban District Off Llum BCN &#8211; Off Llum BCN<\/title>\n<meta name=\"description\" content=\"La\u00a0galeria\u00a0Chez\u00a0Xefo\u00a0acollir\u00e0 els pr\u00f2xims 4, 5 i 6 de febrer la instal\u00b7laci\u00f3 lum\u00ednica &quot;Nuestro\u00a0Mar Vibra&quot; emmarcada a\u00a0l&#039;Off\u00a0Llum\u00a0Bcn.\" \/>\n<meta name=\"robots\" content=\"index, follow, max-snippet:-1, max-image-preview:large, max-video-preview:-1\" \/>\n<link rel=\"canonical\" href=\"https:\/\/poblenouurbandistrict.com\/es\/nuestro-mar-vibra-de-lartista-i-dissenyador-maurici-gines-emmarcada-a-loff-llum-bcn\/\" \/>\n<meta property=\"og:locale\" content=\"es_ES\" \/>\n<meta property=\"og:type\" content=\"article\" \/>\n<meta property=\"og:title\" content=\"Off Llum BCN Poblenou Urban District Off Llum BCN &#8211; Off Llum BCN\" \/>\n<meta property=\"og:description\" content=\"La\u00a0galeria\u00a0Chez\u00a0Xefo\u00a0acollir\u00e0 els pr\u00f2xims 4, 5 i 6 de febrer la instal\u00b7laci\u00f3 lum\u00ednica &quot;Nuestro\u00a0Mar Vibra&quot; emmarcada a\u00a0l&#039;Off\u00a0Llum\u00a0Bcn.\" \/>\n<meta property=\"og:url\" content=\"https:\/\/poblenouurbandistrict.com\/es\/nuestro-mar-vibra-de-lartista-i-dissenyador-maurici-gines-emmarcada-a-loff-llum-bcn\/\" \/>\n<meta property=\"og:site_name\" content=\"Poblenou Urban District\" \/>\n<meta property=\"article:published_time\" content=\"2022-01-28T11:34:49+00:00\" \/>\n<meta property=\"article:modified_time\" content=\"2022-01-28T11:59:19+00:00\" \/>\n<meta property=\"og:image\" content=\"https:\/\/poblenouurbandistrict.com\/wp-content\/uploads\/2022\/01\/220118-nuestromarvibra-offllum-300dpi-1-scaled.jpg\" \/>\n\t<meta property=\"og:image:width\" content=\"2560\" \/>\n\t<meta property=\"og:image:height\" content=\"1767\" \/>\n\t<meta property=\"og:image:type\" content=\"image\/jpeg\" \/>\n<meta name=\"author\" content=\"pnud\" \/>\n<meta name=\"twitter:card\" content=\"summary_large_image\" \/>\n<meta name=\"twitter:label1\" content=\"Escrito por\" \/>\n\t<meta name=\"twitter:data1\" content=\"pnud\" \/>\n\t<meta name=\"twitter:label2\" content=\"Tiempo de lectura\" \/>\n\t<meta name=\"twitter:data2\" content=\"2 minutos\" \/>\n<script type=\"application\/ld+json\" class=\"yoast-schema-graph\">{\"@context\":\"https:\\\/\\\/schema.org\",\"@graph\":[{\"@type\":\"Article\",\"@id\":\"https:\\\/\\\/poblenouurbandistrict.com\\\/nuestro-mar-vibra-de-lartista-i-dissenyador-maurici-gines-emmarcada-a-loff-llum-bcn\\\/#article\",\"isPartOf\":{\"@id\":\"https:\\\/\\\/poblenouurbandistrict.com\\\/nuestro-mar-vibra-de-lartista-i-dissenyador-maurici-gines-emmarcada-a-loff-llum-bcn\\\/\"},\"author\":{\"name\":\"pnud\",\"@id\":\"https:\\\/\\\/poblenouurbandistrict.com\\\/#\\\/schema\\\/person\\\/980a2cf34b399d5218205730acd54a7e\"},\"headline\":\"\u00bbNuestro Mar Vibra\u00bb del artista y dise\u00f1ador Maurici Gin\u00e9s, enmarcada dentro de la programaci\u00f3n del Off\u00a0Llum\u00a0Bcn.\",\"datePublished\":\"2022-01-28T11:34:49+00:00\",\"dateModified\":\"2022-01-28T11:59:19+00:00\",\"mainEntityOfPage\":{\"@id\":\"https:\\\/\\\/poblenouurbandistrict.com\\\/nuestro-mar-vibra-de-lartista-i-dissenyador-maurici-gines-emmarcada-a-loff-llum-bcn\\\/\"},\"wordCount\":662,\"image\":{\"@id\":\"https:\\\/\\\/poblenouurbandistrict.com\\\/nuestro-mar-vibra-de-lartista-i-dissenyador-maurici-gines-emmarcada-a-loff-llum-bcn\\\/#primaryimage\"},\"thumbnailUrl\":\"https:\\\/\\\/media.poblenouurbandistrict.com\\\/2022\\\/01\\\/25044354\\\/220118-nuestromarvibra-offllum-300dpi-1-scaled.jpg\",\"articleSection\":[\"Off Llum BCN\",\"Poblenou Urban District\"],\"inLanguage\":\"es\"},{\"@type\":\"WebPage\",\"@id\":\"https:\\\/\\\/poblenouurbandistrict.com\\\/es\\\/nuestro-mar-vibra-de-lartista-i-dissenyador-maurici-gines-emmarcada-a-loff-llum-bcn\\\/\",\"url\":\"https:\\\/\\\/poblenouurbandistrict.com\\\/es\\\/nuestro-mar-vibra-de-lartista-i-dissenyador-maurici-gines-emmarcada-a-loff-llum-bcn\\\/\",\"name\":\"Off Llum BCN Poblenou Urban District Off Llum BCN &#8211; Off Llum BCN\",\"isPartOf\":{\"@id\":\"https:\\\/\\\/poblenouurbandistrict.com\\\/es\\\/#website\"},\"primaryImageOfPage\":{\"@id\":\"https:\\\/\\\/poblenouurbandistrict.com\\\/es\\\/nuestro-mar-vibra-de-lartista-i-dissenyador-maurici-gines-emmarcada-a-loff-llum-bcn\\\/#primaryimage\"},\"image\":{\"@id\":\"https:\\\/\\\/poblenouurbandistrict.com\\\/nuestro-mar-vibra-de-lartista-i-dissenyador-maurici-gines-emmarcada-a-loff-llum-bcn\\\/#primaryimage\"},\"thumbnailUrl\":\"https:\\\/\\\/media.poblenouurbandistrict.com\\\/2022\\\/01\\\/25044354\\\/220118-nuestromarvibra-offllum-300dpi-1-scaled.jpg\",\"datePublished\":\"2022-01-28T11:34:49+00:00\",\"dateModified\":\"2022-01-28T11:59:19+00:00\",\"author\":{\"@id\":\"https:\\\/\\\/poblenouurbandistrict.com\\\/#\\\/schema\\\/person\\\/980a2cf34b399d5218205730acd54a7e\"},\"description\":\"La\u00a0galeria\u00a0Chez\u00a0Xefo\u00a0acollir\u00e0 els pr\u00f2xims 4, 5 i 6 de febrer la instal\u00b7laci\u00f3 lum\u00ednica \\\"Nuestro\u00a0Mar Vibra\\\" emmarcada a\u00a0l'Off\u00a0Llum\u00a0Bcn.\",\"breadcrumb\":{\"@id\":\"https:\\\/\\\/poblenouurbandistrict.com\\\/es\\\/nuestro-mar-vibra-de-lartista-i-dissenyador-maurici-gines-emmarcada-a-loff-llum-bcn\\\/#breadcrumb\"},\"inLanguage\":\"es\",\"potentialAction\":[{\"@type\":\"ReadAction\",\"target\":[[\"https:\\\/\\\/poblenouurbandistrict.com\\\/es\\\/nuestro-mar-vibra-de-lartista-i-dissenyador-maurici-gines-emmarcada-a-loff-llum-bcn\\\/\"]]}]},{\"@type\":\"ImageObject\",\"inLanguage\":\"es\",\"@id\":\"https:\\\/\\\/poblenouurbandistrict.com\\\/es\\\/nuestro-mar-vibra-de-lartista-i-dissenyador-maurici-gines-emmarcada-a-loff-llum-bcn\\\/#primaryimage\",\"url\":\"https:\\\/\\\/media.poblenouurbandistrict.com\\\/2022\\\/01\\\/25044354\\\/220118-nuestromarvibra-offllum-300dpi-1-scaled.jpg\",\"contentUrl\":\"https:\\\/\\\/media.poblenouurbandistrict.com\\\/2022\\\/01\\\/25044354\\\/220118-nuestromarvibra-offllum-300dpi-1-scaled.jpg\",\"width\":2560,\"height\":1767},{\"@type\":\"BreadcrumbList\",\"@id\":\"https:\\\/\\\/poblenouurbandistrict.com\\\/es\\\/nuestro-mar-vibra-de-lartista-i-dissenyador-maurici-gines-emmarcada-a-loff-llum-bcn\\\/#breadcrumb\",\"itemListElement\":[{\"@type\":\"ListItem\",\"position\":1,\"name\":\"Home\",\"item\":\"https:\\\/\\\/poblenouurbandistrict.com\\\/es\\\/\"},{\"@type\":\"ListItem\",\"position\":2,\"name\":\"&#8220;Nuestro\u00a0Mar Vibra&#8221; de l&#8217;artista i dissenyador Maurici Gin\u00e9s, emmarcada a\u00a0l&#8217;Off\u00a0Llum\u00a0Bcn.\"}]},{\"@type\":\"WebSite\",\"@id\":\"https:\\\/\\\/poblenouurbandistrict.com\\\/es\\\/#website\",\"url\":\"https:\\\/\\\/poblenouurbandistrict.com\\\/es\\\/\",\"name\":\"Poblenou Urban District\",\"description\":\"Comunidad Creativa\",\"potentialAction\":[{\"@type\":\"SearchAction\",\"target\":{\"@type\":\"EntryPoint\",\"urlTemplate\":\"https:\\\/\\\/poblenouurbandistrict.com\\\/es\\\/?s={search_term_string}\"},\"query-input\":{\"@type\":\"PropertyValueSpecification\",\"valueRequired\":true,\"valueName\":\"search_term_string\"}}],\"inLanguage\":\"es\"},{\"@type\":\"Person\",\"@id\":\"https:\\\/\\\/poblenouurbandistrict.com\\\/#\\\/schema\\\/person\\\/980a2cf34b399d5218205730acd54a7e\",\"name\":\"pnud\",\"image\":{\"@type\":\"ImageObject\",\"inLanguage\":\"es\",\"@id\":\"https:\\\/\\\/secure.gravatar.com\\\/avatar\\\/67146597b405ee077a24e519f75c3e2031736596d6ce35af3a34c122c93d0d7b?s=96&d=retro&r=g\",\"url\":\"https:\\\/\\\/secure.gravatar.com\\\/avatar\\\/67146597b405ee077a24e519f75c3e2031736596d6ce35af3a34c122c93d0d7b?s=96&d=retro&r=g\",\"contentUrl\":\"https:\\\/\\\/secure.gravatar.com\\\/avatar\\\/67146597b405ee077a24e519f75c3e2031736596d6ce35af3a34c122c93d0d7b?s=96&d=retro&r=g\",\"caption\":\"pnud\"}}]}<\/script>\n<!-- \/ Yoast SEO plugin. -->","yoast_head_json":{"title":"Off Llum BCN Poblenou Urban District Off Llum BCN &#8211; Off Llum BCN","description":"La\u00a0galeria\u00a0Chez\u00a0Xefo\u00a0acollir\u00e0 els pr\u00f2xims 4, 5 i 6 de febrer la instal\u00b7laci\u00f3 lum\u00ednica \"Nuestro\u00a0Mar Vibra\" emmarcada a\u00a0l'Off\u00a0Llum\u00a0Bcn.","robots":{"index":"index","follow":"follow","max-snippet":"max-snippet:-1","max-image-preview":"max-image-preview:large","max-video-preview":"max-video-preview:-1"},"canonical":"https:\/\/poblenouurbandistrict.com\/es\/nuestro-mar-vibra-de-lartista-i-dissenyador-maurici-gines-emmarcada-a-loff-llum-bcn\/","og_locale":"es_ES","og_type":"article","og_title":"Off Llum BCN Poblenou Urban District Off Llum BCN &#8211; Off Llum BCN","og_description":"La\u00a0galeria\u00a0Chez\u00a0Xefo\u00a0acollir\u00e0 els pr\u00f2xims 4, 5 i 6 de febrer la instal\u00b7laci\u00f3 lum\u00ednica \"Nuestro\u00a0Mar Vibra\" emmarcada a\u00a0l'Off\u00a0Llum\u00a0Bcn.","og_url":"https:\/\/poblenouurbandistrict.com\/es\/nuestro-mar-vibra-de-lartista-i-dissenyador-maurici-gines-emmarcada-a-loff-llum-bcn\/","og_site_name":"Poblenou Urban District","article_published_time":"2022-01-28T11:34:49+00:00","article_modified_time":"2022-01-28T11:59:19+00:00","og_image":[{"width":2560,"height":1767,"url":"https:\/\/poblenouurbandistrict.com\/wp-content\/uploads\/2022\/01\/220118-nuestromarvibra-offllum-300dpi-1-scaled.jpg","type":"image\/jpeg"}],"author":"pnud","twitter_card":"summary_large_image","twitter_misc":{"Escrito por":"pnud","Tiempo de lectura":"2 minutos"},"schema":{"@context":"https:\/\/schema.org","@graph":[{"@type":"Article","@id":"https:\/\/poblenouurbandistrict.com\/nuestro-mar-vibra-de-lartista-i-dissenyador-maurici-gines-emmarcada-a-loff-llum-bcn\/#article","isPartOf":{"@id":"https:\/\/poblenouurbandistrict.com\/nuestro-mar-vibra-de-lartista-i-dissenyador-maurici-gines-emmarcada-a-loff-llum-bcn\/"},"author":{"name":"pnud","@id":"https:\/\/poblenouurbandistrict.com\/#\/schema\/person\/980a2cf34b399d5218205730acd54a7e"},"headline":"\u00bbNuestro Mar Vibra\u00bb del artista y dise\u00f1ador Maurici Gin\u00e9s, enmarcada dentro de la programaci\u00f3n del Off\u00a0Llum\u00a0Bcn.","datePublished":"2022-01-28T11:34:49+00:00","dateModified":"2022-01-28T11:59:19+00:00","mainEntityOfPage":{"@id":"https:\/\/poblenouurbandistrict.com\/nuestro-mar-vibra-de-lartista-i-dissenyador-maurici-gines-emmarcada-a-loff-llum-bcn\/"},"wordCount":662,"image":{"@id":"https:\/\/poblenouurbandistrict.com\/nuestro-mar-vibra-de-lartista-i-dissenyador-maurici-gines-emmarcada-a-loff-llum-bcn\/#primaryimage"},"thumbnailUrl":"https:\/\/media.poblenouurbandistrict.com\/2022\/01\/25044354\/220118-nuestromarvibra-offllum-300dpi-1-scaled.jpg","articleSection":["Off Llum BCN","Poblenou Urban District"],"inLanguage":"es"},{"@type":"WebPage","@id":"https:\/\/poblenouurbandistrict.com\/es\/nuestro-mar-vibra-de-lartista-i-dissenyador-maurici-gines-emmarcada-a-loff-llum-bcn\/","url":"https:\/\/poblenouurbandistrict.com\/es\/nuestro-mar-vibra-de-lartista-i-dissenyador-maurici-gines-emmarcada-a-loff-llum-bcn\/","name":"Off Llum BCN Poblenou Urban District Off Llum BCN &#8211; Off Llum BCN","isPartOf":{"@id":"https:\/\/poblenouurbandistrict.com\/es\/#website"},"primaryImageOfPage":{"@id":"https:\/\/poblenouurbandistrict.com\/es\/nuestro-mar-vibra-de-lartista-i-dissenyador-maurici-gines-emmarcada-a-loff-llum-bcn\/#primaryimage"},"image":{"@id":"https:\/\/poblenouurbandistrict.com\/nuestro-mar-vibra-de-lartista-i-dissenyador-maurici-gines-emmarcada-a-loff-llum-bcn\/#primaryimage"},"thumbnailUrl":"https:\/\/media.poblenouurbandistrict.com\/2022\/01\/25044354\/220118-nuestromarvibra-offllum-300dpi-1-scaled.jpg","datePublished":"2022-01-28T11:34:49+00:00","dateModified":"2022-01-28T11:59:19+00:00","author":{"@id":"https:\/\/poblenouurbandistrict.com\/#\/schema\/person\/980a2cf34b399d5218205730acd54a7e"},"description":"La\u00a0galeria\u00a0Chez\u00a0Xefo\u00a0acollir\u00e0 els pr\u00f2xims 4, 5 i 6 de febrer la instal\u00b7laci\u00f3 lum\u00ednica \"Nuestro\u00a0Mar Vibra\" emmarcada a\u00a0l'Off\u00a0Llum\u00a0Bcn.","breadcrumb":{"@id":"https:\/\/poblenouurbandistrict.com\/es\/nuestro-mar-vibra-de-lartista-i-dissenyador-maurici-gines-emmarcada-a-loff-llum-bcn\/#breadcrumb"},"inLanguage":"es","potentialAction":[{"@type":"ReadAction","target":[["https:\/\/poblenouurbandistrict.com\/es\/nuestro-mar-vibra-de-lartista-i-dissenyador-maurici-gines-emmarcada-a-loff-llum-bcn\/"]]}]},{"@type":"ImageObject","inLanguage":"es","@id":"https:\/\/poblenouurbandistrict.com\/es\/nuestro-mar-vibra-de-lartista-i-dissenyador-maurici-gines-emmarcada-a-loff-llum-bcn\/#primaryimage","url":"https:\/\/media.poblenouurbandistrict.com\/2022\/01\/25044354\/220118-nuestromarvibra-offllum-300dpi-1-scaled.jpg","contentUrl":"https:\/\/media.poblenouurbandistrict.com\/2022\/01\/25044354\/220118-nuestromarvibra-offllum-300dpi-1-scaled.jpg","width":2560,"height":1767},{"@type":"BreadcrumbList","@id":"https:\/\/poblenouurbandistrict.com\/es\/nuestro-mar-vibra-de-lartista-i-dissenyador-maurici-gines-emmarcada-a-loff-llum-bcn\/#breadcrumb","itemListElement":[{"@type":"ListItem","position":1,"name":"Home","item":"https:\/\/poblenouurbandistrict.com\/es\/"},{"@type":"ListItem","position":2,"name":"&#8220;Nuestro\u00a0Mar Vibra&#8221; de l&#8217;artista i dissenyador Maurici Gin\u00e9s, emmarcada a\u00a0l&#8217;Off\u00a0Llum\u00a0Bcn."}]},{"@type":"WebSite","@id":"https:\/\/poblenouurbandistrict.com\/es\/#website","url":"https:\/\/poblenouurbandistrict.com\/es\/","name":"Poblenou Urban District","description":"Comunidad Creativa","potentialAction":[{"@type":"SearchAction","target":{"@type":"EntryPoint","urlTemplate":"https:\/\/poblenouurbandistrict.com\/es\/?s={search_term_string}"},"query-input":{"@type":"PropertyValueSpecification","valueRequired":true,"valueName":"search_term_string"}}],"inLanguage":"es"},{"@type":"Person","@id":"https:\/\/poblenouurbandistrict.com\/#\/schema\/person\/980a2cf34b399d5218205730acd54a7e","name":"pnud","image":{"@type":"ImageObject","inLanguage":"es","@id":"https:\/\/secure.gravatar.com\/avatar\/67146597b405ee077a24e519f75c3e2031736596d6ce35af3a34c122c93d0d7b?s=96&d=retro&r=g","url":"https:\/\/secure.gravatar.com\/avatar\/67146597b405ee077a24e519f75c3e2031736596d6ce35af3a34c122c93d0d7b?s=96&d=retro&r=g","contentUrl":"https:\/\/secure.gravatar.com\/avatar\/67146597b405ee077a24e519f75c3e2031736596d6ce35af3a34c122c93d0d7b?s=96&d=retro&r=g","caption":"pnud"}}]}},"_links":{"self":[{"href":"https:\/\/poblenouurbandistrict.com\/es\/wp-json\/wp\/v2\/posts\/25744","targetHints":{"allow":["GET"]}}],"collection":[{"href":"https:\/\/poblenouurbandistrict.com\/es\/wp-json\/wp\/v2\/posts"}],"about":[{"href":"https:\/\/poblenouurbandistrict.com\/es\/wp-json\/wp\/v2\/types\/post"}],"author":[{"embeddable":true,"href":"https:\/\/poblenouurbandistrict.com\/es\/wp-json\/wp\/v2\/users\/5"}],"replies":[{"embeddable":true,"href":"https:\/\/poblenouurbandistrict.com\/es\/wp-json\/wp\/v2\/comments?post=25744"}],"version-history":[{"count":2,"href":"https:\/\/poblenouurbandistrict.com\/es\/wp-json\/wp\/v2\/posts\/25744\/revisions"}],"predecessor-version":[{"id":25749,"href":"https:\/\/poblenouurbandistrict.com\/es\/wp-json\/wp\/v2\/posts\/25744\/revisions\/25749"}],"wp:featuredmedia":[{"embeddable":true,"href":"https:\/\/poblenouurbandistrict.com\/es\/wp-json\/wp\/v2\/media\/25745"}],"wp:attachment":[{"href":"https:\/\/poblenouurbandistrict.com\/es\/wp-json\/wp\/v2\/media?parent=25744"}],"wp:term":[{"taxonomy":"category","embeddable":true,"href":"https:\/\/poblenouurbandistrict.com\/es\/wp-json\/wp\/v2\/categories?post=25744"},{"taxonomy":"post_tag","embeddable":true,"href":"https:\/\/poblenouurbandistrict.com\/es\/wp-json\/wp\/v2\/tags?post=25744"}],"curies":[{"name":"wp","href":"https:\/\/api.w.org\/{rel}","templated":true}]}}