{"id":25752,"date":"2022-02-02T13:03:20","date_gmt":"2022-02-02T12:03:20","guid":{"rendered":"https:\/\/poblenouurbandistrict.com\/?p=25752"},"modified":"2022-02-03T13:20:38","modified_gmt":"2022-02-03T12:20:38","slug":"descubre-la-programacion-escenica-del-distrito-creativo-de-barcelona","status":"publish","type":"post","link":"https:\/\/poblenouurbandistrict.com\/es\/descubre-la-programacion-escenica-del-distrito-creativo-de-barcelona\/","title":{"rendered":"Descubre la programaci\u00f3n esc\u00e9nica del Distrito Creativo de Barcelona"},"content":{"rendered":"<p><span style=\"font-weight: 400;\">Ir al <\/span><b>teatro<\/b><span style=\"font-weight: 400;\"> es sin\u00f3nimo de cultivarse, de entender la sociedad desde otra perspectiva m\u00e1s cr\u00edtica e impregnarse de sensaciones y emociones. Nos permite empatizar con historias lejanas y cercanas, de realidades ficcionadas y de grandes cl\u00e1sicos que nunca dejan de sorprender; descubrir o re-descubrir actores y actrices que nos transmiten con cada gesto, con cada palabra. Todo esto se magnifica con la gran variedad de obras, teatros y estilos que hay en el panorama barcelon\u00e9s.\u00a0<\/span><\/p>\n<p><span style=\"font-weight: 400;\">En el Distrito Creativo contamos con diferentes teatros que nos brindan la oportunidad de presenciar obras con formatos y providencias diferentes: Des del <\/span><span style=\"color: #000000;\"><a style=\"color: #000000;\" href=\"https:\/\/www.tnc.cat\/ca\/espectacles-2021-2022\"><b>Teatre Nacional de Catalunya<\/b><\/a><\/span><span style=\"font-weight: 400;\">; con un programa anual lleno de grandes t\u00edtulos y variedades, a la <\/span><span style=\"color: #000000;\"><a style=\"color: #000000;\" href=\"https:\/\/www.salabeckett.cat\/espectacles\/#\"><b>Sala Beckett<\/b><\/a><\/span><span style=\"font-weight: 400;\">; con un fant\u00e1stico espacio y con obras de primer nivel, hasta el <\/span><a href=\"https:\/\/www.casinoalianca.cat\/\"><b><span style=\"color: #000000;\">Casino de l\u2019Alian\u00e7a<\/span><\/b><\/a><span style=\"font-weight: 400;\">; emblema del barrio que acoge espect\u00e1culos para todo tipo de p\u00fablicos. Para no perder detalle de sus novedades os presentamos sus programaciones de este mes de febrero.<\/span><\/p>\n<p><span style=\"font-weight: 400;\">Empecemos con la <\/span><a href=\"https:\/\/www.salabeckett.cat\/espectacles\/#\"><b><span style=\"color: #000000;\">Sala Beckett<\/span><\/b><\/a><span style=\"font-weight: 400;\">, teatro de referencia en Barcelona que ofrece desde espect\u00e1culos y obras teatrales, hasta actividades y cursos de formaci\u00f3n. Si nos centramos en las obras de este mes de febrero se pueden apreciar las siguientes:\u00a0<\/span><\/p>\n<ul>\n<li aria-level=\"1\"><span style=\"color: #000000;\"><a style=\"color: #000000;\" href=\"https:\/\/www.salabeckett.cat\/espectacle\/salvaciototal-imminent-immediata-terrestre-i-collectiva\/\"><b>Salvaci\u00f3 Total Imminent Immediata Terrestre i Col\u00b7lectiva<\/b><\/a><\/span>\n<ul>\n<li><span style=\"font-weight: 400;\">Autor: <\/span><b>Tim Crouch<\/b><\/li>\n<li><span style=\"font-weight: 400;\"> Traductora: <\/span><b>Adriana Nadal<\/b><\/li>\n<li><span style=\"font-weight: 400;\"> Direcci\u00f3n: <\/span><b>Pau Roca<\/b><\/li>\n<li><span style=\"font-weight: 400;\"> Del 26\/01\/2022 al 20\/02\/2022<\/span><\/li>\n<\/ul>\n<\/li>\n<\/ul>\n<p><em>Salvaci\u00f3 Total Imminent Immediata Terrestre i Col\u00b7lectiva<\/em>\u00a0(2019) es la historia de una familia que busca respuestas despu\u00e9s de un cataclismo.<\/p>\n<ul>\n<li aria-level=\"1\"><span style=\"color: #000000;\"><a style=\"color: #000000;\" href=\"https:\/\/www.salabeckett.cat\/espectacle\/animal-negre-tristesa\/\"><b>Animal negre tristesa<\/b><\/a><\/span>\n<ul>\n<li><span style=\"font-weight: 400;\">Autora: <\/span><b>Anja Hilling<\/b><\/li>\n<li><span style=\"font-weight: 400;\"> Traductora: <\/span><b>Maria Bosom<\/b><\/li>\n<li><span style=\"font-weight: 400;\"> Direcci\u00f3n: <\/span><b>Julio Manrique<\/b><\/li>\n<li><span style=\"font-weight: 400;\"> Del 26\/01\/2022 al 06\/03\/2022<\/span><\/li>\n<\/ul>\n<\/li>\n<\/ul>\n<p><strong>Julio Manrique<\/strong> dirige esta obra que nos muestra un peque\u00f1o y privilegiado grupo de seres humanos que, con la imprudencia de unos ni\u00f1os que juegan despreocupadamente en la sombra de los \u00e1rboles, ignorando cualquier peligro, abren las puertas al infierno.<\/p>\n<ul>\n<li aria-level=\"1\"><span style=\"color: #000000;\"><a style=\"color: #000000;\" href=\"https:\/\/www.salabeckett.cat\/espectacle\/demeter\/\"><b>Dem\u00e8ter<\/b><\/a><\/span>\n<ul>\n<li><span style=\"font-weight: 400;\">Autor: <\/span><b>Agrupaci\u00f3n Se\u00f1or Serrano<\/b><\/li>\n<li><span style=\"font-weight: 400;\"> Del 05\/02\/2022 al 13\/02\/2022<\/span><\/li>\n<\/ul>\n<\/li>\n<\/ul>\n<p>Proyecto Olympus es una serie teatral basada en una visi\u00f3n cr\u00edtica y desenfadada de los mitos griegos destinada a ni\u00f1as y ni\u00f1os, para que puedan disfrutar del espect\u00e1culo en autonom\u00eda sin la presencia de los padres en sala.<\/p>\n<ul>\n<li aria-level=\"1\"><span style=\"color: #333333;\"><span style=\"font-weight: 400;\">Recital a dueto: <\/span><a style=\"color: #333333;\" href=\"https:\/\/www.salabeckett.cat\/espectacle\/himnes-de-fata-morgana\/\"><b>Himnes de Fata Morgana<\/b><\/a><\/span><b><\/b>\n<ul>\n<li aria-level=\"1\"><b>David Castillo<\/b><span style=\"font-weight: 400;\"> y <\/span><b>Xarim Arest\u00e9<\/b><\/li>\n<li aria-level=\"1\"><span style=\"font-weight: 400;\">El 22\/02\/2022\u00a0<\/span><\/li>\n<\/ul>\n<\/li>\n<\/ul>\n<p>&nbsp;<\/p>\n<ul>\n<li style=\"font-weight: 400;\" aria-level=\"1\"><span style=\"color: #000000;\"><a style=\"color: #000000;\" href=\"https:\/\/www.salabeckett.cat\/espectacle\/no-res-campo\/\"><b>No sabem res del campo. Hist\u00f2ries \u00edntimes sobre la quotidianitat rural<\/b><span style=\"font-weight: 400;\">\u00a0<\/span><\/a><\/span>\n<ul>\n<li><span style=\"font-weight: 400;\">Autora: <\/span><b>Cl\u00e0udia Serrahima i Urgell<\/b><\/li>\n<li><span style=\"font-weight: 400;\"> Del 24\/02\/2022 al 27\/02\/2022<\/span><\/li>\n<\/ul>\n<\/li>\n<\/ul>\n<p><em>No sabem res del campo<\/em>\u00a0es el resultado de una investigaci\u00f3n de\u00a0Cl\u00e0udia Serrahima sobre el mundo rural. La propuesta presenta diversas experiencias vitales, narradas de forma oral de la mano de sus protagonists. Un espect\u00e1culo teatral de objetos y peque\u00f1o formato.<\/p>\n<p>&nbsp;<\/p>\n<p><span style=\"font-weight: 400;\">El <\/span><span style=\"color: #000000;\"><a style=\"color: #000000;\" href=\"https:\/\/www.tnc.cat\/ca\/espectacles-2021-2022\"><b>Teatro Nacional de Catalunya<\/b><\/a><\/span><\/p>\n<p><span style=\"font-weight: 400;\">Es uno de los grandes referentes dentro del \u00e1mbito esc\u00e9nico de la ciudad, y su programaci\u00f3n, como no es sorpresa, cuenta con grandes obras de teatro. Para este mes de febrero se podr\u00e1n ver:\u00a0<\/span><\/p>\n<ul>\n<li aria-level=\"1\"><a href=\"https:\/\/www.tnc.cat\/ca\/fuego-fuego\"><b><span style=\"color: #000000;\">Fuego Fuego<\/span><\/b><\/a>\n<ul>\n<li><span style=\"font-weight: 400;\">Dramat\u00fargia y direcci\u00f3n: <\/span><b>Manuela Infante<\/b><\/li>\n<li><span style=\"font-weight: 400;\"> Sala Tallers<\/span><\/li>\n<li><span style=\"font-weight: 400;\"> Del 14\/01\/2022 al 06\/02\/2022<\/span><\/li>\n<\/ul>\n<\/li>\n<\/ul>\n<p><b>La mirada \u00fanica, inteligente y po\u00e9tica de Manuela Infante da vida al fuego.<\/b><\/p>\n<p>&nbsp;<\/p>\n<ul>\n<li aria-level=\"1\"><span style=\"color: #000000;\"><a style=\"color: #000000;\" href=\"https:\/\/www.tnc.cat\/ca\/la-casa-del-dolor\"><b>La casa del dolor<\/b><\/a><\/span>\n<ul>\n<li><span style=\"font-weight: 400;\">Direcci\u00f3n: <\/span><b>V\u00edctor S\u00e1nchez Rodr\u00edguez<\/b><\/li>\n<li><span style=\"font-weight: 400;\"> Sala Petita<\/span><\/li>\n<li><span style=\"font-weight: 400;\"> Del 26\/01\/2022 al 20\/02\/2022<\/span><\/li>\n<\/ul>\n<\/li>\n<\/ul>\n<p>La inquietante vida detr\u00e1s de la imagen de una familia perfecta.<\/p>\n<ul>\n<li><span style=\"color: #000000;\"><a style=\"color: #000000;\" href=\"https:\/\/www.tnc.cat\/ca\/desig\"><b>Desig<\/b><\/a><\/span>\n<ul>\n<li><b>Josep Maria Benet<\/b> <b>i<\/b> <b>Jornet<\/b><\/li>\n<li><span style=\"font-weight: 400;\"> Direcci\u00f3n:<\/span><b> S\u00edlvia Munt<\/b><\/li>\n<li><span style=\"font-weight: 400;\"> Sala Gran<\/span><\/li>\n<li><span style=\"font-weight: 400;\"> Del 27\/01\/2022 al 06\/03\/2022<\/span><\/li>\n<\/ul>\n<\/li>\n<\/ul>\n<p>Un texto de Josep Maria Benet y Jornet de atm\u00f3sfera fantasmag\u00f3rica y on\u00edrica donde el deseo es el protagonista.<\/p>\n<p>&nbsp;<\/p>\n<ul>\n<li aria-level=\"1\"><span style=\"color: #000000;\"><a style=\"color: #000000;\" href=\"https:\/\/www.tnc.cat\/ca\/el-mar-visio-duns-nens-que-no-lhan-vist-mai\"><b>El mar: Visi\u00f3 d\u2019uns nens que no l\u2019han vist mai<\/b><\/a><\/span>\n<ul>\n<li><span style=\"font-weight: 400;\">Direcci\u00f3n: <\/span><b>Xavier Bob\u00e9s <\/b><span style=\"font-weight: 400;\">y <\/span><b>Alberto Conejero<\/b><\/li>\n<li><span style=\"font-weight: 400;\"> Sala Tallers<\/span><\/li>\n<li><span style=\"font-weight: 400;\"> Del 17\/02\/2022 al 06\/03\/2022<\/span><\/li>\n<\/ul>\n<\/li>\n<\/ul>\n<p>Una obra de teatro po\u00e9tico, documental y de objetos basada en las redacciones de unos ni\u00f1os que no han visto el mar ni su maestro Antoni Benaiges.<\/p>\n<ul>\n<li aria-level=\"1\"><span style=\"color: #000000;\"><a style=\"color: #000000;\" href=\"https:\/\/www.tnc.cat\/ca\/dramaturgia-europea\"><b>Dramaturgia emergente europea: B\u00e8lgica<\/b><\/a><\/span>\n<ul>\n<li><span style=\"font-weight: 400;\">Direcci\u00f3n:<\/span><b> Dounia de Marie-Aurore D\u2019Awans<\/b><span style=\"font-weight: 400;\"> y <\/span><b>Gif de Lisa Boa Houbrechts<\/b><\/li>\n<li><span style=\"font-weight: 400;\"> Sala Petita<\/span><\/li>\n<li><span style=\"font-weight: 400;\"> Del 26\/02\/2022 al 27\/02\/2022<\/span><\/li>\n<\/ul>\n<\/li>\n<li style=\"list-style-type: none;\"><\/li>\n<\/ul>\n<p><span style=\"font-weight: 400;\">Por \u00faltimo, pero no menos importante, tenemos al <\/span><span style=\"color: #000000;\"><a style=\"color: #000000;\" href=\"https:\/\/www.casinoalianca.cat\/\"><b>Casino de l\u2019Alian\u00e7a del Poblenou<\/b><\/a><\/span><span style=\"font-weight: 400;\">, espacio que es s\u00edmbolo del barrio donde se programan espect\u00e1culos de gran variedad para p\u00fablicos de todo tipo. Para este mes de febrero se podr\u00e1 acudir a ver el espect\u00e1culo <\/span><span style=\"color: #000000;\"><a style=\"color: #000000;\" href=\"https:\/\/www.casinoalianca.cat\/dissabte-5-de-febrer-de-2022-a-les-1830-de-la-tarda-the-feliuettes\/\"><b>The Feliuettes<\/b><\/a><\/span><span style=\"font-weight: 400;\">, de <\/span><b>Laia Alsina<\/b><span style=\"font-weight: 400;\">, <\/span><b>Laura Pau<\/b><span style=\"font-weight: 400;\"> y <\/span><b>Maria Cirici<\/b><span style=\"font-weight: 400;\">. Un concierto teatralizado con canciones de <\/span><b>N\u00faria Feliu<\/b><span style=\"font-weight: 400;\"> que se podr\u00e1 asistir el cinco de febrero.\u00a0<\/span><\/p>\n<p>&nbsp;<\/p>\n<p><span style=\"font-weight: 400;\">Una gran variedad de obras nos acompa\u00f1an en este mes de febrero en el distrito creativo de Barcelona. No dud\u00e9is en reservar vuestras entradas y disfrutar del arte esc\u00e9nico.<\/span><\/p>","protected":false},"excerpt":{"rendered":"<p>Ir al teatro es sin\u00f3nimo de cultivarse, de entender la sociedad desde otra perspectiva m\u00e1s cr\u00edtica e impregnarse de sensaciones&#8230; <a href=\"https:\/\/poblenouurbandistrict.com\/es\/descubre-la-programacion-escenica-del-distrito-creativo-de-barcelona\/\">M\u00e1s  \u2192<\/a><\/p>\n","protected":false},"author":5,"featured_media":25865,"comment_status":"closed","ping_status":"closed","sticky":false,"template":"","format":"standard","meta":{"_acf_changed":false,"footnotes":""},"categories":[3481,3363],"tags":[],"class_list":["post-25752","post","type-post","status-publish","format-standard","has-post-thumbnail","hentry","category-agenda","category-places"],"acf":[],"yoast_head":"<!-- This site is optimized with the Yoast SEO plugin v27.5 - https:\/\/yoast.com\/product\/yoast-seo-wordpress\/ -->\n<title>Descubre la programaci\u00f3n esc\u00e9nica del Distrito Creativo de Barcelona &#8211;<\/title>\n<meta name=\"description\" content=\"Descubre la programaci\u00f3n esc\u00e9nica del mes de febrero del Distrito Creativo de Barcelona. Una gran variedad de obras y espect\u00e1culos\" \/>\n<meta name=\"robots\" content=\"index, follow, max-snippet:-1, max-image-preview:large, max-video-preview:-1\" \/>\n<link rel=\"canonical\" href=\"https:\/\/poblenouurbandistrict.com\/es\/descubre-la-programacion-escenica-del-distrito-creativo-de-barcelona\/\" \/>\n<meta property=\"og:locale\" content=\"es_ES\" \/>\n<meta property=\"og:type\" content=\"article\" \/>\n<meta property=\"og:title\" content=\"Descubre la programaci\u00f3n esc\u00e9nica del Distrito Creativo de Barcelona &#8211;\" \/>\n<meta property=\"og:description\" content=\"Descubre la programaci\u00f3n esc\u00e9nica del mes de febrero del Distrito Creativo de Barcelona. Una gran variedad de obras y espect\u00e1culos\" \/>\n<meta property=\"og:url\" content=\"https:\/\/poblenouurbandistrict.com\/es\/descubre-la-programacion-escenica-del-distrito-creativo-de-barcelona\/\" \/>\n<meta property=\"og:site_name\" content=\"Poblenou Urban District\" \/>\n<meta property=\"article:published_time\" content=\"2022-02-02T12:03:20+00:00\" \/>\n<meta property=\"article:modified_time\" content=\"2022-02-03T12:20:38+00:00\" \/>\n<meta property=\"og:image\" content=\"https:\/\/poblenouurbandistrict.com\/wp-content\/uploads\/2022\/02\/sans-titre-12.png\" \/>\n\t<meta property=\"og:image:width\" content=\"1500\" \/>\n\t<meta property=\"og:image:height\" content=\"1000\" \/>\n\t<meta property=\"og:image:type\" content=\"image\/jpeg\" \/>\n<meta name=\"author\" content=\"pnud\" \/>\n<meta name=\"twitter:card\" content=\"summary_large_image\" \/>\n<meta name=\"twitter:label1\" content=\"Escrito por\" \/>\n\t<meta name=\"twitter:data1\" content=\"pnud\" \/>\n\t<meta name=\"twitter:label2\" content=\"Tiempo de lectura\" \/>\n\t<meta name=\"twitter:data2\" content=\"4 minutos\" \/>\n<script type=\"application\/ld+json\" class=\"yoast-schema-graph\">{\"@context\":\"https:\\\/\\\/schema.org\",\"@graph\":[{\"@type\":\"Article\",\"@id\":\"https:\\\/\\\/poblenouurbandistrict.com\\\/descubre-la-programacion-escenica-del-distrito-creativo-de-barcelona\\\/#article\",\"isPartOf\":{\"@id\":\"https:\\\/\\\/poblenouurbandistrict.com\\\/descubre-la-programacion-escenica-del-distrito-creativo-de-barcelona\\\/\"},\"author\":{\"name\":\"pnud\",\"@id\":\"https:\\\/\\\/poblenouurbandistrict.com\\\/#\\\/schema\\\/person\\\/980a2cf34b399d5218205730acd54a7e\"},\"headline\":\"Descubre la programaci\u00f3n esc\u00e9nica del Distrito Creativo de Barcelona\",\"datePublished\":\"2022-02-02T12:03:20+00:00\",\"dateModified\":\"2022-02-03T12:20:38+00:00\",\"mainEntityOfPage\":{\"@id\":\"https:\\\/\\\/poblenouurbandistrict.com\\\/descubre-la-programacion-escenica-del-distrito-creativo-de-barcelona\\\/\"},\"wordCount\":2198,\"image\":{\"@id\":\"https:\\\/\\\/poblenouurbandistrict.com\\\/descubre-la-programacion-escenica-del-distrito-creativo-de-barcelona\\\/#primaryimage\"},\"thumbnailUrl\":\"https:\\\/\\\/media.poblenouurbandistrict.com\\\/2022\\\/02\\\/25044501\\\/sans-titre-12.jpg\",\"articleSection\":[\"Agenda\",\"Espacios\"],\"inLanguage\":\"es\"},{\"@type\":\"WebPage\",\"@id\":\"https:\\\/\\\/poblenouurbandistrict.com\\\/es\\\/descubre-la-programacion-escenica-del-distrito-creativo-de-barcelona\\\/\",\"url\":\"https:\\\/\\\/poblenouurbandistrict.com\\\/es\\\/descubre-la-programacion-escenica-del-distrito-creativo-de-barcelona\\\/\",\"name\":\"Descubre la programaci\u00f3n esc\u00e9nica del Distrito Creativo de Barcelona &#8211;\",\"isPartOf\":{\"@id\":\"https:\\\/\\\/poblenouurbandistrict.com\\\/es\\\/#website\"},\"primaryImageOfPage\":{\"@id\":\"https:\\\/\\\/poblenouurbandistrict.com\\\/es\\\/descubre-la-programacion-escenica-del-distrito-creativo-de-barcelona\\\/#primaryimage\"},\"image\":{\"@id\":\"https:\\\/\\\/poblenouurbandistrict.com\\\/descubre-la-programacion-escenica-del-distrito-creativo-de-barcelona\\\/#primaryimage\"},\"thumbnailUrl\":\"https:\\\/\\\/media.poblenouurbandistrict.com\\\/2022\\\/02\\\/25044501\\\/sans-titre-12.jpg\",\"datePublished\":\"2022-02-02T12:03:20+00:00\",\"dateModified\":\"2022-02-03T12:20:38+00:00\",\"author\":{\"@id\":\"https:\\\/\\\/poblenouurbandistrict.com\\\/#\\\/schema\\\/person\\\/980a2cf34b399d5218205730acd54a7e\"},\"description\":\"Descubre la programaci\u00f3n esc\u00e9nica del mes de febrero del Distrito Creativo de Barcelona. Una gran variedad de obras y espect\u00e1culos\",\"breadcrumb\":{\"@id\":\"https:\\\/\\\/poblenouurbandistrict.com\\\/es\\\/descubre-la-programacion-escenica-del-distrito-creativo-de-barcelona\\\/#breadcrumb\"},\"inLanguage\":\"es\",\"potentialAction\":[{\"@type\":\"ReadAction\",\"target\":[[\"https:\\\/\\\/poblenouurbandistrict.com\\\/es\\\/descubre-la-programacion-escenica-del-distrito-creativo-de-barcelona\\\/\"]]}]},{\"@type\":\"ImageObject\",\"inLanguage\":\"es\",\"@id\":\"https:\\\/\\\/poblenouurbandistrict.com\\\/es\\\/descubre-la-programacion-escenica-del-distrito-creativo-de-barcelona\\\/#primaryimage\",\"url\":\"https:\\\/\\\/media.poblenouurbandistrict.com\\\/2022\\\/02\\\/25044501\\\/sans-titre-12.jpg\",\"contentUrl\":\"https:\\\/\\\/media.poblenouurbandistrict.com\\\/2022\\\/02\\\/25044501\\\/sans-titre-12.jpg\",\"width\":1500,\"height\":1000},{\"@type\":\"BreadcrumbList\",\"@id\":\"https:\\\/\\\/poblenouurbandistrict.com\\\/es\\\/descubre-la-programacion-escenica-del-distrito-creativo-de-barcelona\\\/#breadcrumb\",\"itemListElement\":[{\"@type\":\"ListItem\",\"position\":1,\"name\":\"Home\",\"item\":\"https:\\\/\\\/poblenouurbandistrict.com\\\/es\\\/\"},{\"@type\":\"ListItem\",\"position\":2,\"name\":\"Descobreix la programaci\u00f3 esc\u00e8nica del Districte Creatiu de Barcelona\"}]},{\"@type\":\"WebSite\",\"@id\":\"https:\\\/\\\/poblenouurbandistrict.com\\\/es\\\/#website\",\"url\":\"https:\\\/\\\/poblenouurbandistrict.com\\\/es\\\/\",\"name\":\"Poblenou Urban District\",\"description\":\"Comunidad Creativa\",\"potentialAction\":[{\"@type\":\"SearchAction\",\"target\":{\"@type\":\"EntryPoint\",\"urlTemplate\":\"https:\\\/\\\/poblenouurbandistrict.com\\\/es\\\/?s={search_term_string}\"},\"query-input\":{\"@type\":\"PropertyValueSpecification\",\"valueRequired\":true,\"valueName\":\"search_term_string\"}}],\"inLanguage\":\"es\"},{\"@type\":\"Person\",\"@id\":\"https:\\\/\\\/poblenouurbandistrict.com\\\/#\\\/schema\\\/person\\\/980a2cf34b399d5218205730acd54a7e\",\"name\":\"pnud\",\"image\":{\"@type\":\"ImageObject\",\"inLanguage\":\"es\",\"@id\":\"https:\\\/\\\/secure.gravatar.com\\\/avatar\\\/67146597b405ee077a24e519f75c3e2031736596d6ce35af3a34c122c93d0d7b?s=96&d=retro&r=g\",\"url\":\"https:\\\/\\\/secure.gravatar.com\\\/avatar\\\/67146597b405ee077a24e519f75c3e2031736596d6ce35af3a34c122c93d0d7b?s=96&d=retro&r=g\",\"contentUrl\":\"https:\\\/\\\/secure.gravatar.com\\\/avatar\\\/67146597b405ee077a24e519f75c3e2031736596d6ce35af3a34c122c93d0d7b?s=96&d=retro&r=g\",\"caption\":\"pnud\"}}]}<\/script>\n<!-- \/ Yoast SEO plugin. -->","yoast_head_json":{"title":"Descubre la programaci\u00f3n esc\u00e9nica del Distrito Creativo de Barcelona &#8211;","description":"Descubre la programaci\u00f3n esc\u00e9nica del mes de febrero del Distrito Creativo de Barcelona. Una gran variedad de obras y espect\u00e1culos","robots":{"index":"index","follow":"follow","max-snippet":"max-snippet:-1","max-image-preview":"max-image-preview:large","max-video-preview":"max-video-preview:-1"},"canonical":"https:\/\/poblenouurbandistrict.com\/es\/descubre-la-programacion-escenica-del-distrito-creativo-de-barcelona\/","og_locale":"es_ES","og_type":"article","og_title":"Descubre la programaci\u00f3n esc\u00e9nica del Distrito Creativo de Barcelona &#8211;","og_description":"Descubre la programaci\u00f3n esc\u00e9nica del mes de febrero del Distrito Creativo de Barcelona. Una gran variedad de obras y espect\u00e1culos","og_url":"https:\/\/poblenouurbandistrict.com\/es\/descubre-la-programacion-escenica-del-distrito-creativo-de-barcelona\/","og_site_name":"Poblenou Urban District","article_published_time":"2022-02-02T12:03:20+00:00","article_modified_time":"2022-02-03T12:20:38+00:00","og_image":[{"width":1500,"height":1000,"url":"https:\/\/poblenouurbandistrict.com\/wp-content\/uploads\/2022\/02\/sans-titre-12.png","type":"image\/jpeg"}],"author":"pnud","twitter_card":"summary_large_image","twitter_misc":{"Escrito por":"pnud","Tiempo de lectura":"4 minutos"},"schema":{"@context":"https:\/\/schema.org","@graph":[{"@type":"Article","@id":"https:\/\/poblenouurbandistrict.com\/descubre-la-programacion-escenica-del-distrito-creativo-de-barcelona\/#article","isPartOf":{"@id":"https:\/\/poblenouurbandistrict.com\/descubre-la-programacion-escenica-del-distrito-creativo-de-barcelona\/"},"author":{"name":"pnud","@id":"https:\/\/poblenouurbandistrict.com\/#\/schema\/person\/980a2cf34b399d5218205730acd54a7e"},"headline":"Descubre la programaci\u00f3n esc\u00e9nica del Distrito Creativo de Barcelona","datePublished":"2022-02-02T12:03:20+00:00","dateModified":"2022-02-03T12:20:38+00:00","mainEntityOfPage":{"@id":"https:\/\/poblenouurbandistrict.com\/descubre-la-programacion-escenica-del-distrito-creativo-de-barcelona\/"},"wordCount":2198,"image":{"@id":"https:\/\/poblenouurbandistrict.com\/descubre-la-programacion-escenica-del-distrito-creativo-de-barcelona\/#primaryimage"},"thumbnailUrl":"https:\/\/media.poblenouurbandistrict.com\/2022\/02\/25044501\/sans-titre-12.jpg","articleSection":["Agenda","Espacios"],"inLanguage":"es"},{"@type":"WebPage","@id":"https:\/\/poblenouurbandistrict.com\/es\/descubre-la-programacion-escenica-del-distrito-creativo-de-barcelona\/","url":"https:\/\/poblenouurbandistrict.com\/es\/descubre-la-programacion-escenica-del-distrito-creativo-de-barcelona\/","name":"Descubre la programaci\u00f3n esc\u00e9nica del Distrito Creativo de Barcelona &#8211;","isPartOf":{"@id":"https:\/\/poblenouurbandistrict.com\/es\/#website"},"primaryImageOfPage":{"@id":"https:\/\/poblenouurbandistrict.com\/es\/descubre-la-programacion-escenica-del-distrito-creativo-de-barcelona\/#primaryimage"},"image":{"@id":"https:\/\/poblenouurbandistrict.com\/descubre-la-programacion-escenica-del-distrito-creativo-de-barcelona\/#primaryimage"},"thumbnailUrl":"https:\/\/media.poblenouurbandistrict.com\/2022\/02\/25044501\/sans-titre-12.jpg","datePublished":"2022-02-02T12:03:20+00:00","dateModified":"2022-02-03T12:20:38+00:00","author":{"@id":"https:\/\/poblenouurbandistrict.com\/#\/schema\/person\/980a2cf34b399d5218205730acd54a7e"},"description":"Descubre la programaci\u00f3n esc\u00e9nica del mes de febrero del Distrito Creativo de Barcelona. Una gran variedad de obras y espect\u00e1culos","breadcrumb":{"@id":"https:\/\/poblenouurbandistrict.com\/es\/descubre-la-programacion-escenica-del-distrito-creativo-de-barcelona\/#breadcrumb"},"inLanguage":"es","potentialAction":[{"@type":"ReadAction","target":[["https:\/\/poblenouurbandistrict.com\/es\/descubre-la-programacion-escenica-del-distrito-creativo-de-barcelona\/"]]}]},{"@type":"ImageObject","inLanguage":"es","@id":"https:\/\/poblenouurbandistrict.com\/es\/descubre-la-programacion-escenica-del-distrito-creativo-de-barcelona\/#primaryimage","url":"https:\/\/media.poblenouurbandistrict.com\/2022\/02\/25044501\/sans-titre-12.jpg","contentUrl":"https:\/\/media.poblenouurbandistrict.com\/2022\/02\/25044501\/sans-titre-12.jpg","width":1500,"height":1000},{"@type":"BreadcrumbList","@id":"https:\/\/poblenouurbandistrict.com\/es\/descubre-la-programacion-escenica-del-distrito-creativo-de-barcelona\/#breadcrumb","itemListElement":[{"@type":"ListItem","position":1,"name":"Home","item":"https:\/\/poblenouurbandistrict.com\/es\/"},{"@type":"ListItem","position":2,"name":"Descobreix la programaci\u00f3 esc\u00e8nica del Districte Creatiu de Barcelona"}]},{"@type":"WebSite","@id":"https:\/\/poblenouurbandistrict.com\/es\/#website","url":"https:\/\/poblenouurbandistrict.com\/es\/","name":"Poblenou Urban District","description":"Comunidad Creativa","potentialAction":[{"@type":"SearchAction","target":{"@type":"EntryPoint","urlTemplate":"https:\/\/poblenouurbandistrict.com\/es\/?s={search_term_string}"},"query-input":{"@type":"PropertyValueSpecification","valueRequired":true,"valueName":"search_term_string"}}],"inLanguage":"es"},{"@type":"Person","@id":"https:\/\/poblenouurbandistrict.com\/#\/schema\/person\/980a2cf34b399d5218205730acd54a7e","name":"pnud","image":{"@type":"ImageObject","inLanguage":"es","@id":"https:\/\/secure.gravatar.com\/avatar\/67146597b405ee077a24e519f75c3e2031736596d6ce35af3a34c122c93d0d7b?s=96&d=retro&r=g","url":"https:\/\/secure.gravatar.com\/avatar\/67146597b405ee077a24e519f75c3e2031736596d6ce35af3a34c122c93d0d7b?s=96&d=retro&r=g","contentUrl":"https:\/\/secure.gravatar.com\/avatar\/67146597b405ee077a24e519f75c3e2031736596d6ce35af3a34c122c93d0d7b?s=96&d=retro&r=g","caption":"pnud"}}]}},"_links":{"self":[{"href":"https:\/\/poblenouurbandistrict.com\/es\/wp-json\/wp\/v2\/posts\/25752","targetHints":{"allow":["GET"]}}],"collection":[{"href":"https:\/\/poblenouurbandistrict.com\/es\/wp-json\/wp\/v2\/posts"}],"about":[{"href":"https:\/\/poblenouurbandistrict.com\/es\/wp-json\/wp\/v2\/types\/post"}],"author":[{"embeddable":true,"href":"https:\/\/poblenouurbandistrict.com\/es\/wp-json\/wp\/v2\/users\/5"}],"replies":[{"embeddable":true,"href":"https:\/\/poblenouurbandistrict.com\/es\/wp-json\/wp\/v2\/comments?post=25752"}],"version-history":[{"count":9,"href":"https:\/\/poblenouurbandistrict.com\/es\/wp-json\/wp\/v2\/posts\/25752\/revisions"}],"predecessor-version":[{"id":25915,"href":"https:\/\/poblenouurbandistrict.com\/es\/wp-json\/wp\/v2\/posts\/25752\/revisions\/25915"}],"wp:featuredmedia":[{"embeddable":true,"href":"https:\/\/poblenouurbandistrict.com\/es\/wp-json\/wp\/v2\/media\/25865"}],"wp:attachment":[{"href":"https:\/\/poblenouurbandistrict.com\/es\/wp-json\/wp\/v2\/media?parent=25752"}],"wp:term":[{"taxonomy":"category","embeddable":true,"href":"https:\/\/poblenouurbandistrict.com\/es\/wp-json\/wp\/v2\/categories?post=25752"},{"taxonomy":"post_tag","embeddable":true,"href":"https:\/\/poblenouurbandistrict.com\/es\/wp-json\/wp\/v2\/tags?post=25752"}],"curies":[{"name":"wp","href":"https:\/\/api.w.org\/{rel}","templated":true}]}}