{"id":25798,"date":"2022-02-03T10:27:29","date_gmt":"2022-02-03T09:27:29","guid":{"rendered":"https:\/\/poblenouurbandistrict.com\/?p=25798"},"modified":"2022-02-03T10:27:29","modified_gmt":"2022-02-03T09:27:29","slug":"bars-i-entrepaneires-de-loff-llum-bcn-2022","status":"publish","type":"post","link":"https:\/\/poblenouurbandistrict.com\/es\/bars-i-entrepaneires-de-loff-llum-bcn-2022\/","title":{"rendered":"Los bares y bocater\u00edas del Off Llum Bcn 2022"},"content":{"rendered":"<p><span style=\"font-weight: 400;\">Vuelve <\/span><b>Off Llum Bcn<\/b><span style=\"font-weight: 400;\"> los pr\u00f3ximos 4, 5 y 6 de febrero de 18h a 00h en el <\/span><b>Distrito Cultural de Barcelona<\/b><span style=\"font-weight: 400;\"> y para la ocasi\u00f3n, los restaurantes y bares de la comunidad de <\/span><b>Poblenou Urban District<\/b><span style=\"font-weight: 400;\"> abrir\u00e1n sus puertas para proponer un gran abanico de propuestas gastron\u00f3micas as\u00ed como de cocteler\u00eda. No duden en hacer una parada en los bares y bocater\u00edas del <strong>Distrito Creativo de Barcelona<\/strong> antes, durante o despu\u00e9s de su recorrido lum\u00ednico.\u00a0<\/span><\/p>\n<p>&nbsp;<\/p>\n<h3><b>Neko Sushi-Bar &amp; Take Away | <\/b><b><i>Viernes y s\u00e1bado: 19:30 a 22:30<\/i><\/b><\/h3>\n<p><span style=\"font-weight: 400;\">Si lo que te pide el cuerpo es Sushi, no lo dudes: <\/span><span style=\"color: #333333;\"><a style=\"color: #333333;\" href=\"https:\/\/www.nekosushi.net\/\" target=\"_blank\" rel=\"noopener\"><b>Neko Sushi<\/b><\/a><\/span><span style=\"font-weight: 400;\"> es tu lugar Delivery obligado para los que sois amantes de la comida japonesa. Productos y cocina de primera que deleitan a cualquiera.<\/span><\/p>\n<p><b><i>C\/ de Pujades, 121<\/i><\/b><\/p>\n<p>&nbsp;<\/p>\n<h3><b>Carrot Caf\u00e9 | <\/b><b><i>Viernes: 09:00 a 00:00, S\u00e1bado: 13:00 a 00:00<\/i><\/b><\/h3>\n<p><span style=\"font-weight: 400;\">En <\/span><span style=\"color: #333333;\"><a style=\"color: #333333;\" href=\"https:\/\/www.carrotcafe.es\/\" target=\"_blank\" rel=\"noopener\"><b>Carrot Caf\u00e9<\/b><\/a><\/span><span style=\"font-weight: 400;\"> encontrar\u00e1s un emblem\u00e1tico Caf\u00e9, tiene una atm\u00f3sfera perfecta para deleitarse con sus s\u00e1ndwiches \u00fanicos, elaborados con sus m\u00e1s de catorce variedades de panes artesanales, hamburguesas Gourmet, el famos\u00edsimo Pastrami y como no, sus m\u00e1s de ciento treinta variedades de cheesecakes al estilo New York.<\/span><\/p>\n<p><b><i>C\/ de T\u00e0nger, 22<\/i><\/b><\/p>\n<p>&nbsp;<\/p>\n<h3><b>Bodega Alaparra | <\/b><b><i>Viernes: 17:00 a 00:00, S\u00e1bado: 11:00 a 00:00, Domingo: 17:00 a 00:00<\/i><\/b><\/h3>\n<p><span style=\"font-weight: 400;\">Si quieres descubrir un buen vino, un buen cava o unos quesos, jamones y todo tipo de productos Gourmet, d\u00e9jate recomendar por los expertos de la <\/span><span style=\"color: #333333;\"><a style=\"color: #333333;\" href=\"https:\/\/www.instagram.com\/bodega_alaparra\/\" target=\"_blank\" rel=\"noopener\"><b>Bodega Alaparra<\/b><\/a><\/span><span style=\"font-weight: 400;\">. Degustaciones de tapas y delicatessen varias que podr\u00e9is acompa\u00f1ar con un buen vermut en su terraza por la ma\u00f1ana, cervezas o la selecci\u00f3n de vinos de la bodega. \u00a1Lo ten\u00e9is todo!<\/span><\/p>\n<p><b><i>C\/ de Pujades, 136<\/i><\/b><\/p>\n<p>&nbsp;<\/p>\n<h3><b>Timesburg | <\/b><b><i>Viernes y s\u00e1bado: 19:00 a 00:30, Domingo: 19:30 a 23:30<\/i><\/b><\/h3>\n<p><span style=\"font-weight: 400;\">En <\/span><span style=\"color: #333333;\"><a style=\"color: #333333;\" href=\"https:\/\/www.timesburg.com\/\" target=\"_blank\" rel=\"noopener\"><b>Timesburg Poblenou<\/b><\/a><\/span><span style=\"font-weight: 400;\">, podr\u00e1s escoger entre una gran variedad de Hamburguesas con carne ecol\u00f3gica, Wagyu, Doble carne o vegetariana, \u00a1A nosotros nos cuesta decidir porque todas est\u00e1n buen\u00edsimas! Ingredientes de primera calidad y con un ambiente de barrio cercano.\u00a0<\/span><\/p>\n<p><b><i>C\/ de Pujades, 168<\/i><\/b><\/p>\n<p>&nbsp;<\/p>\n<h3><b>Hoppiness | <\/b><b><i>Viernes y s\u00e1bado: 12:30 a 00:00, Domingo: 12:30 a 23:00<\/i><\/b><\/h3>\n<p><span style=\"color: #333333;\"><a style=\"color: #333333;\" href=\"https:\/\/www.instagram.com\/hoppinessbcn\/\" target=\"_blank\" rel=\"noopener\"><b>Hoppiness<\/b><\/a><\/span><span style=\"font-weight: 400;\"> es un excelente espacio cervecero y gastron\u00f3mico. Solo de pensar en las hamburguesas y las tapas que preparan, se nos hace la boca agua. Un dato importante: 14 tiradores de cerveza artesanal.\u00a0<\/span><\/p>\n<p><b><i>C\/ de Ramon Turr\u00f3, 180<\/i><\/b><\/p>\n<p>&nbsp;<\/p>\n<h3><b>Local 225 | <\/b><b><i>Viernes: 17:00 a 01:00, S\u00e1bado: 12:00 a 01:00, Domingo: 12:00 a 00:00<\/i><\/b><\/h3>\n<p><span style=\"font-weight: 400;\">No podemos olvidarnos citar el <\/span><span style=\"color: #333333;\"><a style=\"color: #333333;\" href=\"https:\/\/www.instagram.com\/local225bcn\/\" target=\"_blank\" rel=\"noopener\"><b>Local 225<\/b><\/a><\/span><span style=\"font-weight: 400;\">, Barrio Bar, vermuter\u00eda y tapas de calidad, con una programaci\u00f3n musical y exposiciones art\u00edsticas que no puedes dejar escapar.<\/span><\/p>\n<p><b><i>C\/ del Dr. Trueta, 225<\/i><\/b><\/p>\n<p>&nbsp;<\/p>\n<h3><b>Garage Beer Co Poblenou | <\/b><b><i>Viernes: 17:00 a 00:00, S\u00e1bado y Domingo: 12:00 a 00:00<\/i><\/b><\/h3>\n<p><span style=\"font-weight: 400;\">El <\/span><span style=\"color: #333333;\"><a style=\"color: #333333;\" href=\"https:\/\/www.instagram.com\/garagepoblenou\/\" target=\"_blank\" rel=\"noopener\"><b>Garage Beer Co Poblenou<\/b><\/a><\/span><span style=\"font-weight: 400;\"> es una cervecer\u00eda informal que produce y fabrica sus propias cervezas con una calidad sorprendente. Su local goza de sof\u00e1s y terraza para que te sientas como en casa. A solamente 100 m de la playa de Bogatell, te ofrecen 20 Garage Beer Co tap lines y pizzette km0, una combinaci\u00f3n tan sencilla pero que surte efecto cada vez.\u00a0<\/span><\/p>\n<p>Para el <strong>Off Llum Bcn<\/strong> tendr\u00e1n preparadas novedades. Ven a probar su nueva pizzetta especial, elaborada con cal\u00e7ots org\u00e1nicos y salsa romesco casera, o su tiramis\u00fa, todo elaborado en casa, que puedes acompa\u00f1ar de su imperial stout (tambi\u00e9n elaborada por ellos en su f\u00e1brica de Sant Andreu).<\/p>\n<p><b><i>Passeig de Calvell, 45<\/i><\/b><\/p>\n<p>&nbsp;<\/p>\n<h3><b>CACHO | <\/b><b><i>Viernes: 01:00 a 00:00, s\u00e1bado: 12 a 12 Domingo: 12:00 a 17:00<\/i><\/b><\/h3>\n<p><span style=\"color: #333333;\"><a style=\"color: #333333;\" href=\"https:\/\/www.instagram.com\/wearecacho\/\" target=\"_blank\" rel=\"noopener\"><b>CACHO<\/b><\/a><\/span><span style=\"font-weight: 400;\"> es, sin lugar a dudas, el mejor brunch de Poblenou. Ah\u00ed probar\u00e1s comida casera y de coraz\u00f3n en un ambiente genial y con la terraza m\u00e1s grande del Distrito Creativo de Barcelona. No te pierdas su carta nueva: entre s\u00e1ndwich de roastbeef de pica\u00f1a, platos vegetarianos o sus m\u00edticos brunch, \u00a1no te decepcionar\u00e1!<\/span><\/p>\n<p><span style=\"font-weight: 400;\">Para el <\/span><b>Off Llum Bcn<\/b><span style=\"font-weight: 400;\">, te ofrecen una cerveza para cada pedido de hamburguesa. Para beneficiarte de esta promoci\u00f3n tendr\u00e1s que seguirlos en instagram y compartir una foto en tus redes, m\u00e1s info en el instagram de CACHO (@wearecacho).\u00a0<\/span><\/p>\n<p><b><i>C\/ de Llull, 27<\/i><\/b><\/p>\n<p>&nbsp;<\/p>\n<h3><b>Ovella Negra | <\/b><b><i>Viernes y s\u00e1bado: 17:00 a 00:30<\/i><\/b><\/h3>\n<p><span style=\"font-weight: 400;\"><span style=\"color: #333333;\"><strong><a style=\"color: #333333;\" href=\"https:\/\/www.instagram.com\/salaovellanegra\/\" target=\"_blank\" rel=\"noopener\">Ovella Negra<\/a><\/strong><\/span>, la taberna m\u00e1s famosa de Barcelona es el lugar de encuentro predilecto de muchos j\u00f3venes para comenzar la noche: un espacio dedicado a la bebida, comida, futbol\u00edn, dianas, billares y m\u00e1s.<\/span><\/p>\n<p><b><i>C\/ de Zamora, 78\u00a0<\/i><\/b><\/p>\n<p>&nbsp;<\/p>\n<h3><b>Bar D9 | <\/b><b><i>Viernes, s\u00e1bado y domingo: 18:00 a 02:30<\/i><\/b><\/h3>\n<p><span style=\"font-weight: 400;\">Si lo que te mueve es salir a disfrutar con amigos el <\/span><span style=\"color: #333333;\"><a style=\"color: #333333;\" href=\"https:\/\/www.instagram.com\/d9poblenou\/\" target=\"_blank\" rel=\"noopener\"><b>D9<\/b><\/a><\/span><span style=\"font-weight: 400;\"> es el lugar indicado. D9 nace de la ilusi\u00f3n y la pasi\u00f3n por el barrio, por la noche y los bares. A su oferta gastron\u00f3mica no le falta de nada, la carta es un sue\u00f1o para los amantes del buen tapeo. Adem\u00e1s de satisfacer el est\u00f3mago, tambi\u00e9n es un lugar para los amantes del deporte: puedes ir a ver eventos deportivos y tambi\u00e9n echar una partida al futbol\u00edn.\u00a0<\/span><\/p>\n<p><b><i>C\/ de Pallars, 122<\/i><\/b><\/p>\n<p>&nbsp;<\/p>\n<h3><b>Camping | <\/b><b><i>S\u00e1bado y domingo: 11:00 a 18:00<\/i><\/b><\/h3>\n<p><span style=\"font-weight: 400;\">Si el tiempo ayuda, en el <\/span><span style=\"color: #333333;\"><a style=\"color: #333333;\" href=\"https:\/\/www.instagram.com\/camping_bcn\/\" target=\"_blank\" rel=\"noopener\"><b>Camping<\/b><\/a><\/span><span style=\"font-weight: 400;\"> encontrar\u00e1s todo tipo de productos elaborados con cari\u00f1o y calidad. Desde ensaladas frescas y todo tipo de tapas, a una variedad de zumos y refrescos. Un oasis urbano. Mesas de picnic al aire libre, toldos a rayas, c\u00e9sped para sentarse, espacio para caminar\u2026 \u00a1Es tan apetecible como parece! \u00bfPor qu\u00e9 no pasar en Camping antes de tu recorrido lum\u00ednico?\u00a0<\/span><\/p>\n<p><b><i>C\/ de Carmen Amaya, 18<\/i><\/b><\/p>\n<p>&nbsp;<\/p>","protected":false},"excerpt":{"rendered":"<p>Vuelve Off Llum Bcn los pr\u00f3ximos 4, 5 y 6 de febrero de 18h a 00h en el Distrito Cultural&#8230; <a href=\"https:\/\/poblenouurbandistrict.com\/es\/bars-i-entrepaneires-de-loff-llum-bcn-2022\/\">M\u00e1s  \u2192<\/a><\/p>\n","protected":false},"author":5,"featured_media":25799,"comment_status":"closed","ping_status":"closed","sticky":false,"template":"","format":"standard","meta":{"_acf_changed":false,"footnotes":""},"categories":[3548,3353],"tags":[],"class_list":["post-25798","post","type-post","status-publish","format-standard","has-post-thumbnail","hentry","category-off-llum-bcn","category-gastronomia"],"acf":[],"yoast_head":"<!-- This site is optimized with the Yoast SEO plugin v27.4 - https:\/\/yoast.com\/product\/yoast-seo-wordpress\/ -->\n<title>Los bares y bocater\u00edas del Off Llum Bcn 2022 &#8211; Poblenou Urban District<\/title>\n<meta name=\"description\" content=\"No duden en pasar por los bares y bocater\u00edas del Distrito Creativo de Barcelona antes, durante o despu\u00e9s de su recorrido del Off Llum Bcn.\" \/>\n<meta name=\"robots\" content=\"index, follow, max-snippet:-1, max-image-preview:large, max-video-preview:-1\" \/>\n<link rel=\"canonical\" href=\"https:\/\/poblenouurbandistrict.com\/es\/bars-i-entrepaneires-de-loff-llum-bcn-2022\/\" \/>\n<meta property=\"og:locale\" content=\"es_ES\" \/>\n<meta property=\"og:type\" content=\"article\" \/>\n<meta property=\"og:title\" content=\"Los bares y bocater\u00edas del Off Llum Bcn 2022 &#8211; Poblenou Urban District\" \/>\n<meta property=\"og:description\" content=\"No duden en pasar por los bares y bocater\u00edas del Distrito Creativo de Barcelona antes, durante o despu\u00e9s de su recorrido del Off Llum Bcn.\" \/>\n<meta property=\"og:url\" content=\"https:\/\/poblenouurbandistrict.com\/es\/bars-i-entrepaneires-de-loff-llum-bcn-2022\/\" \/>\n<meta property=\"og:site_name\" content=\"Poblenou Urban District\" \/>\n<meta property=\"article:published_time\" content=\"2022-02-03T09:27:29+00:00\" \/>\n<meta property=\"og:image\" content=\"https:\/\/poblenouurbandistrict.com\/wp-content\/uploads\/2022\/02\/1.png\" \/>\n\t<meta property=\"og:image:width\" content=\"1500\" \/>\n\t<meta property=\"og:image:height\" content=\"1000\" \/>\n\t<meta property=\"og:image:type\" content=\"image\/png\" \/>\n<meta name=\"author\" content=\"pnud\" \/>\n<meta name=\"twitter:card\" content=\"summary_large_image\" \/>\n<meta name=\"twitter:label1\" content=\"Escrito por\" \/>\n\t<meta name=\"twitter:data1\" content=\"pnud\" \/>\n\t<meta name=\"twitter:label2\" content=\"Tiempo de lectura\" \/>\n\t<meta name=\"twitter:data2\" content=\"5 minutos\" \/>\n<script type=\"application\/ld+json\" class=\"yoast-schema-graph\">{\"@context\":\"https:\\\/\\\/schema.org\",\"@graph\":[{\"@type\":\"Article\",\"@id\":\"https:\\\/\\\/poblenouurbandistrict.com\\\/bars-i-entrepaneires-de-loff-llum-bcn-2022\\\/#article\",\"isPartOf\":{\"@id\":\"https:\\\/\\\/poblenouurbandistrict.com\\\/bars-i-entrepaneires-de-loff-llum-bcn-2022\\\/\"},\"author\":{\"name\":\"pnud\",\"@id\":\"https:\\\/\\\/poblenouurbandistrict.com\\\/#\\\/schema\\\/person\\\/980a2cf34b399d5218205730acd54a7e\"},\"headline\":\"Los bares y bocater\u00edas del Off Llum Bcn 2022\",\"datePublished\":\"2022-02-03T09:27:29+00:00\",\"mainEntityOfPage\":{\"@id\":\"https:\\\/\\\/poblenouurbandistrict.com\\\/bars-i-entrepaneires-de-loff-llum-bcn-2022\\\/\"},\"wordCount\":1776,\"image\":{\"@id\":\"https:\\\/\\\/poblenouurbandistrict.com\\\/bars-i-entrepaneires-de-loff-llum-bcn-2022\\\/#primaryimage\"},\"thumbnailUrl\":\"https:\\\/\\\/poblenouurbandistrict.com\\\/wp-content\\\/uploads\\\/2022\\\/02\\\/1.jpg\",\"articleSection\":[\"Off Llum BCN\",\"Gastronom\u00eda\"],\"inLanguage\":\"es\"},{\"@type\":\"WebPage\",\"@id\":\"https:\\\/\\\/poblenouurbandistrict.com\\\/es\\\/bars-i-entrepaneires-de-loff-llum-bcn-2022\\\/\",\"url\":\"https:\\\/\\\/poblenouurbandistrict.com\\\/es\\\/bars-i-entrepaneires-de-loff-llum-bcn-2022\\\/\",\"name\":\"Los bares y bocater\u00edas del Off Llum Bcn 2022 &#8211; Poblenou Urban District\",\"isPartOf\":{\"@id\":\"https:\\\/\\\/poblenouurbandistrict.com\\\/es\\\/#website\"},\"primaryImageOfPage\":{\"@id\":\"https:\\\/\\\/poblenouurbandistrict.com\\\/es\\\/bars-i-entrepaneires-de-loff-llum-bcn-2022\\\/#primaryimage\"},\"image\":{\"@id\":\"https:\\\/\\\/poblenouurbandistrict.com\\\/bars-i-entrepaneires-de-loff-llum-bcn-2022\\\/#primaryimage\"},\"thumbnailUrl\":\"https:\\\/\\\/poblenouurbandistrict.com\\\/wp-content\\\/uploads\\\/2022\\\/02\\\/1.jpg\",\"datePublished\":\"2022-02-03T09:27:29+00:00\",\"author\":{\"@id\":\"https:\\\/\\\/poblenouurbandistrict.com\\\/#\\\/schema\\\/person\\\/980a2cf34b399d5218205730acd54a7e\"},\"description\":\"No duden en pasar por los bares y bocater\u00edas del Distrito Creativo de Barcelona antes, durante o despu\u00e9s de su recorrido del Off Llum Bcn.\",\"breadcrumb\":{\"@id\":\"https:\\\/\\\/poblenouurbandistrict.com\\\/es\\\/bars-i-entrepaneires-de-loff-llum-bcn-2022\\\/#breadcrumb\"},\"inLanguage\":\"es\",\"potentialAction\":[{\"@type\":\"ReadAction\",\"target\":[[\"https:\\\/\\\/poblenouurbandistrict.com\\\/es\\\/bars-i-entrepaneires-de-loff-llum-bcn-2022\\\/\"]]}]},{\"@type\":\"ImageObject\",\"inLanguage\":\"es\",\"@id\":\"https:\\\/\\\/poblenouurbandistrict.com\\\/es\\\/bars-i-entrepaneires-de-loff-llum-bcn-2022\\\/#primaryimage\",\"url\":\"https:\\\/\\\/poblenouurbandistrict.com\\\/wp-content\\\/uploads\\\/2022\\\/02\\\/1.jpg\",\"contentUrl\":\"https:\\\/\\\/poblenouurbandistrict.com\\\/wp-content\\\/uploads\\\/2022\\\/02\\\/1.jpg\",\"width\":1500,\"height\":1000},{\"@type\":\"BreadcrumbList\",\"@id\":\"https:\\\/\\\/poblenouurbandistrict.com\\\/es\\\/bars-i-entrepaneires-de-loff-llum-bcn-2022\\\/#breadcrumb\",\"itemListElement\":[{\"@type\":\"ListItem\",\"position\":1,\"name\":\"Home\",\"item\":\"https:\\\/\\\/poblenouurbandistrict.com\\\/es\\\/\"},{\"@type\":\"ListItem\",\"position\":2,\"name\":\"Bars i Entrepaneires de l&#8217;Off Llum Bcn 2022\"}]},{\"@type\":\"WebSite\",\"@id\":\"https:\\\/\\\/poblenouurbandistrict.com\\\/es\\\/#website\",\"url\":\"https:\\\/\\\/poblenouurbandistrict.com\\\/es\\\/\",\"name\":\"Poblenou Urban District\",\"description\":\"Comunidad Creativa\",\"potentialAction\":[{\"@type\":\"SearchAction\",\"target\":{\"@type\":\"EntryPoint\",\"urlTemplate\":\"https:\\\/\\\/poblenouurbandistrict.com\\\/es\\\/?s={search_term_string}\"},\"query-input\":{\"@type\":\"PropertyValueSpecification\",\"valueRequired\":true,\"valueName\":\"search_term_string\"}}],\"inLanguage\":\"es\"},{\"@type\":\"Person\",\"@id\":\"https:\\\/\\\/poblenouurbandistrict.com\\\/#\\\/schema\\\/person\\\/980a2cf34b399d5218205730acd54a7e\",\"name\":\"pnud\",\"image\":{\"@type\":\"ImageObject\",\"inLanguage\":\"es\",\"@id\":\"https:\\\/\\\/secure.gravatar.com\\\/avatar\\\/67146597b405ee077a24e519f75c3e2031736596d6ce35af3a34c122c93d0d7b?s=96&d=retro&r=g\",\"url\":\"https:\\\/\\\/secure.gravatar.com\\\/avatar\\\/67146597b405ee077a24e519f75c3e2031736596d6ce35af3a34c122c93d0d7b?s=96&d=retro&r=g\",\"contentUrl\":\"https:\\\/\\\/secure.gravatar.com\\\/avatar\\\/67146597b405ee077a24e519f75c3e2031736596d6ce35af3a34c122c93d0d7b?s=96&d=retro&r=g\",\"caption\":\"pnud\"}}]}<\/script>\n<!-- \/ Yoast SEO plugin. -->","yoast_head_json":{"title":"Los bares y bocater\u00edas del Off Llum Bcn 2022 &#8211; Poblenou Urban District","description":"No duden en pasar por los bares y bocater\u00edas del Distrito Creativo de Barcelona antes, durante o despu\u00e9s de su recorrido del Off Llum Bcn.","robots":{"index":"index","follow":"follow","max-snippet":"max-snippet:-1","max-image-preview":"max-image-preview:large","max-video-preview":"max-video-preview:-1"},"canonical":"https:\/\/poblenouurbandistrict.com\/es\/bars-i-entrepaneires-de-loff-llum-bcn-2022\/","og_locale":"es_ES","og_type":"article","og_title":"Los bares y bocater\u00edas del Off Llum Bcn 2022 &#8211; Poblenou Urban District","og_description":"No duden en pasar por los bares y bocater\u00edas del Distrito Creativo de Barcelona antes, durante o despu\u00e9s de su recorrido del Off Llum Bcn.","og_url":"https:\/\/poblenouurbandistrict.com\/es\/bars-i-entrepaneires-de-loff-llum-bcn-2022\/","og_site_name":"Poblenou Urban District","article_published_time":"2022-02-03T09:27:29+00:00","og_image":[{"width":1500,"height":1000,"url":"https:\/\/poblenouurbandistrict.com\/wp-content\/uploads\/2022\/02\/1.png","type":"image\/png"}],"author":"pnud","twitter_card":"summary_large_image","twitter_misc":{"Escrito por":"pnud","Tiempo de lectura":"5 minutos"},"schema":{"@context":"https:\/\/schema.org","@graph":[{"@type":"Article","@id":"https:\/\/poblenouurbandistrict.com\/bars-i-entrepaneires-de-loff-llum-bcn-2022\/#article","isPartOf":{"@id":"https:\/\/poblenouurbandistrict.com\/bars-i-entrepaneires-de-loff-llum-bcn-2022\/"},"author":{"name":"pnud","@id":"https:\/\/poblenouurbandistrict.com\/#\/schema\/person\/980a2cf34b399d5218205730acd54a7e"},"headline":"Los bares y bocater\u00edas del Off Llum Bcn 2022","datePublished":"2022-02-03T09:27:29+00:00","mainEntityOfPage":{"@id":"https:\/\/poblenouurbandistrict.com\/bars-i-entrepaneires-de-loff-llum-bcn-2022\/"},"wordCount":1776,"image":{"@id":"https:\/\/poblenouurbandistrict.com\/bars-i-entrepaneires-de-loff-llum-bcn-2022\/#primaryimage"},"thumbnailUrl":"https:\/\/poblenouurbandistrict.com\/wp-content\/uploads\/2022\/02\/1.jpg","articleSection":["Off Llum BCN","Gastronom\u00eda"],"inLanguage":"es"},{"@type":"WebPage","@id":"https:\/\/poblenouurbandistrict.com\/es\/bars-i-entrepaneires-de-loff-llum-bcn-2022\/","url":"https:\/\/poblenouurbandistrict.com\/es\/bars-i-entrepaneires-de-loff-llum-bcn-2022\/","name":"Los bares y bocater\u00edas del Off Llum Bcn 2022 &#8211; Poblenou Urban District","isPartOf":{"@id":"https:\/\/poblenouurbandistrict.com\/es\/#website"},"primaryImageOfPage":{"@id":"https:\/\/poblenouurbandistrict.com\/es\/bars-i-entrepaneires-de-loff-llum-bcn-2022\/#primaryimage"},"image":{"@id":"https:\/\/poblenouurbandistrict.com\/bars-i-entrepaneires-de-loff-llum-bcn-2022\/#primaryimage"},"thumbnailUrl":"https:\/\/poblenouurbandistrict.com\/wp-content\/uploads\/2022\/02\/1.jpg","datePublished":"2022-02-03T09:27:29+00:00","author":{"@id":"https:\/\/poblenouurbandistrict.com\/#\/schema\/person\/980a2cf34b399d5218205730acd54a7e"},"description":"No duden en pasar por los bares y bocater\u00edas del Distrito Creativo de Barcelona antes, durante o despu\u00e9s de su recorrido del Off Llum Bcn.","breadcrumb":{"@id":"https:\/\/poblenouurbandistrict.com\/es\/bars-i-entrepaneires-de-loff-llum-bcn-2022\/#breadcrumb"},"inLanguage":"es","potentialAction":[{"@type":"ReadAction","target":[["https:\/\/poblenouurbandistrict.com\/es\/bars-i-entrepaneires-de-loff-llum-bcn-2022\/"]]}]},{"@type":"ImageObject","inLanguage":"es","@id":"https:\/\/poblenouurbandistrict.com\/es\/bars-i-entrepaneires-de-loff-llum-bcn-2022\/#primaryimage","url":"https:\/\/poblenouurbandistrict.com\/wp-content\/uploads\/2022\/02\/1.jpg","contentUrl":"https:\/\/poblenouurbandistrict.com\/wp-content\/uploads\/2022\/02\/1.jpg","width":1500,"height":1000},{"@type":"BreadcrumbList","@id":"https:\/\/poblenouurbandistrict.com\/es\/bars-i-entrepaneires-de-loff-llum-bcn-2022\/#breadcrumb","itemListElement":[{"@type":"ListItem","position":1,"name":"Home","item":"https:\/\/poblenouurbandistrict.com\/es\/"},{"@type":"ListItem","position":2,"name":"Bars i Entrepaneires de l&#8217;Off Llum Bcn 2022"}]},{"@type":"WebSite","@id":"https:\/\/poblenouurbandistrict.com\/es\/#website","url":"https:\/\/poblenouurbandistrict.com\/es\/","name":"Poblenou Urban District","description":"Comunidad Creativa","potentialAction":[{"@type":"SearchAction","target":{"@type":"EntryPoint","urlTemplate":"https:\/\/poblenouurbandistrict.com\/es\/?s={search_term_string}"},"query-input":{"@type":"PropertyValueSpecification","valueRequired":true,"valueName":"search_term_string"}}],"inLanguage":"es"},{"@type":"Person","@id":"https:\/\/poblenouurbandistrict.com\/#\/schema\/person\/980a2cf34b399d5218205730acd54a7e","name":"pnud","image":{"@type":"ImageObject","inLanguage":"es","@id":"https:\/\/secure.gravatar.com\/avatar\/67146597b405ee077a24e519f75c3e2031736596d6ce35af3a34c122c93d0d7b?s=96&d=retro&r=g","url":"https:\/\/secure.gravatar.com\/avatar\/67146597b405ee077a24e519f75c3e2031736596d6ce35af3a34c122c93d0d7b?s=96&d=retro&r=g","contentUrl":"https:\/\/secure.gravatar.com\/avatar\/67146597b405ee077a24e519f75c3e2031736596d6ce35af3a34c122c93d0d7b?s=96&d=retro&r=g","caption":"pnud"}}]}},"_links":{"self":[{"href":"https:\/\/poblenouurbandistrict.com\/es\/wp-json\/wp\/v2\/posts\/25798","targetHints":{"allow":["GET"]}}],"collection":[{"href":"https:\/\/poblenouurbandistrict.com\/es\/wp-json\/wp\/v2\/posts"}],"about":[{"href":"https:\/\/poblenouurbandistrict.com\/es\/wp-json\/wp\/v2\/types\/post"}],"author":[{"embeddable":true,"href":"https:\/\/poblenouurbandistrict.com\/es\/wp-json\/wp\/v2\/users\/5"}],"replies":[{"embeddable":true,"href":"https:\/\/poblenouurbandistrict.com\/es\/wp-json\/wp\/v2\/comments?post=25798"}],"version-history":[{"count":7,"href":"https:\/\/poblenouurbandistrict.com\/es\/wp-json\/wp\/v2\/posts\/25798\/revisions"}],"predecessor-version":[{"id":25886,"href":"https:\/\/poblenouurbandistrict.com\/es\/wp-json\/wp\/v2\/posts\/25798\/revisions\/25886"}],"wp:featuredmedia":[{"embeddable":true,"href":"https:\/\/poblenouurbandistrict.com\/es\/wp-json\/wp\/v2\/media\/25799"}],"wp:attachment":[{"href":"https:\/\/poblenouurbandistrict.com\/es\/wp-json\/wp\/v2\/media?parent=25798"}],"wp:term":[{"taxonomy":"category","embeddable":true,"href":"https:\/\/poblenouurbandistrict.com\/es\/wp-json\/wp\/v2\/categories?post=25798"},{"taxonomy":"post_tag","embeddable":true,"href":"https:\/\/poblenouurbandistrict.com\/es\/wp-json\/wp\/v2\/tags?post=25798"}],"curies":[{"name":"wp","href":"https:\/\/api.w.org\/{rel}","templated":true}]}}