{"id":25870,"date":"2022-02-03T10:41:27","date_gmt":"2022-02-03T09:41:27","guid":{"rendered":"https:\/\/poblenouurbandistrict.com\/?p=25870"},"modified":"2022-02-03T13:10:08","modified_gmt":"2022-02-03T12:10:08","slug":"els-espais-de-poblenou-urban-district-que-participen-al-festival-llum-bcn","status":"publish","type":"post","link":"https:\/\/poblenouurbandistrict.com\/es\/els-espais-de-poblenou-urban-district-que-participen-al-festival-llum-bcn\/","title":{"rendered":"Los espacios de Poblenou Urban District que participan en el Festival Llum Bcn"},"content":{"rendered":"<p><span style=\"font-weight: 400;\">Los pr\u00f3ximos 4, 5 y 6 de febrero, el <\/span><span style=\"color: #000000;\"><a style=\"color: #000000;\" href=\"https:\/\/www.barcelona.cat\/llumbcn\/es\/\" target=\"_blank\" rel=\"noopener\"><b>Festival de Artes Lum\u00ednicas Llum BCN<\/b><\/a><\/span><span style=\"font-weight: 400;\"> volver\u00e1 a brillar con m\u00e1s fuerza que nunca en el <\/span><b>Distrito Creativo de Barcelona<\/b><span style=\"font-weight: 400;\">. Han convocado, un a\u00f1o m\u00e1s, a los creadores y creadoras internacionales m\u00e1s brillantes, que, unidos a los mejores artistas catalanes, convertir\u00e1n el barrio de <\/span><b>Poblenou<\/b><span style=\"font-weight: 400;\"> en un laboratorio urbano que desafiar\u00e1 los sentidos y marcar\u00e1 las futuras tendencias en el mundo del arte, el dise\u00f1o, la iluminaci\u00f3n urbana y la participaci\u00f3n ciudadana.<\/span><\/p>\n<p>Adem\u00e1s de estos reconocidos artistas, <strong>Llum BCN<\/strong> vuelve a brindar espacio a los artistas emergentes. En el <strong>Parc del Centre de Poblenou<\/strong> se podr\u00e1n ver las 16 instalaciones que forman parte de proyectos desarrollados por diferentes escuelas de arte, dise\u00f1o, iluminaci\u00f3n y arquitectura de la ciudad.<\/p>\n<p><strong>Mirem-nos<\/strong> (Facultad de Bellas Artes. Universidad de Barcelona. Grupo de investigaci\u00f3n Brac), <strong>Duality<\/strong> (BAU, Centro Universitario de Artes y Dise\u00f1o de Barcelona), <strong>Cuques de llum<\/strong> (Escola la Massana), <strong>Renacer<\/strong> (UPC School-CCCB. M\u00e1ster en Dise\u00f1o y Producci\u00f3n de Espacios), <strong>Spiral<\/strong> (ETSALS, Escuela T\u00e9cnica Superior de Arquitectura La Salle), <strong>Pixel(ados) <\/strong>(UPC School. M\u00e1ster de Lighting Design), <strong>Sinapsi<\/strong> (ESDAP Catalunya. Campus Dei\u00e0), <strong>Hogar<\/strong> (ETSAB-UPC, Escuela T\u00e9cnica Superior de Arquitectura de Barcelona), <strong>Lux(e)<\/strong> (ESDi. Escuela Superior de Dise\u00f1o), <strong>Nedant en pl\u00e0stic<\/strong> (UIC Barcelona School of Architecture), <strong>Reborn<\/strong> (LCI Barcelona), <strong>Aigua invisible<\/strong> (IAAC, Instituto de Arquitectura Avanzada de Catalu\u00f1a), <strong>A Nature<\/strong> (Elisava, Escuela Universitaria de Dise\u00f1o e Ingenier\u00eda de Barcelona), <strong>Entel\u00e8quia<\/strong> (ESDAP Catalunya. Campus Llotja), <strong>Niar<\/strong> (Instituto del Teatro. ESAD), <strong>Treequency<\/strong> (IED Barcelona Centro Superior de Dise\u00f1o), <strong>Limbo<\/strong> (Antoni Arola)<\/p>\n<p><span style=\"font-weight: 400;\">Desde <\/span><b>Poblenou Urban District<\/b><span style=\"font-weight: 400;\">, os recomendamos visitar las instalaciones lum\u00ednicas creadas por espacios del Distrito Creativo. Este a\u00f1o, el p\u00fablico tendr\u00e1 la oportunidad de ver obras lum\u00ednicas que no le dejar\u00e1n indiferente de los siguientes espacios: <\/span><b>Disseny Hub Barcelona<\/b><span style=\"font-weight: 400;\">, <\/span><b>ProtoPixel<\/b><span style=\"font-weight: 400;\">, <\/span><b>BAU<\/b><span style=\"font-weight: 400;\"> (Centro Universitario de Dise\u00f1o) y <\/span><b>IAAC<\/b><span style=\"font-weight: 400;\"> (Instituto d\u2019Arquitectura Avanzada de Catalu\u00f1a). A continuaci\u00f3n os explicamos m\u00e1s en detalle cada instalaci\u00f3n:<\/span><\/p>\n<p>&nbsp;<\/p>\n<h3><b>Disseny Hub Barcelona<\/b><\/h3>\n<ul>\n<li aria-level=\"1\"><b><i>\u201cFaces of ImageNet\u201d<\/i><\/b><b> de Trevor Paglen<\/b><\/li>\n<\/ul>\n<p><span style=\"font-weight: 400;\">Disseny Hub, Pl. de Josep Antoni Coderch<\/span><\/p>\n<p><span style=\"font-weight: 400;\">\u00ab<\/span><b><i>Faces of ImageNet<\/i><\/b><span style=\"font-weight: 400;\">\u00bb es un toque de atenci\u00f3n sobre los peligros de la inteligencia artificial que hace referencia a la base de datos <\/span><i><span style=\"font-weight: 400;\">ImageNet<\/span><\/i><span style=\"font-weight: 400;\">, una colecci\u00f3n de m\u00e1s de catorce millones de im\u00e1genes divididas y utilizadas en el aprendizaje de la inteligencia artificial y los algoritmos de visi\u00f3n por ordenador. La instalaci\u00f3n interactiva captura la cara de los participantes situados delante de una c\u00e1mara y proyecta sobre la fachada las etiquetas con las que los algoritmos de aprendizaje de ImageNet las clasifican. Los resultados no siempre son halagadores y pueden revelar sesgos profundos, prejuicios, racismo y premisas pseudocient\u00edficas que impregnan muchos sistemas de inteligencia artificial.<\/span><\/p>\n<p>&nbsp;<\/p>\n<ul>\n<li style=\"font-weight: 400;\" aria-level=\"1\"><b>\u201c<\/b><b><i>OSC-B<\/i><\/b><b>\u201d de Ulf Langheinrich<\/b><\/li>\n<\/ul>\n<p><span style=\"font-weight: 400;\">Disseny Hub, Jardines de Elisava, C. \u00c0vila, 173<\/span><\/p>\n<p><span style=\"font-weight: 400;\">Las im\u00e1genes de una gran pantalla LED que se erige sobre el estanque del Museo del Dise\u00f1o se reflejan sobre el agua que se mueve por efecto del viento. Las im\u00e1genes reflejadas se reconfiguran por la interferencia de los diversos patrones de ondas originados por la ondulaci\u00f3n natural del agua.<\/span><\/p>\n<p><span style=\"font-weight: 400;\">El resultado visual viene determinado por patrones repetitivos, principalmente de l\u00edneas y ruidos lum\u00ednicos, los cuales se modulan en el espejo formado por la superficie del agua y crean patrones todav\u00eda m\u00e1s complejos.<\/span><\/p>\n<p>&nbsp;<\/p>\n<ul>\n<li aria-level=\"1\"><b>\u201c<\/b><b><i>Data Heartbreak<\/i><\/b><b>\u201d de Domestic Data Streamers<\/b><\/li>\n<\/ul>\n<p><span style=\"font-weight: 400;\">Disseny Hub, Sala A.1, C. \u00c0vila, 173<\/span><\/p>\n<p><span style=\"font-weight: 400;\">Cada segundo se escriben 6.000 tuits, se env\u00edan m\u00e1s de 740.000 mensajes de WhatsApp y se crean 694 publicaciones en Instagram. Ante esta avalancha de informaci\u00f3n, los \u00faltimos estudios afirman que la capacidad de concentraci\u00f3n humana est\u00e1 ahora mismo en unos 8 segundos, y esta cifra se reduce a\u00f1o tras a\u00f1o. \u00ab<\/span><b><i>Data Heartbreak<\/i><\/b><span style=\"font-weight: 400;\">\u00ab, creada espec\u00edficamente para <\/span><b>Llum BCN 2022<\/b><span style=\"font-weight: 400;\">, es una exploraci\u00f3n lum\u00ednica sobre la intoxicaci\u00f3n, la apat\u00eda y la importancia de los datos.<\/span><\/p>\n<p><b>Esta instalaci\u00f3n lum\u00ednica no es recomendable para personas con problemas de epilepsia o sensibilidad visual.<\/b><\/p>\n<p>&nbsp;<\/p>\n<ul>\n<li aria-level=\"1\"><b>\u201c<\/b><b><i>Row<\/i><\/b><b>\u201d de Tundra<\/b><\/li>\n<\/ul>\n<p><span style=\"font-weight: 400;\">Disseny Hub, Sala A Passad\u00eds, C. \u00c0vila, 173<\/span><\/p>\n<p><span style=\"font-weight: 400;\">\u00ab<\/span><b><i>Row<\/i><\/b><span style=\"font-weight: 400;\">\u00bb es un vector modular y escalable de proyectores hologr\u00e1ficos que pueden formar l\u00edneas de la forma y longitud que se quiera. Los proyectores traducen el sonido ambiental en im\u00e1genes que se repiten una tras otra con un leve retraso, reproduciendo un eco visual que refleja las caracter\u00edsticas del espacio donde se instalan los proyectores.<\/span><\/p>\n<p>&nbsp;<\/p>\n<h3><b>ProtoPixel<\/b><\/h3>\n<ul>\n<li aria-level=\"1\"><b>\u201c<\/b><b><i>Mix &amp; Match<\/i><\/b><b>\u201d de ProtoPixel<\/b><\/li>\n<\/ul>\n<p><span style=\"font-weight: 400;\">Torre Gl\u00f2ries, Av. Diagonal, 211 &#8211; Pl. de Santiago Pey<\/span><\/p>\n<p><span style=\"font-weight: 400;\">Se trata de una obra colectiva que el p\u00fablico del <\/span><b>Festival Llum BCN<\/b><span style=\"font-weight: 400;\"> crea sobre la iluminaci\u00f3n de la torre Gl\u00f2ries, utilizando cuatro tabletas interactivas con las que puede seleccionar distintos patrones de luz para confeccionar una \u00fanica composici\u00f3n lum\u00ednica de la torre y, al mismo tiempo, generar cambios sobre el resultado.<\/span><\/p>\n<p>&nbsp;<\/p>\n<h3><b>BAU Centro Universitario de Dise\u00f1o<\/b><\/h3>\n<ul>\n<li aria-level=\"1\"><b>\u00a0\u201c<\/b><b><i>Espectre<\/i><\/b><b>\u201d de Mariona Benedito (profesora del Grado en Dise\u00f1o en BAU) + Cube.bz<\/b><\/li>\n<\/ul>\n<p>Castella, 5<\/p>\n<p><span style=\"font-weight: 400;\">\u00ab<\/span><b><i>Espectre<\/i><\/b><span style=\"font-weight: 400;\">\u00bb de una antigua central transformadora de energ\u00eda el\u00e9ctrica que alimentaba a f\u00e1bricas y talleres del Poblenou industrial. Frecuencias que se convierten en narrativa sonora y lum\u00ednica que interpela a la memoria de lo que ya no est\u00e1.<\/span><\/p>\n<p><span style=\"font-weight: 400;\">Oscuridad cegadora, retenci\u00f3n retiniana, percepci\u00f3n subliminal, controversia conceptual, sinestesia audiovisual, brutalismo lum\u00ednico, white darkness, memoria sensorial y est\u00edmulos complementarios, entre otros, son conceptos y herramientas utilizadas en la creaci\u00f3n de este poema visual, met\u00e1fora de un pasado bastante reciente.<\/span><\/p>\n<p><span style=\"font-weight: 400;\">Esta instalaci\u00f3n lum\u00ednica no es recomendable para personas con problemas de epilepsia o sensibilidad visual.<\/span><\/p>\n<p>&nbsp;<\/p>\n<ul>\n<li aria-level=\"1\"><b>\u201c<\/b><b><i>Duality<\/i><\/b><b>\u201d de alumnos de BAU<\/b><\/li>\n<\/ul>\n<p><span style=\"font-weight: 400;\">Parque del Centre del Poblenou, Av. Diagonal, 130<\/span><\/p>\n<p><span style=\"font-weight: 400;\">A lo largo de los a\u00f1os, con la excusa del \u00abprogreso\u00bb, hemos explotado tantos recursos naturales como hemos podido, sin conciencia ni responsabilidad. \u00ab<\/span><b><i>Duality<\/i><\/b><span style=\"font-weight: 400;\">\u00bb es un grito de socorro de la madre tierra. Un relato sobre el espolio de los recursos que refleja el mundo que dejamos atr\u00e1s. Una narraci\u00f3n lum\u00ednica inmersiva en la que el p\u00fablico se sit\u00faa en el centro de una reflexi\u00f3n autocr\u00edtica: \u00bfes demasiado tarde para devolver todo aquello de lo que nos hemos apropiado?<\/span><\/p>\n<p>&nbsp;<\/p>\n<h3><b>IAAC Instituto d\u2019Arquitectura Avanzada de Catalu\u00f1a<\/b><\/h3>\n<ul>\n<li aria-level=\"1\"><b>\u201c<\/b><b><i>Aigua Invisible<\/i><\/b><b>\u201d de alumnos del IAAC<\/b><\/li>\n<\/ul>\n<p><span style=\"font-weight: 400;\">Parque del Centre del Poblenou, Av. Diagonal, 116<\/span><\/p>\n<p><span style=\"font-weight: 400;\">El agua es el n\u00facleo de la vida. Forma parte de la cadena de producci\u00f3n de la mayor\u00eda de los objetos cotidianos, desde bienes de consumo hasta la energ\u00eda que consumimos, pero, sobre todo, se esconde en el proceso de producci\u00f3n de nuestros alimentos. El agua deja huellas a nuestro alrededor; algunas son dif\u00edciles de ver. Deja que la luz te muestre qu\u00e9 se esconde tras el tel\u00f3n. Te invitamos a ver lo invisible. Disfruta del espect\u00e1culo y aprende m\u00e1s cosas sobre la \u00abhuella h\u00eddrica\u00bb.<\/span><\/p>\n<p>&nbsp;<\/p>\n<p>&nbsp;<\/p>","protected":false},"excerpt":{"rendered":"<p>Los pr\u00f3ximos 4, 5 y 6 de febrero, el Festival de Artes Lum\u00ednicas Llum BCN volver\u00e1 a brillar con m\u00e1s&#8230; <a href=\"https:\/\/poblenouurbandistrict.com\/es\/els-espais-de-poblenou-urban-district-que-participen-al-festival-llum-bcn\/\">M\u00e1s  \u2192<\/a><\/p>\n","protected":false},"author":5,"featured_media":25888,"comment_status":"closed","ping_status":"closed","sticky":false,"template":"","format":"standard","meta":{"_acf_changed":false,"footnotes":""},"categories":[3548,1],"tags":[],"class_list":["post-25870","post","type-post","status-publish","format-standard","has-post-thumbnail","hentry","category-off-llum-bcn","category-noticias"],"acf":[],"yoast_head":"<!-- This site is optimized with the Yoast SEO plugin v27.5 - https:\/\/yoast.com\/product\/yoast-seo-wordpress\/ -->\n<title>Est\u00e1 pasando Poblenou Urban District Est\u00e1 pasando &#8211; Est\u00e1 pasando<\/title>\n<meta name=\"description\" content=\"Los pr\u00f3ximos 4, 5 y 6 de febrero, el Festival de Artes Lum\u00ednicas Llum BCN volver\u00e1 a brillar con m\u00e1s fuerza que nunca.\" \/>\n<meta name=\"robots\" content=\"index, follow, max-snippet:-1, max-image-preview:large, max-video-preview:-1\" \/>\n<link rel=\"canonical\" href=\"https:\/\/poblenouurbandistrict.com\/es\/els-espais-de-poblenou-urban-district-que-participen-al-festival-llum-bcn\/\" \/>\n<meta property=\"og:locale\" content=\"es_ES\" \/>\n<meta property=\"og:type\" content=\"article\" \/>\n<meta property=\"og:title\" content=\"Est\u00e1 pasando Poblenou Urban District Est\u00e1 pasando &#8211; Est\u00e1 pasando\" \/>\n<meta property=\"og:description\" content=\"Los pr\u00f3ximos 4, 5 y 6 de febrero, el Festival de Artes Lum\u00ednicas Llum BCN volver\u00e1 a brillar con m\u00e1s fuerza que nunca.\" \/>\n<meta property=\"og:url\" content=\"https:\/\/poblenouurbandistrict.com\/es\/els-espais-de-poblenou-urban-district-que-participen-al-festival-llum-bcn\/\" \/>\n<meta property=\"og:site_name\" content=\"Poblenou Urban District\" \/>\n<meta property=\"article:published_time\" content=\"2022-02-03T09:41:27+00:00\" \/>\n<meta property=\"article:modified_time\" content=\"2022-02-03T12:10:08+00:00\" \/>\n<meta property=\"og:image\" content=\"https:\/\/poblenouurbandistrict.com\/wp-content\/uploads\/2022\/02\/2-2.png\" \/>\n\t<meta property=\"og:image:width\" content=\"1500\" \/>\n\t<meta property=\"og:image:height\" content=\"1000\" \/>\n\t<meta property=\"og:image:type\" content=\"image\/png\" \/>\n<meta name=\"author\" content=\"pnud\" \/>\n<meta name=\"twitter:card\" content=\"summary_large_image\" \/>\n<meta name=\"twitter:label1\" content=\"Escrito por\" \/>\n\t<meta name=\"twitter:data1\" content=\"pnud\" \/>\n\t<meta name=\"twitter:label2\" content=\"Tiempo de lectura\" \/>\n\t<meta name=\"twitter:data2\" content=\"6 minutos\" \/>\n<script type=\"application\/ld+json\" class=\"yoast-schema-graph\">{\"@context\":\"https:\\\/\\\/schema.org\",\"@graph\":[{\"@type\":\"Article\",\"@id\":\"https:\\\/\\\/poblenouurbandistrict.com\\\/els-espais-de-poblenou-urban-district-que-participen-al-festival-llum-bcn\\\/#article\",\"isPartOf\":{\"@id\":\"https:\\\/\\\/poblenouurbandistrict.com\\\/els-espais-de-poblenou-urban-district-que-participen-al-festival-llum-bcn\\\/\"},\"author\":{\"name\":\"pnud\",\"@id\":\"https:\\\/\\\/poblenouurbandistrict.com\\\/#\\\/schema\\\/person\\\/980a2cf34b399d5218205730acd54a7e\"},\"headline\":\"Los espacios de Poblenou Urban District que participan en el Festival Llum Bcn\",\"datePublished\":\"2022-02-03T09:41:27+00:00\",\"dateModified\":\"2022-02-03T12:10:08+00:00\",\"mainEntityOfPage\":{\"@id\":\"https:\\\/\\\/poblenouurbandistrict.com\\\/els-espais-de-poblenou-urban-district-que-participen-al-festival-llum-bcn\\\/\"},\"wordCount\":2369,\"image\":{\"@id\":\"https:\\\/\\\/poblenouurbandistrict.com\\\/els-espais-de-poblenou-urban-district-que-participen-al-festival-llum-bcn\\\/#primaryimage\"},\"thumbnailUrl\":\"https:\\\/\\\/poblenouurbandistrict.com\\\/wp-content\\\/uploads\\\/2022\\\/02\\\/2-2.jpg\",\"articleSection\":[\"Off Llum BCN\",\"Est\u00e1 pasando\"],\"inLanguage\":\"es\"},{\"@type\":\"WebPage\",\"@id\":\"https:\\\/\\\/poblenouurbandistrict.com\\\/es\\\/els-espais-de-poblenou-urban-district-que-participen-al-festival-llum-bcn\\\/\",\"url\":\"https:\\\/\\\/poblenouurbandistrict.com\\\/es\\\/els-espais-de-poblenou-urban-district-que-participen-al-festival-llum-bcn\\\/\",\"name\":\"Est\u00e1 pasando Poblenou Urban District Est\u00e1 pasando &#8211; Est\u00e1 pasando\",\"isPartOf\":{\"@id\":\"https:\\\/\\\/poblenouurbandistrict.com\\\/es\\\/#website\"},\"primaryImageOfPage\":{\"@id\":\"https:\\\/\\\/poblenouurbandistrict.com\\\/es\\\/els-espais-de-poblenou-urban-district-que-participen-al-festival-llum-bcn\\\/#primaryimage\"},\"image\":{\"@id\":\"https:\\\/\\\/poblenouurbandistrict.com\\\/els-espais-de-poblenou-urban-district-que-participen-al-festival-llum-bcn\\\/#primaryimage\"},\"thumbnailUrl\":\"https:\\\/\\\/poblenouurbandistrict.com\\\/wp-content\\\/uploads\\\/2022\\\/02\\\/2-2.jpg\",\"datePublished\":\"2022-02-03T09:41:27+00:00\",\"dateModified\":\"2022-02-03T12:10:08+00:00\",\"author\":{\"@id\":\"https:\\\/\\\/poblenouurbandistrict.com\\\/#\\\/schema\\\/person\\\/980a2cf34b399d5218205730acd54a7e\"},\"description\":\"Los pr\u00f3ximos 4, 5 y 6 de febrero, el Festival de Artes Lum\u00ednicas Llum BCN volver\u00e1 a brillar con m\u00e1s fuerza que nunca.\",\"breadcrumb\":{\"@id\":\"https:\\\/\\\/poblenouurbandistrict.com\\\/es\\\/els-espais-de-poblenou-urban-district-que-participen-al-festival-llum-bcn\\\/#breadcrumb\"},\"inLanguage\":\"es\",\"potentialAction\":[{\"@type\":\"ReadAction\",\"target\":[[\"https:\\\/\\\/poblenouurbandistrict.com\\\/es\\\/els-espais-de-poblenou-urban-district-que-participen-al-festival-llum-bcn\\\/\"]]}]},{\"@type\":\"ImageObject\",\"inLanguage\":\"es\",\"@id\":\"https:\\\/\\\/poblenouurbandistrict.com\\\/es\\\/els-espais-de-poblenou-urban-district-que-participen-al-festival-llum-bcn\\\/#primaryimage\",\"url\":\"https:\\\/\\\/poblenouurbandistrict.com\\\/wp-content\\\/uploads\\\/2022\\\/02\\\/2-2.jpg\",\"contentUrl\":\"https:\\\/\\\/poblenouurbandistrict.com\\\/wp-content\\\/uploads\\\/2022\\\/02\\\/2-2.jpg\",\"width\":1500,\"height\":1000},{\"@type\":\"BreadcrumbList\",\"@id\":\"https:\\\/\\\/poblenouurbandistrict.com\\\/es\\\/els-espais-de-poblenou-urban-district-que-participen-al-festival-llum-bcn\\\/#breadcrumb\",\"itemListElement\":[{\"@type\":\"ListItem\",\"position\":1,\"name\":\"Home\",\"item\":\"https:\\\/\\\/poblenouurbandistrict.com\\\/es\\\/\"},{\"@type\":\"ListItem\",\"position\":2,\"name\":\"Els espais de Poblenou Urban District que participen al Festival Llum Bcn\"}]},{\"@type\":\"WebSite\",\"@id\":\"https:\\\/\\\/poblenouurbandistrict.com\\\/es\\\/#website\",\"url\":\"https:\\\/\\\/poblenouurbandistrict.com\\\/es\\\/\",\"name\":\"Poblenou Urban District\",\"description\":\"Comunidad Creativa\",\"potentialAction\":[{\"@type\":\"SearchAction\",\"target\":{\"@type\":\"EntryPoint\",\"urlTemplate\":\"https:\\\/\\\/poblenouurbandistrict.com\\\/es\\\/?s={search_term_string}\"},\"query-input\":{\"@type\":\"PropertyValueSpecification\",\"valueRequired\":true,\"valueName\":\"search_term_string\"}}],\"inLanguage\":\"es\"},{\"@type\":\"Person\",\"@id\":\"https:\\\/\\\/poblenouurbandistrict.com\\\/#\\\/schema\\\/person\\\/980a2cf34b399d5218205730acd54a7e\",\"name\":\"pnud\",\"image\":{\"@type\":\"ImageObject\",\"inLanguage\":\"es\",\"@id\":\"https:\\\/\\\/secure.gravatar.com\\\/avatar\\\/67146597b405ee077a24e519f75c3e2031736596d6ce35af3a34c122c93d0d7b?s=96&d=retro&r=g\",\"url\":\"https:\\\/\\\/secure.gravatar.com\\\/avatar\\\/67146597b405ee077a24e519f75c3e2031736596d6ce35af3a34c122c93d0d7b?s=96&d=retro&r=g\",\"contentUrl\":\"https:\\\/\\\/secure.gravatar.com\\\/avatar\\\/67146597b405ee077a24e519f75c3e2031736596d6ce35af3a34c122c93d0d7b?s=96&d=retro&r=g\",\"caption\":\"pnud\"}}]}<\/script>\n<!-- \/ Yoast SEO plugin. -->","yoast_head_json":{"title":"Est\u00e1 pasando Poblenou Urban District Est\u00e1 pasando &#8211; Est\u00e1 pasando","description":"Los pr\u00f3ximos 4, 5 y 6 de febrero, el Festival de Artes Lum\u00ednicas Llum BCN volver\u00e1 a brillar con m\u00e1s fuerza que nunca.","robots":{"index":"index","follow":"follow","max-snippet":"max-snippet:-1","max-image-preview":"max-image-preview:large","max-video-preview":"max-video-preview:-1"},"canonical":"https:\/\/poblenouurbandistrict.com\/es\/els-espais-de-poblenou-urban-district-que-participen-al-festival-llum-bcn\/","og_locale":"es_ES","og_type":"article","og_title":"Est\u00e1 pasando Poblenou Urban District Est\u00e1 pasando &#8211; Est\u00e1 pasando","og_description":"Los pr\u00f3ximos 4, 5 y 6 de febrero, el Festival de Artes Lum\u00ednicas Llum BCN volver\u00e1 a brillar con m\u00e1s fuerza que nunca.","og_url":"https:\/\/poblenouurbandistrict.com\/es\/els-espais-de-poblenou-urban-district-que-participen-al-festival-llum-bcn\/","og_site_name":"Poblenou Urban District","article_published_time":"2022-02-03T09:41:27+00:00","article_modified_time":"2022-02-03T12:10:08+00:00","og_image":[{"width":1500,"height":1000,"url":"https:\/\/poblenouurbandistrict.com\/wp-content\/uploads\/2022\/02\/2-2.png","type":"image\/png"}],"author":"pnud","twitter_card":"summary_large_image","twitter_misc":{"Escrito por":"pnud","Tiempo de lectura":"6 minutos"},"schema":{"@context":"https:\/\/schema.org","@graph":[{"@type":"Article","@id":"https:\/\/poblenouurbandistrict.com\/els-espais-de-poblenou-urban-district-que-participen-al-festival-llum-bcn\/#article","isPartOf":{"@id":"https:\/\/poblenouurbandistrict.com\/els-espais-de-poblenou-urban-district-que-participen-al-festival-llum-bcn\/"},"author":{"name":"pnud","@id":"https:\/\/poblenouurbandistrict.com\/#\/schema\/person\/980a2cf34b399d5218205730acd54a7e"},"headline":"Los espacios de Poblenou Urban District que participan en el Festival Llum Bcn","datePublished":"2022-02-03T09:41:27+00:00","dateModified":"2022-02-03T12:10:08+00:00","mainEntityOfPage":{"@id":"https:\/\/poblenouurbandistrict.com\/els-espais-de-poblenou-urban-district-que-participen-al-festival-llum-bcn\/"},"wordCount":2369,"image":{"@id":"https:\/\/poblenouurbandistrict.com\/els-espais-de-poblenou-urban-district-que-participen-al-festival-llum-bcn\/#primaryimage"},"thumbnailUrl":"https:\/\/poblenouurbandistrict.com\/wp-content\/uploads\/2022\/02\/2-2.jpg","articleSection":["Off Llum BCN","Est\u00e1 pasando"],"inLanguage":"es"},{"@type":"WebPage","@id":"https:\/\/poblenouurbandistrict.com\/es\/els-espais-de-poblenou-urban-district-que-participen-al-festival-llum-bcn\/","url":"https:\/\/poblenouurbandistrict.com\/es\/els-espais-de-poblenou-urban-district-que-participen-al-festival-llum-bcn\/","name":"Est\u00e1 pasando Poblenou Urban District Est\u00e1 pasando &#8211; Est\u00e1 pasando","isPartOf":{"@id":"https:\/\/poblenouurbandistrict.com\/es\/#website"},"primaryImageOfPage":{"@id":"https:\/\/poblenouurbandistrict.com\/es\/els-espais-de-poblenou-urban-district-que-participen-al-festival-llum-bcn\/#primaryimage"},"image":{"@id":"https:\/\/poblenouurbandistrict.com\/els-espais-de-poblenou-urban-district-que-participen-al-festival-llum-bcn\/#primaryimage"},"thumbnailUrl":"https:\/\/poblenouurbandistrict.com\/wp-content\/uploads\/2022\/02\/2-2.jpg","datePublished":"2022-02-03T09:41:27+00:00","dateModified":"2022-02-03T12:10:08+00:00","author":{"@id":"https:\/\/poblenouurbandistrict.com\/#\/schema\/person\/980a2cf34b399d5218205730acd54a7e"},"description":"Los pr\u00f3ximos 4, 5 y 6 de febrero, el Festival de Artes Lum\u00ednicas Llum BCN volver\u00e1 a brillar con m\u00e1s fuerza que nunca.","breadcrumb":{"@id":"https:\/\/poblenouurbandistrict.com\/es\/els-espais-de-poblenou-urban-district-que-participen-al-festival-llum-bcn\/#breadcrumb"},"inLanguage":"es","potentialAction":[{"@type":"ReadAction","target":[["https:\/\/poblenouurbandistrict.com\/es\/els-espais-de-poblenou-urban-district-que-participen-al-festival-llum-bcn\/"]]}]},{"@type":"ImageObject","inLanguage":"es","@id":"https:\/\/poblenouurbandistrict.com\/es\/els-espais-de-poblenou-urban-district-que-participen-al-festival-llum-bcn\/#primaryimage","url":"https:\/\/poblenouurbandistrict.com\/wp-content\/uploads\/2022\/02\/2-2.jpg","contentUrl":"https:\/\/poblenouurbandistrict.com\/wp-content\/uploads\/2022\/02\/2-2.jpg","width":1500,"height":1000},{"@type":"BreadcrumbList","@id":"https:\/\/poblenouurbandistrict.com\/es\/els-espais-de-poblenou-urban-district-que-participen-al-festival-llum-bcn\/#breadcrumb","itemListElement":[{"@type":"ListItem","position":1,"name":"Home","item":"https:\/\/poblenouurbandistrict.com\/es\/"},{"@type":"ListItem","position":2,"name":"Els espais de Poblenou Urban District que participen al Festival Llum Bcn"}]},{"@type":"WebSite","@id":"https:\/\/poblenouurbandistrict.com\/es\/#website","url":"https:\/\/poblenouurbandistrict.com\/es\/","name":"Poblenou Urban District","description":"Comunidad Creativa","potentialAction":[{"@type":"SearchAction","target":{"@type":"EntryPoint","urlTemplate":"https:\/\/poblenouurbandistrict.com\/es\/?s={search_term_string}"},"query-input":{"@type":"PropertyValueSpecification","valueRequired":true,"valueName":"search_term_string"}}],"inLanguage":"es"},{"@type":"Person","@id":"https:\/\/poblenouurbandistrict.com\/#\/schema\/person\/980a2cf34b399d5218205730acd54a7e","name":"pnud","image":{"@type":"ImageObject","inLanguage":"es","@id":"https:\/\/secure.gravatar.com\/avatar\/67146597b405ee077a24e519f75c3e2031736596d6ce35af3a34c122c93d0d7b?s=96&d=retro&r=g","url":"https:\/\/secure.gravatar.com\/avatar\/67146597b405ee077a24e519f75c3e2031736596d6ce35af3a34c122c93d0d7b?s=96&d=retro&r=g","contentUrl":"https:\/\/secure.gravatar.com\/avatar\/67146597b405ee077a24e519f75c3e2031736596d6ce35af3a34c122c93d0d7b?s=96&d=retro&r=g","caption":"pnud"}}]}},"_links":{"self":[{"href":"https:\/\/poblenouurbandistrict.com\/es\/wp-json\/wp\/v2\/posts\/25870","targetHints":{"allow":["GET"]}}],"collection":[{"href":"https:\/\/poblenouurbandistrict.com\/es\/wp-json\/wp\/v2\/posts"}],"about":[{"href":"https:\/\/poblenouurbandistrict.com\/es\/wp-json\/wp\/v2\/types\/post"}],"author":[{"embeddable":true,"href":"https:\/\/poblenouurbandistrict.com\/es\/wp-json\/wp\/v2\/users\/5"}],"replies":[{"embeddable":true,"href":"https:\/\/poblenouurbandistrict.com\/es\/wp-json\/wp\/v2\/comments?post=25870"}],"version-history":[{"count":8,"href":"https:\/\/poblenouurbandistrict.com\/es\/wp-json\/wp\/v2\/posts\/25870\/revisions"}],"predecessor-version":[{"id":25914,"href":"https:\/\/poblenouurbandistrict.com\/es\/wp-json\/wp\/v2\/posts\/25870\/revisions\/25914"}],"wp:featuredmedia":[{"embeddable":true,"href":"https:\/\/poblenouurbandistrict.com\/es\/wp-json\/wp\/v2\/media\/25888"}],"wp:attachment":[{"href":"https:\/\/poblenouurbandistrict.com\/es\/wp-json\/wp\/v2\/media?parent=25870"}],"wp:term":[{"taxonomy":"category","embeddable":true,"href":"https:\/\/poblenouurbandistrict.com\/es\/wp-json\/wp\/v2\/categories?post=25870"},{"taxonomy":"post_tag","embeddable":true,"href":"https:\/\/poblenouurbandistrict.com\/es\/wp-json\/wp\/v2\/tags?post=25870"}],"curies":[{"name":"wp","href":"https:\/\/api.w.org\/{rel}","templated":true}]}}