{"id":26000,"date":"2022-02-09T17:03:36","date_gmt":"2022-02-09T16:03:36","guid":{"rendered":"https:\/\/poblenouurbandistrict.com\/?p=26000"},"modified":"2022-02-09T17:03:36","modified_gmt":"2022-02-09T16:03:36","slug":"la-comunitat-creativa-tanca-loff-llum-bcn-amb-una-gran-afluencia","status":"publish","type":"post","link":"https:\/\/poblenouurbandistrict.com\/es\/la-comunitat-creativa-tanca-loff-llum-bcn-amb-una-gran-afluencia\/","title":{"rendered":"La comunidad creativa cierra el Off Llum Bcn con una gran afluencia"},"content":{"rendered":"<p>Este pasado fin de semana<strong> 7 instalaciones lum\u00ednicas<\/strong> ubicadas en diferentes espacios de la comunidad creativa fueron, junto con el <strong>festival Llum Bcn<\/strong>, el foco de la ciudad. Una gran afluencia de p\u00fablico se acerc\u00f3 al Distrito Creativo para descubrir las instalaciones y propuestas lum\u00ednicas presentadas en esta 3\u00aa edici\u00f3n del <strong>Off LLum Bcn<\/strong>.<\/p>\n<p>Una edici\u00f3n celebrada ya en el formato habitual, donde durante tres d\u00edas cerca de 20 mil personas visitaron las 7 instalaciones programadas en el recorrido lum\u00ednico <strong>Off Lum Bcn<\/strong>. <span style=\"color: #000000;\"><strong><a style=\"color: #000000;\" href=\"https:\/\/www.salarazzmatazz.com\/ca\/\" target=\"_blank\" rel=\"noopener\">Razzmatazz<\/a><\/strong><\/span>, <span style=\"color: #000000;\"><strong><a style=\"color: #000000;\" href=\"https:\/\/www.protopixel.io\/\" target=\"_blank\" rel=\"noopener\">Protopixel<\/a><\/strong><\/span>, <span style=\"color: #000000;\"><strong><a style=\"color: #000000;\" href=\"https:\/\/www.instagram.com\/laplataformabcn\" target=\"_blank\" rel=\"noopener\">La plataforma<\/a><\/strong><\/span>, <span style=\"color: #000000;\"><strong><a style=\"color: #000000;\" href=\"https:\/\/valkiriahubspace.com\/\" target=\"_blank\" rel=\"noopener\">Valkiria<\/a><\/strong><\/span>, <span style=\"color: #000000;\"><strong><a style=\"color: #000000;\" href=\"https:\/\/www.baued.es\/\" target=\"_blank\" rel=\"noopener\">BAU Centro Universitario de Arte y Dise\u00f1o de Barcelona<\/a><\/strong><\/span>, \u200b\u200b<span style=\"color: #000000;\"><strong><a style=\"color: #000000;\" href=\"https:\/\/chezxefo.com\/\" target=\"_blank\" rel=\"noopener\">Galer\u00eda Chez Xefo<\/a><\/strong><\/span> y <span style=\"color: #000000;\"><strong><a style=\"color: #000000;\" href=\"https:\/\/ca.goteo.org\/project\/connecthort\" target=\"_blank\" rel=\"noopener\">ConnectHort<\/a><\/strong><\/span> abrieron sus puertas a la creaci\u00f3n y la innovaci\u00f3n acogiendo un conjunto de instalaciones heterog\u00e9neas y de calidad que hicieron posible abarrotar las calles del Distrito Creativo de la ciudad con una gran afluencia de p\u00fablico.<\/p>\n<p>OracLED era la primera instalaci\u00f3n de este recorrido. Ubicada en el pasillo exterior de <strong>Razzmatazz<\/strong>, combinaba v\u00eddeo mapping y pixel mapping para recrear un paisaje on\u00edrico en cuyo centro destacaba un or\u00e1culo lum\u00ednico. Una propuesta cautivadora e hipnotizante.<\/p>\n<p>Siguiendo el recorrido, el espacio de <strong>Protopixel<\/strong> presentaba la propuesta de Artec Studio, capitaneada por <strong>Mauricio Gin\u00e9s<\/strong>. Una instalaci\u00f3n pensada para transportarte a ojos de una tortuga marina, recreando la confusi\u00f3n que tienen estos animales al ver una bolsa de pl\u00e1stico en la superficie del mar pensando ser una medusa. Una propuesta sostenible para concienciar sobre la importancia de cerrar el ciclo de producci\u00f3n, tambi\u00e9n llamada econom\u00eda circular.<\/p>\n<p>La galer\u00eda <strong>La Plataforma<\/strong> acog\u00eda a la artista y dise\u00f1adora <strong>Marina Salazar<\/strong> (No queda Tinte) que presentaba la obra El \u00c9xtasis de Santa Mar\u00eda, una obra que transformada a una Virgen Mar\u00eda abierta al mundo, desafiando las normas no escritas de un patriarcado en horas bajas y reconvertida en una fantas\u00eda <em>Burlesque<\/em>.<\/p>\n<p>Muy cerca de ella, se encontraban las instalaciones los espacios de <strong>Valkiria<\/strong>, que presentaba Lazer Pupil, una propuesta interactiva de luz y audio en la que cada espectador ten\u00eda la posibilidad de proyectar su huella luminosa. Y justo al lado, Alumnis de <strong>BAU<\/strong> expon\u00edan su obra \u00abN\u00facleo\u00bb transport\u00e1ndonos a nuestra pasada \u00e9poca escolar con efectos sensoriales con luces y sonoridades inmersivas.<\/p>\n<p>La galer\u00eda <strong>Chez Xefo<\/strong> exhibi\u00f3 la instalaci\u00f3n creada por el artista <strong>Mauricio Gin\u00e9s<\/strong>, llamada \u00abNuestro Mar Vibra\u00bb donde se reproduc\u00edan recuerdos de luz de Barcelona. Una obra inspirada en la estela de reflejos que el sol produce en el agua cuando aparece en el mar Mediterr\u00e1neo, de modo que la obra evocaba una mirada fragmentada de la salida del sol, sus reflejos en un mar propio.<\/p>\n<p>El recorrido del <strong>Off Llum Bcn<\/strong> acababa en el espacio de <strong>ConnectHort<\/strong>, donde conviv\u00edan un conjunto de instalaciones lum\u00ednicas de peque\u00f1o formato con una gran variedad de hortalizas dentro de este espacio agroforestal. Toda una experiencia en la que se tej\u00edan nuevos relatos de coexistencia para reflexionar sobre futuras tecnolog\u00edas que intervendr\u00e1n entre humanos y naturaleza.<\/p>","protected":false},"excerpt":{"rendered":"<p>Este pasado fin de semana 7 instalaciones lum\u00ednicas ubicadas en diferentes espacios de la comunidad creativa fueron, junto con el&#8230; <a href=\"https:\/\/poblenouurbandistrict.com\/es\/la-comunitat-creativa-tanca-loff-llum-bcn-amb-una-gran-afluencia\/\">M\u00e1s  \u2192<\/a><\/p>\n","protected":false},"author":5,"featured_media":26168,"comment_status":"closed","ping_status":"closed","sticky":false,"template":"","format":"standard","meta":{"_acf_changed":false,"footnotes":""},"categories":[3548,3364],"tags":[],"class_list":["post-26000","post","type-post","status-publish","format-standard","has-post-thumbnail","hentry","category-off-llum-bcn","category-poblenou-urban-district"],"acf":[],"yoast_head":"<!-- This site is optimized with the Yoast SEO plugin v27.5 - https:\/\/yoast.com\/product\/yoast-seo-wordpress\/ -->\n<title>La comunidad creativa cierra el Off Llum Bcn con una gran afluencia &#8211;<\/title>\n<meta name=\"description\" content=\"quest passat cap de setmana 7 instal\u00b7lacions lum\u00edniques ubicades en diferents espais de la comunitat creativa van ser el focus de la ciutat.\" \/>\n<meta name=\"robots\" content=\"index, follow, max-snippet:-1, max-image-preview:large, max-video-preview:-1\" \/>\n<link rel=\"canonical\" href=\"https:\/\/poblenouurbandistrict.com\/es\/la-comunitat-creativa-tanca-loff-llum-bcn-amb-una-gran-afluencia\/\" \/>\n<meta property=\"og:locale\" content=\"es_ES\" \/>\n<meta property=\"og:type\" content=\"article\" \/>\n<meta property=\"og:title\" content=\"La comunidad creativa cierra el Off Llum Bcn con una gran afluencia &#8211;\" \/>\n<meta property=\"og:description\" content=\"quest passat cap de setmana 7 instal\u00b7lacions lum\u00edniques ubicades en diferents espais de la comunitat creativa van ser el focus de la ciutat.\" \/>\n<meta property=\"og:url\" content=\"https:\/\/poblenouurbandistrict.com\/es\/la-comunitat-creativa-tanca-loff-llum-bcn-amb-una-gran-afluencia\/\" \/>\n<meta property=\"og:site_name\" content=\"Poblenou Urban District\" \/>\n<meta property=\"article:published_time\" content=\"2022-02-09T16:03:36+00:00\" \/>\n<meta property=\"og:image\" content=\"https:\/\/poblenouurbandistrict.com\/wp-content\/uploads\/2022\/02\/off-llum-portada-640x427.png\" \/>\n\t<meta property=\"og:image:width\" content=\"640\" \/>\n\t<meta property=\"og:image:height\" content=\"427\" \/>\n\t<meta property=\"og:image:type\" content=\"image\/png\" \/>\n<meta name=\"author\" content=\"pnud\" \/>\n<meta name=\"twitter:card\" content=\"summary_large_image\" \/>\n<meta name=\"twitter:label1\" content=\"Escrito por\" \/>\n\t<meta name=\"twitter:data1\" content=\"pnud\" \/>\n\t<meta name=\"twitter:label2\" content=\"Tiempo de lectura\" \/>\n\t<meta name=\"twitter:data2\" content=\"3 minutos\" \/>\n<script type=\"application\/ld+json\" class=\"yoast-schema-graph\">{\"@context\":\"https:\\\/\\\/schema.org\",\"@graph\":[{\"@type\":\"Article\",\"@id\":\"https:\\\/\\\/poblenouurbandistrict.com\\\/la-comunitat-creativa-tanca-loff-llum-bcn-amb-una-gran-afluencia\\\/#article\",\"isPartOf\":{\"@id\":\"https:\\\/\\\/poblenouurbandistrict.com\\\/la-comunitat-creativa-tanca-loff-llum-bcn-amb-una-gran-afluencia\\\/\"},\"author\":{\"name\":\"pnud\",\"@id\":\"https:\\\/\\\/poblenouurbandistrict.com\\\/#\\\/schema\\\/person\\\/980a2cf34b399d5218205730acd54a7e\"},\"headline\":\"La comunidad creativa cierra el Off Llum Bcn con una gran afluencia\",\"datePublished\":\"2022-02-09T16:03:36+00:00\",\"mainEntityOfPage\":{\"@id\":\"https:\\\/\\\/poblenouurbandistrict.com\\\/la-comunitat-creativa-tanca-loff-llum-bcn-amb-una-gran-afluencia\\\/\"},\"wordCount\":1059,\"image\":{\"@id\":\"https:\\\/\\\/poblenouurbandistrict.com\\\/la-comunitat-creativa-tanca-loff-llum-bcn-amb-una-gran-afluencia\\\/#primaryimage\"},\"thumbnailUrl\":\"https:\\\/\\\/media.poblenouurbandistrict.com\\\/2022\\\/02\\\/25044629\\\/off-llum-portada.jpg\",\"articleSection\":[\"Off Llum BCN\",\"Poblenou Urban District\"],\"inLanguage\":\"es\"},{\"@type\":\"WebPage\",\"@id\":\"https:\\\/\\\/poblenouurbandistrict.com\\\/es\\\/la-comunitat-creativa-tanca-loff-llum-bcn-amb-una-gran-afluencia\\\/\",\"url\":\"https:\\\/\\\/poblenouurbandistrict.com\\\/es\\\/la-comunitat-creativa-tanca-loff-llum-bcn-amb-una-gran-afluencia\\\/\",\"name\":\"La comunidad creativa cierra el Off Llum Bcn con una gran afluencia &#8211;\",\"isPartOf\":{\"@id\":\"https:\\\/\\\/poblenouurbandistrict.com\\\/es\\\/#website\"},\"primaryImageOfPage\":{\"@id\":\"https:\\\/\\\/poblenouurbandistrict.com\\\/es\\\/la-comunitat-creativa-tanca-loff-llum-bcn-amb-una-gran-afluencia\\\/#primaryimage\"},\"image\":{\"@id\":\"https:\\\/\\\/poblenouurbandistrict.com\\\/la-comunitat-creativa-tanca-loff-llum-bcn-amb-una-gran-afluencia\\\/#primaryimage\"},\"thumbnailUrl\":\"https:\\\/\\\/media.poblenouurbandistrict.com\\\/2022\\\/02\\\/25044629\\\/off-llum-portada.jpg\",\"datePublished\":\"2022-02-09T16:03:36+00:00\",\"author\":{\"@id\":\"https:\\\/\\\/poblenouurbandistrict.com\\\/#\\\/schema\\\/person\\\/980a2cf34b399d5218205730acd54a7e\"},\"description\":\"quest passat cap de setmana 7 instal\u00b7lacions lum\u00edniques ubicades en diferents espais de la comunitat creativa van ser el focus de la ciutat.\",\"breadcrumb\":{\"@id\":\"https:\\\/\\\/poblenouurbandistrict.com\\\/es\\\/la-comunitat-creativa-tanca-loff-llum-bcn-amb-una-gran-afluencia\\\/#breadcrumb\"},\"inLanguage\":\"es\",\"potentialAction\":[{\"@type\":\"ReadAction\",\"target\":[[\"https:\\\/\\\/poblenouurbandistrict.com\\\/es\\\/la-comunitat-creativa-tanca-loff-llum-bcn-amb-una-gran-afluencia\\\/\"]]}]},{\"@type\":\"ImageObject\",\"inLanguage\":\"es\",\"@id\":\"https:\\\/\\\/poblenouurbandistrict.com\\\/es\\\/la-comunitat-creativa-tanca-loff-llum-bcn-amb-una-gran-afluencia\\\/#primaryimage\",\"url\":\"https:\\\/\\\/media.poblenouurbandistrict.com\\\/2022\\\/02\\\/25044629\\\/off-llum-portada.jpg\",\"contentUrl\":\"https:\\\/\\\/media.poblenouurbandistrict.com\\\/2022\\\/02\\\/25044629\\\/off-llum-portada.jpg\",\"width\":1500,\"height\":1000},{\"@type\":\"BreadcrumbList\",\"@id\":\"https:\\\/\\\/poblenouurbandistrict.com\\\/es\\\/la-comunitat-creativa-tanca-loff-llum-bcn-amb-una-gran-afluencia\\\/#breadcrumb\",\"itemListElement\":[{\"@type\":\"ListItem\",\"position\":1,\"name\":\"Home\",\"item\":\"https:\\\/\\\/poblenouurbandistrict.com\\\/es\\\/\"},{\"@type\":\"ListItem\",\"position\":2,\"name\":\"La comunitat creativa tanca l&#8217;Off Llum Bcn amb una gran aflu\u00e8ncia\"}]},{\"@type\":\"WebSite\",\"@id\":\"https:\\\/\\\/poblenouurbandistrict.com\\\/es\\\/#website\",\"url\":\"https:\\\/\\\/poblenouurbandistrict.com\\\/es\\\/\",\"name\":\"Poblenou Urban District\",\"description\":\"Comunidad Creativa\",\"potentialAction\":[{\"@type\":\"SearchAction\",\"target\":{\"@type\":\"EntryPoint\",\"urlTemplate\":\"https:\\\/\\\/poblenouurbandistrict.com\\\/es\\\/?s={search_term_string}\"},\"query-input\":{\"@type\":\"PropertyValueSpecification\",\"valueRequired\":true,\"valueName\":\"search_term_string\"}}],\"inLanguage\":\"es\"},{\"@type\":\"Person\",\"@id\":\"https:\\\/\\\/poblenouurbandistrict.com\\\/#\\\/schema\\\/person\\\/980a2cf34b399d5218205730acd54a7e\",\"name\":\"pnud\",\"image\":{\"@type\":\"ImageObject\",\"inLanguage\":\"es\",\"@id\":\"https:\\\/\\\/secure.gravatar.com\\\/avatar\\\/67146597b405ee077a24e519f75c3e2031736596d6ce35af3a34c122c93d0d7b?s=96&d=retro&r=g\",\"url\":\"https:\\\/\\\/secure.gravatar.com\\\/avatar\\\/67146597b405ee077a24e519f75c3e2031736596d6ce35af3a34c122c93d0d7b?s=96&d=retro&r=g\",\"contentUrl\":\"https:\\\/\\\/secure.gravatar.com\\\/avatar\\\/67146597b405ee077a24e519f75c3e2031736596d6ce35af3a34c122c93d0d7b?s=96&d=retro&r=g\",\"caption\":\"pnud\"}}]}<\/script>\n<!-- \/ Yoast SEO plugin. -->","yoast_head_json":{"title":"La comunidad creativa cierra el Off Llum Bcn con una gran afluencia &#8211;","description":"quest passat cap de setmana 7 instal\u00b7lacions lum\u00edniques ubicades en diferents espais de la comunitat creativa van ser el focus de la ciutat.","robots":{"index":"index","follow":"follow","max-snippet":"max-snippet:-1","max-image-preview":"max-image-preview:large","max-video-preview":"max-video-preview:-1"},"canonical":"https:\/\/poblenouurbandistrict.com\/es\/la-comunitat-creativa-tanca-loff-llum-bcn-amb-una-gran-afluencia\/","og_locale":"es_ES","og_type":"article","og_title":"La comunidad creativa cierra el Off Llum Bcn con una gran afluencia &#8211;","og_description":"quest passat cap de setmana 7 instal\u00b7lacions lum\u00edniques ubicades en diferents espais de la comunitat creativa van ser el focus de la ciutat.","og_url":"https:\/\/poblenouurbandistrict.com\/es\/la-comunitat-creativa-tanca-loff-llum-bcn-amb-una-gran-afluencia\/","og_site_name":"Poblenou Urban District","article_published_time":"2022-02-09T16:03:36+00:00","og_image":[{"width":640,"height":427,"url":"https:\/\/poblenouurbandistrict.com\/wp-content\/uploads\/2022\/02\/off-llum-portada-640x427.png","type":"image\/png"}],"author":"pnud","twitter_card":"summary_large_image","twitter_misc":{"Escrito por":"pnud","Tiempo de lectura":"3 minutos"},"schema":{"@context":"https:\/\/schema.org","@graph":[{"@type":"Article","@id":"https:\/\/poblenouurbandistrict.com\/la-comunitat-creativa-tanca-loff-llum-bcn-amb-una-gran-afluencia\/#article","isPartOf":{"@id":"https:\/\/poblenouurbandistrict.com\/la-comunitat-creativa-tanca-loff-llum-bcn-amb-una-gran-afluencia\/"},"author":{"name":"pnud","@id":"https:\/\/poblenouurbandistrict.com\/#\/schema\/person\/980a2cf34b399d5218205730acd54a7e"},"headline":"La comunidad creativa cierra el Off Llum Bcn con una gran afluencia","datePublished":"2022-02-09T16:03:36+00:00","mainEntityOfPage":{"@id":"https:\/\/poblenouurbandistrict.com\/la-comunitat-creativa-tanca-loff-llum-bcn-amb-una-gran-afluencia\/"},"wordCount":1059,"image":{"@id":"https:\/\/poblenouurbandistrict.com\/la-comunitat-creativa-tanca-loff-llum-bcn-amb-una-gran-afluencia\/#primaryimage"},"thumbnailUrl":"https:\/\/media.poblenouurbandistrict.com\/2022\/02\/25044629\/off-llum-portada.jpg","articleSection":["Off Llum BCN","Poblenou Urban District"],"inLanguage":"es"},{"@type":"WebPage","@id":"https:\/\/poblenouurbandistrict.com\/es\/la-comunitat-creativa-tanca-loff-llum-bcn-amb-una-gran-afluencia\/","url":"https:\/\/poblenouurbandistrict.com\/es\/la-comunitat-creativa-tanca-loff-llum-bcn-amb-una-gran-afluencia\/","name":"La comunidad creativa cierra el Off Llum Bcn con una gran afluencia &#8211;","isPartOf":{"@id":"https:\/\/poblenouurbandistrict.com\/es\/#website"},"primaryImageOfPage":{"@id":"https:\/\/poblenouurbandistrict.com\/es\/la-comunitat-creativa-tanca-loff-llum-bcn-amb-una-gran-afluencia\/#primaryimage"},"image":{"@id":"https:\/\/poblenouurbandistrict.com\/la-comunitat-creativa-tanca-loff-llum-bcn-amb-una-gran-afluencia\/#primaryimage"},"thumbnailUrl":"https:\/\/media.poblenouurbandistrict.com\/2022\/02\/25044629\/off-llum-portada.jpg","datePublished":"2022-02-09T16:03:36+00:00","author":{"@id":"https:\/\/poblenouurbandistrict.com\/#\/schema\/person\/980a2cf34b399d5218205730acd54a7e"},"description":"quest passat cap de setmana 7 instal\u00b7lacions lum\u00edniques ubicades en diferents espais de la comunitat creativa van ser el focus de la ciutat.","breadcrumb":{"@id":"https:\/\/poblenouurbandistrict.com\/es\/la-comunitat-creativa-tanca-loff-llum-bcn-amb-una-gran-afluencia\/#breadcrumb"},"inLanguage":"es","potentialAction":[{"@type":"ReadAction","target":[["https:\/\/poblenouurbandistrict.com\/es\/la-comunitat-creativa-tanca-loff-llum-bcn-amb-una-gran-afluencia\/"]]}]},{"@type":"ImageObject","inLanguage":"es","@id":"https:\/\/poblenouurbandistrict.com\/es\/la-comunitat-creativa-tanca-loff-llum-bcn-amb-una-gran-afluencia\/#primaryimage","url":"https:\/\/media.poblenouurbandistrict.com\/2022\/02\/25044629\/off-llum-portada.jpg","contentUrl":"https:\/\/media.poblenouurbandistrict.com\/2022\/02\/25044629\/off-llum-portada.jpg","width":1500,"height":1000},{"@type":"BreadcrumbList","@id":"https:\/\/poblenouurbandistrict.com\/es\/la-comunitat-creativa-tanca-loff-llum-bcn-amb-una-gran-afluencia\/#breadcrumb","itemListElement":[{"@type":"ListItem","position":1,"name":"Home","item":"https:\/\/poblenouurbandistrict.com\/es\/"},{"@type":"ListItem","position":2,"name":"La comunitat creativa tanca l&#8217;Off Llum Bcn amb una gran aflu\u00e8ncia"}]},{"@type":"WebSite","@id":"https:\/\/poblenouurbandistrict.com\/es\/#website","url":"https:\/\/poblenouurbandistrict.com\/es\/","name":"Poblenou Urban District","description":"Comunidad Creativa","potentialAction":[{"@type":"SearchAction","target":{"@type":"EntryPoint","urlTemplate":"https:\/\/poblenouurbandistrict.com\/es\/?s={search_term_string}"},"query-input":{"@type":"PropertyValueSpecification","valueRequired":true,"valueName":"search_term_string"}}],"inLanguage":"es"},{"@type":"Person","@id":"https:\/\/poblenouurbandistrict.com\/#\/schema\/person\/980a2cf34b399d5218205730acd54a7e","name":"pnud","image":{"@type":"ImageObject","inLanguage":"es","@id":"https:\/\/secure.gravatar.com\/avatar\/67146597b405ee077a24e519f75c3e2031736596d6ce35af3a34c122c93d0d7b?s=96&d=retro&r=g","url":"https:\/\/secure.gravatar.com\/avatar\/67146597b405ee077a24e519f75c3e2031736596d6ce35af3a34c122c93d0d7b?s=96&d=retro&r=g","contentUrl":"https:\/\/secure.gravatar.com\/avatar\/67146597b405ee077a24e519f75c3e2031736596d6ce35af3a34c122c93d0d7b?s=96&d=retro&r=g","caption":"pnud"}}]}},"_links":{"self":[{"href":"https:\/\/poblenouurbandistrict.com\/es\/wp-json\/wp\/v2\/posts\/26000","targetHints":{"allow":["GET"]}}],"collection":[{"href":"https:\/\/poblenouurbandistrict.com\/es\/wp-json\/wp\/v2\/posts"}],"about":[{"href":"https:\/\/poblenouurbandistrict.com\/es\/wp-json\/wp\/v2\/types\/post"}],"author":[{"embeddable":true,"href":"https:\/\/poblenouurbandistrict.com\/es\/wp-json\/wp\/v2\/users\/5"}],"replies":[{"embeddable":true,"href":"https:\/\/poblenouurbandistrict.com\/es\/wp-json\/wp\/v2\/comments?post=26000"}],"version-history":[{"count":3,"href":"https:\/\/poblenouurbandistrict.com\/es\/wp-json\/wp\/v2\/posts\/26000\/revisions"}],"predecessor-version":[{"id":26177,"href":"https:\/\/poblenouurbandistrict.com\/es\/wp-json\/wp\/v2\/posts\/26000\/revisions\/26177"}],"wp:featuredmedia":[{"embeddable":true,"href":"https:\/\/poblenouurbandistrict.com\/es\/wp-json\/wp\/v2\/media\/26168"}],"wp:attachment":[{"href":"https:\/\/poblenouurbandistrict.com\/es\/wp-json\/wp\/v2\/media?parent=26000"}],"wp:term":[{"taxonomy":"category","embeddable":true,"href":"https:\/\/poblenouurbandistrict.com\/es\/wp-json\/wp\/v2\/categories?post=26000"},{"taxonomy":"post_tag","embeddable":true,"href":"https:\/\/poblenouurbandistrict.com\/es\/wp-json\/wp\/v2\/tags?post=26000"}],"curies":[{"name":"wp","href":"https:\/\/api.w.org\/{rel}","templated":true}]}}