{"id":26079,"date":"2022-02-09T17:01:27","date_gmt":"2022-02-09T16:01:27","guid":{"rendered":"https:\/\/poblenouurbandistrict.com\/?p=26079"},"modified":"2022-02-10T13:43:08","modified_gmt":"2022-02-10T12:43:08","slug":"lexit-de-loff-llum-bcn-es-tot-vostre","status":"publish","type":"post","link":"https:\/\/poblenouurbandistrict.com\/es\/lexit-de-loff-llum-bcn-es-tot-vostre\/","title":{"rendered":"El \u00e9xito del Off Llum Bcn es todo vuestro"},"content":{"rendered":"<p>La tercera edici\u00f3n del <span style=\"color: #000000;\"><strong><a style=\"color: #000000;\" href=\"https:\/\/poblenouurbandistrict.com\/off-llum-bcn-2022\/\">Off\u00a0Llum\u00a0Bcn<\/a><\/strong><\/span> ha sido todo un \u00e9xito en muchos sentidos. La reapertura de espacios, la desaparici\u00f3n de restricciones de aforo, la gran oferta gastron\u00f3mica y sobre todo la programaci\u00f3n lum\u00ednica han permitido que se acercara una gran masa de p\u00fablico al Distrito Creativo despu\u00e9s de casi dos ediciones sin poder celebrarse.<br \/>\nDurante el primer fin de semana de febrero se acercaron a ver las 7 instalaciones lum\u00ednicas cerca de 20 mil personas. Una edici\u00f3n celebrada ya en su formato habitual.<br \/>\nEn primer lugar, queremos agradecer a todos los espacios que han participado con una instalaci\u00f3n en esta \u00faltima edici\u00f3n de la <strong>Off Llum Bcn.<\/strong> El espacio de <span style=\"color: #000000;\"><strong><a style=\"color: #000000;\" href=\"https:\/\/www.gopopup.com\/es\" target=\"_blank\" rel=\"noopener\">Go_PopUp<\/a><\/strong><\/span> dentro del pasillo de <span style=\"color: #000000;\"><strong><a style=\"color: #000000;\" href=\"https:\/\/www.salarazzmatazz.com\/ca\/\">Razzmatazz<\/a><\/strong>, <strong><a style=\"color: #000000;\" href=\"https:\/\/www.protopixel.io\/\">Protopixel<\/a><\/strong>, <strong><a style=\"color: #000000;\" href=\"https:\/\/www.instagram.com\/laplataformabcn\">La plataforma<\/a><\/strong>, <strong><a style=\"color: #000000;\" href=\"https:\/\/valkiriahubspace.com\/\">Valkiria<\/a><\/strong>, <strong><a style=\"color: #000000;\" href=\"https:\/\/www.baued.es\/\">BAU Centro Universitario de Arte y Dise\u00f1o de Barcelona<\/a><\/strong>, \u200b\u200b<strong><a style=\"color: #000000;\" href=\"https:\/\/chezxefo.com\/\">Galer\u00eda Chez Xefo<\/a><\/strong> y\u00a0<strong><a style=\"color: #000000;\" href=\"https:\/\/ca.goteo.org\/project\/connecthort\">ConnectHort<\/a><\/strong> <\/span>abrieron sus puertas a la creaci\u00f3n ya la innovaci\u00f3n acogiendo un conjunto de instalaciones heterog\u00e9neas y de calidad que hicieron posible abarrotar las calles del Distrito Creativo de la ciudad.<br \/>\nTambi\u00e9n queremos agradecer al resto de espacios de Poblenou Urban District que se adhirieron al recorrido de Off Llum Bcn con sus propuestas gastron\u00f3micas:<span style=\"color: #000000;\">\u00a0<a style=\"color: #000000;\" href=\"https:\/\/www.nekosushi.net\/\"><strong>Neko<\/strong><strong>\u00a0Sushi<\/strong><\/a><strong>,\u00a0<a style=\"color: #000000;\" href=\"https:\/\/www.instagram.com\/bodega_alaparra\/\">Bodega\u00a0Alaparra<\/a>,\u00a0<a style=\"color: #000000;\" href=\"https:\/\/www.timesburg.com\/\">Timesburg\u00a0Poblenou<\/a>,\u00a0<a style=\"color: #000000;\" href=\"https:\/\/www.instagram.com\/hoppinessbcn\/\">Hoppiness<\/a>, <a style=\"color: #000000;\" href=\"https:\/\/www.instagram.com\/local225bcn\/\">Local 225<\/a>,\u00a0<a style=\"color: #000000;\" href=\"https:\/\/www.instagram.com\/garagepoblenou\/\">Garage\u00a0Beer\u00a0Co\u00a0Poblenou<\/a>,\u00a0<a style=\"color: #000000;\" href=\"https:\/\/www.instagram.com\/wearecacho\/\">CACHO<\/a>, <a style=\"color: #000000;\" href=\"https:\/\/www.instagram.com\/salaovellanegra\/\">Ovella Negra<\/a>, <a style=\"color: #000000;\" href=\"https:\/\/www.instagram.com\/d9poblenou\/\">D9<\/a>,\u00a0<a style=\"color: #000000;\" href=\"https:\/\/www.instagram.com\/camping_bcn\/\">Camping<\/a>, <a style=\"color: #000000;\" href=\"https:\/\/www.instagram.com\/latavernicola\/\">La\u00a0Tavern\u00edcola<\/a>, <a style=\"color: #000000;\" href=\"https:\/\/www.instagram.com\/sopabarcelona\/\">Sopa<\/a>,\u00a0<a style=\"color: #000000;\" href=\"https:\/\/www.instagram.com\/catacroquet_group\/\">Catacroquet<\/a>,\u00a0<a style=\"color: #000000;\" href=\"https:\/\/www.instagram.com\/vanvanvar\/\">Van Van\u00a0Var<\/a>,\u00a0<a style=\"color: #000000;\" href=\"https:\/\/www.instagram.com\/kohbarcelona\/\">KOH<\/a>,\u00a0<\/strong><span style=\"color: #333333;\"><a style=\"color: #333333;\" href=\"http:\/\/www.kibuka.com\/llull\/\" target=\"_blank\" rel=\"noopener\"><strong>KIBUKA<\/strong><\/a><\/span><strong>, <a style=\"color: #000000;\" href=\"https:\/\/www.instagram.com\/lataqueriabcn\/\">La\u00a0Taquer\u00eda<\/a>, <a style=\"color: #000000;\" href=\"https:\/\/www.petitbangkok.com\/\">Petit Bangkok<\/a>,\u00a0<a style=\"color: #000000;\" href=\"https:\/\/www.instagram.com\/warikeproject\/\">Warike\u00a0Project<\/a>, <a style=\"color: #000000;\" href=\"https:\/\/www.carrotcafe.es\/\">Carrot\u00a0Caf\u00e9<\/a><\/strong> y\u00a0<strong><a style=\"color: #000000;\" href=\"https:\/\/www.instagram.com\/zanahpasteles\/\">Zanah\u00a0Pasteles<\/a>.<\/strong><\/span><\/p>\n<p>La<strong> Off Llum Bcn<\/strong> tampoco habr\u00eda sido posible sin el material t\u00e9cnico que han aportado las diferentes marcas colaboradoras. Muchas gracias a:<span style=\"color: #000000;\"> <strong><a style=\"color: #000000;\" href=\"https:\/\/www.fluge.es\/\">FLUGE<\/a><\/strong>,\u00a0<strong><a style=\"color: #000000;\" href=\"https:\/\/thefolioclub.com\/\">The\u00a0Folio Club<\/a><\/strong><strong>, <\/strong><strong><a style=\"color: #000000;\" href=\"https:\/\/www.protopixel.io\/\">Protopixel<\/a><\/strong><strong>, <\/strong><strong><a style=\"color: #000000;\" href=\"https:\/\/www.beatmelab.com\/\">BeatMElab<\/a><\/strong><strong>, <\/strong><strong><a style=\"color: #000000;\" href=\"https:\/\/leds-c4.com\/es\">Microfusa<\/a><\/strong><strong>,\u00a0 <\/strong><strong><a style=\"color: #000000;\" href=\"http:\/\/rentalsp.com\/\">RentalSp<\/a><\/strong><strong>,\u00a0 <\/strong><strong><a style=\"color: #000000;\" href=\"http:\/\/pirolaserfx.es\/\">PiroLaserFx<\/a><\/strong><strong>, <\/strong><strong><a style=\"color: #000000;\" href=\"https:\/\/framemov.com\/\">Framemov<\/a><\/strong><strong>,\u00a0 <\/strong><strong><a style=\"color: #000000;\" href=\"http:\/\/codigosound.com\/projects\/\">CodigoSound<\/a><\/strong><strong>, <\/strong><strong><a style=\"color: #000000;\" href=\"https:\/\/www.simonelectric.com\/\">\u00a0Simon<\/a><\/strong><strong>, Vermut, <\/strong><strong><a style=\"color: #000000;\" href=\"https:\/\/leds-c4.com\/es\">LEDSC4<\/a><\/strong><strong> i <\/strong><strong><a style=\"color: #000000;\" href=\"https:\/\/lluria.com\/\">LLURIA<\/a><\/strong><strong>.<\/strong>.<\/span><br \/>\nFinalmente, unas palacias de agradecimiento a a <span style=\"color: #000000;\"><strong><a style=\"color: #000000;\" href=\"https:\/\/www.estrelladamm.com\/\">Estrella Damm<\/a><\/strong><\/span> que nos acompa\u00f1a a todos nuestros proyectos y eventos y al <span style=\"color: #000000;\"><strong><a style=\"color: #000000;\" href=\"https:\/\/www.barcelona.cat\/ca\/\" target=\"_blank\" rel=\"noopener\">Ayuntamiento de Barcelona<\/a><\/strong><\/span> para apoyarnos en el marco del <strong>festival Llum Bcn<\/strong>.<\/p>","protected":false},"excerpt":{"rendered":"<p>La tercera edici\u00f3n del Off\u00a0Llum\u00a0Bcn ha sido todo un \u00e9xito en muchos sentidos. La reapertura de espacios, la desaparici\u00f3n de&#8230; <a href=\"https:\/\/poblenouurbandistrict.com\/es\/lexit-de-loff-llum-bcn-es-tot-vostre\/\">M\u00e1s  \u2192<\/a><\/p>\n","protected":false},"author":5,"featured_media":26116,"comment_status":"closed","ping_status":"closed","sticky":false,"template":"","format":"standard","meta":{"_acf_changed":false,"footnotes":""},"categories":[3548,3364],"tags":[],"class_list":["post-26079","post","type-post","status-publish","format-standard","has-post-thumbnail","hentry","category-off-llum-bcn","category-poblenou-urban-district"],"acf":[],"yoast_head":"<!-- This site is optimized with the Yoast SEO plugin v27.5 - https:\/\/yoast.com\/product\/yoast-seo-wordpress\/ -->\n<title>El \u00e9xito del Off Llum Bcn es todo vuestro &#8211; Poblenou Urban District<\/title>\n<meta name=\"robots\" content=\"index, follow, max-snippet:-1, max-image-preview:large, max-video-preview:-1\" \/>\n<link rel=\"canonical\" href=\"https:\/\/poblenouurbandistrict.com\/es\/lexit-de-loff-llum-bcn-es-tot-vostre\/\" \/>\n<meta property=\"og:locale\" content=\"es_ES\" \/>\n<meta property=\"og:type\" content=\"article\" \/>\n<meta property=\"og:title\" content=\"El \u00e9xito del Off Llum Bcn es todo vuestro &#8211; Poblenou Urban District\" \/>\n<meta property=\"og:description\" content=\"La tercera edici\u00f3n del Off\u00a0Llum\u00a0Bcn ha sido todo un \u00e9xito en muchos sentidos. La reapertura de espacios, la desaparici\u00f3n de... M\u00e1s \u2192\" \/>\n<meta property=\"og:url\" content=\"https:\/\/poblenouurbandistrict.com\/es\/lexit-de-loff-llum-bcn-es-tot-vostre\/\" \/>\n<meta property=\"og:site_name\" content=\"Poblenou Urban District\" \/>\n<meta property=\"article:published_time\" content=\"2022-02-09T16:01:27+00:00\" \/>\n<meta property=\"article:modified_time\" content=\"2022-02-10T12:43:08+00:00\" \/>\n<meta property=\"og:image\" content=\"https:\/\/poblenouurbandistrict.com\/wp-content\/uploads\/2022\/02\/cua-off-llum-640x427.png\" \/>\n\t<meta property=\"og:image:width\" content=\"640\" \/>\n\t<meta property=\"og:image:height\" content=\"427\" \/>\n\t<meta property=\"og:image:type\" content=\"image\/png\" \/>\n<meta name=\"author\" content=\"pnud\" \/>\n<meta name=\"twitter:card\" content=\"summary_large_image\" \/>\n<meta name=\"twitter:label1\" content=\"Escrito por\" \/>\n\t<meta name=\"twitter:data1\" content=\"pnud\" \/>\n\t<meta name=\"twitter:label2\" content=\"Tiempo de lectura\" \/>\n\t<meta name=\"twitter:data2\" content=\"2 minutos\" \/>\n<script type=\"application\/ld+json\" class=\"yoast-schema-graph\">{\"@context\":\"https:\\\/\\\/schema.org\",\"@graph\":[{\"@type\":\"Article\",\"@id\":\"https:\\\/\\\/poblenouurbandistrict.com\\\/lexit-de-loff-llum-bcn-es-tot-vostre\\\/#article\",\"isPartOf\":{\"@id\":\"https:\\\/\\\/poblenouurbandistrict.com\\\/lexit-de-loff-llum-bcn-es-tot-vostre\\\/\"},\"author\":{\"name\":\"pnud\",\"@id\":\"https:\\\/\\\/poblenouurbandistrict.com\\\/#\\\/schema\\\/person\\\/980a2cf34b399d5218205730acd54a7e\"},\"headline\":\"El \u00e9xito del Off Llum Bcn es todo vuestro\",\"datePublished\":\"2022-02-09T16:01:27+00:00\",\"dateModified\":\"2022-02-10T12:43:08+00:00\",\"mainEntityOfPage\":{\"@id\":\"https:\\\/\\\/poblenouurbandistrict.com\\\/lexit-de-loff-llum-bcn-es-tot-vostre\\\/\"},\"wordCount\":668,\"image\":{\"@id\":\"https:\\\/\\\/poblenouurbandistrict.com\\\/lexit-de-loff-llum-bcn-es-tot-vostre\\\/#primaryimage\"},\"thumbnailUrl\":\"https:\\\/\\\/media.poblenouurbandistrict.com\\\/2022\\\/02\\\/25044608\\\/cua-off-llum.jpg\",\"articleSection\":[\"Off Llum BCN\",\"Poblenou Urban District\"],\"inLanguage\":\"es\"},{\"@type\":\"WebPage\",\"@id\":\"https:\\\/\\\/poblenouurbandistrict.com\\\/es\\\/lexit-de-loff-llum-bcn-es-tot-vostre\\\/\",\"url\":\"https:\\\/\\\/poblenouurbandistrict.com\\\/es\\\/lexit-de-loff-llum-bcn-es-tot-vostre\\\/\",\"name\":\"El \u00e9xito del Off Llum Bcn es todo vuestro &#8211; Poblenou Urban District\",\"isPartOf\":{\"@id\":\"https:\\\/\\\/poblenouurbandistrict.com\\\/es\\\/#website\"},\"primaryImageOfPage\":{\"@id\":\"https:\\\/\\\/poblenouurbandistrict.com\\\/es\\\/lexit-de-loff-llum-bcn-es-tot-vostre\\\/#primaryimage\"},\"image\":{\"@id\":\"https:\\\/\\\/poblenouurbandistrict.com\\\/lexit-de-loff-llum-bcn-es-tot-vostre\\\/#primaryimage\"},\"thumbnailUrl\":\"https:\\\/\\\/media.poblenouurbandistrict.com\\\/2022\\\/02\\\/25044608\\\/cua-off-llum.jpg\",\"datePublished\":\"2022-02-09T16:01:27+00:00\",\"dateModified\":\"2022-02-10T12:43:08+00:00\",\"author\":{\"@id\":\"https:\\\/\\\/poblenouurbandistrict.com\\\/#\\\/schema\\\/person\\\/980a2cf34b399d5218205730acd54a7e\"},\"breadcrumb\":{\"@id\":\"https:\\\/\\\/poblenouurbandistrict.com\\\/es\\\/lexit-de-loff-llum-bcn-es-tot-vostre\\\/#breadcrumb\"},\"inLanguage\":\"es\",\"potentialAction\":[{\"@type\":\"ReadAction\",\"target\":[[\"https:\\\/\\\/poblenouurbandistrict.com\\\/es\\\/lexit-de-loff-llum-bcn-es-tot-vostre\\\/\"]]}]},{\"@type\":\"ImageObject\",\"inLanguage\":\"es\",\"@id\":\"https:\\\/\\\/poblenouurbandistrict.com\\\/es\\\/lexit-de-loff-llum-bcn-es-tot-vostre\\\/#primaryimage\",\"url\":\"https:\\\/\\\/media.poblenouurbandistrict.com\\\/2022\\\/02\\\/25044608\\\/cua-off-llum.jpg\",\"contentUrl\":\"https:\\\/\\\/media.poblenouurbandistrict.com\\\/2022\\\/02\\\/25044608\\\/cua-off-llum.jpg\",\"width\":1500,\"height\":1000},{\"@type\":\"BreadcrumbList\",\"@id\":\"https:\\\/\\\/poblenouurbandistrict.com\\\/es\\\/lexit-de-loff-llum-bcn-es-tot-vostre\\\/#breadcrumb\",\"itemListElement\":[{\"@type\":\"ListItem\",\"position\":1,\"name\":\"Home\",\"item\":\"https:\\\/\\\/poblenouurbandistrict.com\\\/es\\\/\"},{\"@type\":\"ListItem\",\"position\":2,\"name\":\"L&#8217;\u00e8xit de l&#8217;Off Llum Bcn \u00e9s tot vostre\"}]},{\"@type\":\"WebSite\",\"@id\":\"https:\\\/\\\/poblenouurbandistrict.com\\\/es\\\/#website\",\"url\":\"https:\\\/\\\/poblenouurbandistrict.com\\\/es\\\/\",\"name\":\"Poblenou Urban District\",\"description\":\"Comunidad Creativa\",\"potentialAction\":[{\"@type\":\"SearchAction\",\"target\":{\"@type\":\"EntryPoint\",\"urlTemplate\":\"https:\\\/\\\/poblenouurbandistrict.com\\\/es\\\/?s={search_term_string}\"},\"query-input\":{\"@type\":\"PropertyValueSpecification\",\"valueRequired\":true,\"valueName\":\"search_term_string\"}}],\"inLanguage\":\"es\"},{\"@type\":\"Person\",\"@id\":\"https:\\\/\\\/poblenouurbandistrict.com\\\/#\\\/schema\\\/person\\\/980a2cf34b399d5218205730acd54a7e\",\"name\":\"pnud\",\"image\":{\"@type\":\"ImageObject\",\"inLanguage\":\"es\",\"@id\":\"https:\\\/\\\/secure.gravatar.com\\\/avatar\\\/67146597b405ee077a24e519f75c3e2031736596d6ce35af3a34c122c93d0d7b?s=96&d=retro&r=g\",\"url\":\"https:\\\/\\\/secure.gravatar.com\\\/avatar\\\/67146597b405ee077a24e519f75c3e2031736596d6ce35af3a34c122c93d0d7b?s=96&d=retro&r=g\",\"contentUrl\":\"https:\\\/\\\/secure.gravatar.com\\\/avatar\\\/67146597b405ee077a24e519f75c3e2031736596d6ce35af3a34c122c93d0d7b?s=96&d=retro&r=g\",\"caption\":\"pnud\"}}]}<\/script>\n<!-- \/ Yoast SEO plugin. -->","yoast_head_json":{"title":"El \u00e9xito del Off Llum Bcn es todo vuestro &#8211; Poblenou Urban District","robots":{"index":"index","follow":"follow","max-snippet":"max-snippet:-1","max-image-preview":"max-image-preview:large","max-video-preview":"max-video-preview:-1"},"canonical":"https:\/\/poblenouurbandistrict.com\/es\/lexit-de-loff-llum-bcn-es-tot-vostre\/","og_locale":"es_ES","og_type":"article","og_title":"El \u00e9xito del Off Llum Bcn es todo vuestro &#8211; Poblenou Urban District","og_description":"La tercera edici\u00f3n del Off\u00a0Llum\u00a0Bcn ha sido todo un \u00e9xito en muchos sentidos. La reapertura de espacios, la desaparici\u00f3n de... M\u00e1s \u2192","og_url":"https:\/\/poblenouurbandistrict.com\/es\/lexit-de-loff-llum-bcn-es-tot-vostre\/","og_site_name":"Poblenou Urban District","article_published_time":"2022-02-09T16:01:27+00:00","article_modified_time":"2022-02-10T12:43:08+00:00","og_image":[{"width":640,"height":427,"url":"https:\/\/poblenouurbandistrict.com\/wp-content\/uploads\/2022\/02\/cua-off-llum-640x427.png","type":"image\/png"}],"author":"pnud","twitter_card":"summary_large_image","twitter_misc":{"Escrito por":"pnud","Tiempo de lectura":"2 minutos"},"schema":{"@context":"https:\/\/schema.org","@graph":[{"@type":"Article","@id":"https:\/\/poblenouurbandistrict.com\/lexit-de-loff-llum-bcn-es-tot-vostre\/#article","isPartOf":{"@id":"https:\/\/poblenouurbandistrict.com\/lexit-de-loff-llum-bcn-es-tot-vostre\/"},"author":{"name":"pnud","@id":"https:\/\/poblenouurbandistrict.com\/#\/schema\/person\/980a2cf34b399d5218205730acd54a7e"},"headline":"El \u00e9xito del Off Llum Bcn es todo vuestro","datePublished":"2022-02-09T16:01:27+00:00","dateModified":"2022-02-10T12:43:08+00:00","mainEntityOfPage":{"@id":"https:\/\/poblenouurbandistrict.com\/lexit-de-loff-llum-bcn-es-tot-vostre\/"},"wordCount":668,"image":{"@id":"https:\/\/poblenouurbandistrict.com\/lexit-de-loff-llum-bcn-es-tot-vostre\/#primaryimage"},"thumbnailUrl":"https:\/\/media.poblenouurbandistrict.com\/2022\/02\/25044608\/cua-off-llum.jpg","articleSection":["Off Llum BCN","Poblenou Urban District"],"inLanguage":"es"},{"@type":"WebPage","@id":"https:\/\/poblenouurbandistrict.com\/es\/lexit-de-loff-llum-bcn-es-tot-vostre\/","url":"https:\/\/poblenouurbandistrict.com\/es\/lexit-de-loff-llum-bcn-es-tot-vostre\/","name":"El \u00e9xito del Off Llum Bcn es todo vuestro &#8211; Poblenou Urban District","isPartOf":{"@id":"https:\/\/poblenouurbandistrict.com\/es\/#website"},"primaryImageOfPage":{"@id":"https:\/\/poblenouurbandistrict.com\/es\/lexit-de-loff-llum-bcn-es-tot-vostre\/#primaryimage"},"image":{"@id":"https:\/\/poblenouurbandistrict.com\/lexit-de-loff-llum-bcn-es-tot-vostre\/#primaryimage"},"thumbnailUrl":"https:\/\/media.poblenouurbandistrict.com\/2022\/02\/25044608\/cua-off-llum.jpg","datePublished":"2022-02-09T16:01:27+00:00","dateModified":"2022-02-10T12:43:08+00:00","author":{"@id":"https:\/\/poblenouurbandistrict.com\/#\/schema\/person\/980a2cf34b399d5218205730acd54a7e"},"breadcrumb":{"@id":"https:\/\/poblenouurbandistrict.com\/es\/lexit-de-loff-llum-bcn-es-tot-vostre\/#breadcrumb"},"inLanguage":"es","potentialAction":[{"@type":"ReadAction","target":[["https:\/\/poblenouurbandistrict.com\/es\/lexit-de-loff-llum-bcn-es-tot-vostre\/"]]}]},{"@type":"ImageObject","inLanguage":"es","@id":"https:\/\/poblenouurbandistrict.com\/es\/lexit-de-loff-llum-bcn-es-tot-vostre\/#primaryimage","url":"https:\/\/media.poblenouurbandistrict.com\/2022\/02\/25044608\/cua-off-llum.jpg","contentUrl":"https:\/\/media.poblenouurbandistrict.com\/2022\/02\/25044608\/cua-off-llum.jpg","width":1500,"height":1000},{"@type":"BreadcrumbList","@id":"https:\/\/poblenouurbandistrict.com\/es\/lexit-de-loff-llum-bcn-es-tot-vostre\/#breadcrumb","itemListElement":[{"@type":"ListItem","position":1,"name":"Home","item":"https:\/\/poblenouurbandistrict.com\/es\/"},{"@type":"ListItem","position":2,"name":"L&#8217;\u00e8xit de l&#8217;Off Llum Bcn \u00e9s tot vostre"}]},{"@type":"WebSite","@id":"https:\/\/poblenouurbandistrict.com\/es\/#website","url":"https:\/\/poblenouurbandistrict.com\/es\/","name":"Poblenou Urban District","description":"Comunidad Creativa","potentialAction":[{"@type":"SearchAction","target":{"@type":"EntryPoint","urlTemplate":"https:\/\/poblenouurbandistrict.com\/es\/?s={search_term_string}"},"query-input":{"@type":"PropertyValueSpecification","valueRequired":true,"valueName":"search_term_string"}}],"inLanguage":"es"},{"@type":"Person","@id":"https:\/\/poblenouurbandistrict.com\/#\/schema\/person\/980a2cf34b399d5218205730acd54a7e","name":"pnud","image":{"@type":"ImageObject","inLanguage":"es","@id":"https:\/\/secure.gravatar.com\/avatar\/67146597b405ee077a24e519f75c3e2031736596d6ce35af3a34c122c93d0d7b?s=96&d=retro&r=g","url":"https:\/\/secure.gravatar.com\/avatar\/67146597b405ee077a24e519f75c3e2031736596d6ce35af3a34c122c93d0d7b?s=96&d=retro&r=g","contentUrl":"https:\/\/secure.gravatar.com\/avatar\/67146597b405ee077a24e519f75c3e2031736596d6ce35af3a34c122c93d0d7b?s=96&d=retro&r=g","caption":"pnud"}}]}},"_links":{"self":[{"href":"https:\/\/poblenouurbandistrict.com\/es\/wp-json\/wp\/v2\/posts\/26079","targetHints":{"allow":["GET"]}}],"collection":[{"href":"https:\/\/poblenouurbandistrict.com\/es\/wp-json\/wp\/v2\/posts"}],"about":[{"href":"https:\/\/poblenouurbandistrict.com\/es\/wp-json\/wp\/v2\/types\/post"}],"author":[{"embeddable":true,"href":"https:\/\/poblenouurbandistrict.com\/es\/wp-json\/wp\/v2\/users\/5"}],"replies":[{"embeddable":true,"href":"https:\/\/poblenouurbandistrict.com\/es\/wp-json\/wp\/v2\/comments?post=26079"}],"version-history":[{"count":8,"href":"https:\/\/poblenouurbandistrict.com\/es\/wp-json\/wp\/v2\/posts\/26079\/revisions"}],"predecessor-version":[{"id":26254,"href":"https:\/\/poblenouurbandistrict.com\/es\/wp-json\/wp\/v2\/posts\/26079\/revisions\/26254"}],"wp:featuredmedia":[{"embeddable":true,"href":"https:\/\/poblenouurbandistrict.com\/es\/wp-json\/wp\/v2\/media\/26116"}],"wp:attachment":[{"href":"https:\/\/poblenouurbandistrict.com\/es\/wp-json\/wp\/v2\/media?parent=26079"}],"wp:term":[{"taxonomy":"category","embeddable":true,"href":"https:\/\/poblenouurbandistrict.com\/es\/wp-json\/wp\/v2\/categories?post=26079"},{"taxonomy":"post_tag","embeddable":true,"href":"https:\/\/poblenouurbandistrict.com\/es\/wp-json\/wp\/v2\/tags?post=26079"}],"curies":[{"name":"wp","href":"https:\/\/api.w.org\/{rel}","templated":true}]}}