{"id":26479,"date":"2022-02-22T11:10:57","date_gmt":"2022-02-22T10:10:57","guid":{"rendered":"https:\/\/poblenouurbandistrict.com\/?p=26479"},"modified":"2022-02-24T10:17:51","modified_gmt":"2022-02-24T09:17:51","slug":"ultims-diess-per-aplicar-al-programa-de-beques-del-iaac-per-lany-academic-2022-23","status":"publish","type":"post","link":"https:\/\/poblenouurbandistrict.com\/es\/ultims-diess-per-aplicar-al-programa-de-beques-del-iaac-per-lany-academic-2022-23\/","title":{"rendered":"\u00daltimos d\u00edas para aplicar al Programa de Becas del IAAC para el A\u00f1o Acad\u00e9mico 2022-23"},"content":{"rendered":"<p><\/p>\n<h3 style=\"text-align: center;\">El Instituto de Arquitectura Avanzada de Catalu\u00f1a (IAAC) ofrece becas a individuos brillantes cuyos proyectos aborden los desaf\u00edos de un mundo cambiante en 2022.<\/h3>\n<p><span style=\"color: #000000;\"><strong><a style=\"color: #000000;\" href=\"https:\/\/iaac.net\/iaac\/about\/#theinstitute\" target=\"_blank\" rel=\"noopener\">El Instituto de Arquitectura Avanzada de Catalu\u00f1a (IAAC)<\/a> <\/strong><\/span>es un centro de investigaci\u00f3n, formaci\u00f3n, producci\u00f3n y divulgaci\u00f3n, con la misi\u00f3n de imaginar el futuro h\u00e1bitat de nuestra sociedad y construirlo en el presente.<br \/>\nIAAC sigue la revoluci\u00f3n digital en todas las escalas para expandir los l\u00edmites de la arquitectura y del dise\u00f1o y encarar los desaf\u00edos que enfrenta la humanidad. Este centro experimental y experiencial ofrece una multitud de programas, desde M\u00e1steres hasta Posgrados, tanto presenciales como online.<\/p>\n<p>Para llevar a cabo esta misi\u00f3n, el IAAC se organiza en cuatro departamentos: el <span style=\"color: #000000;\"><strong><a style=\"color: #000000;\" href=\"https:\/\/iaac.net\/research-departments\/advanced-architecture-group\/#ep\" target=\"_blank\" rel=\"noopener\">Grupo de Arquitectura Avanzada<\/a><\/strong><\/span>, el <span style=\"color: #000000;\"><strong><a style=\"color: #000000;\" href=\"https:\/\/iaac.net\/research-departments\/fab-lab-barcelona\/#ep\" target=\"_blank\" rel=\"noopener\">Fab Lab Barcelona<\/a><\/strong><\/span>, \u200b\u200bel <span style=\"color: #000000;\"><strong><a style=\"color: #000000;\" href=\"https:\/\/iaac.net\/research-departments\/urban-sciences-lab\/\" target=\"_blank\" rel=\"noopener\">Laboratorio de Ciencias Urbanas<\/a><\/strong><\/span> y los<span style=\"color: #000000;\"><strong> <a style=\"color: #000000;\" href=\"https:\/\/iaac.net\/research-departments\/valldaura-self-sufficient-labs\/#ep\" target=\"_blank\" rel=\"noopener\">Laboratorios Autosuficientes de Valldaura<\/a>,<\/strong> <\/span>cada uno llevando a cabo su propio programa educativo en un campo espec\u00edfico.<\/p>\n<p>Para el <strong>Concurso de Becas del A\u00f1o Acad\u00e9mico 2022-23<\/strong>, cada programa educativo invita al estudiante a presentar un proyecto que d\u00e9 respuesta a algunos de los<strong> desaf\u00edos globales actuales:<\/strong> Crisis Clim\u00e1tica, Gesti\u00f3n de Datos, etc.<br \/>\nVe toda la informaci\u00f3n detallada sobre los requisitos de cada programa <strong><span style=\"color: #000000;\"><a style=\"color: #000000;\" href=\"https:\/\/iaac.net\/scholarships-2022-2023\/?utm_source=Academic+Programmes+-+GDPR&amp;utm_campaign=e35d181db2-EMAIL_CAMPAIGN_2019_03_04_04_47_COPY_01&amp;utm_medium=email&amp;utm_term=0_8a1e590bcc-e35d181db2-218377633&amp;mc_cid=e35d181db2&amp;mc_eid=8785628dcc\" target=\"_blank\" rel=\"noopener\">aqu\u00ed.<\/a><\/span><\/strong><\/p>\n<p>El <strong>Programa de Becas del IAAC<\/strong> brinda a tres solicitantes la posibilidad de ganar cualquiera de las tres becas parciales que cubren el 50%, 30% o 20% de la matr\u00edcula del primer a\u00f1o de cualquier programa educativo.<\/p>\n<p>La fecha l\u00edmite para la presentaci\u00f3n de proyectos es el <strong>25 de febrero<\/strong> de 2022 y, en las pr\u00f3ximas semanas, se anunciar\u00e1n los ganadores de las becas.<\/p>\n<p>Solicitudes <span style=\"color: #000000;\"><strong><a style=\"color: #000000;\" href=\"https:\/\/iaac.net\/scholarships-2022-2023\/?utm_source=Academic+Programmes+-+GDPR&amp;utm_campaign=e35d181db2-EMAIL_CAMPAIGN_2019_03_04_04_47_COPY_01&amp;utm_medium=email&amp;utm_term=0_8a1e590bcc-e35d181db2-218377633&amp;mc_cid=e35d181db2&amp;mc_eid=8785628dcc\" target=\"_blank\" rel=\"noopener\">aqu\u00ed.<\/a><\/strong><\/span><\/p>","protected":false},"excerpt":{"rendered":"<p>El Instituto de Arquitectura Avanzada de Catalu\u00f1a (IAAC) ofrece becas a individuos brillantes cuyos proyectos aborden los desaf\u00edos de un&#8230; <a href=\"https:\/\/poblenouurbandistrict.com\/es\/ultims-diess-per-aplicar-al-programa-de-beques-del-iaac-per-lany-academic-2022-23\/\">M\u00e1s  \u2192<\/a><\/p>\n","protected":false},"author":5,"featured_media":26480,"comment_status":"closed","ping_status":"closed","sticky":false,"template":"","format":"standard","meta":{"_acf_changed":false,"footnotes":""},"categories":[3501,3364,1],"tags":[],"class_list":["post-26479","post","type-post","status-publish","format-standard","has-post-thumbnail","hentry","category-disseny","category-poblenou-urban-district","category-noticias"],"acf":[],"yoast_head":"<!-- This site is optimized with the Yoast SEO plugin v27.5 - https:\/\/yoast.com\/product\/yoast-seo-wordpress\/ -->\n<title>Programa de Becas del IAAC | A\u00f1o Acad\u00e9mico 2022-23<\/title>\n<meta name=\"description\" content=\"El IAAC ofrece becas a individuos brillantes cuyos proyectos aborden los desaf\u00edos de un mundo cambiante en 2022.\" \/>\n<meta name=\"robots\" content=\"index, follow, max-snippet:-1, max-image-preview:large, max-video-preview:-1\" \/>\n<link rel=\"canonical\" href=\"https:\/\/poblenouurbandistrict.com\/es\/ultims-diess-per-aplicar-al-programa-de-beques-del-iaac-per-lany-academic-2022-23\/\" \/>\n<meta property=\"og:locale\" content=\"es_ES\" \/>\n<meta property=\"og:type\" content=\"article\" \/>\n<meta property=\"og:title\" content=\"Programa de Becas del IAAC | A\u00f1o Acad\u00e9mico 2022-23\" \/>\n<meta property=\"og:description\" content=\"El IAAC ofrece becas a individuos brillantes cuyos proyectos aborden los desaf\u00edos de un mundo cambiante en 2022.\" \/>\n<meta property=\"og:url\" content=\"https:\/\/poblenouurbandistrict.com\/es\/ultims-diess-per-aplicar-al-programa-de-beques-del-iaac-per-lany-academic-2022-23\/\" \/>\n<meta property=\"og:site_name\" content=\"Poblenou Urban District\" \/>\n<meta property=\"article:published_time\" content=\"2022-02-22T10:10:57+00:00\" \/>\n<meta property=\"article:modified_time\" content=\"2022-02-24T09:17:51+00:00\" \/>\n<meta property=\"og:image\" content=\"https:\/\/poblenouurbandistrict.com\/wp-content\/uploads\/2022\/02\/1-7-640x427.png\" \/>\n\t<meta property=\"og:image:width\" content=\"640\" \/>\n\t<meta property=\"og:image:height\" content=\"427\" \/>\n\t<meta property=\"og:image:type\" content=\"image\/png\" \/>\n<meta name=\"author\" content=\"pnud\" \/>\n<meta name=\"twitter:card\" content=\"summary_large_image\" \/>\n<meta name=\"twitter:label1\" content=\"Escrito por\" \/>\n\t<meta name=\"twitter:data1\" content=\"pnud\" \/>\n\t<meta name=\"twitter:label2\" content=\"Tiempo de lectura\" \/>\n\t<meta name=\"twitter:data2\" content=\"2 minutos\" \/>\n<script type=\"application\/ld+json\" class=\"yoast-schema-graph\">{\"@context\":\"https:\\\/\\\/schema.org\",\"@graph\":[{\"@type\":\"Article\",\"@id\":\"https:\\\/\\\/poblenouurbandistrict.com\\\/ultims-diess-per-aplicar-al-programa-de-beques-del-iaac-per-lany-academic-2022-23\\\/#article\",\"isPartOf\":{\"@id\":\"https:\\\/\\\/poblenouurbandistrict.com\\\/ultims-diess-per-aplicar-al-programa-de-beques-del-iaac-per-lany-academic-2022-23\\\/\"},\"author\":{\"name\":\"pnud\",\"@id\":\"https:\\\/\\\/poblenouurbandistrict.com\\\/#\\\/schema\\\/person\\\/980a2cf34b399d5218205730acd54a7e\"},\"headline\":\"\u00daltimos d\u00edas para aplicar al Programa de Becas del IAAC para el A\u00f1o Acad\u00e9mico 2022-23\",\"datePublished\":\"2022-02-22T10:10:57+00:00\",\"dateModified\":\"2022-02-24T09:17:51+00:00\",\"mainEntityOfPage\":{\"@id\":\"https:\\\/\\\/poblenouurbandistrict.com\\\/ultims-diess-per-aplicar-al-programa-de-beques-del-iaac-per-lany-academic-2022-23\\\/\"},\"wordCount\":864,\"image\":{\"@id\":\"https:\\\/\\\/poblenouurbandistrict.com\\\/ultims-diess-per-aplicar-al-programa-de-beques-del-iaac-per-lany-academic-2022-23\\\/#primaryimage\"},\"thumbnailUrl\":\"https:\\\/\\\/poblenouurbandistrict.com\\\/wp-content\\\/uploads\\\/2022\\\/02\\\/1-7.jpg\",\"articleSection\":[\"Disseny\",\"Poblenou Urban District\",\"Est\u00e1 pasando\"],\"inLanguage\":\"es\"},{\"@type\":\"WebPage\",\"@id\":\"https:\\\/\\\/poblenouurbandistrict.com\\\/es\\\/ultims-diess-per-aplicar-al-programa-de-beques-del-iaac-per-lany-academic-2022-23\\\/\",\"url\":\"https:\\\/\\\/poblenouurbandistrict.com\\\/es\\\/ultims-diess-per-aplicar-al-programa-de-beques-del-iaac-per-lany-academic-2022-23\\\/\",\"name\":\"Programa de Becas del IAAC | A\u00f1o Acad\u00e9mico 2022-23\",\"isPartOf\":{\"@id\":\"https:\\\/\\\/poblenouurbandistrict.com\\\/es\\\/#website\"},\"primaryImageOfPage\":{\"@id\":\"https:\\\/\\\/poblenouurbandistrict.com\\\/es\\\/ultims-diess-per-aplicar-al-programa-de-beques-del-iaac-per-lany-academic-2022-23\\\/#primaryimage\"},\"image\":{\"@id\":\"https:\\\/\\\/poblenouurbandistrict.com\\\/ultims-diess-per-aplicar-al-programa-de-beques-del-iaac-per-lany-academic-2022-23\\\/#primaryimage\"},\"thumbnailUrl\":\"https:\\\/\\\/poblenouurbandistrict.com\\\/wp-content\\\/uploads\\\/2022\\\/02\\\/1-7.jpg\",\"datePublished\":\"2022-02-22T10:10:57+00:00\",\"dateModified\":\"2022-02-24T09:17:51+00:00\",\"author\":{\"@id\":\"https:\\\/\\\/poblenouurbandistrict.com\\\/#\\\/schema\\\/person\\\/980a2cf34b399d5218205730acd54a7e\"},\"description\":\"El IAAC ofrece becas a individuos brillantes cuyos proyectos aborden los desaf\u00edos de un mundo cambiante en 2022.\",\"breadcrumb\":{\"@id\":\"https:\\\/\\\/poblenouurbandistrict.com\\\/es\\\/ultims-diess-per-aplicar-al-programa-de-beques-del-iaac-per-lany-academic-2022-23\\\/#breadcrumb\"},\"inLanguage\":\"es\",\"potentialAction\":[{\"@type\":\"ReadAction\",\"target\":[[\"https:\\\/\\\/poblenouurbandistrict.com\\\/es\\\/ultims-diess-per-aplicar-al-programa-de-beques-del-iaac-per-lany-academic-2022-23\\\/\"]]}]},{\"@type\":\"ImageObject\",\"inLanguage\":\"es\",\"@id\":\"https:\\\/\\\/poblenouurbandistrict.com\\\/es\\\/ultims-diess-per-aplicar-al-programa-de-beques-del-iaac-per-lany-academic-2022-23\\\/#primaryimage\",\"url\":\"https:\\\/\\\/poblenouurbandistrict.com\\\/wp-content\\\/uploads\\\/2022\\\/02\\\/1-7.jpg\",\"contentUrl\":\"https:\\\/\\\/poblenouurbandistrict.com\\\/wp-content\\\/uploads\\\/2022\\\/02\\\/1-7.jpg\",\"width\":1500,\"height\":1000},{\"@type\":\"BreadcrumbList\",\"@id\":\"https:\\\/\\\/poblenouurbandistrict.com\\\/es\\\/ultims-diess-per-aplicar-al-programa-de-beques-del-iaac-per-lany-academic-2022-23\\\/#breadcrumb\",\"itemListElement\":[{\"@type\":\"ListItem\",\"position\":1,\"name\":\"Home\",\"item\":\"https:\\\/\\\/poblenouurbandistrict.com\\\/es\\\/\"},{\"@type\":\"ListItem\",\"position\":2,\"name\":\"\u00daltims dies per aplicar al Programa de Beques del IAAC per l&#8217;Any Acad\u00e8mic 2022-23\"}]},{\"@type\":\"WebSite\",\"@id\":\"https:\\\/\\\/poblenouurbandistrict.com\\\/es\\\/#website\",\"url\":\"https:\\\/\\\/poblenouurbandistrict.com\\\/es\\\/\",\"name\":\"Poblenou Urban District\",\"description\":\"Comunidad Creativa\",\"potentialAction\":[{\"@type\":\"SearchAction\",\"target\":{\"@type\":\"EntryPoint\",\"urlTemplate\":\"https:\\\/\\\/poblenouurbandistrict.com\\\/es\\\/?s={search_term_string}\"},\"query-input\":{\"@type\":\"PropertyValueSpecification\",\"valueRequired\":true,\"valueName\":\"search_term_string\"}}],\"inLanguage\":\"es\"},{\"@type\":\"Person\",\"@id\":\"https:\\\/\\\/poblenouurbandistrict.com\\\/#\\\/schema\\\/person\\\/980a2cf34b399d5218205730acd54a7e\",\"name\":\"pnud\",\"image\":{\"@type\":\"ImageObject\",\"inLanguage\":\"es\",\"@id\":\"https:\\\/\\\/secure.gravatar.com\\\/avatar\\\/67146597b405ee077a24e519f75c3e2031736596d6ce35af3a34c122c93d0d7b?s=96&d=retro&r=g\",\"url\":\"https:\\\/\\\/secure.gravatar.com\\\/avatar\\\/67146597b405ee077a24e519f75c3e2031736596d6ce35af3a34c122c93d0d7b?s=96&d=retro&r=g\",\"contentUrl\":\"https:\\\/\\\/secure.gravatar.com\\\/avatar\\\/67146597b405ee077a24e519f75c3e2031736596d6ce35af3a34c122c93d0d7b?s=96&d=retro&r=g\",\"caption\":\"pnud\"}}]}<\/script>\n<!-- \/ Yoast SEO plugin. -->","yoast_head_json":{"title":"Programa de Becas del IAAC | A\u00f1o Acad\u00e9mico 2022-23","description":"El IAAC ofrece becas a individuos brillantes cuyos proyectos aborden los desaf\u00edos de un mundo cambiante en 2022.","robots":{"index":"index","follow":"follow","max-snippet":"max-snippet:-1","max-image-preview":"max-image-preview:large","max-video-preview":"max-video-preview:-1"},"canonical":"https:\/\/poblenouurbandistrict.com\/es\/ultims-diess-per-aplicar-al-programa-de-beques-del-iaac-per-lany-academic-2022-23\/","og_locale":"es_ES","og_type":"article","og_title":"Programa de Becas del IAAC | A\u00f1o Acad\u00e9mico 2022-23","og_description":"El IAAC ofrece becas a individuos brillantes cuyos proyectos aborden los desaf\u00edos de un mundo cambiante en 2022.","og_url":"https:\/\/poblenouurbandistrict.com\/es\/ultims-diess-per-aplicar-al-programa-de-beques-del-iaac-per-lany-academic-2022-23\/","og_site_name":"Poblenou Urban District","article_published_time":"2022-02-22T10:10:57+00:00","article_modified_time":"2022-02-24T09:17:51+00:00","og_image":[{"width":640,"height":427,"url":"https:\/\/poblenouurbandistrict.com\/wp-content\/uploads\/2022\/02\/1-7-640x427.png","type":"image\/png"}],"author":"pnud","twitter_card":"summary_large_image","twitter_misc":{"Escrito por":"pnud","Tiempo de lectura":"2 minutos"},"schema":{"@context":"https:\/\/schema.org","@graph":[{"@type":"Article","@id":"https:\/\/poblenouurbandistrict.com\/ultims-diess-per-aplicar-al-programa-de-beques-del-iaac-per-lany-academic-2022-23\/#article","isPartOf":{"@id":"https:\/\/poblenouurbandistrict.com\/ultims-diess-per-aplicar-al-programa-de-beques-del-iaac-per-lany-academic-2022-23\/"},"author":{"name":"pnud","@id":"https:\/\/poblenouurbandistrict.com\/#\/schema\/person\/980a2cf34b399d5218205730acd54a7e"},"headline":"\u00daltimos d\u00edas para aplicar al Programa de Becas del IAAC para el A\u00f1o Acad\u00e9mico 2022-23","datePublished":"2022-02-22T10:10:57+00:00","dateModified":"2022-02-24T09:17:51+00:00","mainEntityOfPage":{"@id":"https:\/\/poblenouurbandistrict.com\/ultims-diess-per-aplicar-al-programa-de-beques-del-iaac-per-lany-academic-2022-23\/"},"wordCount":864,"image":{"@id":"https:\/\/poblenouurbandistrict.com\/ultims-diess-per-aplicar-al-programa-de-beques-del-iaac-per-lany-academic-2022-23\/#primaryimage"},"thumbnailUrl":"https:\/\/poblenouurbandistrict.com\/wp-content\/uploads\/2022\/02\/1-7.jpg","articleSection":["Disseny","Poblenou Urban District","Est\u00e1 pasando"],"inLanguage":"es"},{"@type":"WebPage","@id":"https:\/\/poblenouurbandistrict.com\/es\/ultims-diess-per-aplicar-al-programa-de-beques-del-iaac-per-lany-academic-2022-23\/","url":"https:\/\/poblenouurbandistrict.com\/es\/ultims-diess-per-aplicar-al-programa-de-beques-del-iaac-per-lany-academic-2022-23\/","name":"Programa de Becas del IAAC | A\u00f1o Acad\u00e9mico 2022-23","isPartOf":{"@id":"https:\/\/poblenouurbandistrict.com\/es\/#website"},"primaryImageOfPage":{"@id":"https:\/\/poblenouurbandistrict.com\/es\/ultims-diess-per-aplicar-al-programa-de-beques-del-iaac-per-lany-academic-2022-23\/#primaryimage"},"image":{"@id":"https:\/\/poblenouurbandistrict.com\/ultims-diess-per-aplicar-al-programa-de-beques-del-iaac-per-lany-academic-2022-23\/#primaryimage"},"thumbnailUrl":"https:\/\/poblenouurbandistrict.com\/wp-content\/uploads\/2022\/02\/1-7.jpg","datePublished":"2022-02-22T10:10:57+00:00","dateModified":"2022-02-24T09:17:51+00:00","author":{"@id":"https:\/\/poblenouurbandistrict.com\/#\/schema\/person\/980a2cf34b399d5218205730acd54a7e"},"description":"El IAAC ofrece becas a individuos brillantes cuyos proyectos aborden los desaf\u00edos de un mundo cambiante en 2022.","breadcrumb":{"@id":"https:\/\/poblenouurbandistrict.com\/es\/ultims-diess-per-aplicar-al-programa-de-beques-del-iaac-per-lany-academic-2022-23\/#breadcrumb"},"inLanguage":"es","potentialAction":[{"@type":"ReadAction","target":[["https:\/\/poblenouurbandistrict.com\/es\/ultims-diess-per-aplicar-al-programa-de-beques-del-iaac-per-lany-academic-2022-23\/"]]}]},{"@type":"ImageObject","inLanguage":"es","@id":"https:\/\/poblenouurbandistrict.com\/es\/ultims-diess-per-aplicar-al-programa-de-beques-del-iaac-per-lany-academic-2022-23\/#primaryimage","url":"https:\/\/poblenouurbandistrict.com\/wp-content\/uploads\/2022\/02\/1-7.jpg","contentUrl":"https:\/\/poblenouurbandistrict.com\/wp-content\/uploads\/2022\/02\/1-7.jpg","width":1500,"height":1000},{"@type":"BreadcrumbList","@id":"https:\/\/poblenouurbandistrict.com\/es\/ultims-diess-per-aplicar-al-programa-de-beques-del-iaac-per-lany-academic-2022-23\/#breadcrumb","itemListElement":[{"@type":"ListItem","position":1,"name":"Home","item":"https:\/\/poblenouurbandistrict.com\/es\/"},{"@type":"ListItem","position":2,"name":"\u00daltims dies per aplicar al Programa de Beques del IAAC per l&#8217;Any Acad\u00e8mic 2022-23"}]},{"@type":"WebSite","@id":"https:\/\/poblenouurbandistrict.com\/es\/#website","url":"https:\/\/poblenouurbandistrict.com\/es\/","name":"Poblenou Urban District","description":"Comunidad Creativa","potentialAction":[{"@type":"SearchAction","target":{"@type":"EntryPoint","urlTemplate":"https:\/\/poblenouurbandistrict.com\/es\/?s={search_term_string}"},"query-input":{"@type":"PropertyValueSpecification","valueRequired":true,"valueName":"search_term_string"}}],"inLanguage":"es"},{"@type":"Person","@id":"https:\/\/poblenouurbandistrict.com\/#\/schema\/person\/980a2cf34b399d5218205730acd54a7e","name":"pnud","image":{"@type":"ImageObject","inLanguage":"es","@id":"https:\/\/secure.gravatar.com\/avatar\/67146597b405ee077a24e519f75c3e2031736596d6ce35af3a34c122c93d0d7b?s=96&d=retro&r=g","url":"https:\/\/secure.gravatar.com\/avatar\/67146597b405ee077a24e519f75c3e2031736596d6ce35af3a34c122c93d0d7b?s=96&d=retro&r=g","contentUrl":"https:\/\/secure.gravatar.com\/avatar\/67146597b405ee077a24e519f75c3e2031736596d6ce35af3a34c122c93d0d7b?s=96&d=retro&r=g","caption":"pnud"}}]}},"_links":{"self":[{"href":"https:\/\/poblenouurbandistrict.com\/es\/wp-json\/wp\/v2\/posts\/26479","targetHints":{"allow":["GET"]}}],"collection":[{"href":"https:\/\/poblenouurbandistrict.com\/es\/wp-json\/wp\/v2\/posts"}],"about":[{"href":"https:\/\/poblenouurbandistrict.com\/es\/wp-json\/wp\/v2\/types\/post"}],"author":[{"embeddable":true,"href":"https:\/\/poblenouurbandistrict.com\/es\/wp-json\/wp\/v2\/users\/5"}],"replies":[{"embeddable":true,"href":"https:\/\/poblenouurbandistrict.com\/es\/wp-json\/wp\/v2\/comments?post=26479"}],"version-history":[{"count":3,"href":"https:\/\/poblenouurbandistrict.com\/es\/wp-json\/wp\/v2\/posts\/26479\/revisions"}],"predecessor-version":[{"id":26554,"href":"https:\/\/poblenouurbandistrict.com\/es\/wp-json\/wp\/v2\/posts\/26479\/revisions\/26554"}],"wp:featuredmedia":[{"embeddable":true,"href":"https:\/\/poblenouurbandistrict.com\/es\/wp-json\/wp\/v2\/media\/26480"}],"wp:attachment":[{"href":"https:\/\/poblenouurbandistrict.com\/es\/wp-json\/wp\/v2\/media?parent=26479"}],"wp:term":[{"taxonomy":"category","embeddable":true,"href":"https:\/\/poblenouurbandistrict.com\/es\/wp-json\/wp\/v2\/categories?post=26479"},{"taxonomy":"post_tag","embeddable":true,"href":"https:\/\/poblenouurbandistrict.com\/es\/wp-json\/wp\/v2\/tags?post=26479"}],"curies":[{"name":"wp","href":"https:\/\/api.w.org\/{rel}","templated":true}]}}