{"id":29312,"date":"2022-05-02T10:34:13","date_gmt":"2022-05-02T08:34:13","guid":{"rendered":"https:\/\/poblenouurbandistrict.com\/?p=29312"},"modified":"2022-05-04T10:31:50","modified_gmt":"2022-05-04T08:31:50","slug":"tots-els-tallers-xerrades-i-activitats-de-lleure-del-poblenou-open-day","status":"publish","type":"post","link":"https:\/\/poblenouurbandistrict.com\/es\/tots-els-tallers-xerrades-i-activitats-de-lleure-del-poblenou-open-day\/","title":{"rendered":"Todos los talleres, las charlas y las actividades de ocio del Poblenou Open Day"},"content":{"rendered":"<p><span style=\"color: #000000;\">Vuelve el <strong><a style=\"color: #000000;\" href=\"https:\/\/poblenouurbandistrict.com\/es\/open-day\/\" target=\"_blank\" rel=\"noopener\">Poblenou Open Day<\/a><\/strong> para una d\u00e9cima edici\u00f3n el pr\u00f3ximo 7 de mayo y, como cada a\u00f1o, el p\u00fablico podr\u00e1 gozar de talleres, charlas y actividades de ocio para nutrir su mente y aprender de manera l\u00fadica. A continuaci\u00f3n os contamos todo.\u00a0<\/span><\/p>\n<p>&nbsp;<\/p>\n<h1>El Solar<\/h1>\n<p>En \u201c<strong>El Solar<\/strong>\u201d habr\u00e1 intervenciones murales de diferentes artistas seleccionados en la convocatoria del <span style=\"color: #333333;\"><span style=\"font-weight: 400;\"><strong><a style=\"color: #333333;\" href=\"https:\/\/poblenouurbandistrict.com\/es\/windows-art-circuit\/\" target=\"_blank\" rel=\"noopener\">Windows Art Circuit \/ WAC<\/a><\/strong><\/span><\/span>, experimentando y probando nuevas t\u00e9cnicas y materiales. Toda esta propuesta mural convivir\u00e1 con sesiones de Dj\u2019s, teatro, <strong>talleres\u00a0stencil<\/strong>, realidad aumentada, gastronom\u00eda, venta de arte emergente, creando un evento interdisciplinario en uno de los solares m\u00e1s emblem\u00e1ticos de Poblenou.<\/p>\n<p>Horario: 12h &#8211; 20h<\/p>\n<p>Direcci\u00f3n: Pujades, 64-66<\/p>\n<p>&nbsp;<\/p>\n<h1><span style=\"color: #000000;\"><b>BAU x David Ruiz <\/b><\/span>y Giles Poley<\/h1>\n<p>En <span style=\"font-weight: 400; color: #000000;\"><strong><a style=\"color: #000000;\" href=\"https:\/\/www.baued.es\/\" target=\"_blank\" rel=\"noopener\">BAU<\/a>\u00a0<\/strong>se organizar\u00e1n varias actividades adem\u00e1s de la exposici\u00f3n colectiva de los artistas que participan en la edici\u00f3n de este a\u00f1o del <strong><a style=\"color: #000000;\" href=\"https:\/\/poblenouurbandistrict.com\/es\/windows-art-circuit\/\" target=\"_blank\" rel=\"noopener\">Windows Art Circuit \/ WAC<\/a><\/strong> y tambi\u00e9n de ediciones anteriores.<\/span><\/p>\n<ul>\n<li>\n<h2>Taller de serigraf\u00eda<\/h2>\n<\/li>\n<\/ul>\n<p>Podr\u00e9is disfrutar en familia de los talleres de serigraf\u00eda dirigidos por Ramon Par\u00eds, todo un especialista en esta t\u00e9cnica de impresi\u00f3n con diferentes materiales.<\/p>\n<ul>\n<li>\n<h2>Charla de David Ruiz<\/h2>\n<\/li>\n<\/ul>\n<p>El dise\u00f1ador y miembro de la comunicad del Distrito Creativo <span style=\"font-weight: 400; color: #000000;\"><strong><a style=\"color: #000000;\" href=\"https:\/\/www.ruizcompany.com\/\" target=\"_blank\" rel=\"noopener\">David Ruiz<\/a><\/strong><\/span> dar\u00e1 una charla sobre la creatividad y nos presentar\u00e1 su libro \u00abirse.\u00bb.<\/p>\n<p>Aforo limitado<\/p>\n<p>Horario: 12h &#8211; 14h<\/p>\n<ul>\n<li>\n<h2>Charla: Introducci\u00f3n al Digital Canvas por Luzidlab<\/h2>\n<\/li>\n<\/ul>\n<div>Los cofundadores de Luzidlab, Mike van der Noordt y Giles Pooley, presentar\u00e1n el DIGITAL CANVAS , una plataforma de realidad aumentada que permite a los artistas crear arte digital de todo tipo\/escala y colocarlo en cualquier lugar de la ciudad.<\/div>\n<p>Horario: 17h &#8211; 18h<\/p>\n<p><span style=\"font-weight: 400; color: #000000;\">Direcci\u00f3n: Ciudad de Granada 34<\/span><\/p>\n<p>&nbsp;<\/p>\n<h1><span style=\"color: #000000;\"><b>Medio Design<\/b><\/span><\/h1>\n<p><span style=\"font-weight: 400; color: #000000;\">Adem\u00e1s de abrir sus puertas al p\u00fablico para exhibir tres exposiciones de proyectos en desarrollo, <strong><a style=\"color: #000000;\" href=\"https:\/\/www.mediodesign.com\/\" target=\"_blank\" rel=\"noopener\">Medio Design<\/a><\/strong> invita a arquitectos, interioristas, dise\u00f1adores, artistas y creativos a un encuentro personalizado de 15 minutos de duraci\u00f3n para buscar sinergias y explicar qui\u00e9nes son, qu\u00e9 hacen y c\u00f3mo pueden ayudar a crear proyectos extraordinarios.\u00a0<\/span><\/p>\n<p><span style=\"font-weight: 400; color: #000000;\">La entrada es gratuita y se necesita agendar una visita con antelaci\u00f3n.\u00a0<\/span><\/p>\n<p><span style=\"font-weight: 400; color: #000000;\">Horario: 12h &#8211; 19h<\/span><\/p>\n<p><span style=\"font-weight: 400; color: #000000;\">Direcci\u00f3n: Pallars 85-91, 5-2<\/span><\/p>\n<p><span style=\"color: #000000;\"><strong><a style=\"color: #000000;\" href=\"https:\/\/calendly.com\/mediodesign\/15minopenday\" target=\"_blank\" rel=\"noopener\">Agendar visita<\/a><\/strong><span style=\"font-weight: 400;\">\u00a0(actividad solo para p\u00fablico professional)<\/span><\/span><\/p>\n<p>&nbsp;<\/p>\n<h1><span style=\"color: #000000;\"><b>Barcelona School of Creativity<\/b><\/span><\/h1>\n<p><span style=\"font-weight: 400; color: #000000;\">La <strong><a style=\"color: #000000;\" href=\"https:\/\/barcelonaschoolofcreativity.com\/\" target=\"_blank\" rel=\"noopener\">Barcelona School of Creativity<\/a><\/strong> os invita a \u201cUnlocking Creativity\u201d, un workshop\u00a0 de Creatividad Inside Out sorprendente que invita a la predisposici\u00f3n y actitudes creativas para activar vuestro potencial. Tres horas de movimiento, espontaneidad y escritura autom\u00e1tica que no os dejar\u00e1n indiferente. Una manera original de aprender a conectar con si mismo como fuente de inspiraci\u00f3n y a estimular y desbloquear su creatividad.\u00a0<\/span><\/p>\n<p><span style=\"font-weight: 400; color: #000000;\">Horario: 12h &#8211; 14h \/ 16h &#8211; 18h<\/span><\/p>\n<p><span style=\"font-weight: 400; color: #000000;\">Direcci\u00f3n: Pallars 65<\/span><\/p>\n<p><span style=\"font-weight: 400; color: #000000;\"><strong><a style=\"color: #000000;\" href=\"https:\/\/www.eventbrite.es\/e\/entradas-unlocking-creativity-317483771507\" target=\"_blank\" rel=\"noopener\">Turno ma\u00f1ana<\/a><\/strong>\u00a0<\/span><\/p>\n<p><span style=\"font-weight: 400; color: #000000;\"><strong><a style=\"color: #000000;\" href=\"https:\/\/www.eventbrite.es\/e\/entradas-unlocking-creativity-turno-de-tarde-317525165317\" target=\"_blank\" rel=\"noopener\">Turno tarde<\/a><\/strong>\u00a0\u00a0<\/span><\/p>\n<p>&nbsp;<\/p>\n<h1><span style=\"color: #000000;\"><b>TSH Campus Marina<\/b><\/span><\/h1>\n<p><span style=\"font-weight: 400; color: #000000;\">En <strong><a style=\"color: #000000;\" href=\"https:\/\/www.thestudenthotel.com\/es\/barcelona-marina\/\" target=\"_blank\" rel=\"noopener\">TSH Campus Marina<\/a><\/strong> os invita a relajaros en un ambiente seguro y lleno de paz con una sesi\u00f3n de Yoga Vinyasa &amp; Gong en su rooftop. Preparaos para conectar cuerpo y mente rodeado de impresionantes vistas de la ciudad de Barcelona. Para poder participar en este evento es necesario completar la inscripci\u00f3n.\u00a0<\/span><\/p>\n<p><span style=\"font-weight: 400; color: #000000;\">Horario: a partir de las 11h<\/span><\/p>\n<p><span style=\"font-weight: 400; color: #000000;\">Direcci\u00f3n: S\u00e1ncho de \u00c1vila 22<\/span><\/p>\n<p><span style=\"font-weight: 400; color: #000000;\"><strong><a style=\"color: #000000;\" href=\"https:\/\/www.eventbrite.nl\/e\/entradas-rooftop-yoga-vinyasa-gong-322009768887\" target=\"_blank\" rel=\"noopener\">Inscripci\u00f3n<\/a><\/strong>\u00a0<\/span><\/p>\n<p>&nbsp;<\/p>\n<h1><span style=\"color: #000000;\"><b>FX ANIMATION<\/b><\/span><\/h1>\n<p><span style=\"font-weight: 400; color: #000000;\">En <strong><a style=\"color: #000000;\" href=\"https:\/\/fxanimation.es\/\" target=\"_blank\" rel=\"noopener\">FX ANIMATION<\/a><\/strong> os ofrecen este a\u00f1o un gran abanico de actividades para crear e inspirarse.\u00a0<\/span><\/p>\n<p><span style=\"font-weight: 400; color: #000000;\">Primero, de 12h30 a 13h invitan a todos los apasionados del dibujo a participar en su taller de Concept Art, taller a cargo de Alex Ruz, profesor del \u00e1rea de concept art de FX ANIMATION. En segundo lugar, de 18h a 19h os ofrecen 3 Masterclasses simult\u00e1neas de las \u00e1reas de efectos visuales, post producci\u00f3n y tiempo real con Unreal Engine:<\/span><\/p>\n<ul>\n<li>\n<h2><span style=\"color: #000000;\"><b>De FX ANIMATION a Hollywood<\/b><\/span><\/h2>\n<\/li>\n<\/ul>\n<p><span style=\"font-weight: 400; color: #000000;\">Francecs Boll\u00f3 (Dune, El Rey Le\u00f3n, El libro de la selva&#8230;) y Marc Dom\u00ednguez (La sirenita, Nope, Pinocho&#8230;) ambos AlumniX y profesores de FX ANIMATION, os compartir\u00e1n su experiencia laboral como artistas de VFX (efectos visuales) en blockbusters de Hollywood<\/span><\/p>\n<ul>\n<li>\n<h2><span style=\"color: #000000;\"><b> La revoluci\u00f3n del tiempo real<\/b><\/span><\/h2>\n<\/li>\n<\/ul>\n<p><span style=\"font-weight: 400; color: #000000;\">Javier Fern\u00e1ndez, uno de los pocos instructores certificados por Unreal Engine en el pa\u00eds y profesor de FX ANIMATION, os explicar\u00e1 c\u00f3mo este motor de tiempo real, ha revolucionado al cine y al cine de animaci\u00f3n.\u00a0<\/span><\/p>\n<ul>\n<li>\n<h2><span style=\"color: #000000;\"><b> La magia de la postproducci\u00f3n\u00a0<\/b><\/span><\/h2>\n<\/li>\n<\/ul>\n<p><span style=\"font-weight: 400; color: #000000;\">Toni Mena, Director T\u00e9cnico de FX ANIMATION y profesional de la postproducci\u00f3n con amplia trayectoria en producciones que han llegado a los Oscar, entre otras nominaciones y premios, os explicar\u00e1 la magia de la postproducci\u00f3n en el cine.<\/span><\/p>\n<p>&nbsp;<\/p>\n<p><span style=\"font-weight: 400; color: #000000;\">Adem\u00e1s del taller y de las Masterclasses, FX ANIMATION tambi\u00e9n tendr\u00e1 un recital po\u00e9tico en la ma\u00f1ana y m\u00fasica en vivo a partir de las 19h30.\u00a0<\/span><\/p>\n<p><span style=\"font-weight: 400; color: #000000;\">Aforo limitado.<\/span><\/p>\n<p><span style=\"font-weight: 400; color: #000000;\">Horario: 12h &#8211; 22h<\/span><\/p>\n<p><span style=\"font-weight: 400; color: #000000;\">Direcci\u00f3n: Pujades, 112<\/span><\/p>\n<p><span style=\"color: #000000;\"><strong><a style=\"color: #000000;\" href=\"https:\/\/www.eventbrite.es\/e\/entradas-poblenou-open-day-2022-actividades-fx-animation-323240008567\" target=\"_blank\" rel=\"noopener\">Entradas <\/a><\/strong><\/span><\/p>\n<p>&nbsp;<\/p>\n<h1><span style=\"color: #000000;\"><b>ALAS Artes en Movimiento<\/b><\/span><\/h1>\n<p><span style=\"font-weight: 400; color: #000000;\">Para este Poblenou Open Day, <strong><a style=\"color: #000000;\" href=\"https:\/\/www.alasbcn.com\/\" target=\"_blank\" rel=\"noopener\">ALAS Artes en Movimiento<\/a><\/strong> os invita a una ceremonia guiada por M\u00f3nica Extremiana y Ona Mestre que os guiar\u00e1n por una sencilla y deliciosa experiencia de danza, apta para todos los p\u00fablicos.\u00a0<\/span><\/p>\n<p><span style=\"font-weight: 400; color: #000000;\">Horario de las sesiones: 17h15 \/ 18h \/ 18h45 \/ 19h30<\/span><\/p>\n<p><span style=\"font-weight: 400; color: #000000;\">Direcci\u00f3n: Passatge de Masoliver, 25, 1\u00aa<\/span><\/p>\n<p>&nbsp;<\/p>\n<h1><span style=\"color: #000000;\"><b>Fundaci\u00f3 Ared<\/b><\/span><\/h1>\n<p><span style=\"font-weight: 400; color: #000000;\">En <strong><a style=\"color: #000000;\" href=\"https:\/\/www.fundacioared.org\/\" target=\"_blank\" rel=\"noopener\">Fundaci\u00f3 Ared<\/a><\/strong> tendr\u00e1s la oportunidad de aprender a confeccionar un monedero de cuero personalizado, a trav\u00e9s de un patr\u00f3n proporcionado por la profesora. Este taller va dirigido a personas sin experiencia o muy poca en el mundo de la costura, y con inquietud y motivaci\u00f3n para aprender a coser y desarrollar sus habilidades y conocimientos en la materia.<\/span><\/p>\n<p><span style=\"font-weight: 400; color: #000000;\">Horarios: Elegir entre 12h &#8211; 13h \/ 13h30 &#8211; 14h30 \/ 17h30 &#8211; 18h30<\/span><\/p>\n<p><span style=\"font-weight: 400; color: #000000;\">Direcci\u00f3n: Zamora 103-105 bajos<\/span><\/p>\n<p>&nbsp;<\/p>\n<h1><span style=\"color: #000000;\"><b>Museu Can Framis<\/b><\/span><\/h1>\n<p><span style=\"font-weight: 400; color: #000000;\">El <strong><a style=\"color: #000000;\" href=\"https:\/\/www.fundaciovilacasas.com\/ca\" target=\"_blank\" rel=\"noopener\">Museu Can Framis<\/a><\/strong> no solo os ofrece este 7 de mayo entradas reducidas, sino tambi\u00e9n lleva a cabo una actividad familiar llamada \u201cTransportando el Arte\u201d. Un objeto de uso cotidiano se esconde en algunas obras del museo. Para descubrirlo, las familias tendr\u00e1n que dejarse llevar por los colores, las formas y las texturas de las obras y visitar lugares insospechados. Despu\u00e9s del recorrido guiado por la exposici\u00f3n permanente, adultos y ni\u00f1os pondr\u00e1n en pr\u00e1ctica sus descubrimientos creando su propia obra.<\/span><\/p>\n<p><span style=\"font-weight: 400; color: #000000;\">Horario: 11h30 (el museo se podr\u00e1 visitar de 11h a 18h)<\/span><\/p>\n<p><span style=\"font-weight: 400; color: #000000;\">Direcci\u00f3n: Roc Boronat, 116<\/span><\/p>\n<p><span style=\"color: #000000;\"><strong><a style=\"color: #000000;\" href=\"https:\/\/www.fundaciovilacasas.com\/ca\/a\/taller-familiar-transportem-lart\" target=\"_blank\" rel=\"noopener\">Entradas<\/a><\/strong><\/span><\/p>\n<p>&nbsp;<\/p>\n<h1><span style=\"color: #000000;\"><b>Stay Hungry Stay Foolish<\/b><\/span><\/h1>\n<p><span style=\"font-weight: 400; color: #000000;\"><strong><a style=\"color: #000000;\" href=\"http:\/\/stayhungrystayfoolish.es\/\" target=\"_blank\" rel=\"noopener\">Stay Hungry Stay Foolish<\/a><\/strong> os propone una Masterclass \u201cVida y Creatividad\u201d, una\u00a0 charla activa para poner la mente en movimiento y abrir un espacio de reflexi\u00f3n sobre qu\u00e9 es la creatividad y c\u00f3mo podemos entrenarla para amplificar nuestra experiencia de vida, impartida por Lucas Daglio. El aforo es limitado y ser\u00e1 tanto presencial como online desde Zoom.<\/span><\/p>\n<p><span style=\"font-weight: 400; color: #000000;\">Horario: 19h &#8211; 21h<\/span><\/p>\n<p><span style=\"font-weight: 400; color: #000000;\">Direcci\u00f3n: Gran V\u00eda, 757<\/span><\/p>\n<p>&nbsp;<\/p>\n<h1><span style=\"color: #000000;\"><b>Open Design Studio<\/b><\/span><\/h1>\n<p><span style=\"font-weight: 400; color: #000000;\">Para este Poblenou Open Day, <strong><a style=\"color: #000000;\" href=\"https:\/\/opendesignstudio.eu\/\" target=\"_blank\" rel=\"noopener\">Open Design Studio<\/a><\/strong> os invita a participar en \u201cOpenTalk! It\u2019s a match\u201d, una charla imprescindible para comenzar a expandir su proyecto art\u00edstico o cultural. Mediante este taller participativo aprender\u00e9is las claves para trazar una estrategia que sirva de orientaci\u00f3n para difundir su proyecto y la forma de crear una comunicaci\u00f3n online que llegue a mucha m\u00e1s gente. Plazas limitadas.\u00a0<\/span><\/p>\n<p><span style=\"font-weight: 400; color: #000000;\">Horario: de 12h &#8211; 14h<\/span><\/p>\n<p><span style=\"font-weight: 400; color: #000000;\">Direcci\u00f3n: Palo Alto, Pellaires, 30 &#8211; 38<\/span><\/p>\n<p><span style=\"color: #000000;\"><strong><a style=\"color: #000000;\" href=\"https:\/\/opendesignstudio.eu\/producto\/open-talk-presencial\/\" target=\"_blank\" rel=\"noopener\">Entradas<\/a><\/strong><\/span><\/p>\n<p>&nbsp;<\/p>\n<h1><span style=\"color: #000000;\"><b>El Taller de Joyer\u00eda<\/b><\/span><\/h1>\n<p><span style=\"font-weight: 400; color: #000000;\">El <strong><a style=\"color: #000000;\" href=\"https:\/\/eltallerdejoyeria.com\/\" target=\"_blank\" rel=\"noopener\">Taller de Joyer\u00eda<\/a><\/strong> os ofrece un taller presencial de dos horas en el que os guiar\u00e1n para aprender a hacer un anillo texturado de plata. Al final del taller, pod\u00e9is llevaros vuestros resultados finales. Es un taller gratuito, pero las plazas son limitadas, entonces es necesario hacer reserva previa mediante correo electr\u00f3nico o por tel\u00e9fono.<\/span><\/p>\n<p><span style=\"font-weight: 400; color: #000000;\">Horario: 17h &#8211; 21h<\/span><\/p>\n<p><span style=\"font-weight: 400; color: #000000;\">Direcci\u00f3n: Mari\u00e0 Aguil\u00f3, 123, local 2<\/span><\/p>\n<p><span style=\"color: #000000;\"><span style=\"font-weight: 400;\">Reservas: 933 005 060 \/ <\/span><a style=\"color: #000000;\" href=\"mailto:eltaller@eltallerdejoyeria.com\"><span style=\"font-weight: 400;\">eltaller@eltallerdejoyeria.com<\/span><\/a><\/span><\/p>\n<p>&nbsp;<\/p>\n<h1><span style=\"color: #000000;\"><b>Bloomint Design<\/b><\/span><\/h1>\n<p><span style=\"font-weight: 400; color: #000000;\"><strong><a style=\"color: #000000;\" href=\"https:\/\/bloomintdesign.com\/es\/\" target=\"_blank\" rel=\"noopener\">Bloomint Design<\/a><\/strong> abre las puertas de su estudio de dise\u00f1o y arquitectura para ofreceros dos talleres de aproximadamente 50 minutos: con c\u00f3ctel de bienvenida, os presentar\u00e1n el despacho, la zona de materiales y telas, y explicar\u00e1n c\u00f3mo hacer un moodboard para un espacio, para, finalmente, poder ponerlo a la pr\u00e1ctica en grupo.<\/span><\/p>\n<p><span style=\"font-weight: 400; color: #000000;\">Horario: 18h &#8211; 20h<\/span><\/p>\n<p><span style=\"font-weight: 400; color: #000000;\">Direcci\u00f3n: Pere IV, 29-35<\/span><\/p>\n<p><span style=\"color: #000000;\"><strong><a style=\"color: #000000;\" href=\"https:\/\/www.eventbrite.co.uk\/e\/entradas-crea-tu-propio-moodboard-325081195607\" target=\"_blank\" rel=\"noopener\">Entradas<\/a><\/strong><\/span><\/p>\n<p>&nbsp;<\/p>\n<h1><span style=\"color: #000000;\"><b>Valkiria<\/b><\/span><\/h1>\n<p><span style=\"font-weight: 400; color: #000000;\">Junto a los partners de Bail Out que buscan siempre la diversi\u00f3n y el entretenimiento en espacios singulares para acontecimientos, <strong><a style=\"color: #000000;\" href=\"https:\/\/valkiriahubspace.com\/\" target=\"_blank\" rel=\"noopener\">Valkiria<\/a><\/strong> propone una nueva combinaci\u00f3n con deportes de pelota. La competici\u00f3n del f\u00fatbol, mezclado con la precisi\u00f3n y la rapidez de un futbol\u00edn. No se necesita correr, pero s\u00ed que tener una estrategia preparada para la siguiente jugada. Una actividad para venir con amigos y familia.<\/span><\/p>\n<p><span style=\"font-weight: 400; color: #000000;\">Horario: 12h &#8211; 20h<\/span><\/p>\n<p><span style=\"font-weight: 400; color: #000000;\">Direcci\u00f3n: Pujades, 126<\/span><\/p>\n<p>&nbsp;<\/p>\n<h1><span style=\"color: #000000;\"><b>Golden &amp; Smith by Valkiria<\/b><\/span><\/h1>\n<p><span style=\"color: #000000;\"><span style=\"font-weight: 400;\"><strong><a style=\"color: #000000;\" href=\"http:\/\/goldensmith.es\/\" target=\"_blank\" rel=\"noopener\">Golden &amp; Smith by Valkiria<\/a><\/strong> os propone el evento \u201cDel videojuego \u2018Resident Evil\u2019 LADY DIMISTRESCU invita a Helena Mankowska a su fiesta\u201d, donde se podr\u00e1 conseguir el aut\u00f3grafo <\/span><span style=\"font-weight: 400;\">de la actriz. Entradas a comprar con antelaci\u00f3n.\u00a0<\/span><\/span><\/p>\n<p><span style=\"font-weight: 400; color: #000000;\">Horario: 19h &#8211; 20h<\/span><\/p>\n<p><span style=\"font-weight: 400; color: #000000;\">Direcci\u00f3n: Pujades, 126<\/span><\/p>\n<p><span style=\"color: #000000;\"><strong><a style=\"color: #000000;\" href=\"https:\/\/app.community.nectios.com\/goldensmith\/login\" target=\"_blank\" rel=\"noopener\">Entradas<\/a><\/strong><\/span><\/p>\n<p>&nbsp;<\/p>\n<p>&nbsp;<\/p>","protected":false},"excerpt":{"rendered":"<p>Vuelve el Poblenou Open Day para una d\u00e9cima edici\u00f3n el pr\u00f3ximo 7 de mayo y, como cada a\u00f1o, el p\u00fablico&#8230; <a href=\"https:\/\/poblenouurbandistrict.com\/es\/tots-els-tallers-xerrades-i-activitats-de-lleure-del-poblenou-open-day\/\">M\u00e1s  \u2192<\/a><\/p>\n","protected":false},"author":5,"featured_media":29316,"comment_status":"closed","ping_status":"closed","sticky":false,"template":"","format":"standard","meta":{"_acf_changed":false,"footnotes":""},"categories":[3567,3565,3364,3345],"tags":[],"class_list":["post-29312","post","type-post","status-publish","format-standard","has-post-thumbnail","hentry","category-poblenou-open-day-2","category-poblenou-open-day","category-poblenou-urban-district","category-formacion"],"acf":[],"yoast_head":"<!-- This site is optimized with the Yoast SEO plugin v27.5 - https:\/\/yoast.com\/product\/yoast-seo-wordpress\/ -->\n<title>Talleres, Charlas y Actividades de ocio del Poblenou Open Day<\/title>\n<meta name=\"description\" content=\"Vuelve el Poblenou Open Day el pr\u00f3ximo 7 de mayo y, como cada a\u00f1o, el p\u00fablico podr\u00e1 gozar de talleres, charlas y actividades de ocio.\" \/>\n<meta name=\"robots\" content=\"index, follow, max-snippet:-1, max-image-preview:large, max-video-preview:-1\" \/>\n<link rel=\"canonical\" href=\"https:\/\/poblenouurbandistrict.com\/es\/tots-els-tallers-xerrades-i-activitats-de-lleure-del-poblenou-open-day\/\" \/>\n<meta property=\"og:locale\" content=\"es_ES\" \/>\n<meta property=\"og:type\" content=\"article\" \/>\n<meta property=\"og:title\" content=\"Talleres, Charlas y Actividades de ocio del Poblenou Open Day\" \/>\n<meta property=\"og:description\" content=\"Vuelve el Poblenou Open Day el pr\u00f3ximo 7 de mayo y, como cada a\u00f1o, el p\u00fablico podr\u00e1 gozar de talleres, charlas y actividades de ocio.\" \/>\n<meta property=\"og:url\" content=\"https:\/\/poblenouurbandistrict.com\/es\/tots-els-tallers-xerrades-i-activitats-de-lleure-del-poblenou-open-day\/\" \/>\n<meta property=\"og:site_name\" content=\"Poblenou Urban District\" \/>\n<meta property=\"article:published_time\" content=\"2022-05-02T08:34:13+00:00\" \/>\n<meta property=\"article:modified_time\" content=\"2022-05-04T08:31:50+00:00\" \/>\n<meta property=\"og:image\" content=\"https:\/\/poblenouurbandistrict.com\/wp-content\/uploads\/2022\/04\/copia-de-2019-open-day-00143.jpg\" \/>\n\t<meta property=\"og:image:width\" content=\"2017\" \/>\n\t<meta property=\"og:image:height\" content=\"1345\" \/>\n\t<meta property=\"og:image:type\" content=\"image\/jpeg\" \/>\n<meta name=\"author\" content=\"pnud\" \/>\n<meta name=\"twitter:card\" content=\"summary_large_image\" \/>\n<meta name=\"twitter:label1\" content=\"Escrito por\" \/>\n\t<meta name=\"twitter:data1\" content=\"pnud\" \/>\n\t<meta name=\"twitter:label2\" content=\"Tiempo de lectura\" \/>\n\t<meta name=\"twitter:data2\" content=\"8 minutos\" \/>\n<script type=\"application\/ld+json\" class=\"yoast-schema-graph\">{\"@context\":\"https:\\\/\\\/schema.org\",\"@graph\":[{\"@type\":\"Article\",\"@id\":\"https:\\\/\\\/poblenouurbandistrict.com\\\/tots-els-tallers-xerrades-i-activitats-de-lleure-del-poblenou-open-day\\\/#article\",\"isPartOf\":{\"@id\":\"https:\\\/\\\/poblenouurbandistrict.com\\\/tots-els-tallers-xerrades-i-activitats-de-lleure-del-poblenou-open-day\\\/\"},\"author\":{\"name\":\"pnud\",\"@id\":\"https:\\\/\\\/poblenouurbandistrict.com\\\/#\\\/schema\\\/person\\\/980a2cf34b399d5218205730acd54a7e\"},\"headline\":\"Todos los talleres, las charlas y las actividades de ocio del Poblenou Open Day\",\"datePublished\":\"2022-05-02T08:34:13+00:00\",\"dateModified\":\"2022-05-04T08:31:50+00:00\",\"mainEntityOfPage\":{\"@id\":\"https:\\\/\\\/poblenouurbandistrict.com\\\/tots-els-tallers-xerrades-i-activitats-de-lleure-del-poblenou-open-day\\\/\"},\"wordCount\":4404,\"image\":{\"@id\":\"https:\\\/\\\/poblenouurbandistrict.com\\\/tots-els-tallers-xerrades-i-activitats-de-lleure-del-poblenou-open-day\\\/#primaryimage\"},\"thumbnailUrl\":\"https:\\\/\\\/media.poblenouurbandistrict.com\\\/2022\\\/04\\\/25050620\\\/copia-de-2019-open-day-00143.jpg\",\"articleSection\":[\"Poblenou Open Day\",\"Poblenou Open Day\",\"Poblenou Urban District\",\"Formaci\u00f3n\"],\"inLanguage\":\"es\"},{\"@type\":\"WebPage\",\"@id\":\"https:\\\/\\\/poblenouurbandistrict.com\\\/es\\\/tots-els-tallers-xerrades-i-activitats-de-lleure-del-poblenou-open-day\\\/\",\"url\":\"https:\\\/\\\/poblenouurbandistrict.com\\\/es\\\/tots-els-tallers-xerrades-i-activitats-de-lleure-del-poblenou-open-day\\\/\",\"name\":\"Talleres, Charlas y Actividades de ocio del Poblenou Open Day\",\"isPartOf\":{\"@id\":\"https:\\\/\\\/poblenouurbandistrict.com\\\/es\\\/#website\"},\"primaryImageOfPage\":{\"@id\":\"https:\\\/\\\/poblenouurbandistrict.com\\\/es\\\/tots-els-tallers-xerrades-i-activitats-de-lleure-del-poblenou-open-day\\\/#primaryimage\"},\"image\":{\"@id\":\"https:\\\/\\\/poblenouurbandistrict.com\\\/tots-els-tallers-xerrades-i-activitats-de-lleure-del-poblenou-open-day\\\/#primaryimage\"},\"thumbnailUrl\":\"https:\\\/\\\/media.poblenouurbandistrict.com\\\/2022\\\/04\\\/25050620\\\/copia-de-2019-open-day-00143.jpg\",\"datePublished\":\"2022-05-02T08:34:13+00:00\",\"dateModified\":\"2022-05-04T08:31:50+00:00\",\"author\":{\"@id\":\"https:\\\/\\\/poblenouurbandistrict.com\\\/#\\\/schema\\\/person\\\/980a2cf34b399d5218205730acd54a7e\"},\"description\":\"Vuelve el Poblenou Open Day el pr\u00f3ximo 7 de mayo y, como cada a\u00f1o, el p\u00fablico podr\u00e1 gozar de talleres, charlas y actividades de ocio.\",\"breadcrumb\":{\"@id\":\"https:\\\/\\\/poblenouurbandistrict.com\\\/es\\\/tots-els-tallers-xerrades-i-activitats-de-lleure-del-poblenou-open-day\\\/#breadcrumb\"},\"inLanguage\":\"es\",\"potentialAction\":[{\"@type\":\"ReadAction\",\"target\":[[\"https:\\\/\\\/poblenouurbandistrict.com\\\/es\\\/tots-els-tallers-xerrades-i-activitats-de-lleure-del-poblenou-open-day\\\/\"]]}]},{\"@type\":\"ImageObject\",\"inLanguage\":\"es\",\"@id\":\"https:\\\/\\\/poblenouurbandistrict.com\\\/es\\\/tots-els-tallers-xerrades-i-activitats-de-lleure-del-poblenou-open-day\\\/#primaryimage\",\"url\":\"https:\\\/\\\/media.poblenouurbandistrict.com\\\/2022\\\/04\\\/25050620\\\/copia-de-2019-open-day-00143.jpg\",\"contentUrl\":\"https:\\\/\\\/media.poblenouurbandistrict.com\\\/2022\\\/04\\\/25050620\\\/copia-de-2019-open-day-00143.jpg\",\"width\":2017,\"height\":1345},{\"@type\":\"BreadcrumbList\",\"@id\":\"https:\\\/\\\/poblenouurbandistrict.com\\\/es\\\/tots-els-tallers-xerrades-i-activitats-de-lleure-del-poblenou-open-day\\\/#breadcrumb\",\"itemListElement\":[{\"@type\":\"ListItem\",\"position\":1,\"name\":\"Home\",\"item\":\"https:\\\/\\\/poblenouurbandistrict.com\\\/es\\\/\"},{\"@type\":\"ListItem\",\"position\":2,\"name\":\"Tots els tallers, xerrades i activitats de lleure del Poblenou Open Day\"}]},{\"@type\":\"WebSite\",\"@id\":\"https:\\\/\\\/poblenouurbandistrict.com\\\/es\\\/#website\",\"url\":\"https:\\\/\\\/poblenouurbandistrict.com\\\/es\\\/\",\"name\":\"Poblenou Urban District\",\"description\":\"Comunidad Creativa\",\"potentialAction\":[{\"@type\":\"SearchAction\",\"target\":{\"@type\":\"EntryPoint\",\"urlTemplate\":\"https:\\\/\\\/poblenouurbandistrict.com\\\/es\\\/?s={search_term_string}\"},\"query-input\":{\"@type\":\"PropertyValueSpecification\",\"valueRequired\":true,\"valueName\":\"search_term_string\"}}],\"inLanguage\":\"es\"},{\"@type\":\"Person\",\"@id\":\"https:\\\/\\\/poblenouurbandistrict.com\\\/#\\\/schema\\\/person\\\/980a2cf34b399d5218205730acd54a7e\",\"name\":\"pnud\",\"image\":{\"@type\":\"ImageObject\",\"inLanguage\":\"es\",\"@id\":\"https:\\\/\\\/secure.gravatar.com\\\/avatar\\\/67146597b405ee077a24e519f75c3e2031736596d6ce35af3a34c122c93d0d7b?s=96&d=retro&r=g\",\"url\":\"https:\\\/\\\/secure.gravatar.com\\\/avatar\\\/67146597b405ee077a24e519f75c3e2031736596d6ce35af3a34c122c93d0d7b?s=96&d=retro&r=g\",\"contentUrl\":\"https:\\\/\\\/secure.gravatar.com\\\/avatar\\\/67146597b405ee077a24e519f75c3e2031736596d6ce35af3a34c122c93d0d7b?s=96&d=retro&r=g\",\"caption\":\"pnud\"}}]}<\/script>\n<!-- \/ Yoast SEO plugin. -->","yoast_head_json":{"title":"Talleres, Charlas y Actividades de ocio del Poblenou Open Day","description":"Vuelve el Poblenou Open Day el pr\u00f3ximo 7 de mayo y, como cada a\u00f1o, el p\u00fablico podr\u00e1 gozar de talleres, charlas y actividades de ocio.","robots":{"index":"index","follow":"follow","max-snippet":"max-snippet:-1","max-image-preview":"max-image-preview:large","max-video-preview":"max-video-preview:-1"},"canonical":"https:\/\/poblenouurbandistrict.com\/es\/tots-els-tallers-xerrades-i-activitats-de-lleure-del-poblenou-open-day\/","og_locale":"es_ES","og_type":"article","og_title":"Talleres, Charlas y Actividades de ocio del Poblenou Open Day","og_description":"Vuelve el Poblenou Open Day el pr\u00f3ximo 7 de mayo y, como cada a\u00f1o, el p\u00fablico podr\u00e1 gozar de talleres, charlas y actividades de ocio.","og_url":"https:\/\/poblenouurbandistrict.com\/es\/tots-els-tallers-xerrades-i-activitats-de-lleure-del-poblenou-open-day\/","og_site_name":"Poblenou Urban District","article_published_time":"2022-05-02T08:34:13+00:00","article_modified_time":"2022-05-04T08:31:50+00:00","og_image":[{"width":2017,"height":1345,"url":"https:\/\/poblenouurbandistrict.com\/wp-content\/uploads\/2022\/04\/copia-de-2019-open-day-00143.jpg","type":"image\/jpeg"}],"author":"pnud","twitter_card":"summary_large_image","twitter_misc":{"Escrito por":"pnud","Tiempo de lectura":"8 minutos"},"schema":{"@context":"https:\/\/schema.org","@graph":[{"@type":"Article","@id":"https:\/\/poblenouurbandistrict.com\/tots-els-tallers-xerrades-i-activitats-de-lleure-del-poblenou-open-day\/#article","isPartOf":{"@id":"https:\/\/poblenouurbandistrict.com\/tots-els-tallers-xerrades-i-activitats-de-lleure-del-poblenou-open-day\/"},"author":{"name":"pnud","@id":"https:\/\/poblenouurbandistrict.com\/#\/schema\/person\/980a2cf34b399d5218205730acd54a7e"},"headline":"Todos los talleres, las charlas y las actividades de ocio del Poblenou Open Day","datePublished":"2022-05-02T08:34:13+00:00","dateModified":"2022-05-04T08:31:50+00:00","mainEntityOfPage":{"@id":"https:\/\/poblenouurbandistrict.com\/tots-els-tallers-xerrades-i-activitats-de-lleure-del-poblenou-open-day\/"},"wordCount":4404,"image":{"@id":"https:\/\/poblenouurbandistrict.com\/tots-els-tallers-xerrades-i-activitats-de-lleure-del-poblenou-open-day\/#primaryimage"},"thumbnailUrl":"https:\/\/media.poblenouurbandistrict.com\/2022\/04\/25050620\/copia-de-2019-open-day-00143.jpg","articleSection":["Poblenou Open Day","Poblenou Open Day","Poblenou Urban District","Formaci\u00f3n"],"inLanguage":"es"},{"@type":"WebPage","@id":"https:\/\/poblenouurbandistrict.com\/es\/tots-els-tallers-xerrades-i-activitats-de-lleure-del-poblenou-open-day\/","url":"https:\/\/poblenouurbandistrict.com\/es\/tots-els-tallers-xerrades-i-activitats-de-lleure-del-poblenou-open-day\/","name":"Talleres, Charlas y Actividades de ocio del Poblenou Open Day","isPartOf":{"@id":"https:\/\/poblenouurbandistrict.com\/es\/#website"},"primaryImageOfPage":{"@id":"https:\/\/poblenouurbandistrict.com\/es\/tots-els-tallers-xerrades-i-activitats-de-lleure-del-poblenou-open-day\/#primaryimage"},"image":{"@id":"https:\/\/poblenouurbandistrict.com\/tots-els-tallers-xerrades-i-activitats-de-lleure-del-poblenou-open-day\/#primaryimage"},"thumbnailUrl":"https:\/\/media.poblenouurbandistrict.com\/2022\/04\/25050620\/copia-de-2019-open-day-00143.jpg","datePublished":"2022-05-02T08:34:13+00:00","dateModified":"2022-05-04T08:31:50+00:00","author":{"@id":"https:\/\/poblenouurbandistrict.com\/#\/schema\/person\/980a2cf34b399d5218205730acd54a7e"},"description":"Vuelve el Poblenou Open Day el pr\u00f3ximo 7 de mayo y, como cada a\u00f1o, el p\u00fablico podr\u00e1 gozar de talleres, charlas y actividades de ocio.","breadcrumb":{"@id":"https:\/\/poblenouurbandistrict.com\/es\/tots-els-tallers-xerrades-i-activitats-de-lleure-del-poblenou-open-day\/#breadcrumb"},"inLanguage":"es","potentialAction":[{"@type":"ReadAction","target":[["https:\/\/poblenouurbandistrict.com\/es\/tots-els-tallers-xerrades-i-activitats-de-lleure-del-poblenou-open-day\/"]]}]},{"@type":"ImageObject","inLanguage":"es","@id":"https:\/\/poblenouurbandistrict.com\/es\/tots-els-tallers-xerrades-i-activitats-de-lleure-del-poblenou-open-day\/#primaryimage","url":"https:\/\/media.poblenouurbandistrict.com\/2022\/04\/25050620\/copia-de-2019-open-day-00143.jpg","contentUrl":"https:\/\/media.poblenouurbandistrict.com\/2022\/04\/25050620\/copia-de-2019-open-day-00143.jpg","width":2017,"height":1345},{"@type":"BreadcrumbList","@id":"https:\/\/poblenouurbandistrict.com\/es\/tots-els-tallers-xerrades-i-activitats-de-lleure-del-poblenou-open-day\/#breadcrumb","itemListElement":[{"@type":"ListItem","position":1,"name":"Home","item":"https:\/\/poblenouurbandistrict.com\/es\/"},{"@type":"ListItem","position":2,"name":"Tots els tallers, xerrades i activitats de lleure del Poblenou Open Day"}]},{"@type":"WebSite","@id":"https:\/\/poblenouurbandistrict.com\/es\/#website","url":"https:\/\/poblenouurbandistrict.com\/es\/","name":"Poblenou Urban District","description":"Comunidad Creativa","potentialAction":[{"@type":"SearchAction","target":{"@type":"EntryPoint","urlTemplate":"https:\/\/poblenouurbandistrict.com\/es\/?s={search_term_string}"},"query-input":{"@type":"PropertyValueSpecification","valueRequired":true,"valueName":"search_term_string"}}],"inLanguage":"es"},{"@type":"Person","@id":"https:\/\/poblenouurbandistrict.com\/#\/schema\/person\/980a2cf34b399d5218205730acd54a7e","name":"pnud","image":{"@type":"ImageObject","inLanguage":"es","@id":"https:\/\/secure.gravatar.com\/avatar\/67146597b405ee077a24e519f75c3e2031736596d6ce35af3a34c122c93d0d7b?s=96&d=retro&r=g","url":"https:\/\/secure.gravatar.com\/avatar\/67146597b405ee077a24e519f75c3e2031736596d6ce35af3a34c122c93d0d7b?s=96&d=retro&r=g","contentUrl":"https:\/\/secure.gravatar.com\/avatar\/67146597b405ee077a24e519f75c3e2031736596d6ce35af3a34c122c93d0d7b?s=96&d=retro&r=g","caption":"pnud"}}]}},"_links":{"self":[{"href":"https:\/\/poblenouurbandistrict.com\/es\/wp-json\/wp\/v2\/posts\/29312","targetHints":{"allow":["GET"]}}],"collection":[{"href":"https:\/\/poblenouurbandistrict.com\/es\/wp-json\/wp\/v2\/posts"}],"about":[{"href":"https:\/\/poblenouurbandistrict.com\/es\/wp-json\/wp\/v2\/types\/post"}],"author":[{"embeddable":true,"href":"https:\/\/poblenouurbandistrict.com\/es\/wp-json\/wp\/v2\/users\/5"}],"replies":[{"embeddable":true,"href":"https:\/\/poblenouurbandistrict.com\/es\/wp-json\/wp\/v2\/comments?post=29312"}],"version-history":[{"count":9,"href":"https:\/\/poblenouurbandistrict.com\/es\/wp-json\/wp\/v2\/posts\/29312\/revisions"}],"predecessor-version":[{"id":29760,"href":"https:\/\/poblenouurbandistrict.com\/es\/wp-json\/wp\/v2\/posts\/29312\/revisions\/29760"}],"wp:featuredmedia":[{"embeddable":true,"href":"https:\/\/poblenouurbandistrict.com\/es\/wp-json\/wp\/v2\/media\/29316"}],"wp:attachment":[{"href":"https:\/\/poblenouurbandistrict.com\/es\/wp-json\/wp\/v2\/media?parent=29312"}],"wp:term":[{"taxonomy":"category","embeddable":true,"href":"https:\/\/poblenouurbandistrict.com\/es\/wp-json\/wp\/v2\/categories?post=29312"},{"taxonomy":"post_tag","embeddable":true,"href":"https:\/\/poblenouurbandistrict.com\/es\/wp-json\/wp\/v2\/tags?post=29312"}],"curies":[{"name":"wp","href":"https:\/\/api.w.org\/{rel}","templated":true}]}}