{"id":3193,"date":"2014-06-20T10:22:42","date_gmt":"2014-06-20T08:22:42","guid":{"rendered":"https:\/\/poblenouurbandistrict.com\/new\/?p=3193"},"modified":"2014-06-25T10:31:58","modified_gmt":"2014-06-25T08:31:58","slug":"el-museo-can-framis-y-el-institut-quatre-cantons-presentan-un-nuevo-proyecto-educativo","status":"publish","type":"post","link":"https:\/\/poblenouurbandistrict.com\/es\/el-museo-can-framis-y-el-institut-quatre-cantons-presentan-un-nuevo-proyecto-educativo\/","title":{"rendered":"El Museo Can Framis y el Institut Quatre Cantons presentan un nuevo proyecto educativo"},"content":{"rendered":"<p><figure id=\"attachment_3195\" aria-describedby=\"caption-attachment-3195\" style=\"width: 520px\" class=\"wp-caption aligncenter\"><a href=\"https:\/\/media.poblenouurbandistrict.com\/2014\/06\/25002927\/1257548179-fernando-guerra-museo-can-framis-31.jpg\"><img loading=\"lazy\" decoding=\"async\" class=\"size-full wp-image-3195\" alt=\"Museu Can Framis\" src=\"https:\/\/media.poblenouurbandistrict.com\/2014\/06\/25002927\/1257548179-fernando-guerra-museo-can-framis-31.jpg\" width=\"520\" height=\"520\" \/><\/a><figcaption id=\"caption-attachment-3195\" class=\"wp-caption-text\">Museu Can Framis<\/figcaption><\/figure><\/p>\n<h1>El proyecto ha sido galardonado por el Consorcio de Educaci\u00f3n de Barcelona<\/h1>\n<p><strong>El Servicio Educativo del Museo de Pintura Contempor\u00e1nea Can Framis<\/strong>, en colaboraci\u00f3n con el <strong>Instituto Quatre Cantons<\/strong> del barrio de <strong>Poblenou de Barcelona<\/strong>, \u200b\u200bhan colaborado en la elaboraci\u00f3n de un proyecto de educaci\u00f3n art\u00edstica con el objetivo de acercar la expresi\u00f3n contempor\u00e1nea a los j\u00f3venes.<\/p>\n<p>Fruto de esta colaboraci\u00f3n, el pr\u00f3ximo viernes, d\u00eda 20 de junio, a las cuatro y media de la tarde, tendr\u00e1 lugar en<strong> Can Framis<\/strong> la presentaci\u00f3n del proyecto, donde intervendr\u00e1n el equipo docente, la responsable del servicio educativo del Museo y los estudiantes.<br \/>\nUn extenso y rico repertorio de audio gu\u00edas de creaci\u00f3n propia; microrrelatos, paisajes sonoros, poes\u00edas, entrevistas con artistas, o mon\u00f3logos interiores que han desafiado a los j\u00f3venes estudiantes a enfrentarse de manera directa al hecho creativo.<\/p>\n<p>Un abanico multidisciplinar de aproximaciones al mundo del arte materializadas mediante c\u00f3digos QR emplazados junto a algunas de las obras pict\u00f3ricas del itinerario expositivo.<\/p>\n<p><strong>El Consorcio de Educaci\u00f3n de Barcelona<\/strong> ha concedido al <strong>Instituto Quatre Cantons<\/strong> el 1 \u00ba premio en centros en el concurso de buenas pr\u00e1cticas TIC de la ciudad, recayendo el galard\u00f3n al TGPE del <strong>Museo Can Framis.<\/strong><\/p>\n<p><strong>El Instituto Quatre Cantons<\/strong>\u00a0accede a esta distinci\u00f3n por segundo a\u00f1o consecutivo, lo que refuerza y \u200b\u200benfatiza la necesidad de establecer v\u00ednculos entre las comunidades educativas y culturales.<\/p>\n<p><strong>La propuesta se podr\u00e1 visitar en el Museo Can Framis (c. Roc Boronat 116-126) hasta el 20 de julio.<\/strong><\/p>","protected":false},"excerpt":{"rendered":"<p>El proyecto ha sido galardonado por el Consorcio de Educaci\u00f3n de Barcelona El Servicio Educativo del Museo de Pintura Contempor\u00e1nea&#8230; <a href=\"https:\/\/poblenouurbandistrict.com\/es\/el-museo-can-framis-y-el-institut-quatre-cantons-presentan-un-nuevo-proyecto-educativo\/\">M\u00e1s  \u2192<\/a><\/p>\n","protected":false},"author":5,"featured_media":3195,"comment_status":"closed","ping_status":"closed","sticky":false,"template":"","format":"standard","meta":{"_acf_changed":false,"footnotes":""},"categories":[1],"tags":[574,573,16,575],"class_list":["post-3193","post","type-post","status-publish","format-standard","has-post-thumbnail","hentry","category-noticias","tag-eventos","tag-museu-can-framis","tag-poblenou","tag-programa-educativo"],"acf":[],"yoast_head":"<!-- This site is optimized with the Yoast SEO plugin v27.5 - https:\/\/yoast.com\/product\/yoast-seo-wordpress\/ -->\n<title>El Museo Can Framis y el Institut Quatre Cantons presentan un nuevo proyecto educativo &#8211; Poblenou Urban District<\/title>\n<meta name=\"robots\" content=\"index, follow, max-snippet:-1, max-image-preview:large, max-video-preview:-1\" \/>\n<link rel=\"canonical\" href=\"https:\/\/poblenouurbandistrict.com\/es\/el-museo-can-framis-y-el-institut-quatre-cantons-presentan-un-nuevo-proyecto-educativo\/\" \/>\n<meta property=\"og:locale\" content=\"es_ES\" \/>\n<meta property=\"og:type\" content=\"article\" \/>\n<meta property=\"og:title\" content=\"El Museo Can Framis y el Institut Quatre Cantons presentan un nuevo proyecto educativo &#8211; Poblenou Urban District\" \/>\n<meta property=\"og:description\" content=\"El proyecto ha sido galardonado por el Consorcio de Educaci\u00f3n de Barcelona El Servicio Educativo del Museo de Pintura Contempor\u00e1nea... M\u00e1s \u2192\" \/>\n<meta property=\"og:url\" content=\"https:\/\/poblenouurbandistrict.com\/es\/el-museo-can-framis-y-el-institut-quatre-cantons-presentan-un-nuevo-proyecto-educativo\/\" \/>\n<meta property=\"og:site_name\" content=\"Poblenou Urban District\" \/>\n<meta property=\"article:published_time\" content=\"2014-06-20T08:22:42+00:00\" \/>\n<meta property=\"article:modified_time\" content=\"2014-06-25T08:31:58+00:00\" \/>\n<meta property=\"og:image\" content=\"https:\/\/poblenouurbandistrict.com\/wp-content\/uploads\/2014\/06\/1257548179-fernando-guerra-museo-can-framis-31.jpg\" \/>\n\t<meta property=\"og:image:width\" content=\"520\" \/>\n\t<meta property=\"og:image:height\" content=\"520\" \/>\n\t<meta property=\"og:image:type\" content=\"image\/jpeg\" \/>\n<meta name=\"author\" content=\"pnud\" \/>\n<meta name=\"twitter:card\" content=\"summary_large_image\" \/>\n<meta name=\"twitter:label1\" content=\"Escrito por\" \/>\n\t<meta name=\"twitter:data1\" content=\"pnud\" \/>\n\t<meta name=\"twitter:label2\" content=\"Tiempo de lectura\" \/>\n\t<meta name=\"twitter:data2\" content=\"3 minutos\" \/>\n<script type=\"application\/ld+json\" class=\"yoast-schema-graph\">{\"@context\":\"https:\\\/\\\/schema.org\",\"@graph\":[{\"@type\":\"Article\",\"@id\":\"https:\\\/\\\/poblenouurbandistrict.com\\\/el-museo-can-framis-y-el-institut-quatre-cantons-presentan-un-nuevo-proyecto-educativo\\\/#article\",\"isPartOf\":{\"@id\":\"https:\\\/\\\/poblenouurbandistrict.com\\\/el-museo-can-framis-y-el-institut-quatre-cantons-presentan-un-nuevo-proyecto-educativo\\\/\"},\"author\":{\"name\":\"pnud\",\"@id\":\"https:\\\/\\\/poblenouurbandistrict.com\\\/#\\\/schema\\\/person\\\/980a2cf34b399d5218205730acd54a7e\"},\"headline\":\"El Museo Can Framis y el Institut Quatre Cantons presentan un nuevo proyecto educativo\",\"datePublished\":\"2014-06-20T08:22:42+00:00\",\"dateModified\":\"2014-06-25T08:31:58+00:00\",\"mainEntityOfPage\":{\"@id\":\"https:\\\/\\\/poblenouurbandistrict.com\\\/el-museo-can-framis-y-el-institut-quatre-cantons-presentan-un-nuevo-proyecto-educativo\\\/\"},\"wordCount\":585,\"image\":{\"@id\":\"https:\\\/\\\/poblenouurbandistrict.com\\\/el-museo-can-framis-y-el-institut-quatre-cantons-presentan-un-nuevo-proyecto-educativo\\\/#primaryimage\"},\"thumbnailUrl\":\"https:\\\/\\\/media.poblenouurbandistrict.com\\\/2014\\\/06\\\/25002927\\\/1257548179-fernando-guerra-museo-can-framis-31.jpg\",\"keywords\":[\"eventos\",\"museu can framis\",\"Poblenou\",\"programa educativo\"],\"articleSection\":[\"Est\u00e1 pasando\"],\"inLanguage\":\"es\"},{\"@type\":\"WebPage\",\"@id\":\"https:\\\/\\\/poblenouurbandistrict.com\\\/es\\\/el-museo-can-framis-y-el-institut-quatre-cantons-presentan-un-nuevo-proyecto-educativo\\\/\",\"url\":\"https:\\\/\\\/poblenouurbandistrict.com\\\/es\\\/el-museo-can-framis-y-el-institut-quatre-cantons-presentan-un-nuevo-proyecto-educativo\\\/\",\"name\":\"El Museu Can Framis i l'Institut Quatre Cantons presenten un nou projecte educatiuEl Museo Can Framis y el Institut Quatre Cantons presentan un nuevo proyecto educativoEl Museu Can Framis i l'Institut Quatre Cantons presenten un nou projecte educatiu &#8211; Poblenou Urban District\",\"isPartOf\":{\"@id\":\"https:\\\/\\\/poblenouurbandistrict.com\\\/es\\\/#website\"},\"primaryImageOfPage\":{\"@id\":\"https:\\\/\\\/poblenouurbandistrict.com\\\/es\\\/el-museo-can-framis-y-el-institut-quatre-cantons-presentan-un-nuevo-proyecto-educativo\\\/#primaryimage\"},\"image\":{\"@id\":\"https:\\\/\\\/poblenouurbandistrict.com\\\/el-museo-can-framis-y-el-institut-quatre-cantons-presentan-un-nuevo-proyecto-educativo\\\/#primaryimage\"},\"thumbnailUrl\":\"https:\\\/\\\/media.poblenouurbandistrict.com\\\/2014\\\/06\\\/25002927\\\/1257548179-fernando-guerra-museo-can-framis-31.jpg\",\"datePublished\":\"2014-06-20T08:22:42+00:00\",\"dateModified\":\"2014-06-25T08:31:58+00:00\",\"author\":{\"@id\":\"https:\\\/\\\/poblenouurbandistrict.com\\\/#\\\/schema\\\/person\\\/980a2cf34b399d5218205730acd54a7e\"},\"breadcrumb\":{\"@id\":\"https:\\\/\\\/poblenouurbandistrict.com\\\/es\\\/el-museo-can-framis-y-el-institut-quatre-cantons-presentan-un-nuevo-proyecto-educativo\\\/#breadcrumb\"},\"inLanguage\":\"es\",\"potentialAction\":[{\"@type\":\"ReadAction\",\"target\":[[\"https:\\\/\\\/poblenouurbandistrict.com\\\/es\\\/el-museo-can-framis-y-el-institut-quatre-cantons-presentan-un-nuevo-proyecto-educativo\\\/\"]]}]},{\"@type\":\"ImageObject\",\"inLanguage\":\"es\",\"@id\":\"https:\\\/\\\/poblenouurbandistrict.com\\\/es\\\/el-museo-can-framis-y-el-institut-quatre-cantons-presentan-un-nuevo-proyecto-educativo\\\/#primaryimage\",\"url\":\"https:\\\/\\\/media.poblenouurbandistrict.com\\\/2014\\\/06\\\/25002927\\\/1257548179-fernando-guerra-museo-can-framis-31.jpg\",\"contentUrl\":\"https:\\\/\\\/media.poblenouurbandistrict.com\\\/2014\\\/06\\\/25002927\\\/1257548179-fernando-guerra-museo-can-framis-31.jpg\",\"width\":520,\"height\":520,\"caption\":\"Museu Can Framis\"},{\"@type\":\"BreadcrumbList\",\"@id\":\"https:\\\/\\\/poblenouurbandistrict.com\\\/es\\\/el-museo-can-framis-y-el-institut-quatre-cantons-presentan-un-nuevo-proyecto-educativo\\\/#breadcrumb\",\"itemListElement\":[{\"@type\":\"ListItem\",\"position\":1,\"name\":\"Home\",\"item\":\"https:\\\/\\\/poblenouurbandistrict.com\\\/es\\\/\"},{\"@type\":\"ListItem\",\"position\":2,\"name\":\"El Museo Can Framis y el Institut Quatre Cantons presentan un nuevo proyecto educativo\"}]},{\"@type\":\"WebSite\",\"@id\":\"https:\\\/\\\/poblenouurbandistrict.com\\\/es\\\/#website\",\"url\":\"https:\\\/\\\/poblenouurbandistrict.com\\\/es\\\/\",\"name\":\"Poblenou Urban District\",\"description\":\"Comunidad Creativa\",\"potentialAction\":[{\"@type\":\"SearchAction\",\"target\":{\"@type\":\"EntryPoint\",\"urlTemplate\":\"https:\\\/\\\/poblenouurbandistrict.com\\\/es\\\/?s={search_term_string}\"},\"query-input\":{\"@type\":\"PropertyValueSpecification\",\"valueRequired\":true,\"valueName\":\"search_term_string\"}}],\"inLanguage\":\"es\"},{\"@type\":\"Person\",\"@id\":\"https:\\\/\\\/poblenouurbandistrict.com\\\/#\\\/schema\\\/person\\\/980a2cf34b399d5218205730acd54a7e\",\"name\":\"pnud\",\"image\":{\"@type\":\"ImageObject\",\"inLanguage\":\"es\",\"@id\":\"https:\\\/\\\/secure.gravatar.com\\\/avatar\\\/67146597b405ee077a24e519f75c3e2031736596d6ce35af3a34c122c93d0d7b?s=96&d=retro&r=g\",\"url\":\"https:\\\/\\\/secure.gravatar.com\\\/avatar\\\/67146597b405ee077a24e519f75c3e2031736596d6ce35af3a34c122c93d0d7b?s=96&d=retro&r=g\",\"contentUrl\":\"https:\\\/\\\/secure.gravatar.com\\\/avatar\\\/67146597b405ee077a24e519f75c3e2031736596d6ce35af3a34c122c93d0d7b?s=96&d=retro&r=g\",\"caption\":\"pnud\"}}]}<\/script>\n<!-- \/ Yoast SEO plugin. -->","yoast_head_json":{"title":"El Museo Can Framis y el Institut Quatre Cantons presentan un nuevo proyecto educativo &#8211; Poblenou Urban District","robots":{"index":"index","follow":"follow","max-snippet":"max-snippet:-1","max-image-preview":"max-image-preview:large","max-video-preview":"max-video-preview:-1"},"canonical":"https:\/\/poblenouurbandistrict.com\/es\/el-museo-can-framis-y-el-institut-quatre-cantons-presentan-un-nuevo-proyecto-educativo\/","og_locale":"es_ES","og_type":"article","og_title":"El Museo Can Framis y el Institut Quatre Cantons presentan un nuevo proyecto educativo &#8211; Poblenou Urban District","og_description":"El proyecto ha sido galardonado por el Consorcio de Educaci\u00f3n de Barcelona El Servicio Educativo del Museo de Pintura Contempor\u00e1nea... M\u00e1s \u2192","og_url":"https:\/\/poblenouurbandistrict.com\/es\/el-museo-can-framis-y-el-institut-quatre-cantons-presentan-un-nuevo-proyecto-educativo\/","og_site_name":"Poblenou Urban District","article_published_time":"2014-06-20T08:22:42+00:00","article_modified_time":"2014-06-25T08:31:58+00:00","og_image":[{"width":520,"height":520,"url":"https:\/\/poblenouurbandistrict.com\/wp-content\/uploads\/2014\/06\/1257548179-fernando-guerra-museo-can-framis-31.jpg","type":"image\/jpeg"}],"author":"pnud","twitter_card":"summary_large_image","twitter_misc":{"Escrito por":"pnud","Tiempo de lectura":"3 minutos"},"schema":{"@context":"https:\/\/schema.org","@graph":[{"@type":"Article","@id":"https:\/\/poblenouurbandistrict.com\/el-museo-can-framis-y-el-institut-quatre-cantons-presentan-un-nuevo-proyecto-educativo\/#article","isPartOf":{"@id":"https:\/\/poblenouurbandistrict.com\/el-museo-can-framis-y-el-institut-quatre-cantons-presentan-un-nuevo-proyecto-educativo\/"},"author":{"name":"pnud","@id":"https:\/\/poblenouurbandistrict.com\/#\/schema\/person\/980a2cf34b399d5218205730acd54a7e"},"headline":"El Museo Can Framis y el Institut Quatre Cantons presentan un nuevo proyecto educativo","datePublished":"2014-06-20T08:22:42+00:00","dateModified":"2014-06-25T08:31:58+00:00","mainEntityOfPage":{"@id":"https:\/\/poblenouurbandistrict.com\/el-museo-can-framis-y-el-institut-quatre-cantons-presentan-un-nuevo-proyecto-educativo\/"},"wordCount":585,"image":{"@id":"https:\/\/poblenouurbandistrict.com\/el-museo-can-framis-y-el-institut-quatre-cantons-presentan-un-nuevo-proyecto-educativo\/#primaryimage"},"thumbnailUrl":"https:\/\/media.poblenouurbandistrict.com\/2014\/06\/25002927\/1257548179-fernando-guerra-museo-can-framis-31.jpg","keywords":["eventos","museu can framis","Poblenou","programa educativo"],"articleSection":["Est\u00e1 pasando"],"inLanguage":"es"},{"@type":"WebPage","@id":"https:\/\/poblenouurbandistrict.com\/es\/el-museo-can-framis-y-el-institut-quatre-cantons-presentan-un-nuevo-proyecto-educativo\/","url":"https:\/\/poblenouurbandistrict.com\/es\/el-museo-can-framis-y-el-institut-quatre-cantons-presentan-un-nuevo-proyecto-educativo\/","name":"El Museu Can Framis i l'Institut Quatre Cantons presenten un nou projecte educatiuEl Museo Can Framis y el Institut Quatre Cantons presentan un nuevo proyecto educativoEl Museu Can Framis i l'Institut Quatre Cantons presenten un nou projecte educatiu &#8211; Poblenou Urban District","isPartOf":{"@id":"https:\/\/poblenouurbandistrict.com\/es\/#website"},"primaryImageOfPage":{"@id":"https:\/\/poblenouurbandistrict.com\/es\/el-museo-can-framis-y-el-institut-quatre-cantons-presentan-un-nuevo-proyecto-educativo\/#primaryimage"},"image":{"@id":"https:\/\/poblenouurbandistrict.com\/el-museo-can-framis-y-el-institut-quatre-cantons-presentan-un-nuevo-proyecto-educativo\/#primaryimage"},"thumbnailUrl":"https:\/\/media.poblenouurbandistrict.com\/2014\/06\/25002927\/1257548179-fernando-guerra-museo-can-framis-31.jpg","datePublished":"2014-06-20T08:22:42+00:00","dateModified":"2014-06-25T08:31:58+00:00","author":{"@id":"https:\/\/poblenouurbandistrict.com\/#\/schema\/person\/980a2cf34b399d5218205730acd54a7e"},"breadcrumb":{"@id":"https:\/\/poblenouurbandistrict.com\/es\/el-museo-can-framis-y-el-institut-quatre-cantons-presentan-un-nuevo-proyecto-educativo\/#breadcrumb"},"inLanguage":"es","potentialAction":[{"@type":"ReadAction","target":[["https:\/\/poblenouurbandistrict.com\/es\/el-museo-can-framis-y-el-institut-quatre-cantons-presentan-un-nuevo-proyecto-educativo\/"]]}]},{"@type":"ImageObject","inLanguage":"es","@id":"https:\/\/poblenouurbandistrict.com\/es\/el-museo-can-framis-y-el-institut-quatre-cantons-presentan-un-nuevo-proyecto-educativo\/#primaryimage","url":"https:\/\/media.poblenouurbandistrict.com\/2014\/06\/25002927\/1257548179-fernando-guerra-museo-can-framis-31.jpg","contentUrl":"https:\/\/media.poblenouurbandistrict.com\/2014\/06\/25002927\/1257548179-fernando-guerra-museo-can-framis-31.jpg","width":520,"height":520,"caption":"Museu Can Framis"},{"@type":"BreadcrumbList","@id":"https:\/\/poblenouurbandistrict.com\/es\/el-museo-can-framis-y-el-institut-quatre-cantons-presentan-un-nuevo-proyecto-educativo\/#breadcrumb","itemListElement":[{"@type":"ListItem","position":1,"name":"Home","item":"https:\/\/poblenouurbandistrict.com\/es\/"},{"@type":"ListItem","position":2,"name":"El Museo Can Framis y el Institut Quatre Cantons presentan un nuevo proyecto educativo"}]},{"@type":"WebSite","@id":"https:\/\/poblenouurbandistrict.com\/es\/#website","url":"https:\/\/poblenouurbandistrict.com\/es\/","name":"Poblenou Urban District","description":"Comunidad Creativa","potentialAction":[{"@type":"SearchAction","target":{"@type":"EntryPoint","urlTemplate":"https:\/\/poblenouurbandistrict.com\/es\/?s={search_term_string}"},"query-input":{"@type":"PropertyValueSpecification","valueRequired":true,"valueName":"search_term_string"}}],"inLanguage":"es"},{"@type":"Person","@id":"https:\/\/poblenouurbandistrict.com\/#\/schema\/person\/980a2cf34b399d5218205730acd54a7e","name":"pnud","image":{"@type":"ImageObject","inLanguage":"es","@id":"https:\/\/secure.gravatar.com\/avatar\/67146597b405ee077a24e519f75c3e2031736596d6ce35af3a34c122c93d0d7b?s=96&d=retro&r=g","url":"https:\/\/secure.gravatar.com\/avatar\/67146597b405ee077a24e519f75c3e2031736596d6ce35af3a34c122c93d0d7b?s=96&d=retro&r=g","contentUrl":"https:\/\/secure.gravatar.com\/avatar\/67146597b405ee077a24e519f75c3e2031736596d6ce35af3a34c122c93d0d7b?s=96&d=retro&r=g","caption":"pnud"}}]}},"_links":{"self":[{"href":"https:\/\/poblenouurbandistrict.com\/es\/wp-json\/wp\/v2\/posts\/3193","targetHints":{"allow":["GET"]}}],"collection":[{"href":"https:\/\/poblenouurbandistrict.com\/es\/wp-json\/wp\/v2\/posts"}],"about":[{"href":"https:\/\/poblenouurbandistrict.com\/es\/wp-json\/wp\/v2\/types\/post"}],"author":[{"embeddable":true,"href":"https:\/\/poblenouurbandistrict.com\/es\/wp-json\/wp\/v2\/users\/5"}],"replies":[{"embeddable":true,"href":"https:\/\/poblenouurbandistrict.com\/es\/wp-json\/wp\/v2\/comments?post=3193"}],"version-history":[{"count":3,"href":"https:\/\/poblenouurbandistrict.com\/es\/wp-json\/wp\/v2\/posts\/3193\/revisions"}],"predecessor-version":[{"id":3197,"href":"https:\/\/poblenouurbandistrict.com\/es\/wp-json\/wp\/v2\/posts\/3193\/revisions\/3197"}],"wp:featuredmedia":[{"embeddable":true,"href":"https:\/\/poblenouurbandistrict.com\/es\/wp-json\/wp\/v2\/media\/3195"}],"wp:attachment":[{"href":"https:\/\/poblenouurbandistrict.com\/es\/wp-json\/wp\/v2\/media?parent=3193"}],"wp:term":[{"taxonomy":"category","embeddable":true,"href":"https:\/\/poblenouurbandistrict.com\/es\/wp-json\/wp\/v2\/categories?post=3193"},{"taxonomy":"post_tag","embeddable":true,"href":"https:\/\/poblenouurbandistrict.com\/es\/wp-json\/wp\/v2\/tags?post=3193"}],"curies":[{"name":"wp","href":"https:\/\/api.w.org\/{rel}","templated":true}]}}