{"id":33045,"date":"2022-07-21T10:07:38","date_gmt":"2022-07-21T08:07:38","guid":{"rendered":"https:\/\/poblenouurbandistrict.com\/?p=33045"},"modified":"2022-07-21T10:07:38","modified_gmt":"2022-07-21T08:07:38","slug":"mitrobcn-esdeveniments-unics-en-un-espai-multifuncional","status":"publish","type":"post","link":"https:\/\/poblenouurbandistrict.com\/es\/mitrobcn-esdeveniments-unics-en-un-espai-multifuncional\/","title":{"rendered":"MitroBCN, eventos \u00fanicos en un espacio multifuncional"},"content":{"rendered":"<p><span style=\"color: #000000;\">En febrero de 2020 naci\u00f3 <strong><a style=\"color: #000000;\" href=\"https:\/\/mitrobcn.com\/\">MitroBCN<\/a><\/strong>, un proyecto que busca ir m\u00e1s all\u00e1 con los espacios para pop up events, showrooms y alquiler de espacios para eventos.\u00a0<strong><a style=\"color: #000000;\" href=\"https:\/\/mitrobcn.com\/\">MITRO BCN<\/a><\/strong><strong>\u00a0presenta The Loft, a unique space for your events.<\/strong>\u00a0Un espacio concebido para ser multidisciplinar y multifuncional en la era de los eventos pop up y la b\u00fasqueda de la elegancia y la usabilidad para el valor de las marcas.<\/span><\/p>\n<p><span style=\"color: #000000;\">Situado en pleno centro del<strong> <a style=\"color: #000000;\" href=\"https:\/\/poblenouurbandistrict.com\/\" target=\"_blank\" rel=\"noopener\">Distrito Creativo de Barcelona<\/a>,<\/strong> MitroBCN es un espectacular loft multifuncional totalmente equipado, de 280m2 de superficie y arquitectura industrial; un espacio abierto, di\u00e1fano y lleno de luz natural, ideal para localizaciones, sesiones fotogr\u00e1ficas, show rooms, reuniones\u2026.<\/span><\/p>\n<p><span style=\"color: #000000;\">Los hermanos David y marcos tuvieron el reto de transformar, dar sentido y potenciar la esencia industrial de un imponente espacio vac\u00edo con el objetivo de convertirlo en un venue multifuncional y escenario ideal para la celebraci\u00f3n de cualquier tipo de evento.<\/span><\/p>\n<p><span style=\"color: #000000;\">Con esta transformaci\u00f3n aportaron la actitud y la pasi\u00f3n necesarias para imaginar un espacio vivo, integrador, abierto a nuevas miradas en el modo de acoger y complementar cada acto, cada celebraci\u00f3n.<\/span><\/p>\n<p><span style=\"color: #000000;\">Un espacio para reinventar tus reuniones ejecutivas, sesiones fotogr\u00e1ficas, rodajes, presentaciones de producto, ruedas de prensa, talleres, team buildings, exposiciones, showrooms\u2026<\/span><\/p>\n<p><span style=\"color: #000000;\">El proyecto de decoraci\u00f3n, realizado por Meritxell Rib\u00e9 (The Room Studio) potencia la luminosidad y amplitud propias de un espacio vers\u00e1til. Su capacidad de adaptaci\u00f3n permite combinar, ampliar y redistribuir con facilidad sus diferentes espacios para acoger todo tipo de eventos y celebraciones.<\/span><\/p>\n<p>&nbsp;<\/p>","protected":false},"excerpt":{"rendered":"<p>En febrero de 2020 naci\u00f3 MitroBCN, un proyecto que busca ir m\u00e1s all\u00e1 con los espacios para pop up events,&#8230; <a href=\"https:\/\/poblenouurbandistrict.com\/es\/mitrobcn-esdeveniments-unics-en-un-espai-multifuncional\/\">M\u00e1s  \u2192<\/a><\/p>\n","protected":false},"author":5,"featured_media":33046,"comment_status":"closed","ping_status":"closed","sticky":false,"template":"","format":"standard","meta":{"_acf_changed":false,"footnotes":""},"categories":[3571,3501,3363],"tags":[],"class_list":["post-33045","post","type-post","status-publish","format-standard","has-post-thumbnail","hentry","category-sostenibilitat","category-disseny","category-places"],"acf":[],"yoast_head":"<!-- This site is optimized with the Yoast SEO plugin v27.5 - https:\/\/yoast.com\/product\/yoast-seo-wordpress\/ -->\n<title>MitroBCN, eventos \u00fanicos en un espacio multifuncional<\/title>\n<meta name=\"description\" content=\"MitroBCN \u00e9s un espectacular loft multifuncional totalment equipat, de 280m2 de superf\u00edcie i arquitectura industrial; un espai obert, di\u00e0fan\" \/>\n<meta name=\"robots\" content=\"index, follow, max-snippet:-1, max-image-preview:large, max-video-preview:-1\" \/>\n<link rel=\"canonical\" href=\"https:\/\/poblenouurbandistrict.com\/es\/mitrobcn-esdeveniments-unics-en-un-espai-multifuncional\/\" \/>\n<meta property=\"og:locale\" content=\"es_ES\" \/>\n<meta property=\"og:type\" content=\"article\" \/>\n<meta property=\"og:title\" content=\"MitroBCN, eventos \u00fanicos en un espacio multifuncional\" \/>\n<meta property=\"og:description\" content=\"MitroBCN \u00e9s un espectacular loft multifuncional totalment equipat, de 280m2 de superf\u00edcie i arquitectura industrial; un espai obert, di\u00e0fan\" \/>\n<meta property=\"og:url\" content=\"https:\/\/poblenouurbandistrict.com\/es\/mitrobcn-esdeveniments-unics-en-un-espai-multifuncional\/\" \/>\n<meta property=\"og:site_name\" content=\"Poblenou Urban District\" \/>\n<meta property=\"article:published_time\" content=\"2022-07-21T08:07:38+00:00\" \/>\n<meta property=\"og:image\" content=\"https:\/\/poblenouurbandistrict.com\/wp-content\/uploads\/2022\/07\/mitrobcn-general-00.jpg\" \/>\n\t<meta property=\"og:image:width\" content=\"1280\" \/>\n\t<meta property=\"og:image:height\" content=\"853\" \/>\n\t<meta property=\"og:image:type\" content=\"image\/jpeg\" \/>\n<meta name=\"author\" content=\"pnud\" \/>\n<meta name=\"twitter:card\" content=\"summary_large_image\" \/>\n<meta name=\"twitter:label1\" content=\"Escrito por\" \/>\n\t<meta name=\"twitter:data1\" content=\"pnud\" \/>\n\t<meta name=\"twitter:label2\" content=\"Tiempo de lectura\" \/>\n\t<meta name=\"twitter:data2\" content=\"2 minutos\" \/>\n<script type=\"application\/ld+json\" class=\"yoast-schema-graph\">{\"@context\":\"https:\\\/\\\/schema.org\",\"@graph\":[{\"@type\":\"Article\",\"@id\":\"https:\\\/\\\/poblenouurbandistrict.com\\\/mitrobcn-esdeveniments-unics-en-un-espai-multifuncional\\\/#article\",\"isPartOf\":{\"@id\":\"https:\\\/\\\/poblenouurbandistrict.com\\\/mitrobcn-esdeveniments-unics-en-un-espai-multifuncional\\\/\"},\"author\":{\"name\":\"pnud\",\"@id\":\"https:\\\/\\\/poblenouurbandistrict.com\\\/#\\\/schema\\\/person\\\/980a2cf34b399d5218205730acd54a7e\"},\"headline\":\"MitroBCN, eventos \u00fanicos en un espacio multifuncional\",\"datePublished\":\"2022-07-21T08:07:38+00:00\",\"mainEntityOfPage\":{\"@id\":\"https:\\\/\\\/poblenouurbandistrict.com\\\/mitrobcn-esdeveniments-unics-en-un-espai-multifuncional\\\/\"},\"wordCount\":783,\"image\":{\"@id\":\"https:\\\/\\\/poblenouurbandistrict.com\\\/mitrobcn-esdeveniments-unics-en-un-espai-multifuncional\\\/#primaryimage\"},\"thumbnailUrl\":\"https:\\\/\\\/media.poblenouurbandistrict.com\\\/2022\\\/07\\\/25053540\\\/mitrobcn-general-00.jpg\",\"articleSection\":[\"Sostenibilidad\",\"Disseny\",\"Espacios\"],\"inLanguage\":\"es\"},{\"@type\":\"WebPage\",\"@id\":\"https:\\\/\\\/poblenouurbandistrict.com\\\/es\\\/mitrobcn-esdeveniments-unics-en-un-espai-multifuncional\\\/\",\"url\":\"https:\\\/\\\/poblenouurbandistrict.com\\\/es\\\/mitrobcn-esdeveniments-unics-en-un-espai-multifuncional\\\/\",\"name\":\"MitroBCN, eventos \u00fanicos en un espacio multifuncional\",\"isPartOf\":{\"@id\":\"https:\\\/\\\/poblenouurbandistrict.com\\\/es\\\/#website\"},\"primaryImageOfPage\":{\"@id\":\"https:\\\/\\\/poblenouurbandistrict.com\\\/es\\\/mitrobcn-esdeveniments-unics-en-un-espai-multifuncional\\\/#primaryimage\"},\"image\":{\"@id\":\"https:\\\/\\\/poblenouurbandistrict.com\\\/mitrobcn-esdeveniments-unics-en-un-espai-multifuncional\\\/#primaryimage\"},\"thumbnailUrl\":\"https:\\\/\\\/media.poblenouurbandistrict.com\\\/2022\\\/07\\\/25053540\\\/mitrobcn-general-00.jpg\",\"datePublished\":\"2022-07-21T08:07:38+00:00\",\"author\":{\"@id\":\"https:\\\/\\\/poblenouurbandistrict.com\\\/#\\\/schema\\\/person\\\/980a2cf34b399d5218205730acd54a7e\"},\"description\":\"MitroBCN \u00e9s un espectacular loft multifuncional totalment equipat, de 280m2 de superf\u00edcie i arquitectura industrial; un espai obert, di\u00e0fan\",\"breadcrumb\":{\"@id\":\"https:\\\/\\\/poblenouurbandistrict.com\\\/es\\\/mitrobcn-esdeveniments-unics-en-un-espai-multifuncional\\\/#breadcrumb\"},\"inLanguage\":\"es\",\"potentialAction\":[{\"@type\":\"ReadAction\",\"target\":[[\"https:\\\/\\\/poblenouurbandistrict.com\\\/es\\\/mitrobcn-esdeveniments-unics-en-un-espai-multifuncional\\\/\"]]}]},{\"@type\":\"ImageObject\",\"inLanguage\":\"es\",\"@id\":\"https:\\\/\\\/poblenouurbandistrict.com\\\/es\\\/mitrobcn-esdeveniments-unics-en-un-espai-multifuncional\\\/#primaryimage\",\"url\":\"https:\\\/\\\/media.poblenouurbandistrict.com\\\/2022\\\/07\\\/25053540\\\/mitrobcn-general-00.jpg\",\"contentUrl\":\"https:\\\/\\\/media.poblenouurbandistrict.com\\\/2022\\\/07\\\/25053540\\\/mitrobcn-general-00.jpg\",\"width\":1280,\"height\":853},{\"@type\":\"BreadcrumbList\",\"@id\":\"https:\\\/\\\/poblenouurbandistrict.com\\\/es\\\/mitrobcn-esdeveniments-unics-en-un-espai-multifuncional\\\/#breadcrumb\",\"itemListElement\":[{\"@type\":\"ListItem\",\"position\":1,\"name\":\"Home\",\"item\":\"https:\\\/\\\/poblenouurbandistrict.com\\\/es\\\/\"},{\"@type\":\"ListItem\",\"position\":2,\"name\":\"MitroBCN, esdeveniments \u00fanics en un espai multifuncional\"}]},{\"@type\":\"WebSite\",\"@id\":\"https:\\\/\\\/poblenouurbandistrict.com\\\/es\\\/#website\",\"url\":\"https:\\\/\\\/poblenouurbandistrict.com\\\/es\\\/\",\"name\":\"Poblenou Urban District\",\"description\":\"Comunidad Creativa\",\"potentialAction\":[{\"@type\":\"SearchAction\",\"target\":{\"@type\":\"EntryPoint\",\"urlTemplate\":\"https:\\\/\\\/poblenouurbandistrict.com\\\/es\\\/?s={search_term_string}\"},\"query-input\":{\"@type\":\"PropertyValueSpecification\",\"valueRequired\":true,\"valueName\":\"search_term_string\"}}],\"inLanguage\":\"es\"},{\"@type\":\"Person\",\"@id\":\"https:\\\/\\\/poblenouurbandistrict.com\\\/#\\\/schema\\\/person\\\/980a2cf34b399d5218205730acd54a7e\",\"name\":\"pnud\",\"image\":{\"@type\":\"ImageObject\",\"inLanguage\":\"es\",\"@id\":\"https:\\\/\\\/secure.gravatar.com\\\/avatar\\\/67146597b405ee077a24e519f75c3e2031736596d6ce35af3a34c122c93d0d7b?s=96&d=retro&r=g\",\"url\":\"https:\\\/\\\/secure.gravatar.com\\\/avatar\\\/67146597b405ee077a24e519f75c3e2031736596d6ce35af3a34c122c93d0d7b?s=96&d=retro&r=g\",\"contentUrl\":\"https:\\\/\\\/secure.gravatar.com\\\/avatar\\\/67146597b405ee077a24e519f75c3e2031736596d6ce35af3a34c122c93d0d7b?s=96&d=retro&r=g\",\"caption\":\"pnud\"}}]}<\/script>\n<!-- \/ Yoast SEO plugin. -->","yoast_head_json":{"title":"MitroBCN, eventos \u00fanicos en un espacio multifuncional","description":"MitroBCN \u00e9s un espectacular loft multifuncional totalment equipat, de 280m2 de superf\u00edcie i arquitectura industrial; un espai obert, di\u00e0fan","robots":{"index":"index","follow":"follow","max-snippet":"max-snippet:-1","max-image-preview":"max-image-preview:large","max-video-preview":"max-video-preview:-1"},"canonical":"https:\/\/poblenouurbandistrict.com\/es\/mitrobcn-esdeveniments-unics-en-un-espai-multifuncional\/","og_locale":"es_ES","og_type":"article","og_title":"MitroBCN, eventos \u00fanicos en un espacio multifuncional","og_description":"MitroBCN \u00e9s un espectacular loft multifuncional totalment equipat, de 280m2 de superf\u00edcie i arquitectura industrial; un espai obert, di\u00e0fan","og_url":"https:\/\/poblenouurbandistrict.com\/es\/mitrobcn-esdeveniments-unics-en-un-espai-multifuncional\/","og_site_name":"Poblenou Urban District","article_published_time":"2022-07-21T08:07:38+00:00","og_image":[{"width":1280,"height":853,"url":"https:\/\/poblenouurbandistrict.com\/wp-content\/uploads\/2022\/07\/mitrobcn-general-00.jpg","type":"image\/jpeg"}],"author":"pnud","twitter_card":"summary_large_image","twitter_misc":{"Escrito por":"pnud","Tiempo de lectura":"2 minutos"},"schema":{"@context":"https:\/\/schema.org","@graph":[{"@type":"Article","@id":"https:\/\/poblenouurbandistrict.com\/mitrobcn-esdeveniments-unics-en-un-espai-multifuncional\/#article","isPartOf":{"@id":"https:\/\/poblenouurbandistrict.com\/mitrobcn-esdeveniments-unics-en-un-espai-multifuncional\/"},"author":{"name":"pnud","@id":"https:\/\/poblenouurbandistrict.com\/#\/schema\/person\/980a2cf34b399d5218205730acd54a7e"},"headline":"MitroBCN, eventos \u00fanicos en un espacio multifuncional","datePublished":"2022-07-21T08:07:38+00:00","mainEntityOfPage":{"@id":"https:\/\/poblenouurbandistrict.com\/mitrobcn-esdeveniments-unics-en-un-espai-multifuncional\/"},"wordCount":783,"image":{"@id":"https:\/\/poblenouurbandistrict.com\/mitrobcn-esdeveniments-unics-en-un-espai-multifuncional\/#primaryimage"},"thumbnailUrl":"https:\/\/media.poblenouurbandistrict.com\/2022\/07\/25053540\/mitrobcn-general-00.jpg","articleSection":["Sostenibilidad","Disseny","Espacios"],"inLanguage":"es"},{"@type":"WebPage","@id":"https:\/\/poblenouurbandistrict.com\/es\/mitrobcn-esdeveniments-unics-en-un-espai-multifuncional\/","url":"https:\/\/poblenouurbandistrict.com\/es\/mitrobcn-esdeveniments-unics-en-un-espai-multifuncional\/","name":"MitroBCN, eventos \u00fanicos en un espacio multifuncional","isPartOf":{"@id":"https:\/\/poblenouurbandistrict.com\/es\/#website"},"primaryImageOfPage":{"@id":"https:\/\/poblenouurbandistrict.com\/es\/mitrobcn-esdeveniments-unics-en-un-espai-multifuncional\/#primaryimage"},"image":{"@id":"https:\/\/poblenouurbandistrict.com\/mitrobcn-esdeveniments-unics-en-un-espai-multifuncional\/#primaryimage"},"thumbnailUrl":"https:\/\/media.poblenouurbandistrict.com\/2022\/07\/25053540\/mitrobcn-general-00.jpg","datePublished":"2022-07-21T08:07:38+00:00","author":{"@id":"https:\/\/poblenouurbandistrict.com\/#\/schema\/person\/980a2cf34b399d5218205730acd54a7e"},"description":"MitroBCN \u00e9s un espectacular loft multifuncional totalment equipat, de 280m2 de superf\u00edcie i arquitectura industrial; un espai obert, di\u00e0fan","breadcrumb":{"@id":"https:\/\/poblenouurbandistrict.com\/es\/mitrobcn-esdeveniments-unics-en-un-espai-multifuncional\/#breadcrumb"},"inLanguage":"es","potentialAction":[{"@type":"ReadAction","target":[["https:\/\/poblenouurbandistrict.com\/es\/mitrobcn-esdeveniments-unics-en-un-espai-multifuncional\/"]]}]},{"@type":"ImageObject","inLanguage":"es","@id":"https:\/\/poblenouurbandistrict.com\/es\/mitrobcn-esdeveniments-unics-en-un-espai-multifuncional\/#primaryimage","url":"https:\/\/media.poblenouurbandistrict.com\/2022\/07\/25053540\/mitrobcn-general-00.jpg","contentUrl":"https:\/\/media.poblenouurbandistrict.com\/2022\/07\/25053540\/mitrobcn-general-00.jpg","width":1280,"height":853},{"@type":"BreadcrumbList","@id":"https:\/\/poblenouurbandistrict.com\/es\/mitrobcn-esdeveniments-unics-en-un-espai-multifuncional\/#breadcrumb","itemListElement":[{"@type":"ListItem","position":1,"name":"Home","item":"https:\/\/poblenouurbandistrict.com\/es\/"},{"@type":"ListItem","position":2,"name":"MitroBCN, esdeveniments \u00fanics en un espai multifuncional"}]},{"@type":"WebSite","@id":"https:\/\/poblenouurbandistrict.com\/es\/#website","url":"https:\/\/poblenouurbandistrict.com\/es\/","name":"Poblenou Urban District","description":"Comunidad Creativa","potentialAction":[{"@type":"SearchAction","target":{"@type":"EntryPoint","urlTemplate":"https:\/\/poblenouurbandistrict.com\/es\/?s={search_term_string}"},"query-input":{"@type":"PropertyValueSpecification","valueRequired":true,"valueName":"search_term_string"}}],"inLanguage":"es"},{"@type":"Person","@id":"https:\/\/poblenouurbandistrict.com\/#\/schema\/person\/980a2cf34b399d5218205730acd54a7e","name":"pnud","image":{"@type":"ImageObject","inLanguage":"es","@id":"https:\/\/secure.gravatar.com\/avatar\/67146597b405ee077a24e519f75c3e2031736596d6ce35af3a34c122c93d0d7b?s=96&d=retro&r=g","url":"https:\/\/secure.gravatar.com\/avatar\/67146597b405ee077a24e519f75c3e2031736596d6ce35af3a34c122c93d0d7b?s=96&d=retro&r=g","contentUrl":"https:\/\/secure.gravatar.com\/avatar\/67146597b405ee077a24e519f75c3e2031736596d6ce35af3a34c122c93d0d7b?s=96&d=retro&r=g","caption":"pnud"}}]}},"_links":{"self":[{"href":"https:\/\/poblenouurbandistrict.com\/es\/wp-json\/wp\/v2\/posts\/33045","targetHints":{"allow":["GET"]}}],"collection":[{"href":"https:\/\/poblenouurbandistrict.com\/es\/wp-json\/wp\/v2\/posts"}],"about":[{"href":"https:\/\/poblenouurbandistrict.com\/es\/wp-json\/wp\/v2\/types\/post"}],"author":[{"embeddable":true,"href":"https:\/\/poblenouurbandistrict.com\/es\/wp-json\/wp\/v2\/users\/5"}],"replies":[{"embeddable":true,"href":"https:\/\/poblenouurbandistrict.com\/es\/wp-json\/wp\/v2\/comments?post=33045"}],"version-history":[{"count":2,"href":"https:\/\/poblenouurbandistrict.com\/es\/wp-json\/wp\/v2\/posts\/33045\/revisions"}],"predecessor-version":[{"id":33056,"href":"https:\/\/poblenouurbandistrict.com\/es\/wp-json\/wp\/v2\/posts\/33045\/revisions\/33056"}],"wp:featuredmedia":[{"embeddable":true,"href":"https:\/\/poblenouurbandistrict.com\/es\/wp-json\/wp\/v2\/media\/33046"}],"wp:attachment":[{"href":"https:\/\/poblenouurbandistrict.com\/es\/wp-json\/wp\/v2\/media?parent=33045"}],"wp:term":[{"taxonomy":"category","embeddable":true,"href":"https:\/\/poblenouurbandistrict.com\/es\/wp-json\/wp\/v2\/categories?post=33045"},{"taxonomy":"post_tag","embeddable":true,"href":"https:\/\/poblenouurbandistrict.com\/es\/wp-json\/wp\/v2\/tags?post=33045"}],"curies":[{"name":"wp","href":"https:\/\/api.w.org\/{rel}","templated":true}]}}