{"id":33223,"date":"2022-07-28T10:54:50","date_gmt":"2022-07-28T08:54:50","guid":{"rendered":"https:\/\/poblenouurbandistrict.com\/?p=33223"},"modified":"2022-07-28T10:54:50","modified_gmt":"2022-07-28T08:54:50","slug":"tot-cor-la-nova-exposicio-del-disseny-hub","status":"publish","type":"post","link":"https:\/\/poblenouurbandistrict.com\/es\/tot-cor-la-nova-exposicio-del-disseny-hub\/","title":{"rendered":"&#8217;Tot Cor&#8217;, la nueva exposici\u00f3n del Disseny Hub"},"content":{"rendered":"<p>Del\u00a0<strong>4 de agosto al 18 de septiembre<\/strong>\u00a0el <a href=\"https:\/\/ajuntament.barcelona.cat\/dissenyhub\/es\" target=\"_blank\" rel=\"noopener\">Disseny Hub Barcelona<\/a> presenta por primera vez la colecci\u00f3n completa de &#8216;Tot Cor\u2019, un proyecto art\u00edstico, colaborativo y solidario que apela a la generosidad y a los buenos sentimientos.<\/p>\n<p>La muestra parte del jarr\u00f3n &#8216;Cor&#8217; dise\u00f1ado por la artista y comisaria de la exposici\u00f3n,\u00a0<strong>Pepa Reverter<\/strong>, para reivindicar los valores fundamentales que constituyen la riqueza del ser humano: amor, bondad, humanidad, \u00e9tica, respeto, generosidad y fraternidad.<\/p>\n<p>A partir de esta pieza original de color rojo fabricada en cer\u00e1mica de manera artesanal y que forma parte de la colecci\u00f3n del Museu del Disseny de Barcelona, una serie de creadores de diferentes procedencias y estilos que representan la gran diversidad cultural que nos rodea han elaborado su pieza para crear una gran familia de coros. As\u00ed, &#8216;<strong>Tot Cor. Arte, dise\u00f1o y artesan\u00eda hablan de amor<\/strong>&#8216; incluye hasta 24 obras de los artistas y dise\u00f1adores\u00a0<strong>Juli Capella, Lolita Cort\u00e9s, Rosa Cortiella, los d\u00edez, Meritxell Duran, Catalina Estrada, Jaime Hayon, Javirroyo, Miralda, Marre Moerel, Sergio Mora, L\u00e1zaro Rosa-Viol\u00e0, Anna Ruiz, Jordi Torres y Ram\u00f3n \u00dabeda<\/strong>.\u00a0Todas las piezas han sido realizadas artesanalmente en Barcelona, en el taller de Jos\u00e9 Antonio G\u00f3mez G\u00f3mez, y con la profesionalidad matricera de Claudio de Jos\u00e9 Gomar.<\/p>\n<p>En el futuro se sumar\u00e1n otros autores a este proyecto donde tambi\u00e9n colaboran fot\u00f3grafos como\u00a0<strong>Eugeni Juncosa, Sara Cuadrado, Marcela Grassi, Carlos Iglesias, Mat\u00edas P\u00e9rez Llera, Rafael Vargas y Dayron Vera, as\u00ed como los estilistas florales Flowers by Bornay, Madrid Flowers School, Itzi Guridi, Manuela Sosa de Gang and the wool y Horta de la Viola<\/strong>.<\/p>\n<p>Tal y como explica la comisaria de la muestra, Pepa Reverter,\u00a0<i>\u00abla silueta del coraz\u00f3n es un s\u00edmbolo universal, presente en muchas culturas, y recurrimos a ella cuando queremos compartir y exteriorizar sentimientos\u00bb<\/i>. Y a\u00f1ade:\u00a0<i>\u00abhemos materializado el coraz\u00f3n como un objeto ic\u00f3nico, que aparentemente tiene la simple funci\u00f3n de un jarro para convertirlo en la base de un proyecto art\u00edstico. Eso es lo merecido del arte, que puede convertir algo que es abstracto, como un sentimiento, en algo formal para darle visibilidad y cargarlo de significado\u00bb.<\/i><\/p>\n<p>Pepa Reverter ha dise\u00f1ado este jarr\u00f3n como manifiesto con la idea de enviar un mensaje colectivo de esperanza y con la intenci\u00f3n de hacer crecer el proyecto. \u00a0El objetivo es que en el futuro adquiera otras dimensiones y formatos donde se pueda seguir hablando del amor y los buenos sentimientos con creatividad y a trav\u00e9s del dise\u00f1o.<\/p>\n<p>&nbsp;<\/p>\n<p><strong>Un proyecto solidario con las personas afectadas de ELA<\/strong><\/p>\n<p>Una parte importante del proyecto &#8216;Todo Coraz\u00f3n&#8217; es la solidaridad con las personas que padecen enfermedades incurables que son invisibles para una gran parte de la sociedad. Por ello, todas las piezas de la colecci\u00f3n se comercializan y una parte de los beneficios que generen las ventas se destinar\u00e1 a la Fundaci\u00f3n Miquel Valls.<\/p>\n<p>Se trata de una entidad privada y sin \u00e1nimo de lucro, pionera en el Estado espa\u00f1ol, que trabaja para mejorar la calidad de vida de las personas afectadas de\u00a0<strong>ELA (Esclerosis Lateral Amiotr\u00f3fica)<\/strong>\u00a0y de otras enfermedades de las motoneuronas, que generan un gran sufrimiento tanto para las personas que las sufren como para las que lo han vivido de cerca. Este es el caso de la creadora de la muestra, Pepa Reverter que conoci\u00f3 la ELA de muy cerca con su madre, Paquita Sancho, motor de este proyecto que pretende poner en valor a la gente amable, generosa y ejemplar.<\/p>","protected":false},"excerpt":{"rendered":"<p>Del\u00a04 de agosto al 18 de septiembre\u00a0el Disseny Hub Barcelona presenta por primera vez la colecci\u00f3n completa de &#8216;Tot Cor\u2019,&#8230; <a href=\"https:\/\/poblenouurbandistrict.com\/es\/tot-cor-la-nova-exposicio-del-disseny-hub\/\">M\u00e1s  \u2192<\/a><\/p>\n","protected":false},"author":5,"featured_media":33225,"comment_status":"closed","ping_status":"closed","sticky":false,"template":"","format":"standard","meta":{"_acf_changed":false,"footnotes":""},"categories":[3532,3501,3363,3342],"tags":[],"class_list":["post-33223","post","type-post","status-publish","format-standard","has-post-thumbnail","hentry","category-disseny-hub-barcelona","category-disseny","category-places","category-art"],"acf":[],"yoast_head":"<!-- This site is optimized with the Yoast SEO plugin v27.5 - https:\/\/yoast.com\/product\/yoast-seo-wordpress\/ -->\n<title>&#039;Tot Cor&#039;, la nueva exposici\u00f3n del Disseny Hub &#8211; Poblenou Urban District<\/title>\n<meta name=\"description\" content=\"Del\u00a04 d&#039;agost al 18 de setembre\u00a0el Disseny Hub Barcelona presenta\u00a0per primera vegada\u00a0la\u00a0col\u00b7lecci\u00f3 completa\u00a0de\u00a0&#039;Tot Cor&#039;.\" \/>\n<meta name=\"robots\" content=\"index, follow, max-snippet:-1, max-image-preview:large, max-video-preview:-1\" \/>\n<link rel=\"canonical\" href=\"https:\/\/poblenouurbandistrict.com\/es\/tot-cor-la-nova-exposicio-del-disseny-hub\/\" \/>\n<meta property=\"og:locale\" content=\"es_ES\" \/>\n<meta property=\"og:type\" content=\"article\" \/>\n<meta property=\"og:title\" content=\"&#039;Tot Cor&#039;, la nueva exposici\u00f3n del Disseny Hub &#8211; Poblenou Urban District\" \/>\n<meta property=\"og:description\" content=\"Del\u00a04 d&#039;agost al 18 de setembre\u00a0el Disseny Hub Barcelona presenta\u00a0per primera vegada\u00a0la\u00a0col\u00b7lecci\u00f3 completa\u00a0de\u00a0&#039;Tot Cor&#039;.\" \/>\n<meta property=\"og:url\" content=\"https:\/\/poblenouurbandistrict.com\/es\/tot-cor-la-nova-exposicio-del-disseny-hub\/\" \/>\n<meta property=\"og:site_name\" content=\"Poblenou Urban District\" \/>\n<meta property=\"article:published_time\" content=\"2022-07-28T08:54:50+00:00\" \/>\n<meta property=\"og:image\" content=\"https:\/\/poblenouurbandistrict.com\/wp-content\/uploads\/2022\/07\/inside-out-4.jpg\" \/>\n\t<meta property=\"og:image:width\" content=\"1500\" \/>\n\t<meta property=\"og:image:height\" content=\"1000\" \/>\n\t<meta property=\"og:image:type\" content=\"image\/png\" \/>\n<meta name=\"author\" content=\"pnud\" \/>\n<meta name=\"twitter:card\" content=\"summary_large_image\" \/>\n<meta name=\"twitter:label1\" content=\"Escrito por\" \/>\n\t<meta name=\"twitter:data1\" content=\"pnud\" \/>\n\t<meta name=\"twitter:label2\" content=\"Tiempo de lectura\" \/>\n\t<meta name=\"twitter:data2\" content=\"4 minutos\" \/>\n<script type=\"application\/ld+json\" class=\"yoast-schema-graph\">{\"@context\":\"https:\\\/\\\/schema.org\",\"@graph\":[{\"@type\":\"Article\",\"@id\":\"https:\\\/\\\/poblenouurbandistrict.com\\\/tot-cor-la-nova-exposicio-del-disseny-hub\\\/#article\",\"isPartOf\":{\"@id\":\"https:\\\/\\\/poblenouurbandistrict.com\\\/tot-cor-la-nova-exposicio-del-disseny-hub\\\/\"},\"author\":{\"name\":\"pnud\",\"@id\":\"https:\\\/\\\/poblenouurbandistrict.com\\\/#\\\/schema\\\/person\\\/980a2cf34b399d5218205730acd54a7e\"},\"headline\":\"&#8217;Tot Cor&#8217;, la nueva exposici\u00f3n del Disseny Hub\",\"datePublished\":\"2022-07-28T08:54:50+00:00\",\"mainEntityOfPage\":{\"@id\":\"https:\\\/\\\/poblenouurbandistrict.com\\\/tot-cor-la-nova-exposicio-del-disseny-hub\\\/\"},\"wordCount\":1823,\"image\":{\"@id\":\"https:\\\/\\\/poblenouurbandistrict.com\\\/tot-cor-la-nova-exposicio-del-disseny-hub\\\/#primaryimage\"},\"thumbnailUrl\":\"https:\\\/\\\/poblenouurbandistrict.com\\\/wp-content\\\/uploads\\\/2022\\\/07\\\/inside-out-4.jpg\",\"articleSection\":[\"Disseny Hub Barcelona\",\"Disseny\",\"Espacios\",\"Arte\"],\"inLanguage\":\"es\"},{\"@type\":\"WebPage\",\"@id\":\"https:\\\/\\\/poblenouurbandistrict.com\\\/es\\\/tot-cor-la-nova-exposicio-del-disseny-hub\\\/\",\"url\":\"https:\\\/\\\/poblenouurbandistrict.com\\\/es\\\/tot-cor-la-nova-exposicio-del-disseny-hub\\\/\",\"name\":\"'Tot Cor', la nueva exposici\u00f3n del Disseny Hub &#8211; Poblenou Urban District\",\"isPartOf\":{\"@id\":\"https:\\\/\\\/poblenouurbandistrict.com\\\/es\\\/#website\"},\"primaryImageOfPage\":{\"@id\":\"https:\\\/\\\/poblenouurbandistrict.com\\\/es\\\/tot-cor-la-nova-exposicio-del-disseny-hub\\\/#primaryimage\"},\"image\":{\"@id\":\"https:\\\/\\\/poblenouurbandistrict.com\\\/tot-cor-la-nova-exposicio-del-disseny-hub\\\/#primaryimage\"},\"thumbnailUrl\":\"https:\\\/\\\/poblenouurbandistrict.com\\\/wp-content\\\/uploads\\\/2022\\\/07\\\/inside-out-4.jpg\",\"datePublished\":\"2022-07-28T08:54:50+00:00\",\"author\":{\"@id\":\"https:\\\/\\\/poblenouurbandistrict.com\\\/#\\\/schema\\\/person\\\/980a2cf34b399d5218205730acd54a7e\"},\"description\":\"Del\u00a04 d'agost al 18 de setembre\u00a0el Disseny Hub Barcelona presenta\u00a0per primera vegada\u00a0la\u00a0col\u00b7lecci\u00f3 completa\u00a0de\u00a0'Tot Cor'.\",\"breadcrumb\":{\"@id\":\"https:\\\/\\\/poblenouurbandistrict.com\\\/es\\\/tot-cor-la-nova-exposicio-del-disseny-hub\\\/#breadcrumb\"},\"inLanguage\":\"es\",\"potentialAction\":[{\"@type\":\"ReadAction\",\"target\":[[\"https:\\\/\\\/poblenouurbandistrict.com\\\/es\\\/tot-cor-la-nova-exposicio-del-disseny-hub\\\/\"]]}]},{\"@type\":\"ImageObject\",\"inLanguage\":\"es\",\"@id\":\"https:\\\/\\\/poblenouurbandistrict.com\\\/es\\\/tot-cor-la-nova-exposicio-del-disseny-hub\\\/#primaryimage\",\"url\":\"https:\\\/\\\/poblenouurbandistrict.com\\\/wp-content\\\/uploads\\\/2022\\\/07\\\/inside-out-4.jpg\",\"contentUrl\":\"https:\\\/\\\/poblenouurbandistrict.com\\\/wp-content\\\/uploads\\\/2022\\\/07\\\/inside-out-4.jpg\",\"width\":1500,\"height\":1000},{\"@type\":\"BreadcrumbList\",\"@id\":\"https:\\\/\\\/poblenouurbandistrict.com\\\/es\\\/tot-cor-la-nova-exposicio-del-disseny-hub\\\/#breadcrumb\",\"itemListElement\":[{\"@type\":\"ListItem\",\"position\":1,\"name\":\"Home\",\"item\":\"https:\\\/\\\/poblenouurbandistrict.com\\\/es\\\/\"},{\"@type\":\"ListItem\",\"position\":2,\"name\":\"&#8216;Tot Cor&#8217;, la nova exposici\u00f3 del Disseny Hub\"}]},{\"@type\":\"WebSite\",\"@id\":\"https:\\\/\\\/poblenouurbandistrict.com\\\/es\\\/#website\",\"url\":\"https:\\\/\\\/poblenouurbandistrict.com\\\/es\\\/\",\"name\":\"Poblenou Urban District\",\"description\":\"Comunidad Creativa\",\"potentialAction\":[{\"@type\":\"SearchAction\",\"target\":{\"@type\":\"EntryPoint\",\"urlTemplate\":\"https:\\\/\\\/poblenouurbandistrict.com\\\/es\\\/?s={search_term_string}\"},\"query-input\":{\"@type\":\"PropertyValueSpecification\",\"valueRequired\":true,\"valueName\":\"search_term_string\"}}],\"inLanguage\":\"es\"},{\"@type\":\"Person\",\"@id\":\"https:\\\/\\\/poblenouurbandistrict.com\\\/#\\\/schema\\\/person\\\/980a2cf34b399d5218205730acd54a7e\",\"name\":\"pnud\",\"image\":{\"@type\":\"ImageObject\",\"inLanguage\":\"es\",\"@id\":\"https:\\\/\\\/secure.gravatar.com\\\/avatar\\\/67146597b405ee077a24e519f75c3e2031736596d6ce35af3a34c122c93d0d7b?s=96&d=retro&r=g\",\"url\":\"https:\\\/\\\/secure.gravatar.com\\\/avatar\\\/67146597b405ee077a24e519f75c3e2031736596d6ce35af3a34c122c93d0d7b?s=96&d=retro&r=g\",\"contentUrl\":\"https:\\\/\\\/secure.gravatar.com\\\/avatar\\\/67146597b405ee077a24e519f75c3e2031736596d6ce35af3a34c122c93d0d7b?s=96&d=retro&r=g\",\"caption\":\"pnud\"}}]}<\/script>\n<!-- \/ Yoast SEO plugin. -->","yoast_head_json":{"title":"'Tot Cor', la nueva exposici\u00f3n del Disseny Hub &#8211; Poblenou Urban District","description":"Del\u00a04 d'agost al 18 de setembre\u00a0el Disseny Hub Barcelona presenta\u00a0per primera vegada\u00a0la\u00a0col\u00b7lecci\u00f3 completa\u00a0de\u00a0'Tot Cor'.","robots":{"index":"index","follow":"follow","max-snippet":"max-snippet:-1","max-image-preview":"max-image-preview:large","max-video-preview":"max-video-preview:-1"},"canonical":"https:\/\/poblenouurbandistrict.com\/es\/tot-cor-la-nova-exposicio-del-disseny-hub\/","og_locale":"es_ES","og_type":"article","og_title":"'Tot Cor', la nueva exposici\u00f3n del Disseny Hub &#8211; Poblenou Urban District","og_description":"Del\u00a04 d'agost al 18 de setembre\u00a0el Disseny Hub Barcelona presenta\u00a0per primera vegada\u00a0la\u00a0col\u00b7lecci\u00f3 completa\u00a0de\u00a0'Tot Cor'.","og_url":"https:\/\/poblenouurbandistrict.com\/es\/tot-cor-la-nova-exposicio-del-disseny-hub\/","og_site_name":"Poblenou Urban District","article_published_time":"2022-07-28T08:54:50+00:00","og_image":[{"width":1500,"height":1000,"url":"https:\/\/poblenouurbandistrict.com\/wp-content\/uploads\/2022\/07\/inside-out-4.jpg","type":"image\/png"}],"author":"pnud","twitter_card":"summary_large_image","twitter_misc":{"Escrito por":"pnud","Tiempo de lectura":"4 minutos"},"schema":{"@context":"https:\/\/schema.org","@graph":[{"@type":"Article","@id":"https:\/\/poblenouurbandistrict.com\/tot-cor-la-nova-exposicio-del-disseny-hub\/#article","isPartOf":{"@id":"https:\/\/poblenouurbandistrict.com\/tot-cor-la-nova-exposicio-del-disseny-hub\/"},"author":{"name":"pnud","@id":"https:\/\/poblenouurbandistrict.com\/#\/schema\/person\/980a2cf34b399d5218205730acd54a7e"},"headline":"&#8217;Tot Cor&#8217;, la nueva exposici\u00f3n del Disseny Hub","datePublished":"2022-07-28T08:54:50+00:00","mainEntityOfPage":{"@id":"https:\/\/poblenouurbandistrict.com\/tot-cor-la-nova-exposicio-del-disseny-hub\/"},"wordCount":1823,"image":{"@id":"https:\/\/poblenouurbandistrict.com\/tot-cor-la-nova-exposicio-del-disseny-hub\/#primaryimage"},"thumbnailUrl":"https:\/\/poblenouurbandistrict.com\/wp-content\/uploads\/2022\/07\/inside-out-4.jpg","articleSection":["Disseny Hub Barcelona","Disseny","Espacios","Arte"],"inLanguage":"es"},{"@type":"WebPage","@id":"https:\/\/poblenouurbandistrict.com\/es\/tot-cor-la-nova-exposicio-del-disseny-hub\/","url":"https:\/\/poblenouurbandistrict.com\/es\/tot-cor-la-nova-exposicio-del-disseny-hub\/","name":"'Tot Cor', la nueva exposici\u00f3n del Disseny Hub &#8211; Poblenou Urban District","isPartOf":{"@id":"https:\/\/poblenouurbandistrict.com\/es\/#website"},"primaryImageOfPage":{"@id":"https:\/\/poblenouurbandistrict.com\/es\/tot-cor-la-nova-exposicio-del-disseny-hub\/#primaryimage"},"image":{"@id":"https:\/\/poblenouurbandistrict.com\/tot-cor-la-nova-exposicio-del-disseny-hub\/#primaryimage"},"thumbnailUrl":"https:\/\/poblenouurbandistrict.com\/wp-content\/uploads\/2022\/07\/inside-out-4.jpg","datePublished":"2022-07-28T08:54:50+00:00","author":{"@id":"https:\/\/poblenouurbandistrict.com\/#\/schema\/person\/980a2cf34b399d5218205730acd54a7e"},"description":"Del\u00a04 d'agost al 18 de setembre\u00a0el Disseny Hub Barcelona presenta\u00a0per primera vegada\u00a0la\u00a0col\u00b7lecci\u00f3 completa\u00a0de\u00a0'Tot Cor'.","breadcrumb":{"@id":"https:\/\/poblenouurbandistrict.com\/es\/tot-cor-la-nova-exposicio-del-disseny-hub\/#breadcrumb"},"inLanguage":"es","potentialAction":[{"@type":"ReadAction","target":[["https:\/\/poblenouurbandistrict.com\/es\/tot-cor-la-nova-exposicio-del-disseny-hub\/"]]}]},{"@type":"ImageObject","inLanguage":"es","@id":"https:\/\/poblenouurbandistrict.com\/es\/tot-cor-la-nova-exposicio-del-disseny-hub\/#primaryimage","url":"https:\/\/poblenouurbandistrict.com\/wp-content\/uploads\/2022\/07\/inside-out-4.jpg","contentUrl":"https:\/\/poblenouurbandistrict.com\/wp-content\/uploads\/2022\/07\/inside-out-4.jpg","width":1500,"height":1000},{"@type":"BreadcrumbList","@id":"https:\/\/poblenouurbandistrict.com\/es\/tot-cor-la-nova-exposicio-del-disseny-hub\/#breadcrumb","itemListElement":[{"@type":"ListItem","position":1,"name":"Home","item":"https:\/\/poblenouurbandistrict.com\/es\/"},{"@type":"ListItem","position":2,"name":"&#8216;Tot Cor&#8217;, la nova exposici\u00f3 del Disseny Hub"}]},{"@type":"WebSite","@id":"https:\/\/poblenouurbandistrict.com\/es\/#website","url":"https:\/\/poblenouurbandistrict.com\/es\/","name":"Poblenou Urban District","description":"Comunidad Creativa","potentialAction":[{"@type":"SearchAction","target":{"@type":"EntryPoint","urlTemplate":"https:\/\/poblenouurbandistrict.com\/es\/?s={search_term_string}"},"query-input":{"@type":"PropertyValueSpecification","valueRequired":true,"valueName":"search_term_string"}}],"inLanguage":"es"},{"@type":"Person","@id":"https:\/\/poblenouurbandistrict.com\/#\/schema\/person\/980a2cf34b399d5218205730acd54a7e","name":"pnud","image":{"@type":"ImageObject","inLanguage":"es","@id":"https:\/\/secure.gravatar.com\/avatar\/67146597b405ee077a24e519f75c3e2031736596d6ce35af3a34c122c93d0d7b?s=96&d=retro&r=g","url":"https:\/\/secure.gravatar.com\/avatar\/67146597b405ee077a24e519f75c3e2031736596d6ce35af3a34c122c93d0d7b?s=96&d=retro&r=g","contentUrl":"https:\/\/secure.gravatar.com\/avatar\/67146597b405ee077a24e519f75c3e2031736596d6ce35af3a34c122c93d0d7b?s=96&d=retro&r=g","caption":"pnud"}}]}},"_links":{"self":[{"href":"https:\/\/poblenouurbandistrict.com\/es\/wp-json\/wp\/v2\/posts\/33223","targetHints":{"allow":["GET"]}}],"collection":[{"href":"https:\/\/poblenouurbandistrict.com\/es\/wp-json\/wp\/v2\/posts"}],"about":[{"href":"https:\/\/poblenouurbandistrict.com\/es\/wp-json\/wp\/v2\/types\/post"}],"author":[{"embeddable":true,"href":"https:\/\/poblenouurbandistrict.com\/es\/wp-json\/wp\/v2\/users\/5"}],"replies":[{"embeddable":true,"href":"https:\/\/poblenouurbandistrict.com\/es\/wp-json\/wp\/v2\/comments?post=33223"}],"version-history":[{"count":4,"href":"https:\/\/poblenouurbandistrict.com\/es\/wp-json\/wp\/v2\/posts\/33223\/revisions"}],"predecessor-version":[{"id":33237,"href":"https:\/\/poblenouurbandistrict.com\/es\/wp-json\/wp\/v2\/posts\/33223\/revisions\/33237"}],"wp:featuredmedia":[{"embeddable":true,"href":"https:\/\/poblenouurbandistrict.com\/es\/wp-json\/wp\/v2\/media\/33225"}],"wp:attachment":[{"href":"https:\/\/poblenouurbandistrict.com\/es\/wp-json\/wp\/v2\/media?parent=33223"}],"wp:term":[{"taxonomy":"category","embeddable":true,"href":"https:\/\/poblenouurbandistrict.com\/es\/wp-json\/wp\/v2\/categories?post=33223"},{"taxonomy":"post_tag","embeddable":true,"href":"https:\/\/poblenouurbandistrict.com\/es\/wp-json\/wp\/v2\/tags?post=33223"}],"curies":[{"name":"wp","href":"https:\/\/api.w.org\/{rel}","templated":true}]}}