{"id":34511,"date":"2022-11-09T12:50:18","date_gmt":"2022-11-09T11:50:18","guid":{"rendered":"https:\/\/poblenouurbandistrict.com\/?p=34511"},"modified":"2022-11-09T12:50:54","modified_gmt":"2022-11-09T11:50:54","slug":"et-vas-perdre-les-ultimes-urban-talks-del-2022","status":"publish","type":"post","link":"https:\/\/poblenouurbandistrict.com\/es\/et-vas-perdre-les-ultimes-urban-talks-del-2022\/","title":{"rendered":"\u00bfTe perdiste las \u00faltimas Urban Talks de 2022?"},"content":{"rendered":"<p>El cinco de noviembre pasado tuvo lugar la quinta edici\u00f3n de las Urban Talks, un ciclo de charlas itinerantes que tienen como objetivo abrir un debate con la ciudadan\u00eda sobre la cultura y la creatividad en relaci\u00f3n con la cultura y con el entorno urbano.<\/p>\n<p>En esta ocasi\u00f3n el encuentro transcurri\u00f3 hacia su eje habitual con temas que buscaron cartografiar los elementos clave sobre los l\u00edmites espaciales de la cultura, de lo que queda fuera de los muros y a\u00fan est\u00e1 por definir; revisando la figura del <em>curador,<\/em> analizando el espacio postmedi\u00e1tico y dialogante sobre la descentralizaci\u00f3n de las nuevas criptocooperativas del arte.<\/p>\n<p>La jornada comenz\u00f3 en el auditorio del Dise\u00f1o Hub Barcelona bajo la atenta mirada de los numerosos espectadores que asistieron esta edici\u00f3n.<\/p>\n<p>Tuvimos el placer de presentar la primera Mesa bajo el t\u00edtulo: <strong>WEB3 Autonom\u00eda creativa?<\/strong> \u00a0Moderada por <strong>Frankie Piz\u00e1, <\/strong>con <strong>Sabrina Bonini<\/strong> (Fundadora de Cripto Es Cultura) e <strong>Isabelita Virtual<\/strong> (Directora Creativa)<\/p>\n<p>Pod\u00e9is escucharla de nuevo en este v\u00eddeo:<\/p>\n<p><div class=\"flex-video\"><iframe loading=\"lazy\" title=\"Talk #1 WEB3 \u00bfAutonom\u00eda creativa?\" width=\"896\" height=\"504\" src=\"https:\/\/www.youtube.com\/embed\/pB-IbM9q5Vk?feature=oembed\" frameborder=\"0\" allow=\"accelerometer; autoplay; clipboard-write; encrypted-media; gyroscope; picture-in-picture\" allowfullscreen><\/iframe><\/div><\/p>\n<p>&nbsp;<\/p>\n<p>En la segunda mesa, bajo el t\u00edtulo:<strong> Conversaci\u00f3n con &#8216;la nueva carne&#8217;<\/strong> cont\u00f3 con Samuel Valiente (Editor &#8216;la nueva carne&#8217;) y nuevamente moderada por Frankie Piz\u00e1.<\/p>\n<p>&nbsp;<\/p>\n<p>Pod\u00e9is escucharla nuevamente en este v\u00eddeo:<\/p>\n<p><div class=\"flex-video\"><div class=\"flex-video\"><iframe loading=\"lazy\" title=\"Talk #2 Post-medios: Conversaci\u00f3n con \u2018la nueva carne\u2019\" width=\"896\" height=\"504\" src=\"https:\/\/www.youtube.com\/embed\/rja4dGUt3nY?feature=oembed\" frameborder=\"0\" allow=\"accelerometer; autoplay; clipboard-write; encrypted-media; gyroscope; picture-in-picture\" allowfullscreen><\/iframe><\/div><\/div><\/p>\n<p>&nbsp;<\/p>\n<p>Para finalizar la ma\u00f1ana, la tercera mesa trat\u00f3 de responder al t\u00edtulo <em>Curators<\/em> en Contexto, nuevamente con Frankie Piz\u00e1, como moderador, con Jorge Rodr\u00edguez Gerada y Enrique Radigales como Artistes y Curadors.<\/p>\n<p>Pod\u00e9is escucharla nuevamente en este v\u00eddeo:<\/p>\n<p><div class=\"flex-video\"><div class=\"flex-video\"><iframe loading=\"lazy\" title=\"Talk #3 Curators en contexto\" width=\"896\" height=\"504\" src=\"https:\/\/www.youtube.com\/embed\/ZdYLQXD96Kw?feature=oembed\" frameborder=\"0\" allow=\"accelerometer; autoplay; clipboard-write; encrypted-media; gyroscope; picture-in-picture\" allowfullscreen><\/iframe><\/div><\/div><\/p>\n<p>&nbsp;<\/p>\n<p>Las Urban Talks son un proyecto que parte del Urban District Arts Festival (UDAF).\u00a0 Esta quinta edici\u00f3n\u00a0 cont\u00f3 con el Poblenou Urban District, La Plataforma y Life In The Woods como organizadores. El proyecto\u00a0\u00a0 cont\u00f3 adem\u00e1s, con el Dise\u00f1o Hub\u00a0 como venue partner.<\/p>\n<p>Queremos agradecer a todos los moderadores, ponentes, entidades organizadoras, equipo t\u00e9cnico y participantes (tanto en directo como desde casa en streaming), el apoyo en un proyecto que busca abrir el\u00a0 colegio. di\u00e1logo sobre el futuro de las ciudades desde la perspectiva de la cultura y la creatividad.<\/p>","protected":false},"excerpt":{"rendered":"<p>El cinco de noviembre pasado tuvo lugar la quinta edici\u00f3n de las Urban Talks, un ciclo de charlas itinerantes que&#8230; <a href=\"https:\/\/poblenouurbandistrict.com\/es\/et-vas-perdre-les-ultimes-urban-talks-del-2022\/\">M\u00e1s  \u2192<\/a><\/p>\n","protected":false},"author":5,"featured_media":34449,"comment_status":"closed","ping_status":"closed","sticky":false,"template":"","format":"standard","meta":{"_acf_changed":false,"footnotes":""},"categories":[3429,3364],"tags":[],"class_list":["post-34511","post","type-post","status-publish","format-standard","has-post-thumbnail","hentry","category-urban-talks","category-poblenou-urban-district"],"acf":[],"yoast_head":"<!-- This site is optimized with the Yoast SEO plugin v27.4 - https:\/\/yoast.com\/product\/yoast-seo-wordpress\/ -->\n<title>\u00bfTe perdiste las \u00faltimas Urban Talks de 2022? &#8211;<\/title>\n<meta name=\"description\" content=\"El cinco de noviembre pasado tuvo lugar la quinta edici\u00f3n de las Urban Talks, un ciclo de charlas itinerantes que tienen como objetivo abrir un debate con la ciudadan\u00eda sobre la cultura y la creatividad en relaci\u00f3n con la cultura. con el entorno urbano.\" \/>\n<meta name=\"robots\" content=\"index, follow, max-snippet:-1, max-image-preview:large, max-video-preview:-1\" \/>\n<link rel=\"canonical\" href=\"https:\/\/poblenouurbandistrict.com\/es\/et-vas-perdre-les-ultimes-urban-talks-del-2022\/\" \/>\n<meta property=\"og:locale\" content=\"es_ES\" \/>\n<meta property=\"og:type\" content=\"article\" \/>\n<meta property=\"og:title\" content=\"\u00bfTe perdiste las \u00faltimas Urban Talks de 2022? &#8211;\" \/>\n<meta property=\"og:description\" content=\"El cinco de noviembre pasado tuvo lugar la quinta edici\u00f3n de las Urban Talks, un ciclo de charlas itinerantes que tienen como objetivo abrir un debate con la ciudadan\u00eda sobre la cultura y la creatividad en relaci\u00f3n con la cultura. con el entorno urbano.\" \/>\n<meta property=\"og:url\" content=\"https:\/\/poblenouurbandistrict.com\/es\/et-vas-perdre-les-ultimes-urban-talks-del-2022\/\" \/>\n<meta property=\"og:site_name\" content=\"Poblenou Urban District\" \/>\n<meta property=\"article:published_time\" content=\"2022-11-09T11:50:18+00:00\" \/>\n<meta property=\"article:modified_time\" content=\"2022-11-09T11:50:54+00:00\" \/>\n<meta property=\"og:image\" content=\"https:\/\/poblenouurbandistrict.com\/wp-content\/uploads\/2022\/10\/untitled-1-2.jpg\" \/>\n\t<meta property=\"og:image:width\" content=\"1600\" \/>\n\t<meta property=\"og:image:height\" content=\"1000\" \/>\n\t<meta property=\"og:image:type\" content=\"image\/jpeg\" \/>\n<meta name=\"author\" content=\"pnud\" \/>\n<meta name=\"twitter:card\" content=\"summary_large_image\" \/>\n<meta name=\"twitter:label1\" content=\"Escrito por\" \/>\n\t<meta name=\"twitter:data1\" content=\"pnud\" \/>\n\t<meta name=\"twitter:label2\" content=\"Tiempo de lectura\" \/>\n\t<meta name=\"twitter:data2\" content=\"2 minutos\" \/>\n<script type=\"application\/ld+json\" class=\"yoast-schema-graph\">{\"@context\":\"https:\\\/\\\/schema.org\",\"@graph\":[{\"@type\":\"Article\",\"@id\":\"https:\\\/\\\/poblenouurbandistrict.com\\\/et-vas-perdre-les-ultimes-urban-talks-del-2022\\\/#article\",\"isPartOf\":{\"@id\":\"https:\\\/\\\/poblenouurbandistrict.com\\\/et-vas-perdre-les-ultimes-urban-talks-del-2022\\\/\"},\"author\":{\"name\":\"pnud\",\"@id\":\"https:\\\/\\\/poblenouurbandistrict.com\\\/#\\\/schema\\\/person\\\/980a2cf34b399d5218205730acd54a7e\"},\"headline\":\"\u00bfTe perdiste las \u00faltimas Urban Talks de 2022?\",\"datePublished\":\"2022-11-09T11:50:18+00:00\",\"dateModified\":\"2022-11-09T11:50:54+00:00\",\"mainEntityOfPage\":{\"@id\":\"https:\\\/\\\/poblenouurbandistrict.com\\\/et-vas-perdre-les-ultimes-urban-talks-del-2022\\\/\"},\"wordCount\":813,\"image\":{\"@id\":\"https:\\\/\\\/poblenouurbandistrict.com\\\/et-vas-perdre-les-ultimes-urban-talks-del-2022\\\/#primaryimage\"},\"thumbnailUrl\":\"https:\\\/\\\/media.poblenouurbandistrict.com\\\/2022\\\/10\\\/25054813\\\/untitled-1-2.jpg\",\"articleSection\":[\"Urban Talks\",\"Poblenou Urban District\"],\"inLanguage\":\"es\"},{\"@type\":\"WebPage\",\"@id\":\"https:\\\/\\\/poblenouurbandistrict.com\\\/es\\\/et-vas-perdre-les-ultimes-urban-talks-del-2022\\\/\",\"url\":\"https:\\\/\\\/poblenouurbandistrict.com\\\/es\\\/et-vas-perdre-les-ultimes-urban-talks-del-2022\\\/\",\"name\":\"\u00bfTe perdiste las \u00faltimas Urban Talks de 2022? &#8211;\",\"isPartOf\":{\"@id\":\"https:\\\/\\\/poblenouurbandistrict.com\\\/es\\\/#website\"},\"primaryImageOfPage\":{\"@id\":\"https:\\\/\\\/poblenouurbandistrict.com\\\/es\\\/et-vas-perdre-les-ultimes-urban-talks-del-2022\\\/#primaryimage\"},\"image\":{\"@id\":\"https:\\\/\\\/poblenouurbandistrict.com\\\/et-vas-perdre-les-ultimes-urban-talks-del-2022\\\/#primaryimage\"},\"thumbnailUrl\":\"https:\\\/\\\/media.poblenouurbandistrict.com\\\/2022\\\/10\\\/25054813\\\/untitled-1-2.jpg\",\"datePublished\":\"2022-11-09T11:50:18+00:00\",\"dateModified\":\"2022-11-09T11:50:54+00:00\",\"author\":{\"@id\":\"https:\\\/\\\/poblenouurbandistrict.com\\\/#\\\/schema\\\/person\\\/980a2cf34b399d5218205730acd54a7e\"},\"description\":\"El cinco de noviembre pasado tuvo lugar la quinta edici\u00f3n de las Urban Talks, un ciclo de charlas itinerantes que tienen como objetivo abrir un debate con la ciudadan\u00eda sobre la cultura y la creatividad en relaci\u00f3n con la cultura. con el entorno urbano.\",\"breadcrumb\":{\"@id\":\"https:\\\/\\\/poblenouurbandistrict.com\\\/es\\\/et-vas-perdre-les-ultimes-urban-talks-del-2022\\\/#breadcrumb\"},\"inLanguage\":\"es\",\"potentialAction\":[{\"@type\":\"ReadAction\",\"target\":[[\"https:\\\/\\\/poblenouurbandistrict.com\\\/es\\\/et-vas-perdre-les-ultimes-urban-talks-del-2022\\\/\"]]}]},{\"@type\":\"ImageObject\",\"inLanguage\":\"es\",\"@id\":\"https:\\\/\\\/poblenouurbandistrict.com\\\/es\\\/et-vas-perdre-les-ultimes-urban-talks-del-2022\\\/#primaryimage\",\"url\":\"https:\\\/\\\/media.poblenouurbandistrict.com\\\/2022\\\/10\\\/25054813\\\/untitled-1-2.jpg\",\"contentUrl\":\"https:\\\/\\\/media.poblenouurbandistrict.com\\\/2022\\\/10\\\/25054813\\\/untitled-1-2.jpg\",\"width\":1600,\"height\":1000},{\"@type\":\"BreadcrumbList\",\"@id\":\"https:\\\/\\\/poblenouurbandistrict.com\\\/es\\\/et-vas-perdre-les-ultimes-urban-talks-del-2022\\\/#breadcrumb\",\"itemListElement\":[{\"@type\":\"ListItem\",\"position\":1,\"name\":\"Home\",\"item\":\"https:\\\/\\\/poblenouurbandistrict.com\\\/es\\\/\"},{\"@type\":\"ListItem\",\"position\":2,\"name\":\"Et vas perdre les \u00faltimes Urban Talks del 2022?\"}]},{\"@type\":\"WebSite\",\"@id\":\"https:\\\/\\\/poblenouurbandistrict.com\\\/es\\\/#website\",\"url\":\"https:\\\/\\\/poblenouurbandistrict.com\\\/es\\\/\",\"name\":\"Poblenou Urban District\",\"description\":\"Comunidad Creativa\",\"potentialAction\":[{\"@type\":\"SearchAction\",\"target\":{\"@type\":\"EntryPoint\",\"urlTemplate\":\"https:\\\/\\\/poblenouurbandistrict.com\\\/es\\\/?s={search_term_string}\"},\"query-input\":{\"@type\":\"PropertyValueSpecification\",\"valueRequired\":true,\"valueName\":\"search_term_string\"}}],\"inLanguage\":\"es\"},{\"@type\":\"Person\",\"@id\":\"https:\\\/\\\/poblenouurbandistrict.com\\\/#\\\/schema\\\/person\\\/980a2cf34b399d5218205730acd54a7e\",\"name\":\"pnud\",\"image\":{\"@type\":\"ImageObject\",\"inLanguage\":\"es\",\"@id\":\"https:\\\/\\\/secure.gravatar.com\\\/avatar\\\/67146597b405ee077a24e519f75c3e2031736596d6ce35af3a34c122c93d0d7b?s=96&d=retro&r=g\",\"url\":\"https:\\\/\\\/secure.gravatar.com\\\/avatar\\\/67146597b405ee077a24e519f75c3e2031736596d6ce35af3a34c122c93d0d7b?s=96&d=retro&r=g\",\"contentUrl\":\"https:\\\/\\\/secure.gravatar.com\\\/avatar\\\/67146597b405ee077a24e519f75c3e2031736596d6ce35af3a34c122c93d0d7b?s=96&d=retro&r=g\",\"caption\":\"pnud\"}}]}<\/script>\n<!-- \/ Yoast SEO plugin. -->","yoast_head_json":{"title":"\u00bfTe perdiste las \u00faltimas Urban Talks de 2022? &#8211;","description":"El cinco de noviembre pasado tuvo lugar la quinta edici\u00f3n de las Urban Talks, un ciclo de charlas itinerantes que tienen como objetivo abrir un debate con la ciudadan\u00eda sobre la cultura y la creatividad en relaci\u00f3n con la cultura. con el entorno urbano.","robots":{"index":"index","follow":"follow","max-snippet":"max-snippet:-1","max-image-preview":"max-image-preview:large","max-video-preview":"max-video-preview:-1"},"canonical":"https:\/\/poblenouurbandistrict.com\/es\/et-vas-perdre-les-ultimes-urban-talks-del-2022\/","og_locale":"es_ES","og_type":"article","og_title":"\u00bfTe perdiste las \u00faltimas Urban Talks de 2022? &#8211;","og_description":"El cinco de noviembre pasado tuvo lugar la quinta edici\u00f3n de las Urban Talks, un ciclo de charlas itinerantes que tienen como objetivo abrir un debate con la ciudadan\u00eda sobre la cultura y la creatividad en relaci\u00f3n con la cultura. con el entorno urbano.","og_url":"https:\/\/poblenouurbandistrict.com\/es\/et-vas-perdre-les-ultimes-urban-talks-del-2022\/","og_site_name":"Poblenou Urban District","article_published_time":"2022-11-09T11:50:18+00:00","article_modified_time":"2022-11-09T11:50:54+00:00","og_image":[{"width":1600,"height":1000,"url":"https:\/\/poblenouurbandistrict.com\/wp-content\/uploads\/2022\/10\/untitled-1-2.jpg","type":"image\/jpeg"}],"author":"pnud","twitter_card":"summary_large_image","twitter_misc":{"Escrito por":"pnud","Tiempo de lectura":"2 minutos"},"schema":{"@context":"https:\/\/schema.org","@graph":[{"@type":"Article","@id":"https:\/\/poblenouurbandistrict.com\/et-vas-perdre-les-ultimes-urban-talks-del-2022\/#article","isPartOf":{"@id":"https:\/\/poblenouurbandistrict.com\/et-vas-perdre-les-ultimes-urban-talks-del-2022\/"},"author":{"name":"pnud","@id":"https:\/\/poblenouurbandistrict.com\/#\/schema\/person\/980a2cf34b399d5218205730acd54a7e"},"headline":"\u00bfTe perdiste las \u00faltimas Urban Talks de 2022?","datePublished":"2022-11-09T11:50:18+00:00","dateModified":"2022-11-09T11:50:54+00:00","mainEntityOfPage":{"@id":"https:\/\/poblenouurbandistrict.com\/et-vas-perdre-les-ultimes-urban-talks-del-2022\/"},"wordCount":813,"image":{"@id":"https:\/\/poblenouurbandistrict.com\/et-vas-perdre-les-ultimes-urban-talks-del-2022\/#primaryimage"},"thumbnailUrl":"https:\/\/media.poblenouurbandistrict.com\/2022\/10\/25054813\/untitled-1-2.jpg","articleSection":["Urban Talks","Poblenou Urban District"],"inLanguage":"es"},{"@type":"WebPage","@id":"https:\/\/poblenouurbandistrict.com\/es\/et-vas-perdre-les-ultimes-urban-talks-del-2022\/","url":"https:\/\/poblenouurbandistrict.com\/es\/et-vas-perdre-les-ultimes-urban-talks-del-2022\/","name":"\u00bfTe perdiste las \u00faltimas Urban Talks de 2022? &#8211;","isPartOf":{"@id":"https:\/\/poblenouurbandistrict.com\/es\/#website"},"primaryImageOfPage":{"@id":"https:\/\/poblenouurbandistrict.com\/es\/et-vas-perdre-les-ultimes-urban-talks-del-2022\/#primaryimage"},"image":{"@id":"https:\/\/poblenouurbandistrict.com\/et-vas-perdre-les-ultimes-urban-talks-del-2022\/#primaryimage"},"thumbnailUrl":"https:\/\/media.poblenouurbandistrict.com\/2022\/10\/25054813\/untitled-1-2.jpg","datePublished":"2022-11-09T11:50:18+00:00","dateModified":"2022-11-09T11:50:54+00:00","author":{"@id":"https:\/\/poblenouurbandistrict.com\/#\/schema\/person\/980a2cf34b399d5218205730acd54a7e"},"description":"El cinco de noviembre pasado tuvo lugar la quinta edici\u00f3n de las Urban Talks, un ciclo de charlas itinerantes que tienen como objetivo abrir un debate con la ciudadan\u00eda sobre la cultura y la creatividad en relaci\u00f3n con la cultura. con el entorno urbano.","breadcrumb":{"@id":"https:\/\/poblenouurbandistrict.com\/es\/et-vas-perdre-les-ultimes-urban-talks-del-2022\/#breadcrumb"},"inLanguage":"es","potentialAction":[{"@type":"ReadAction","target":[["https:\/\/poblenouurbandistrict.com\/es\/et-vas-perdre-les-ultimes-urban-talks-del-2022\/"]]}]},{"@type":"ImageObject","inLanguage":"es","@id":"https:\/\/poblenouurbandistrict.com\/es\/et-vas-perdre-les-ultimes-urban-talks-del-2022\/#primaryimage","url":"https:\/\/media.poblenouurbandistrict.com\/2022\/10\/25054813\/untitled-1-2.jpg","contentUrl":"https:\/\/media.poblenouurbandistrict.com\/2022\/10\/25054813\/untitled-1-2.jpg","width":1600,"height":1000},{"@type":"BreadcrumbList","@id":"https:\/\/poblenouurbandistrict.com\/es\/et-vas-perdre-les-ultimes-urban-talks-del-2022\/#breadcrumb","itemListElement":[{"@type":"ListItem","position":1,"name":"Home","item":"https:\/\/poblenouurbandistrict.com\/es\/"},{"@type":"ListItem","position":2,"name":"Et vas perdre les \u00faltimes Urban Talks del 2022?"}]},{"@type":"WebSite","@id":"https:\/\/poblenouurbandistrict.com\/es\/#website","url":"https:\/\/poblenouurbandistrict.com\/es\/","name":"Poblenou Urban District","description":"Comunidad Creativa","potentialAction":[{"@type":"SearchAction","target":{"@type":"EntryPoint","urlTemplate":"https:\/\/poblenouurbandistrict.com\/es\/?s={search_term_string}"},"query-input":{"@type":"PropertyValueSpecification","valueRequired":true,"valueName":"search_term_string"}}],"inLanguage":"es"},{"@type":"Person","@id":"https:\/\/poblenouurbandistrict.com\/#\/schema\/person\/980a2cf34b399d5218205730acd54a7e","name":"pnud","image":{"@type":"ImageObject","inLanguage":"es","@id":"https:\/\/secure.gravatar.com\/avatar\/67146597b405ee077a24e519f75c3e2031736596d6ce35af3a34c122c93d0d7b?s=96&d=retro&r=g","url":"https:\/\/secure.gravatar.com\/avatar\/67146597b405ee077a24e519f75c3e2031736596d6ce35af3a34c122c93d0d7b?s=96&d=retro&r=g","contentUrl":"https:\/\/secure.gravatar.com\/avatar\/67146597b405ee077a24e519f75c3e2031736596d6ce35af3a34c122c93d0d7b?s=96&d=retro&r=g","caption":"pnud"}}]}},"_links":{"self":[{"href":"https:\/\/poblenouurbandistrict.com\/es\/wp-json\/wp\/v2\/posts\/34511","targetHints":{"allow":["GET"]}}],"collection":[{"href":"https:\/\/poblenouurbandistrict.com\/es\/wp-json\/wp\/v2\/posts"}],"about":[{"href":"https:\/\/poblenouurbandistrict.com\/es\/wp-json\/wp\/v2\/types\/post"}],"author":[{"embeddable":true,"href":"https:\/\/poblenouurbandistrict.com\/es\/wp-json\/wp\/v2\/users\/5"}],"replies":[{"embeddable":true,"href":"https:\/\/poblenouurbandistrict.com\/es\/wp-json\/wp\/v2\/comments?post=34511"}],"version-history":[{"count":4,"href":"https:\/\/poblenouurbandistrict.com\/es\/wp-json\/wp\/v2\/posts\/34511\/revisions"}],"predecessor-version":[{"id":34539,"href":"https:\/\/poblenouurbandistrict.com\/es\/wp-json\/wp\/v2\/posts\/34511\/revisions\/34539"}],"wp:featuredmedia":[{"embeddable":true,"href":"https:\/\/poblenouurbandistrict.com\/es\/wp-json\/wp\/v2\/media\/34449"}],"wp:attachment":[{"href":"https:\/\/poblenouurbandistrict.com\/es\/wp-json\/wp\/v2\/media?parent=34511"}],"wp:term":[{"taxonomy":"category","embeddable":true,"href":"https:\/\/poblenouurbandistrict.com\/es\/wp-json\/wp\/v2\/categories?post=34511"},{"taxonomy":"post_tag","embeddable":true,"href":"https:\/\/poblenouurbandistrict.com\/es\/wp-json\/wp\/v2\/tags?post=34511"}],"curies":[{"name":"wp","href":"https:\/\/api.w.org\/{rel}","templated":true}]}}