{"id":347,"date":"2013-01-30T15:40:52","date_gmt":"2013-01-30T14:40:52","guid":{"rendered":"https:\/\/poblenouurbandistrict.com\/new\/?p=347"},"modified":"2013-11-21T16:58:27","modified_gmt":"2013-11-21T14:58:27","slug":"moritz-modafad-indoor-moritz","status":"publish","type":"post","link":"https:\/\/poblenouurbandistrict.com\/es\/moritz-modafad-indoor-moritz\/","title":{"rendered":"MORITZ &#8211; MODAFAD indoor MORITZ"},"content":{"rendered":"<p>31\/01<br \/>\n21h<br \/>\n<a href=\"http:\/\/www.moritz.com\/\" target=\"_blank\">www.moritz.com<\/a> \/ <a href=\"http:\/\/www.modafad.org\/\" target=\"_blank\">www.modafad.org<\/a><br \/>\n<span class=\"test_esp\">Cervezas Moritz, vinculada al FAD desde el a\u00f1o 2004, ser\u00e1 una vez m\u00e1s la empresa patrocinadora del MODAFAD, el broche final del 080 Barcelona Fashion en el Disseny Hub Barcelona (DHUB). En el evento desfilar\u00e1n Paula Boadas y Nicol\u00e1s Rivero.<\/span><span class=\"test_eng\"><br \/>\n<\/span><\/p>\n<p><a href=\"https:\/\/media.poblenouurbandistrict.com\/2013\/01\/25000924\/modafad.jpg\" target=\"_blank\"><img decoding=\"async\" class=\"alignnone  wp-image-348\" title=\"modafad\" alt=\"\" src=\"https:\/\/media.poblenouurbandistrict.com\/2013\/01\/25000924\/modafad.jpg\" width=\"640\" \/><\/a><\/p>","protected":false},"excerpt":{"rendered":"<p>31\/01 21h www.moritz.com \/ www.modafad.org Cervezas Moritz, vinculada al FAD desde el a\u00f1o 2004, ser\u00e1 una vez m\u00e1s la empresa&#8230; <a href=\"https:\/\/poblenouurbandistrict.com\/es\/moritz-modafad-indoor-moritz\/\">M\u00e1s  \u2192<\/a><\/p>\n","protected":false},"author":5,"featured_media":348,"comment_status":"closed","ping_status":"closed","sticky":false,"template":"","format":"standard","meta":{"_acf_changed":false,"footnotes":""},"categories":[1],"tags":[170,169,171,167,168,172,53],"class_list":["post-347","post","type-post","status-publish","format-standard","has-post-thumbnail","hentry","category-noticias","tag-170","tag-fad","tag-fashion","tag-modafad","tag-moritz","tag-nicolas-rivero","tag-poblenou-urban-district"],"acf":[],"yoast_head":"<!-- This site is optimized with the Yoast SEO plugin v27.4 - https:\/\/yoast.com\/product\/yoast-seo-wordpress\/ -->\n<title>MORITZ - MODAFAD indoor MORITZ &#8211; Poblenou Urban District<\/title>\n<meta name=\"robots\" content=\"index, follow, max-snippet:-1, max-image-preview:large, max-video-preview:-1\" \/>\n<link rel=\"canonical\" href=\"https:\/\/poblenouurbandistrict.com\/es\/moritz-modafad-indoor-moritz\/\" \/>\n<meta property=\"og:locale\" content=\"es_ES\" \/>\n<meta property=\"og:type\" content=\"article\" \/>\n<meta property=\"og:title\" content=\"MORITZ - MODAFAD indoor MORITZ &#8211; Poblenou Urban District\" \/>\n<meta property=\"og:description\" content=\"31\/01 21h www.moritz.com \/ www.modafad.org Cervezas Moritz, vinculada al FAD desde el a\u00f1o 2004, ser\u00e1 una vez m\u00e1s la empresa... M\u00e1s \u2192\" \/>\n<meta property=\"og:url\" content=\"https:\/\/poblenouurbandistrict.com\/es\/moritz-modafad-indoor-moritz\/\" \/>\n<meta property=\"og:site_name\" content=\"Poblenou Urban District\" \/>\n<meta property=\"article:published_time\" content=\"2013-01-30T14:40:52+00:00\" \/>\n<meta property=\"article:modified_time\" content=\"2013-11-21T14:58:27+00:00\" \/>\n<meta property=\"og:image\" content=\"https:\/\/poblenouurbandistrict.com\/wp-content\/uploads\/2013\/01\/modafad.jpg\" \/>\n\t<meta property=\"og:image:width\" content=\"618\" \/>\n\t<meta property=\"og:image:height\" content=\"264\" \/>\n\t<meta property=\"og:image:type\" content=\"image\/jpeg\" \/>\n<meta name=\"author\" content=\"pnud\" \/>\n<meta name=\"twitter:card\" content=\"summary_large_image\" \/>\n<meta name=\"twitter:label1\" content=\"Escrito por\" \/>\n\t<meta name=\"twitter:data1\" content=\"pnud\" \/>\n\t<meta name=\"twitter:label2\" content=\"Tiempo de lectura\" \/>\n\t<meta name=\"twitter:data2\" content=\"1 minuto\" \/>\n<script type=\"application\/ld+json\" class=\"yoast-schema-graph\">{\"@context\":\"https:\\\/\\\/schema.org\",\"@graph\":[{\"@type\":\"Article\",\"@id\":\"https:\\\/\\\/poblenouurbandistrict.com\\\/moritz-modafad-indoor-moritz\\\/#article\",\"isPartOf\":{\"@id\":\"https:\\\/\\\/poblenouurbandistrict.com\\\/moritz-modafad-indoor-moritz\\\/\"},\"author\":{\"name\":\"pnud\",\"@id\":\"https:\\\/\\\/poblenouurbandistrict.com\\\/#\\\/schema\\\/person\\\/980a2cf34b399d5218205730acd54a7e\"},\"headline\":\"MORITZ &#8211; MODAFAD indoor MORITZ\",\"datePublished\":\"2013-01-30T14:40:52+00:00\",\"dateModified\":\"2013-11-21T14:58:27+00:00\",\"mainEntityOfPage\":{\"@id\":\"https:\\\/\\\/poblenouurbandistrict.com\\\/moritz-modafad-indoor-moritz\\\/\"},\"wordCount\":142,\"image\":{\"@id\":\"https:\\\/\\\/poblenouurbandistrict.com\\\/moritz-modafad-indoor-moritz\\\/#primaryimage\"},\"thumbnailUrl\":\"https:\\\/\\\/media.poblenouurbandistrict.com\\\/2013\\\/01\\\/25000924\\\/modafad.jpg\",\"keywords\":[\"080\",\"FAD\",\"Fashion\",\"Moda Fad\",\"Moritz\",\"Nicolas Rivero\",\"Poblenou Urban District\"],\"articleSection\":[\"Est\u00e1 pasando\"],\"inLanguage\":\"es\"},{\"@type\":\"WebPage\",\"@id\":\"https:\\\/\\\/poblenouurbandistrict.com\\\/es\\\/moritz-modafad-indoor-moritz\\\/\",\"url\":\"https:\\\/\\\/poblenouurbandistrict.com\\\/es\\\/moritz-modafad-indoor-moritz\\\/\",\"name\":\"MORITZ - MODAFAD indoor MORITZ &#8211; Poblenou Urban District\",\"isPartOf\":{\"@id\":\"https:\\\/\\\/poblenouurbandistrict.com\\\/es\\\/#website\"},\"primaryImageOfPage\":{\"@id\":\"https:\\\/\\\/poblenouurbandistrict.com\\\/es\\\/moritz-modafad-indoor-moritz\\\/#primaryimage\"},\"image\":{\"@id\":\"https:\\\/\\\/poblenouurbandistrict.com\\\/moritz-modafad-indoor-moritz\\\/#primaryimage\"},\"thumbnailUrl\":\"https:\\\/\\\/media.poblenouurbandistrict.com\\\/2013\\\/01\\\/25000924\\\/modafad.jpg\",\"datePublished\":\"2013-01-30T14:40:52+00:00\",\"dateModified\":\"2013-11-21T14:58:27+00:00\",\"author\":{\"@id\":\"https:\\\/\\\/poblenouurbandistrict.com\\\/#\\\/schema\\\/person\\\/980a2cf34b399d5218205730acd54a7e\"},\"breadcrumb\":{\"@id\":\"https:\\\/\\\/poblenouurbandistrict.com\\\/es\\\/moritz-modafad-indoor-moritz\\\/#breadcrumb\"},\"inLanguage\":\"es\",\"potentialAction\":[{\"@type\":\"ReadAction\",\"target\":[[\"https:\\\/\\\/poblenouurbandistrict.com\\\/es\\\/moritz-modafad-indoor-moritz\\\/\"]]}]},{\"@type\":\"ImageObject\",\"inLanguage\":\"es\",\"@id\":\"https:\\\/\\\/poblenouurbandistrict.com\\\/es\\\/moritz-modafad-indoor-moritz\\\/#primaryimage\",\"url\":\"https:\\\/\\\/media.poblenouurbandistrict.com\\\/2013\\\/01\\\/25000924\\\/modafad.jpg\",\"contentUrl\":\"https:\\\/\\\/media.poblenouurbandistrict.com\\\/2013\\\/01\\\/25000924\\\/modafad.jpg\",\"width\":618,\"height\":264},{\"@type\":\"BreadcrumbList\",\"@id\":\"https:\\\/\\\/poblenouurbandistrict.com\\\/es\\\/moritz-modafad-indoor-moritz\\\/#breadcrumb\",\"itemListElement\":[{\"@type\":\"ListItem\",\"position\":1,\"name\":\"Home\",\"item\":\"https:\\\/\\\/poblenouurbandistrict.com\\\/es\\\/\"},{\"@type\":\"ListItem\",\"position\":2,\"name\":\"MORITZ &#8211; MODAFAD indoor MORITZ\"}]},{\"@type\":\"WebSite\",\"@id\":\"https:\\\/\\\/poblenouurbandistrict.com\\\/es\\\/#website\",\"url\":\"https:\\\/\\\/poblenouurbandistrict.com\\\/es\\\/\",\"name\":\"Poblenou Urban District\",\"description\":\"Comunidad Creativa\",\"potentialAction\":[{\"@type\":\"SearchAction\",\"target\":{\"@type\":\"EntryPoint\",\"urlTemplate\":\"https:\\\/\\\/poblenouurbandistrict.com\\\/es\\\/?s={search_term_string}\"},\"query-input\":{\"@type\":\"PropertyValueSpecification\",\"valueRequired\":true,\"valueName\":\"search_term_string\"}}],\"inLanguage\":\"es\"},{\"@type\":\"Person\",\"@id\":\"https:\\\/\\\/poblenouurbandistrict.com\\\/#\\\/schema\\\/person\\\/980a2cf34b399d5218205730acd54a7e\",\"name\":\"pnud\",\"image\":{\"@type\":\"ImageObject\",\"inLanguage\":\"es\",\"@id\":\"https:\\\/\\\/secure.gravatar.com\\\/avatar\\\/67146597b405ee077a24e519f75c3e2031736596d6ce35af3a34c122c93d0d7b?s=96&d=retro&r=g\",\"url\":\"https:\\\/\\\/secure.gravatar.com\\\/avatar\\\/67146597b405ee077a24e519f75c3e2031736596d6ce35af3a34c122c93d0d7b?s=96&d=retro&r=g\",\"contentUrl\":\"https:\\\/\\\/secure.gravatar.com\\\/avatar\\\/67146597b405ee077a24e519f75c3e2031736596d6ce35af3a34c122c93d0d7b?s=96&d=retro&r=g\",\"caption\":\"pnud\"}}]}<\/script>\n<!-- \/ Yoast SEO plugin. -->","yoast_head_json":{"title":"MORITZ - MODAFAD indoor MORITZ &#8211; Poblenou Urban District","robots":{"index":"index","follow":"follow","max-snippet":"max-snippet:-1","max-image-preview":"max-image-preview:large","max-video-preview":"max-video-preview:-1"},"canonical":"https:\/\/poblenouurbandistrict.com\/es\/moritz-modafad-indoor-moritz\/","og_locale":"es_ES","og_type":"article","og_title":"MORITZ - MODAFAD indoor MORITZ &#8211; Poblenou Urban District","og_description":"31\/01 21h www.moritz.com \/ www.modafad.org Cervezas Moritz, vinculada al FAD desde el a\u00f1o 2004, ser\u00e1 una vez m\u00e1s la empresa... M\u00e1s \u2192","og_url":"https:\/\/poblenouurbandistrict.com\/es\/moritz-modafad-indoor-moritz\/","og_site_name":"Poblenou Urban District","article_published_time":"2013-01-30T14:40:52+00:00","article_modified_time":"2013-11-21T14:58:27+00:00","og_image":[{"width":618,"height":264,"url":"https:\/\/poblenouurbandistrict.com\/wp-content\/uploads\/2013\/01\/modafad.jpg","type":"image\/jpeg"}],"author":"pnud","twitter_card":"summary_large_image","twitter_misc":{"Escrito por":"pnud","Tiempo de lectura":"1 minuto"},"schema":{"@context":"https:\/\/schema.org","@graph":[{"@type":"Article","@id":"https:\/\/poblenouurbandistrict.com\/moritz-modafad-indoor-moritz\/#article","isPartOf":{"@id":"https:\/\/poblenouurbandistrict.com\/moritz-modafad-indoor-moritz\/"},"author":{"name":"pnud","@id":"https:\/\/poblenouurbandistrict.com\/#\/schema\/person\/980a2cf34b399d5218205730acd54a7e"},"headline":"MORITZ &#8211; MODAFAD indoor MORITZ","datePublished":"2013-01-30T14:40:52+00:00","dateModified":"2013-11-21T14:58:27+00:00","mainEntityOfPage":{"@id":"https:\/\/poblenouurbandistrict.com\/moritz-modafad-indoor-moritz\/"},"wordCount":142,"image":{"@id":"https:\/\/poblenouurbandistrict.com\/moritz-modafad-indoor-moritz\/#primaryimage"},"thumbnailUrl":"https:\/\/media.poblenouurbandistrict.com\/2013\/01\/25000924\/modafad.jpg","keywords":["080","FAD","Fashion","Moda Fad","Moritz","Nicolas Rivero","Poblenou Urban District"],"articleSection":["Est\u00e1 pasando"],"inLanguage":"es"},{"@type":"WebPage","@id":"https:\/\/poblenouurbandistrict.com\/es\/moritz-modafad-indoor-moritz\/","url":"https:\/\/poblenouurbandistrict.com\/es\/moritz-modafad-indoor-moritz\/","name":"MORITZ - MODAFAD indoor MORITZ &#8211; Poblenou Urban District","isPartOf":{"@id":"https:\/\/poblenouurbandistrict.com\/es\/#website"},"primaryImageOfPage":{"@id":"https:\/\/poblenouurbandistrict.com\/es\/moritz-modafad-indoor-moritz\/#primaryimage"},"image":{"@id":"https:\/\/poblenouurbandistrict.com\/moritz-modafad-indoor-moritz\/#primaryimage"},"thumbnailUrl":"https:\/\/media.poblenouurbandistrict.com\/2013\/01\/25000924\/modafad.jpg","datePublished":"2013-01-30T14:40:52+00:00","dateModified":"2013-11-21T14:58:27+00:00","author":{"@id":"https:\/\/poblenouurbandistrict.com\/#\/schema\/person\/980a2cf34b399d5218205730acd54a7e"},"breadcrumb":{"@id":"https:\/\/poblenouurbandistrict.com\/es\/moritz-modafad-indoor-moritz\/#breadcrumb"},"inLanguage":"es","potentialAction":[{"@type":"ReadAction","target":[["https:\/\/poblenouurbandistrict.com\/es\/moritz-modafad-indoor-moritz\/"]]}]},{"@type":"ImageObject","inLanguage":"es","@id":"https:\/\/poblenouurbandistrict.com\/es\/moritz-modafad-indoor-moritz\/#primaryimage","url":"https:\/\/media.poblenouurbandistrict.com\/2013\/01\/25000924\/modafad.jpg","contentUrl":"https:\/\/media.poblenouurbandistrict.com\/2013\/01\/25000924\/modafad.jpg","width":618,"height":264},{"@type":"BreadcrumbList","@id":"https:\/\/poblenouurbandistrict.com\/es\/moritz-modafad-indoor-moritz\/#breadcrumb","itemListElement":[{"@type":"ListItem","position":1,"name":"Home","item":"https:\/\/poblenouurbandistrict.com\/es\/"},{"@type":"ListItem","position":2,"name":"MORITZ &#8211; MODAFAD indoor MORITZ"}]},{"@type":"WebSite","@id":"https:\/\/poblenouurbandistrict.com\/es\/#website","url":"https:\/\/poblenouurbandistrict.com\/es\/","name":"Poblenou Urban District","description":"Comunidad Creativa","potentialAction":[{"@type":"SearchAction","target":{"@type":"EntryPoint","urlTemplate":"https:\/\/poblenouurbandistrict.com\/es\/?s={search_term_string}"},"query-input":{"@type":"PropertyValueSpecification","valueRequired":true,"valueName":"search_term_string"}}],"inLanguage":"es"},{"@type":"Person","@id":"https:\/\/poblenouurbandistrict.com\/#\/schema\/person\/980a2cf34b399d5218205730acd54a7e","name":"pnud","image":{"@type":"ImageObject","inLanguage":"es","@id":"https:\/\/secure.gravatar.com\/avatar\/67146597b405ee077a24e519f75c3e2031736596d6ce35af3a34c122c93d0d7b?s=96&d=retro&r=g","url":"https:\/\/secure.gravatar.com\/avatar\/67146597b405ee077a24e519f75c3e2031736596d6ce35af3a34c122c93d0d7b?s=96&d=retro&r=g","contentUrl":"https:\/\/secure.gravatar.com\/avatar\/67146597b405ee077a24e519f75c3e2031736596d6ce35af3a34c122c93d0d7b?s=96&d=retro&r=g","caption":"pnud"}}]}},"_links":{"self":[{"href":"https:\/\/poblenouurbandistrict.com\/es\/wp-json\/wp\/v2\/posts\/347","targetHints":{"allow":["GET"]}}],"collection":[{"href":"https:\/\/poblenouurbandistrict.com\/es\/wp-json\/wp\/v2\/posts"}],"about":[{"href":"https:\/\/poblenouurbandistrict.com\/es\/wp-json\/wp\/v2\/types\/post"}],"author":[{"embeddable":true,"href":"https:\/\/poblenouurbandistrict.com\/es\/wp-json\/wp\/v2\/users\/5"}],"replies":[{"embeddable":true,"href":"https:\/\/poblenouurbandistrict.com\/es\/wp-json\/wp\/v2\/comments?post=347"}],"version-history":[{"count":4,"href":"https:\/\/poblenouurbandistrict.com\/es\/wp-json\/wp\/v2\/posts\/347\/revisions"}],"predecessor-version":[{"id":1345,"href":"https:\/\/poblenouurbandistrict.com\/es\/wp-json\/wp\/v2\/posts\/347\/revisions\/1345"}],"wp:featuredmedia":[{"embeddable":true,"href":"https:\/\/poblenouurbandistrict.com\/es\/wp-json\/wp\/v2\/media\/348"}],"wp:attachment":[{"href":"https:\/\/poblenouurbandistrict.com\/es\/wp-json\/wp\/v2\/media?parent=347"}],"wp:term":[{"taxonomy":"category","embeddable":true,"href":"https:\/\/poblenouurbandistrict.com\/es\/wp-json\/wp\/v2\/categories?post=347"},{"taxonomy":"post_tag","embeddable":true,"href":"https:\/\/poblenouurbandistrict.com\/es\/wp-json\/wp\/v2\/tags?post=347"}],"curies":[{"name":"wp","href":"https:\/\/api.w.org\/{rel}","templated":true}]}}