{"id":34771,"date":"2022-11-22T11:10:02","date_gmt":"2022-11-22T10:10:02","guid":{"rendered":"https:\/\/poblenouurbandistrict.com\/?p=34771"},"modified":"2022-11-24T14:49:08","modified_gmt":"2022-11-24T13:49:08","slug":"la-ruta-de-lart-del-disseny-i-de-lanimacio-del-poblenou-open-night","status":"publish","type":"post","link":"https:\/\/poblenouurbandistrict.com\/es\/la-ruta-de-lart-del-disseny-i-de-lanimacio-del-poblenou-open-night\/","title":{"rendered":"La ruta del arte, el dise\u00f1o y la animaci\u00f3n del Poblenou Open Night"},"content":{"rendered":"<p>En esta\u00a0<strong>novena edici\u00f3n del <\/strong><a href=\"https:\/\/poblenouurbandistrict.com\/ca\/poblenou-open-night\/\"><strong>Poblenou\u00a0Open Night<\/strong><\/a><strong>,\u00a0<\/strong>contamos con la participaci\u00f3n de muchos de nuestros asociados. Entre ellos<strong>\u00a0Galer\u00edas de Arte, Museos y Showrooms, Centros de Creaci\u00f3n, Estudios de Artistas y Centros de Formaci\u00f3n<\/strong> que nos brindan la oportunidad de poder visitar su espacio y participar de su programaci\u00f3n para esta fecha tan se\u00f1alada. Los espacios que podr\u00e1s visitar son:<\/p>\n<p>&nbsp;<\/p>\n<p><strong><u>Barcelona School of Creativity<\/u><\/strong><strong>: <\/strong>La Barcelona School of Creativity una vez m\u00e1s se suma al Poblenou Open Night proponiendo un workshop sorprendente que invita a activar tu potencial a trav\u00e9s del movimiento corporal, la experiencia sorpresa y la escritura autom\u00e1tica.<\/p>\n<p>Direcci\u00f3n: Carrer de Pallars 65, interior, Nau 4<\/p>\n<p>Ap\u00fantate en este <a href=\"https:\/\/www.eventbrite.es\/e\/entradas-workshop-de-creatividad-inside-out-en-el-open-night-poblenou-urban-district-465140837767\">link<\/a><\/p>\n<p>Horario: de 19 a 22 h<\/p>\n<p>&nbsp;<\/p>\n<p><strong>BAU Edificio Granada<\/strong><\/p>\n<p>En\u00a0BAU Centro Universitario de Barcelona\u00a0en su nuevo Edificio Granada descubrir\u00e1s una instalaci\u00f3n lum\u00ednica de Alumni del m\u00e1ster en innovaci\u00f3n audiovisual de BAU. Encontrar\u00e1s una programaci\u00f3n con Dj\u2019s de la mano\u00a0de los artistas <strong>Palladian y Son.Naro (RaRaRa Records)<\/strong> y un punto de venta de los artistas de Windows Art Circuit \/ WAC de Poblenou Urban District.<\/p>\n<p>Direcci\u00f3n Ciudad de Granada, 34-36<\/p>\n<p>Horario: 19h a 00h<\/p>\n<p>&nbsp;<\/p>\n<p><strong><u>Chez Xefo:<\/u><\/strong> Para esta ocasi\u00f3n la galer\u00eda de arte ha programado la exposici\u00f3n OBS-CE-NA de Arantxa Garcia, donde se congregan tres Trabajos, \u201cMimarnos Mucho\u201d, un relato de las grietas que yo te cuido y su poema, \u201cTrilog\u00eda de Violencia\u201d y \u201cObras paralelas\u201d, que estudian bellezas y violencias sobre la mujer.<\/p>\n<p>Direcci\u00f3n: Badajoz, 46<\/p>\n<p>Horario: de 17 a 00 h<\/p>\n<p>&nbsp;<\/p>\n<p><strong>Carmina Wiegerinck<\/strong><strong>\u00a0<\/strong><\/p>\n<p>Una oportunidad \u00fanica de conocer el estudio de una artista en directo. Carmina Wiegerinck, escultora brasile\u00f1a-holandesa-catalana afincada en Barcelona hace m\u00e1s de treinta a\u00f1os, abre las puertas de su taller para el Poblenou Open Night donde podremos disfrutar de su obra en un \u00fanico formato.<\/p>\n<p>Aforo limitado. Es necesario reservar plaza enviando un correo a\u00a0<a href=\"mailto:carmina.wiegerinck@gmail.com\">carmina.wiegerinck@gmail.com<\/a><\/p>\n<p>Horario:\u00a019h a 22h<\/p>\n<p><strong>\u00a0<\/strong><\/p>\n<p><strong><u>Disseny Hub Barcelona:<\/u><\/strong> El espacio de referencia del Dise\u00f1o y las industrias creativas en Barcelona abre sus puertas para visitar las exposiciones permanentes del Museu del Disseny y la exposici\u00f3n temporal \u00abToquem Fusta! Disseny, Fusta i sostenibilitat\u00bb.<\/p>\n<p>Direcci\u00f3n: Pla\u00e7a de las Glorias Catalanas, 37<\/p>\n<p>Horario: de 10 a 20 h<\/p>\n<p>&nbsp;<\/p>\n<p><strong><u>Estudio Josep Ru\u00e0<\/u><\/strong><strong>:<\/strong> El Estudio abre las puertas una vez m\u00e1s para ense\u00f1ar muebles y objetos de dise\u00f1o propio, realizados para sus proyectos. Adem\u00e1s, contar\u00e1 con la presencia de piezas cer\u00e1micas producidas en su estudio por Palmira Cer\u00e1mica y Mari Masot, y con m\u00fasica en directo.<\/p>\n<p>Direcci\u00f3n: \u00c1vila, 88<\/p>\n<p>Horario: de 19 a 00 h<\/p>\n<p>&nbsp;<\/p>\n<p><strong><u>FX Animation:<\/u><\/strong> La escuela de Cine y 3D\/Animaci\u00f3n FX ANIMATION ofrece actividades relacionadas con el mundo del cine, el 3D, el arte conceptual, la animaci\u00f3n y los videojuegos. Presentar\u00e1 una selecci\u00f3n de los 8 mejores cortos del FXFF (FX ANIMATION Film Fest), y por la noche se podr\u00e1 disfrutar de DJ + servicio de bar en la fabulosa terraza de la escuela, una de las mejores de Poblenou.<\/p>\n<p>Direcci\u00f3n: Pujades, 112<\/p>\n<p>Horario: de 19 a 00 h<\/p>\n<p>&nbsp;<\/p>\n<p><strong><u>Fundaci\u00f3n Palo Alto:<\/u><\/strong> Este espacio ofrece una propuesta expositiva durante la tarde del Open Night para los amantes de la fotograf\u00eda: 3 exposiciones y 2 talleres gratuitos. La Colectiva foto en gran formato en los jardines y Les Naus que acoger\u00e1n \u201cEl ojo que camina. Periodismo de calle\u201d por Pepe Encinas y \u201cHeavenly Bodies\u201d de Pierre Radisic.<\/p>\n<p>Talleres sobre planificaci\u00f3n fotogr\u00e1fica y fotograf\u00eda de viajes con c\u00e1mara o m\u00f3vil, impartidos por profesionales. Todas las actividades son gratuitas y de acceso libre, \u00a1no olvides registrarte!<\/p>\n<p>Direcci\u00f3n: Pellaires 30-38<\/p>\n<p>Ap\u00fantate en este <a href=\"https:\/\/docs.google.com\/forms\/d\/e\/1FAIpQLSe06OwLiNhOhcPKfKezYEmAb15Lm8ECFuDT-kw_8QE04Zi-bQ\/viewform\">enlace<\/a><\/p>\n<p>Horario: de 19 a 22 h<\/p>\n<p>&nbsp;<\/p>\n<p><strong><u>IAAC<\/u><\/strong>: En la noche del 25 de noviembre, los visitantes podr\u00e1n descubrir uno de los espacios m\u00e1s emblem\u00e1ticos del Instituto, que alberga el Fab Lab Barcelona, y donde se suelen llevar a cabo la mayor\u00eda de los cursos y actividades. Reg\u00edstrate y disfruta de actividades enfocadas en la producci\u00f3n local de materiales y experiencias de aprendizaje pr\u00e1ctico.<\/p>\n<p>Direcci\u00f3n: Pujades, 102<\/p>\n<p>Ap\u00fantate en este <a href=\"https:\/\/iaac.net\/poblenou-open-night-2022\/\">enlace<\/a><\/p>\n<p>Horario: de 19 a 22 h<\/p>\n<p>&nbsp;<\/p>\n<p><strong><u>La Plataforma<\/u><\/strong>: La galer\u00eda ser\u00e1 transformada en una instalaci\u00f3n de arte donde el p\u00fablico podr\u00e1 interactuar dentro de la obra y disfrutar de una sesi\u00f3n de DJs, c\u00f3cteles y gastronom\u00eda. Una noche muy especial para conocer a sus artistas, apoyar el arte y celebrar la noche m\u00e1s creativa de la ciudad.<\/p>\n<p>Direcci\u00f3n: Pujades, 99<\/p>\n<p>Horario: de 19 a 00 h<\/p>\n<p>&nbsp;<\/p>\n<p><strong><u>L&amp;B Gallery<\/u><\/strong>:\u00a0 L&amp;B Gallery es una galer\u00eda de arte contempor\u00e1neo que inaugurar\u00e1 la exposici\u00f3n Geosmina de XAVI MU\u00d1OZ, artista catal\u00e1n al que le gusta investigar la participaci\u00f3n emocional del p\u00fablico.<\/p>\n<p>Sus obras de arte evolucionan en torno a la condici\u00f3n humana. Juega con la relaci\u00f3n simb\u00f3lica del espacio-objeto o el lenguaje de la materia y utiliza elementos recurrentes para transmitir con fuerza el mensaje.<\/p>\n<p>Direcci\u00f3n: \u00c1laba, 58<\/p>\n<p>Horario: de 19 a 00 h<\/p>\n<p>&nbsp;<\/p>\n<p><strong><u>El Idem Barcelona<\/u><\/strong>: En la escuela de L\u2019Idem se realizan diversas actividades y talleres con los visitantes, entre ellos destaca un v\u00eddeo mapping interactivo, actividades creativas con VR, photocall y la posibilidad de tener una caricatura por parte de los estudiantes. Habr\u00e1 m\u00fasica en directo con la banda de rock Three Little Beards y proyecci\u00f3n de todos los cortometrajes de animaci\u00f3n que se han realizado en la escuela a lo largo de sus 10 a\u00f1os de vida.<\/p>\n<p>Direcci\u00f3n: Ciutat de Granada, 53-57<\/p>\n<p>Horario: de 19 a 23 h<\/p>\n<p>&nbsp;<\/p>\n<p><strong>Noak Room<\/strong><\/p>\n<p>El showroom de dise\u00f1o y decoraci\u00f3n escandinava Noak Room abre sus puertas este Poblenou Open Night para mostrarnos la nueva colecci\u00f3n 2022. P\u00e1sate por este antiguo taller y descubre objetos y muebles \u00fanicos y vintage de origen exclusivamente escandinavos.<\/p>\n<p>Horario de obertura de 10:30 a 14:00 y de 17:00 a 21:00<\/p>\n<p>&nbsp;<\/p>\n<p><strong><u>The Folio Club<\/u><\/strong>: The Folio Club presenta al dise\u00f1ador Javier Mariscal junto a algunas de sus piezas de cer\u00e1mica ilustradas a mano con trazos que rebosan aire Mediterr\u00e1neo, con palmeras, tramas arabescas, p\u00e1jaros, frutos, flores. La exposici\u00f3n muestra su pasi\u00f3n por dibujar todo aquello que nos rodea y c\u00f3mo da poes\u00eda a la cotidianidad.<\/p>\n<p>Direcci\u00f3n: Roc Boronat, 37<\/p>\n<p>Horario: de 19 a 23 h<\/p>\n<p>&nbsp;<\/p>\n<p><strong><u>The Green Dimension:<\/u><\/strong> Este espacio creativo abre sus puertas y propone, adem\u00e1s de plantas, macetas, flores frescas y complementos a la venta, una exposici\u00f3n creativa de su arte floral con todo su \u201cpower\u201d y belleza para llevarte a otra dimensi\u00f3n. Adem\u00e1s, habr\u00e1 una live perfomance: una exposici\u00f3n a d\u00fao de Niel Lorenzo y Ruben de Haas.<\/p>\n<p>Direcci\u00f3n: Pamplona, 69<\/p>\n<p>Horario: de 19 a 00 h<\/p>\n<p>&nbsp;<\/p>\n<h3>UNUSUAL CONCEPT STORE<\/h3>\n<p>\u200b\u200bVive una CANDLENIGHT al estilo Unusual*! Visita los distintos espacios de su Concept Store donde encontrar\u00e1s, entre la magia de la luz de nuestras velas, objetos de moda, arte y dise\u00f1o, as\u00ed como un\u00a0<em>outlet<\/em>\u00a0con precios especiales. Y por supuesto, su terraza tropical con buena m\u00fasica, donde nos invitan a un cocktail en un ambiente inigualable.<\/p>\n<p>Horario:\u00a011:00h \u2013 00:00h<\/p>\n<p>&nbsp;<\/p>\n<p><strong><u>Valkiria Hub Space + Golden &amp; Smith by Valkiria:<\/u><\/strong><\/p>\n<p>Evento Soul Movement CON\u00c9CTATE4<\/p>\n<p>Para la jornada del Open Night Valkiria Hub Space junto a Puro Love, Seeds experience, Flipando en Colores y Golden &amp; Smith han organizado un evento multidisciplinar para que puedas participar en un mar de actividades donde conviven la realidad virtual, el arte, la gastronom\u00eda y la m\u00fasica.<\/p>\n<p>Direcci\u00f3n: Pujades, 126<\/p>\n<p>Horario: de 19 a 00 h<\/p>\n<h3><\/h3>\n<p>&nbsp;<\/p>","protected":false},"excerpt":{"rendered":"<p>En esta\u00a0novena edici\u00f3n del Poblenou\u00a0Open Night,\u00a0contamos con la participaci\u00f3n de muchos de nuestros asociados. Entre ellos\u00a0Galer\u00edas de Arte, Museos y&#8230; <a href=\"https:\/\/poblenouurbandistrict.com\/es\/la-ruta-de-lart-del-disseny-i-de-lanimacio-del-poblenou-open-night\/\">M\u00e1s  \u2192<\/a><\/p>\n","protected":false},"author":5,"featured_media":34773,"comment_status":"closed","ping_status":"closed","sticky":false,"template":"","format":"standard","meta":{"_acf_changed":false,"footnotes":""},"categories":[3526,3502,3501,3364,3363,1,3342],"tags":[],"class_list":["post-34771","post","type-post","status-publish","format-standard","has-post-thumbnail","hentry","category-open-night","category-video","category-disseny","category-poblenou-urban-district","category-places","category-noticias","category-art"],"acf":[],"yoast_head":"<!-- This site is optimized with the Yoast SEO plugin v27.4 - https:\/\/yoast.com\/product\/yoast-seo-wordpress\/ -->\n<title>La ruta del arte, el dise\u00f1o y la animaci\u00f3n del Poblenou Open Night<\/title>\n<meta name=\"robots\" content=\"index, follow, max-snippet:-1, max-image-preview:large, max-video-preview:-1\" \/>\n<link rel=\"canonical\" href=\"https:\/\/poblenouurbandistrict.com\/es\/la-ruta-de-lart-del-disseny-i-de-lanimacio-del-poblenou-open-night\/\" \/>\n<meta property=\"og:locale\" content=\"es_ES\" \/>\n<meta property=\"og:type\" content=\"article\" \/>\n<meta property=\"og:title\" content=\"La ruta del arte, el dise\u00f1o y la animaci\u00f3n del Poblenou Open Night\" \/>\n<meta property=\"og:description\" content=\"En esta\u00a0novena edici\u00f3n del Poblenou\u00a0Open Night,\u00a0contamos con la participaci\u00f3n de muchos de nuestros asociados. Entre ellos\u00a0Galer\u00edas de Arte, Museos y... M\u00e1s \u2192\" \/>\n<meta property=\"og:url\" content=\"https:\/\/poblenouurbandistrict.com\/es\/la-ruta-de-lart-del-disseny-i-de-lanimacio-del-poblenou-open-night\/\" \/>\n<meta property=\"og:site_name\" content=\"Poblenou Urban District\" \/>\n<meta property=\"article:published_time\" content=\"2022-11-22T10:10:02+00:00\" \/>\n<meta property=\"article:modified_time\" content=\"2022-11-24T13:49:08+00:00\" \/>\n<meta property=\"og:image\" content=\"https:\/\/poblenouurbandistrict.com\/wp-content\/uploads\/2022\/11\/dsc3268-scaled.jpg\" \/>\n\t<meta property=\"og:image:width\" content=\"2560\" \/>\n\t<meta property=\"og:image:height\" content=\"1710\" \/>\n\t<meta property=\"og:image:type\" content=\"image\/jpeg\" \/>\n<meta name=\"author\" content=\"pnud\" \/>\n<meta name=\"twitter:card\" content=\"summary_large_image\" \/>\n<meta name=\"twitter:label1\" content=\"Escrito por\" \/>\n\t<meta name=\"twitter:data1\" content=\"pnud\" \/>\n\t<meta name=\"twitter:label2\" content=\"Tiempo de lectura\" \/>\n\t<meta name=\"twitter:data2\" content=\"6 minutos\" \/>\n<script type=\"application\/ld+json\" class=\"yoast-schema-graph\">{\"@context\":\"https:\\\/\\\/schema.org\",\"@graph\":[{\"@type\":\"Article\",\"@id\":\"https:\\\/\\\/poblenouurbandistrict.com\\\/la-ruta-de-lart-del-disseny-i-de-lanimacio-del-poblenou-open-night\\\/#article\",\"isPartOf\":{\"@id\":\"https:\\\/\\\/poblenouurbandistrict.com\\\/la-ruta-de-lart-del-disseny-i-de-lanimacio-del-poblenou-open-night\\\/\"},\"author\":{\"name\":\"pnud\",\"@id\":\"https:\\\/\\\/poblenouurbandistrict.com\\\/#\\\/schema\\\/person\\\/980a2cf34b399d5218205730acd54a7e\"},\"headline\":\"La ruta del arte, el dise\u00f1o y la animaci\u00f3n del Poblenou Open Night\",\"datePublished\":\"2022-11-22T10:10:02+00:00\",\"dateModified\":\"2022-11-24T13:49:08+00:00\",\"mainEntityOfPage\":{\"@id\":\"https:\\\/\\\/poblenouurbandistrict.com\\\/la-ruta-de-lart-del-disseny-i-de-lanimacio-del-poblenou-open-night\\\/\"},\"wordCount\":2609,\"image\":{\"@id\":\"https:\\\/\\\/poblenouurbandistrict.com\\\/la-ruta-de-lart-del-disseny-i-de-lanimacio-del-poblenou-open-night\\\/#primaryimage\"},\"thumbnailUrl\":\"https:\\\/\\\/media.poblenouurbandistrict.com\\\/2022\\\/11\\\/25055035\\\/dsc3268-scaled.jpg\",\"articleSection\":[\"Open Night\",\"v\u00eddeo\",\"Disseny\",\"Poblenou Urban District\",\"Espacios\",\"Est\u00e1 pasando\",\"Arte\"],\"inLanguage\":\"es\"},{\"@type\":\"WebPage\",\"@id\":\"https:\\\/\\\/poblenouurbandistrict.com\\\/es\\\/la-ruta-de-lart-del-disseny-i-de-lanimacio-del-poblenou-open-night\\\/\",\"url\":\"https:\\\/\\\/poblenouurbandistrict.com\\\/es\\\/la-ruta-de-lart-del-disseny-i-de-lanimacio-del-poblenou-open-night\\\/\",\"name\":\"La ruta del arte, el dise\u00f1o y la animaci\u00f3n del Poblenou Open Night\",\"isPartOf\":{\"@id\":\"https:\\\/\\\/poblenouurbandistrict.com\\\/es\\\/#website\"},\"primaryImageOfPage\":{\"@id\":\"https:\\\/\\\/poblenouurbandistrict.com\\\/es\\\/la-ruta-de-lart-del-disseny-i-de-lanimacio-del-poblenou-open-night\\\/#primaryimage\"},\"image\":{\"@id\":\"https:\\\/\\\/poblenouurbandistrict.com\\\/la-ruta-de-lart-del-disseny-i-de-lanimacio-del-poblenou-open-night\\\/#primaryimage\"},\"thumbnailUrl\":\"https:\\\/\\\/media.poblenouurbandistrict.com\\\/2022\\\/11\\\/25055035\\\/dsc3268-scaled.jpg\",\"datePublished\":\"2022-11-22T10:10:02+00:00\",\"dateModified\":\"2022-11-24T13:49:08+00:00\",\"author\":{\"@id\":\"https:\\\/\\\/poblenouurbandistrict.com\\\/#\\\/schema\\\/person\\\/980a2cf34b399d5218205730acd54a7e\"},\"breadcrumb\":{\"@id\":\"https:\\\/\\\/poblenouurbandistrict.com\\\/es\\\/la-ruta-de-lart-del-disseny-i-de-lanimacio-del-poblenou-open-night\\\/#breadcrumb\"},\"inLanguage\":\"es\",\"potentialAction\":[{\"@type\":\"ReadAction\",\"target\":[[\"https:\\\/\\\/poblenouurbandistrict.com\\\/es\\\/la-ruta-de-lart-del-disseny-i-de-lanimacio-del-poblenou-open-night\\\/\"]]}]},{\"@type\":\"ImageObject\",\"inLanguage\":\"es\",\"@id\":\"https:\\\/\\\/poblenouurbandistrict.com\\\/es\\\/la-ruta-de-lart-del-disseny-i-de-lanimacio-del-poblenou-open-night\\\/#primaryimage\",\"url\":\"https:\\\/\\\/media.poblenouurbandistrict.com\\\/2022\\\/11\\\/25055035\\\/dsc3268-scaled.jpg\",\"contentUrl\":\"https:\\\/\\\/media.poblenouurbandistrict.com\\\/2022\\\/11\\\/25055035\\\/dsc3268-scaled.jpg\",\"width\":2560,\"height\":1710},{\"@type\":\"BreadcrumbList\",\"@id\":\"https:\\\/\\\/poblenouurbandistrict.com\\\/es\\\/la-ruta-de-lart-del-disseny-i-de-lanimacio-del-poblenou-open-night\\\/#breadcrumb\",\"itemListElement\":[{\"@type\":\"ListItem\",\"position\":1,\"name\":\"Home\",\"item\":\"https:\\\/\\\/poblenouurbandistrict.com\\\/es\\\/\"},{\"@type\":\"ListItem\",\"position\":2,\"name\":\"La ruta del arte, el dise\u00f1o y la animaci\u00f3n del Poblenou Open Night\"}]},{\"@type\":\"WebSite\",\"@id\":\"https:\\\/\\\/poblenouurbandistrict.com\\\/es\\\/#website\",\"url\":\"https:\\\/\\\/poblenouurbandistrict.com\\\/es\\\/\",\"name\":\"Poblenou Urban District\",\"description\":\"Comunidad Creativa\",\"potentialAction\":[{\"@type\":\"SearchAction\",\"target\":{\"@type\":\"EntryPoint\",\"urlTemplate\":\"https:\\\/\\\/poblenouurbandistrict.com\\\/es\\\/?s={search_term_string}\"},\"query-input\":{\"@type\":\"PropertyValueSpecification\",\"valueRequired\":true,\"valueName\":\"search_term_string\"}}],\"inLanguage\":\"es\"},{\"@type\":\"Person\",\"@id\":\"https:\\\/\\\/poblenouurbandistrict.com\\\/#\\\/schema\\\/person\\\/980a2cf34b399d5218205730acd54a7e\",\"name\":\"pnud\",\"image\":{\"@type\":\"ImageObject\",\"inLanguage\":\"es\",\"@id\":\"https:\\\/\\\/secure.gravatar.com\\\/avatar\\\/67146597b405ee077a24e519f75c3e2031736596d6ce35af3a34c122c93d0d7b?s=96&d=retro&r=g\",\"url\":\"https:\\\/\\\/secure.gravatar.com\\\/avatar\\\/67146597b405ee077a24e519f75c3e2031736596d6ce35af3a34c122c93d0d7b?s=96&d=retro&r=g\",\"contentUrl\":\"https:\\\/\\\/secure.gravatar.com\\\/avatar\\\/67146597b405ee077a24e519f75c3e2031736596d6ce35af3a34c122c93d0d7b?s=96&d=retro&r=g\",\"caption\":\"pnud\"}}]}<\/script>\n<!-- \/ Yoast SEO plugin. -->","yoast_head_json":{"title":"La ruta del arte, el dise\u00f1o y la animaci\u00f3n del Poblenou Open Night","robots":{"index":"index","follow":"follow","max-snippet":"max-snippet:-1","max-image-preview":"max-image-preview:large","max-video-preview":"max-video-preview:-1"},"canonical":"https:\/\/poblenouurbandistrict.com\/es\/la-ruta-de-lart-del-disseny-i-de-lanimacio-del-poblenou-open-night\/","og_locale":"es_ES","og_type":"article","og_title":"La ruta del arte, el dise\u00f1o y la animaci\u00f3n del Poblenou Open Night","og_description":"En esta\u00a0novena edici\u00f3n del Poblenou\u00a0Open Night,\u00a0contamos con la participaci\u00f3n de muchos de nuestros asociados. Entre ellos\u00a0Galer\u00edas de Arte, Museos y... M\u00e1s \u2192","og_url":"https:\/\/poblenouurbandistrict.com\/es\/la-ruta-de-lart-del-disseny-i-de-lanimacio-del-poblenou-open-night\/","og_site_name":"Poblenou Urban District","article_published_time":"2022-11-22T10:10:02+00:00","article_modified_time":"2022-11-24T13:49:08+00:00","og_image":[{"width":2560,"height":1710,"url":"https:\/\/poblenouurbandistrict.com\/wp-content\/uploads\/2022\/11\/dsc3268-scaled.jpg","type":"image\/jpeg"}],"author":"pnud","twitter_card":"summary_large_image","twitter_misc":{"Escrito por":"pnud","Tiempo de lectura":"6 minutos"},"schema":{"@context":"https:\/\/schema.org","@graph":[{"@type":"Article","@id":"https:\/\/poblenouurbandistrict.com\/la-ruta-de-lart-del-disseny-i-de-lanimacio-del-poblenou-open-night\/#article","isPartOf":{"@id":"https:\/\/poblenouurbandistrict.com\/la-ruta-de-lart-del-disseny-i-de-lanimacio-del-poblenou-open-night\/"},"author":{"name":"pnud","@id":"https:\/\/poblenouurbandistrict.com\/#\/schema\/person\/980a2cf34b399d5218205730acd54a7e"},"headline":"La ruta del arte, el dise\u00f1o y la animaci\u00f3n del Poblenou Open Night","datePublished":"2022-11-22T10:10:02+00:00","dateModified":"2022-11-24T13:49:08+00:00","mainEntityOfPage":{"@id":"https:\/\/poblenouurbandistrict.com\/la-ruta-de-lart-del-disseny-i-de-lanimacio-del-poblenou-open-night\/"},"wordCount":2609,"image":{"@id":"https:\/\/poblenouurbandistrict.com\/la-ruta-de-lart-del-disseny-i-de-lanimacio-del-poblenou-open-night\/#primaryimage"},"thumbnailUrl":"https:\/\/media.poblenouurbandistrict.com\/2022\/11\/25055035\/dsc3268-scaled.jpg","articleSection":["Open Night","v\u00eddeo","Disseny","Poblenou Urban District","Espacios","Est\u00e1 pasando","Arte"],"inLanguage":"es"},{"@type":"WebPage","@id":"https:\/\/poblenouurbandistrict.com\/es\/la-ruta-de-lart-del-disseny-i-de-lanimacio-del-poblenou-open-night\/","url":"https:\/\/poblenouurbandistrict.com\/es\/la-ruta-de-lart-del-disseny-i-de-lanimacio-del-poblenou-open-night\/","name":"La ruta del arte, el dise\u00f1o y la animaci\u00f3n del Poblenou Open Night","isPartOf":{"@id":"https:\/\/poblenouurbandistrict.com\/es\/#website"},"primaryImageOfPage":{"@id":"https:\/\/poblenouurbandistrict.com\/es\/la-ruta-de-lart-del-disseny-i-de-lanimacio-del-poblenou-open-night\/#primaryimage"},"image":{"@id":"https:\/\/poblenouurbandistrict.com\/la-ruta-de-lart-del-disseny-i-de-lanimacio-del-poblenou-open-night\/#primaryimage"},"thumbnailUrl":"https:\/\/media.poblenouurbandistrict.com\/2022\/11\/25055035\/dsc3268-scaled.jpg","datePublished":"2022-11-22T10:10:02+00:00","dateModified":"2022-11-24T13:49:08+00:00","author":{"@id":"https:\/\/poblenouurbandistrict.com\/#\/schema\/person\/980a2cf34b399d5218205730acd54a7e"},"breadcrumb":{"@id":"https:\/\/poblenouurbandistrict.com\/es\/la-ruta-de-lart-del-disseny-i-de-lanimacio-del-poblenou-open-night\/#breadcrumb"},"inLanguage":"es","potentialAction":[{"@type":"ReadAction","target":[["https:\/\/poblenouurbandistrict.com\/es\/la-ruta-de-lart-del-disseny-i-de-lanimacio-del-poblenou-open-night\/"]]}]},{"@type":"ImageObject","inLanguage":"es","@id":"https:\/\/poblenouurbandistrict.com\/es\/la-ruta-de-lart-del-disseny-i-de-lanimacio-del-poblenou-open-night\/#primaryimage","url":"https:\/\/media.poblenouurbandistrict.com\/2022\/11\/25055035\/dsc3268-scaled.jpg","contentUrl":"https:\/\/media.poblenouurbandistrict.com\/2022\/11\/25055035\/dsc3268-scaled.jpg","width":2560,"height":1710},{"@type":"BreadcrumbList","@id":"https:\/\/poblenouurbandistrict.com\/es\/la-ruta-de-lart-del-disseny-i-de-lanimacio-del-poblenou-open-night\/#breadcrumb","itemListElement":[{"@type":"ListItem","position":1,"name":"Home","item":"https:\/\/poblenouurbandistrict.com\/es\/"},{"@type":"ListItem","position":2,"name":"La ruta del arte, el dise\u00f1o y la animaci\u00f3n del Poblenou Open Night"}]},{"@type":"WebSite","@id":"https:\/\/poblenouurbandistrict.com\/es\/#website","url":"https:\/\/poblenouurbandistrict.com\/es\/","name":"Poblenou Urban District","description":"Comunidad Creativa","potentialAction":[{"@type":"SearchAction","target":{"@type":"EntryPoint","urlTemplate":"https:\/\/poblenouurbandistrict.com\/es\/?s={search_term_string}"},"query-input":{"@type":"PropertyValueSpecification","valueRequired":true,"valueName":"search_term_string"}}],"inLanguage":"es"},{"@type":"Person","@id":"https:\/\/poblenouurbandistrict.com\/#\/schema\/person\/980a2cf34b399d5218205730acd54a7e","name":"pnud","image":{"@type":"ImageObject","inLanguage":"es","@id":"https:\/\/secure.gravatar.com\/avatar\/67146597b405ee077a24e519f75c3e2031736596d6ce35af3a34c122c93d0d7b?s=96&d=retro&r=g","url":"https:\/\/secure.gravatar.com\/avatar\/67146597b405ee077a24e519f75c3e2031736596d6ce35af3a34c122c93d0d7b?s=96&d=retro&r=g","contentUrl":"https:\/\/secure.gravatar.com\/avatar\/67146597b405ee077a24e519f75c3e2031736596d6ce35af3a34c122c93d0d7b?s=96&d=retro&r=g","caption":"pnud"}}]}},"_links":{"self":[{"href":"https:\/\/poblenouurbandistrict.com\/es\/wp-json\/wp\/v2\/posts\/34771","targetHints":{"allow":["GET"]}}],"collection":[{"href":"https:\/\/poblenouurbandistrict.com\/es\/wp-json\/wp\/v2\/posts"}],"about":[{"href":"https:\/\/poblenouurbandistrict.com\/es\/wp-json\/wp\/v2\/types\/post"}],"author":[{"embeddable":true,"href":"https:\/\/poblenouurbandistrict.com\/es\/wp-json\/wp\/v2\/users\/5"}],"replies":[{"embeddable":true,"href":"https:\/\/poblenouurbandistrict.com\/es\/wp-json\/wp\/v2\/comments?post=34771"}],"version-history":[{"count":11,"href":"https:\/\/poblenouurbandistrict.com\/es\/wp-json\/wp\/v2\/posts\/34771\/revisions"}],"predecessor-version":[{"id":35892,"href":"https:\/\/poblenouurbandistrict.com\/es\/wp-json\/wp\/v2\/posts\/34771\/revisions\/35892"}],"wp:featuredmedia":[{"embeddable":true,"href":"https:\/\/poblenouurbandistrict.com\/es\/wp-json\/wp\/v2\/media\/34773"}],"wp:attachment":[{"href":"https:\/\/poblenouurbandistrict.com\/es\/wp-json\/wp\/v2\/media?parent=34771"}],"wp:term":[{"taxonomy":"category","embeddable":true,"href":"https:\/\/poblenouurbandistrict.com\/es\/wp-json\/wp\/v2\/categories?post=34771"},{"taxonomy":"post_tag","embeddable":true,"href":"https:\/\/poblenouurbandistrict.com\/es\/wp-json\/wp\/v2\/tags?post=34771"}],"curies":[{"name":"wp","href":"https:\/\/api.w.org\/{rel}","templated":true}]}}