{"id":36268,"date":"2022-12-14T11:33:55","date_gmt":"2022-12-14T10:33:55","guid":{"rendered":"https:\/\/poblenouurbandistrict.com\/?p=36268"},"modified":"2022-12-15T15:13:43","modified_gmt":"2022-12-15T14:13:43","slug":"artec-studio-guanyador-dels-lit-design-awards-2022-amb-dos-dels-seus-darrers-projectes","status":"publish","type":"post","link":"https:\/\/poblenouurbandistrict.com\/es\/artec-studio-guanyador-dels-lit-design-awards-2022-amb-dos-dels-seus-darrers-projectes\/","title":{"rendered":"Artec Studio, ganador de los LIT Design Awards 2022 con dos de sus \u00faltimos proyectos"},"content":{"rendered":"<p><b>El estudio independiente de dise\u00f1o de iluminaci\u00f3n Artec Studio, fundado por Maurici Gin\u00e9s, ha sido doblemente premiado en la presente edici\u00f3n de los LIT Design Awards por el dise\u00f1o de iluminaci\u00f3n en Valle San Nicol\u00e1s y la Nueva Bodega Perelada.\u00a0<\/b><\/p>\n<p>Los Premios LIT Design fueron creados para reconocer los esfuerzos de los dise\u00f1adores de productos de iluminaci\u00f3n con talento internacionales y ejecutores de iluminaci\u00f3n. Creen que la iluminaci\u00f3n es a la vez un arte y una ciencia, y es uno de los elementos m\u00e1s importantes del dise\u00f1o. Los Premios LIT fueron concebidos para celebrar la creatividad y la innovaci\u00f3n en los campos de los productos y las aplicaciones de la iluminaci\u00f3n.<\/p>\n<p>Estos son los proyectos presentados por Artec Studio que han sido premiados:<\/p>\n<ul>\n<li aria-level=\"1\"><b>Casa club Valle de San Nicol\u00e1s<\/b><\/li>\n<\/ul>\n<p><b>Valle de Bravo, M\u00e9xico (2020)<\/b><\/p>\n<p><b><i>Ganador en Iluminaci\u00f3n Arquitect\u00f3nica Exterior e Iluminaci\u00f3n Arquitect\u00f3nica Interior.<\/i><\/b><\/p>\n<p><span style=\"font-weight: 400;\">La Casa club Valle San Nicol\u00e1s es un proyecto de Sordo Madaleno Arquitectos que destaca por aprovechar la topograf\u00eda del lugar y por una cuidadosa integraci\u00f3n en la naturaleza. El dise\u00f1o de iluminaci\u00f3n logra una continuidad natural de luz pura que se apoya en la forma y complementa la arquitectura, sin invadir.\u00a0<\/span><\/p>\n<p><span style=\"font-weight: 400;\">Para conseguirlo, Artec Studio parti\u00f3 de un concepto creativo basado en la contenci\u00f3n; no se quiso dar protagonismo a la iluminaci\u00f3n, sino generar una integraci\u00f3n total con el espacio como elemento de referencia y con su entorno, priorizando un ambiente confortable de reuni\u00f3n y de hospitalidad.\u00a0<\/span><\/p>\n<p><span style=\"font-weight: 400;\">En palabras de Maurici Gin\u00e9s, Fundador y Director Creativo de Artec Studio: <\/span><i><span style=\"font-weight: 400;\">\u201cBusc\u00e1bamos una luz pura que se apoyara en la forma, en la arquitectura, sin rebasarla. Sin querer ser la protagonista. A trav\u00e9s de un dise\u00f1o de iluminaci\u00f3n sutil que no exhala luz, sino que la contiene, logramos crear un espacio de intimidad compartida, confortable, tranquilo y respetuoso con el entorno\u201d<\/span><\/i><span style=\"font-weight: 400;\">.<\/span><\/p>\n<p>&nbsp;<\/p>\n<ul>\n<li aria-level=\"1\"><b>Nueva Bodega Perelada<\/b><\/li>\n<\/ul>\n<p><b>Girona, Espa\u00f1a (2022)<\/b><\/p>\n<p><b><i>Ganador en Dise\u00f1o de Iluminaci\u00f3n Natural y por el Dise\u00f1o de Iluminaci\u00f3n Arquitect\u00f3nica de Interiores.<\/i><\/b><\/p>\n<p><span style=\"font-weight: 400;\">La nueva bodega de Grupo Perelada es una silenciosa y armoniosa construcci\u00f3n subterr\u00e1nea de RCR Arquitectes, que consigue una plena integraci\u00f3n con el entorno.\u00a0<\/span><\/p>\n<p><span style=\"font-weight: 400;\">\u00a0<\/span><span style=\"font-weight: 400;\">Uno de los principales retos del proyecto de iluminaci\u00f3n fue conseguir el m\u00e1ximo aprovechamiento de la luz diurna, para alumbrar incluso espacios de trabajo, a pesar de tratarse de una construcci\u00f3n a diez metros bajo tierra. Para lograrlo, el equipo de Artec Studio desarroll\u00f3 un estudio de la luz natural para adaptar la propuesta lum\u00ednica seg\u00fan las coordenadas y caracter\u00edsticas del enclave.\u00a0<\/span><\/p>\n<p><span style=\"font-weight: 400;\">Tambi\u00e9n se intervino proponiendo ajustes en el dise\u00f1o arquitect\u00f3nico de los lucernarios que favorecieran el aprovechamiento de la luz de d\u00eda. Tal como cuenta Maurici Gin\u00e9s: <\/span><i><span style=\"font-weight: 400;\">\u201cLas situaciones de luz natural y artificial en el proyecto de la nueva bodega de Perelada se trabajaron en dos direcciones: la primera, la que ense\u00f1a la arquitectura del espacio y la segunda, la que nos muestra su alma y nos vincula al storytelling del vino\u201d<\/span><\/i><span style=\"font-weight: 400;\">.<\/span><\/p>\n<p><span style=\"font-weight: 400;\">La nueva bodega Perelada es pionera en Europa en obtener la certificaci\u00f3n LEED Gold por su m\u00ednimo impacto en el entorno. A nivel lum\u00ednico, se propone una iluminaci\u00f3n de muy bajo consumo que favorece el m\u00e1ximo aprovechamiento de la luz natural a trav\u00e9s de la cubierta. Asimismo, el 100% del consumo el\u00e9ctrico corresponde a energ\u00eda renovable certificada.<\/span><\/p>\n<p>&nbsp;<\/p>","protected":false},"excerpt":{"rendered":"<p>El estudio independiente de dise\u00f1o de iluminaci\u00f3n Artec Studio, fundado por Maurici Gin\u00e9s, ha sido doblemente premiado en la presente&#8230; <a href=\"https:\/\/poblenouurbandistrict.com\/es\/artec-studio-guanyador-dels-lit-design-awards-2022-amb-dos-dels-seus-darrers-projectes\/\">M\u00e1s  \u2192<\/a><\/p>\n","protected":false},"author":5,"featured_media":36271,"comment_status":"closed","ping_status":"closed","sticky":false,"template":"","format":"standard","meta":{"_acf_changed":false,"footnotes":""},"categories":[3573,3501,3363,1],"tags":[],"class_list":["post-36268","post","type-post","status-publish","format-standard","has-post-thumbnail","hentry","category-arquitectura","category-disseny","category-places","category-noticias"],"acf":[],"yoast_head":"<!-- This site is optimized with the Yoast SEO plugin v27.5 - https:\/\/yoast.com\/product\/yoast-seo-wordpress\/ -->\n<title>Artec Studio, ganador de los LIT Design Awards 2022 con dos de sus \u00faltimos proyectos &#8211; Poblenou Urban District<\/title>\n<meta name=\"robots\" content=\"index, follow, max-snippet:-1, max-image-preview:large, max-video-preview:-1\" \/>\n<link rel=\"canonical\" href=\"https:\/\/poblenouurbandistrict.com\/es\/artec-studio-guanyador-dels-lit-design-awards-2022-amb-dos-dels-seus-darrers-projectes\/\" \/>\n<meta property=\"og:locale\" content=\"es_ES\" \/>\n<meta property=\"og:type\" content=\"article\" \/>\n<meta property=\"og:title\" content=\"Artec Studio, ganador de los LIT Design Awards 2022 con dos de sus \u00faltimos proyectos &#8211; Poblenou Urban District\" \/>\n<meta property=\"og:description\" content=\"El estudio independiente de dise\u00f1o de iluminaci\u00f3n Artec Studio, fundado por Maurici Gin\u00e9s, ha sido doblemente premiado en la presente... M\u00e1s \u2192\" \/>\n<meta property=\"og:url\" content=\"https:\/\/poblenouurbandistrict.com\/es\/artec-studio-guanyador-dels-lit-design-awards-2022-amb-dos-dels-seus-darrers-projectes\/\" \/>\n<meta property=\"og:site_name\" content=\"Poblenou Urban District\" \/>\n<meta property=\"article:published_time\" content=\"2022-12-14T10:33:55+00:00\" \/>\n<meta property=\"article:modified_time\" content=\"2022-12-15T14:13:43+00:00\" \/>\n<meta property=\"og:image\" content=\"https:\/\/poblenouurbandistrict.com\/wp-content\/uploads\/2022\/12\/ff623c64f7395b364b54cf7131a874e1-scaled.jpg\" \/>\n\t<meta property=\"og:image:width\" content=\"2560\" \/>\n\t<meta property=\"og:image:height\" content=\"1683\" \/>\n\t<meta property=\"og:image:type\" content=\"image\/jpeg\" \/>\n<meta name=\"author\" content=\"pnud\" \/>\n<meta name=\"twitter:card\" content=\"summary_large_image\" \/>\n<meta name=\"twitter:label1\" content=\"Escrito por\" \/>\n\t<meta name=\"twitter:data1\" content=\"pnud\" \/>\n\t<meta name=\"twitter:label2\" content=\"Tiempo de lectura\" \/>\n\t<meta name=\"twitter:data2\" content=\"3 minutos\" \/>\n<script type=\"application\/ld+json\" class=\"yoast-schema-graph\">{\"@context\":\"https:\\\/\\\/schema.org\",\"@graph\":[{\"@type\":\"Article\",\"@id\":\"https:\\\/\\\/poblenouurbandistrict.com\\\/artec-studio-guanyador-dels-lit-design-awards-2022-amb-dos-dels-seus-darrers-projectes\\\/#article\",\"isPartOf\":{\"@id\":\"https:\\\/\\\/poblenouurbandistrict.com\\\/artec-studio-guanyador-dels-lit-design-awards-2022-amb-dos-dels-seus-darrers-projectes\\\/\"},\"author\":{\"name\":\"pnud\",\"@id\":\"https:\\\/\\\/poblenouurbandistrict.com\\\/#\\\/schema\\\/person\\\/980a2cf34b399d5218205730acd54a7e\"},\"headline\":\"Artec Studio, ganador de los LIT Design Awards 2022 con dos de sus \u00faltimos proyectos\",\"datePublished\":\"2022-12-14T10:33:55+00:00\",\"dateModified\":\"2022-12-15T14:13:43+00:00\",\"mainEntityOfPage\":{\"@id\":\"https:\\\/\\\/poblenouurbandistrict.com\\\/artec-studio-guanyador-dels-lit-design-awards-2022-amb-dos-dels-seus-darrers-projectes\\\/\"},\"wordCount\":1222,\"image\":{\"@id\":\"https:\\\/\\\/poblenouurbandistrict.com\\\/artec-studio-guanyador-dels-lit-design-awards-2022-amb-dos-dels-seus-darrers-projectes\\\/#primaryimage\"},\"thumbnailUrl\":\"https:\\\/\\\/media.poblenouurbandistrict.com\\\/2022\\\/12\\\/25055400\\\/ff623c64f7395b364b54cf7131a874e1-scaled.jpg\",\"articleSection\":[\"Arquitectura\",\"Disseny\",\"Espacios\",\"Est\u00e1 pasando\"],\"inLanguage\":\"es\"},{\"@type\":\"WebPage\",\"@id\":\"https:\\\/\\\/poblenouurbandistrict.com\\\/es\\\/artec-studio-guanyador-dels-lit-design-awards-2022-amb-dos-dels-seus-darrers-projectes\\\/\",\"url\":\"https:\\\/\\\/poblenouurbandistrict.com\\\/es\\\/artec-studio-guanyador-dels-lit-design-awards-2022-amb-dos-dels-seus-darrers-projectes\\\/\",\"name\":\"Artec Studio, ganador de los LIT Design Awards 2022 con dos de sus \u00faltimos proyectos &#8211; Poblenou Urban District\",\"isPartOf\":{\"@id\":\"https:\\\/\\\/poblenouurbandistrict.com\\\/es\\\/#website\"},\"primaryImageOfPage\":{\"@id\":\"https:\\\/\\\/poblenouurbandistrict.com\\\/es\\\/artec-studio-guanyador-dels-lit-design-awards-2022-amb-dos-dels-seus-darrers-projectes\\\/#primaryimage\"},\"image\":{\"@id\":\"https:\\\/\\\/poblenouurbandistrict.com\\\/artec-studio-guanyador-dels-lit-design-awards-2022-amb-dos-dels-seus-darrers-projectes\\\/#primaryimage\"},\"thumbnailUrl\":\"https:\\\/\\\/media.poblenouurbandistrict.com\\\/2022\\\/12\\\/25055400\\\/ff623c64f7395b364b54cf7131a874e1-scaled.jpg\",\"datePublished\":\"2022-12-14T10:33:55+00:00\",\"dateModified\":\"2022-12-15T14:13:43+00:00\",\"author\":{\"@id\":\"https:\\\/\\\/poblenouurbandistrict.com\\\/#\\\/schema\\\/person\\\/980a2cf34b399d5218205730acd54a7e\"},\"breadcrumb\":{\"@id\":\"https:\\\/\\\/poblenouurbandistrict.com\\\/es\\\/artec-studio-guanyador-dels-lit-design-awards-2022-amb-dos-dels-seus-darrers-projectes\\\/#breadcrumb\"},\"inLanguage\":\"es\",\"potentialAction\":[{\"@type\":\"ReadAction\",\"target\":[[\"https:\\\/\\\/poblenouurbandistrict.com\\\/es\\\/artec-studio-guanyador-dels-lit-design-awards-2022-amb-dos-dels-seus-darrers-projectes\\\/\"]]}]},{\"@type\":\"ImageObject\",\"inLanguage\":\"es\",\"@id\":\"https:\\\/\\\/poblenouurbandistrict.com\\\/es\\\/artec-studio-guanyador-dels-lit-design-awards-2022-amb-dos-dels-seus-darrers-projectes\\\/#primaryimage\",\"url\":\"https:\\\/\\\/media.poblenouurbandistrict.com\\\/2022\\\/12\\\/25055400\\\/ff623c64f7395b364b54cf7131a874e1-scaled.jpg\",\"contentUrl\":\"https:\\\/\\\/media.poblenouurbandistrict.com\\\/2022\\\/12\\\/25055400\\\/ff623c64f7395b364b54cf7131a874e1-scaled.jpg\",\"width\":2560,\"height\":1683},{\"@type\":\"BreadcrumbList\",\"@id\":\"https:\\\/\\\/poblenouurbandistrict.com\\\/es\\\/artec-studio-guanyador-dels-lit-design-awards-2022-amb-dos-dels-seus-darrers-projectes\\\/#breadcrumb\",\"itemListElement\":[{\"@type\":\"ListItem\",\"position\":1,\"name\":\"Home\",\"item\":\"https:\\\/\\\/poblenouurbandistrict.com\\\/es\\\/\"},{\"@type\":\"ListItem\",\"position\":2,\"name\":\"Artec Studio, guanyador dels LIT Design Awards 2022 amb dos dels seus darrers projectes\"}]},{\"@type\":\"WebSite\",\"@id\":\"https:\\\/\\\/poblenouurbandistrict.com\\\/es\\\/#website\",\"url\":\"https:\\\/\\\/poblenouurbandistrict.com\\\/es\\\/\",\"name\":\"Poblenou Urban District\",\"description\":\"Comunidad Creativa\",\"potentialAction\":[{\"@type\":\"SearchAction\",\"target\":{\"@type\":\"EntryPoint\",\"urlTemplate\":\"https:\\\/\\\/poblenouurbandistrict.com\\\/es\\\/?s={search_term_string}\"},\"query-input\":{\"@type\":\"PropertyValueSpecification\",\"valueRequired\":true,\"valueName\":\"search_term_string\"}}],\"inLanguage\":\"es\"},{\"@type\":\"Person\",\"@id\":\"https:\\\/\\\/poblenouurbandistrict.com\\\/#\\\/schema\\\/person\\\/980a2cf34b399d5218205730acd54a7e\",\"name\":\"pnud\",\"image\":{\"@type\":\"ImageObject\",\"inLanguage\":\"es\",\"@id\":\"https:\\\/\\\/secure.gravatar.com\\\/avatar\\\/67146597b405ee077a24e519f75c3e2031736596d6ce35af3a34c122c93d0d7b?s=96&d=retro&r=g\",\"url\":\"https:\\\/\\\/secure.gravatar.com\\\/avatar\\\/67146597b405ee077a24e519f75c3e2031736596d6ce35af3a34c122c93d0d7b?s=96&d=retro&r=g\",\"contentUrl\":\"https:\\\/\\\/secure.gravatar.com\\\/avatar\\\/67146597b405ee077a24e519f75c3e2031736596d6ce35af3a34c122c93d0d7b?s=96&d=retro&r=g\",\"caption\":\"pnud\"}}]}<\/script>\n<!-- \/ Yoast SEO plugin. -->","yoast_head_json":{"title":"Artec Studio, ganador de los LIT Design Awards 2022 con dos de sus \u00faltimos proyectos &#8211; Poblenou Urban District","robots":{"index":"index","follow":"follow","max-snippet":"max-snippet:-1","max-image-preview":"max-image-preview:large","max-video-preview":"max-video-preview:-1"},"canonical":"https:\/\/poblenouurbandistrict.com\/es\/artec-studio-guanyador-dels-lit-design-awards-2022-amb-dos-dels-seus-darrers-projectes\/","og_locale":"es_ES","og_type":"article","og_title":"Artec Studio, ganador de los LIT Design Awards 2022 con dos de sus \u00faltimos proyectos &#8211; Poblenou Urban District","og_description":"El estudio independiente de dise\u00f1o de iluminaci\u00f3n Artec Studio, fundado por Maurici Gin\u00e9s, ha sido doblemente premiado en la presente... M\u00e1s \u2192","og_url":"https:\/\/poblenouurbandistrict.com\/es\/artec-studio-guanyador-dels-lit-design-awards-2022-amb-dos-dels-seus-darrers-projectes\/","og_site_name":"Poblenou Urban District","article_published_time":"2022-12-14T10:33:55+00:00","article_modified_time":"2022-12-15T14:13:43+00:00","og_image":[{"width":2560,"height":1683,"url":"https:\/\/poblenouurbandistrict.com\/wp-content\/uploads\/2022\/12\/ff623c64f7395b364b54cf7131a874e1-scaled.jpg","type":"image\/jpeg"}],"author":"pnud","twitter_card":"summary_large_image","twitter_misc":{"Escrito por":"pnud","Tiempo de lectura":"3 minutos"},"schema":{"@context":"https:\/\/schema.org","@graph":[{"@type":"Article","@id":"https:\/\/poblenouurbandistrict.com\/artec-studio-guanyador-dels-lit-design-awards-2022-amb-dos-dels-seus-darrers-projectes\/#article","isPartOf":{"@id":"https:\/\/poblenouurbandistrict.com\/artec-studio-guanyador-dels-lit-design-awards-2022-amb-dos-dels-seus-darrers-projectes\/"},"author":{"name":"pnud","@id":"https:\/\/poblenouurbandistrict.com\/#\/schema\/person\/980a2cf34b399d5218205730acd54a7e"},"headline":"Artec Studio, ganador de los LIT Design Awards 2022 con dos de sus \u00faltimos proyectos","datePublished":"2022-12-14T10:33:55+00:00","dateModified":"2022-12-15T14:13:43+00:00","mainEntityOfPage":{"@id":"https:\/\/poblenouurbandistrict.com\/artec-studio-guanyador-dels-lit-design-awards-2022-amb-dos-dels-seus-darrers-projectes\/"},"wordCount":1222,"image":{"@id":"https:\/\/poblenouurbandistrict.com\/artec-studio-guanyador-dels-lit-design-awards-2022-amb-dos-dels-seus-darrers-projectes\/#primaryimage"},"thumbnailUrl":"https:\/\/media.poblenouurbandistrict.com\/2022\/12\/25055400\/ff623c64f7395b364b54cf7131a874e1-scaled.jpg","articleSection":["Arquitectura","Disseny","Espacios","Est\u00e1 pasando"],"inLanguage":"es"},{"@type":"WebPage","@id":"https:\/\/poblenouurbandistrict.com\/es\/artec-studio-guanyador-dels-lit-design-awards-2022-amb-dos-dels-seus-darrers-projectes\/","url":"https:\/\/poblenouurbandistrict.com\/es\/artec-studio-guanyador-dels-lit-design-awards-2022-amb-dos-dels-seus-darrers-projectes\/","name":"Artec Studio, ganador de los LIT Design Awards 2022 con dos de sus \u00faltimos proyectos &#8211; Poblenou Urban District","isPartOf":{"@id":"https:\/\/poblenouurbandistrict.com\/es\/#website"},"primaryImageOfPage":{"@id":"https:\/\/poblenouurbandistrict.com\/es\/artec-studio-guanyador-dels-lit-design-awards-2022-amb-dos-dels-seus-darrers-projectes\/#primaryimage"},"image":{"@id":"https:\/\/poblenouurbandistrict.com\/artec-studio-guanyador-dels-lit-design-awards-2022-amb-dos-dels-seus-darrers-projectes\/#primaryimage"},"thumbnailUrl":"https:\/\/media.poblenouurbandistrict.com\/2022\/12\/25055400\/ff623c64f7395b364b54cf7131a874e1-scaled.jpg","datePublished":"2022-12-14T10:33:55+00:00","dateModified":"2022-12-15T14:13:43+00:00","author":{"@id":"https:\/\/poblenouurbandistrict.com\/#\/schema\/person\/980a2cf34b399d5218205730acd54a7e"},"breadcrumb":{"@id":"https:\/\/poblenouurbandistrict.com\/es\/artec-studio-guanyador-dels-lit-design-awards-2022-amb-dos-dels-seus-darrers-projectes\/#breadcrumb"},"inLanguage":"es","potentialAction":[{"@type":"ReadAction","target":[["https:\/\/poblenouurbandistrict.com\/es\/artec-studio-guanyador-dels-lit-design-awards-2022-amb-dos-dels-seus-darrers-projectes\/"]]}]},{"@type":"ImageObject","inLanguage":"es","@id":"https:\/\/poblenouurbandistrict.com\/es\/artec-studio-guanyador-dels-lit-design-awards-2022-amb-dos-dels-seus-darrers-projectes\/#primaryimage","url":"https:\/\/media.poblenouurbandistrict.com\/2022\/12\/25055400\/ff623c64f7395b364b54cf7131a874e1-scaled.jpg","contentUrl":"https:\/\/media.poblenouurbandistrict.com\/2022\/12\/25055400\/ff623c64f7395b364b54cf7131a874e1-scaled.jpg","width":2560,"height":1683},{"@type":"BreadcrumbList","@id":"https:\/\/poblenouurbandistrict.com\/es\/artec-studio-guanyador-dels-lit-design-awards-2022-amb-dos-dels-seus-darrers-projectes\/#breadcrumb","itemListElement":[{"@type":"ListItem","position":1,"name":"Home","item":"https:\/\/poblenouurbandistrict.com\/es\/"},{"@type":"ListItem","position":2,"name":"Artec Studio, guanyador dels LIT Design Awards 2022 amb dos dels seus darrers projectes"}]},{"@type":"WebSite","@id":"https:\/\/poblenouurbandistrict.com\/es\/#website","url":"https:\/\/poblenouurbandistrict.com\/es\/","name":"Poblenou Urban District","description":"Comunidad Creativa","potentialAction":[{"@type":"SearchAction","target":{"@type":"EntryPoint","urlTemplate":"https:\/\/poblenouurbandistrict.com\/es\/?s={search_term_string}"},"query-input":{"@type":"PropertyValueSpecification","valueRequired":true,"valueName":"search_term_string"}}],"inLanguage":"es"},{"@type":"Person","@id":"https:\/\/poblenouurbandistrict.com\/#\/schema\/person\/980a2cf34b399d5218205730acd54a7e","name":"pnud","image":{"@type":"ImageObject","inLanguage":"es","@id":"https:\/\/secure.gravatar.com\/avatar\/67146597b405ee077a24e519f75c3e2031736596d6ce35af3a34c122c93d0d7b?s=96&d=retro&r=g","url":"https:\/\/secure.gravatar.com\/avatar\/67146597b405ee077a24e519f75c3e2031736596d6ce35af3a34c122c93d0d7b?s=96&d=retro&r=g","contentUrl":"https:\/\/secure.gravatar.com\/avatar\/67146597b405ee077a24e519f75c3e2031736596d6ce35af3a34c122c93d0d7b?s=96&d=retro&r=g","caption":"pnud"}}]}},"_links":{"self":[{"href":"https:\/\/poblenouurbandistrict.com\/es\/wp-json\/wp\/v2\/posts\/36268","targetHints":{"allow":["GET"]}}],"collection":[{"href":"https:\/\/poblenouurbandistrict.com\/es\/wp-json\/wp\/v2\/posts"}],"about":[{"href":"https:\/\/poblenouurbandistrict.com\/es\/wp-json\/wp\/v2\/types\/post"}],"author":[{"embeddable":true,"href":"https:\/\/poblenouurbandistrict.com\/es\/wp-json\/wp\/v2\/users\/5"}],"replies":[{"embeddable":true,"href":"https:\/\/poblenouurbandistrict.com\/es\/wp-json\/wp\/v2\/comments?post=36268"}],"version-history":[{"count":6,"href":"https:\/\/poblenouurbandistrict.com\/es\/wp-json\/wp\/v2\/posts\/36268\/revisions"}],"predecessor-version":[{"id":36323,"href":"https:\/\/poblenouurbandistrict.com\/es\/wp-json\/wp\/v2\/posts\/36268\/revisions\/36323"}],"wp:featuredmedia":[{"embeddable":true,"href":"https:\/\/poblenouurbandistrict.com\/es\/wp-json\/wp\/v2\/media\/36271"}],"wp:attachment":[{"href":"https:\/\/poblenouurbandistrict.com\/es\/wp-json\/wp\/v2\/media?parent=36268"}],"wp:term":[{"taxonomy":"category","embeddable":true,"href":"https:\/\/poblenouurbandistrict.com\/es\/wp-json\/wp\/v2\/categories?post=36268"},{"taxonomy":"post_tag","embeddable":true,"href":"https:\/\/poblenouurbandistrict.com\/es\/wp-json\/wp\/v2\/tags?post=36268"}],"curies":[{"name":"wp","href":"https:\/\/api.w.org\/{rel}","templated":true}]}}