{"id":36345,"date":"2022-12-22T09:49:08","date_gmt":"2022-12-22T08:49:08","guid":{"rendered":"https:\/\/poblenouurbandistrict.com\/?p=36345"},"modified":"2022-12-22T09:50:41","modified_gmt":"2022-12-22T08:50:41","slug":"loferta-gastronomica-nadalenca-al-districte-creatiu-2","status":"publish","type":"post","link":"https:\/\/poblenouurbandistrict.com\/es\/loferta-gastronomica-nadalenca-al-districte-creatiu-2\/","title":{"rendered":"La oferta Gastron\u00f3mica Navide\u00f1a en el Distrito Creativo"},"content":{"rendered":"<p>En \u00e9poca navide\u00f1a todo el mundo tiene ganas de compartir con los suyos. Uno de los platos fuertes, nunca mejor dicho, es la gastronom\u00eda y muchos de los espacios gastron\u00f3micos y de ocio de Poblenou Urban District tienen algo especial en sus cartas para d\u00edas especialmente se\u00f1alados como el d\u00eda de navidad o fin de a\u00f1o. Si durante estas fechas tienes opci\u00f3n de quedarte en el Distrito Creativo de Barcelona te damos motivos suficientes para compartir y disfrutar en compa\u00f1\u00eda.<\/p>\n<p>&nbsp;<\/p>\n<h3>Men\u00fa saludable y navide\u00f1o en\u00a0<em>Sopa Barcelona<\/em><\/h3>\n<p>Uno de los espacios especializados en cocina saludable vegana y vegetariana.<\/p>\n<p>Si os gusta la Navidad y cuid\u00e1is especialmente vuestra alimentaci\u00f3n, ten\u00e9is que ir al\u00a0<strong>Sopa Barcelona<\/strong>, ya que coincidiendo con estas fechas han preparado una serie de platos basados en la cocina tradicional navide\u00f1a catalana en versi\u00f3n vegana y\/o vegetariana. Uno de ellos es el <em>fricand\u00f3<\/em>\u00a0con setas, aparte de ser uno de los grandes cl\u00e1sicos de la cocina tradicional catalana, es un plato ideal para estas fiestas. En Sopa hacen una versi\u00f3n vegana con seit\u00e1n, tempeh o tofu, que est\u00e1 para chuparse los dedos.<\/p>\n<p><i>Direcci\u00f3n:\u00a0<\/i><b><i>Roc Boronat, 114<\/i><\/b><\/p>\n<p>&nbsp;<\/p>\n<h3><strong>Cena, m\u00fasica y fiesta<\/strong> en el Hilton Diagonal Mar Barcelona<\/h3>\n<p>Este a\u00f1o el\u00a0<strong>Hilton Diagonal Mar\u00a0<\/strong>celebrar\u00e1 el Fin de A\u00f1o con un paquete especial que incluye una cena con m\u00fasica en vivo, fiesta con bar abierto y DJ hasta las 2:00 pm y noche con desayuno, todo esto a partir de 399\u20ac. Tambi\u00e9n se podr\u00e1 reservar simplemente la cena y la fiesta con bar abierto y DJ.<\/p>\n<p><a href=\"https:\/\/poblenouurbandistrict.com\/wp-content\/uploads\/2022\/12\/NYE-CATALAN.pdf\" target=\"_blank\" rel=\"noopener\">El men\u00fa<\/a> se har\u00e1 en MA\u2019I, creado por el chef Artur Mart\u00ednez.<\/p>\n<p><i>Reservas:\u00a0<\/i><b><i>(+34) 93 507 00 94\u00a0<\/i><\/b><i>o por correo electr\u00f3nico:\u00a0<\/i><b><i>sara.soley@hilton.co<\/i><\/b><b><i>m<\/i><\/b><i>\u00a0<\/i><\/p>\n<p><em>Direcci\u00f3n:\u00a0<strong>Passeig del Taulat, 262-264<\/strong><\/em><\/p>\n<p>&nbsp;<\/p>\n<h3>El\u00a0<em>Catacroquet<\/em>\u00a0y sus platos especiales para Navidad<\/h3>\n<p>Para estas fechas navide\u00f1as, el restaurante\u00a0<strong>Catacroquet<\/strong>, especializado en hacer croquetas de todos los sabores imaginables, ofrece men\u00fas con platos especiales para celebrar las fechas se\u00f1aladas. Dentro de los\u00a0<strong>platos especiales navide\u00f1os<\/strong>\u00a0se pueden encontrar su bikini trufado de panceta ib\u00e9rica y queso de Tetilla o sus alb\u00f3ndigas de lechal y papada en salsa de foie.<\/p>\n<p>Adem\u00e1s, tienen como novedad la nueva croqueta de cal\u00e7ot con butifarra y salsa romesco y la croqueta de salm\u00f3n con queso mascarpone.<\/p>\n<p><em>Horario: Lunes-Viernes:\u00a0<strong>13:00-00:30\u00a0<\/strong><\/em><\/p>\n<p><em>Direcci\u00f3n:\u00a0<strong>C\/ dels Almog\u00e0vers, 211<\/strong><\/em><\/p>\n<p>&nbsp;<\/p>\n<h3>Pasteles de Pap\u00e1 Noel en\u00a0<em>Zanah Pasteles<\/em><\/h3>\n<p>Este a\u00f1o,\u00a0<strong>Zanah Pasteles<\/strong>, obrador de pasteler\u00eda artesanal y creativa, vuelve con los pasteles de Pap\u00e1 Noel m\u00e1s monos y dulces de Barcelona. En formatos para 8 o 12 personas pueden ser de dos sabores a elegir: Carrot Cake o Red Velvet. Los pedidos pueden ser realizados hasta el d\u00eda 22 de diciembre.<\/p>\n<p><em>Pedidos por whatsapp:\u00a0<strong>(+34) 935 111 622<\/strong><\/em><\/p>\n<p><em>Direcci\u00f3n:\u00a0<\/em><strong><em>Carrer de Pamplona, 47<\/em><\/strong><\/p>\n<p>&nbsp;<\/p>\n<h3>Men\u00fas festivos en el\u00a0<em>Novotel Barcelona City<\/em><\/h3>\n<p>El\u00a0<strong>Novotel Barcelona City<\/strong>\u00a0les propone men\u00fas especiales para grupos para todas las fechas se\u00f1aladas: 24 diciembre noche, 25 diciembre mediod\u00eda, 26 diciembre medio d\u00eda, 31 diciembre noche, 1 enero medio d\u00eda y 6 enero mediod\u00eda. Todos los men\u00fas tambi\u00e9n tienen opciones para los ni\u00f1os.<\/p>\n<p>La celebraci\u00f3n del Fin de A\u00f1o se har\u00e1 con un men\u00fa de gala con barra libre y discoteca.<\/p>\n<p>En el siguiente enlace pueden ver el men\u00fa detallado:\u00a0<a href=\"https:\/\/poblenouurbandistrict.com\/wp-content\/uploads\/2022\/12\/NOVOTEL_Menu-Navidad.pdf\" target=\"_blank\" rel=\"noopener\"><strong>Men\u00fas Novotel Barcelona City<\/strong><\/a><\/p>\n<p><em>Reservas:\u00a0<strong>(+34) 933 262 499<\/strong><\/em><\/p>\n<p><em>Direcci\u00f3n:\u00a0<\/em><strong><em>Avinguda Diagonal, 201<\/em><\/strong><\/p>\n<p><strong><em>\u00a0<\/em><\/strong><\/p>\n<h3>Brunch s\u00e9ptimo Cielo Especial Navidad y Talleres navide\u00f1os para ni\u00f1os y familias en\u00a0<em>Espai Granada<\/em><\/h3>\n<p>Para las fiestas navide\u00f1as,\u00a0<strong>Espai Granada<\/strong> presenta\u00a0<strong>S\u00e9ptimo Cielo edici\u00f3n Navidad<\/strong>, un aut\u00e9ntico\u00a0<em>Homemade Brunch<\/em>\u00a0con las mejores vistas de la ciudad.<\/p>\n<p>Proponen un brunch de mediod\u00eda para celebrar la Navidad en su terraza con las vistas m\u00e1s espectaculares del Poblenou, con una propuesta de men\u00fa navide\u00f1o.<\/p>\n<p>Tambi\u00e9n tienes los talleres gastron\u00f3micos y de decoraci\u00f3n para ni\u00f1os y familias. Taller de rosc\u00f3n de Reyes, de creaci\u00f3n y decoraci\u00f3n de Food Design o el Casal de reyes, \u00a1los ni\u00f1os est\u00e1n asegurados de pasar un buen momento con su familia!<\/p>\n<p><em>Reservas:\u00a0<\/em><strong><em><a href=\"https:\/\/www.espaigranada.com\/cursos-y-talleres-gastronomicos\">aqu\u00ed<\/a><\/em><\/strong><\/p>\n<p><em>Direcci\u00f3n:\u00a0<strong>Carrer de la Ciutat de Granada, 28B<\/strong><\/em><\/p>\n<p><strong><em>\u00a0<\/em><\/strong><\/p>\n<h3>Catas de cervezas en\u00a0<em>Garage Beer Co Poblenou<\/em><\/h3>\n<p>Este a\u00f1o,\u00a0<strong>Garage Beer Co Poblenou<\/strong>\u00a0propone catas para grupos (desde 10 personas), las cuales incluyen: 5 ca\u00f1as, pica pica y explicaci\u00f3n del proceso de elaboraci\u00f3n de la cerveza artesanal. Desde la historia de los estilos a catar, como catar, la explicaci\u00f3n de las notas de cada cerveza hasta la historia de Garage Beer Co, los participantes tendr\u00e1n un verdadero intercambio con el cervecero. Esta experiencia \u00fanica tiene un costo de 25\u20ac por persona, \u00a1una oportunidad que no se puede perder!<\/p>\n<p><em>Reservas:\u00a0<\/em><em><strong>info@garagebeer.co\u00a0<\/strong><\/em><em>o por instagram:\u00a0<\/em><em><strong>@garagepoblenou<\/strong><\/em><\/p>\n<p><em>Direcci\u00f3n:\u00a0<\/em><strong><em>Passeig de Calvell, 45<\/em><\/strong><\/p>\n<p>&nbsp;<\/p>\n<h3>The Hoxton, Poblenou presenta la Cava 54, la fiesta m\u00e1s exuberante para este fin de a\u00f1o en Barcelona<\/h3>\n<p><strong>The Hoxton, Poblenou<\/strong>\u00a0presenta la\u00a0<strong>Cava 54<\/strong>, la fiesta m\u00e1s gamberra y exuberante de Barcelona para celebrar el inicio de este inminente 2023. Inspirada en el m\u00edtico club Studio 54, el hotel propone sumergirse en la era dorada del disco desde primera hora y hasta bien entrado el a\u00f1o nuevo a trav\u00e9s de un conjunto de experiencias que trasladar\u00e1n a los visitantes al Nueva York m\u00e1s glamouroso y trash de finales de los \u201870, con un 20% de descuento en todas las entradas compradas antes del 25 de diciembre.<\/p>\n<p>&nbsp;<\/p>\n<h4>M\u00e1s info y reservas <strong><a href=\"https:\/\/poblenouurbandistrict.com\/es\/the-hoxton-poblenou-presenta-la-cava-54-la-festa-mes-exuberant-per-aquest-cap-dany-a-barcelona\/\" target=\"_blank\" rel=\"noopener\">aqu\u00ed<\/a><\/strong><\/h4>\n<p>&nbsp;<\/p>\n<p>&nbsp;<\/p>\n<p>&nbsp;<\/p>","protected":false},"excerpt":{"rendered":"<p>En \u00e9poca navide\u00f1a todo el mundo tiene ganas de compartir con los suyos. Uno de los platos fuertes, nunca mejor&#8230; <a href=\"https:\/\/poblenouurbandistrict.com\/es\/loferta-gastronomica-nadalenca-al-districte-creatiu-2\/\">M\u00e1s  \u2192<\/a><\/p>\n","protected":false},"author":5,"featured_media":36349,"comment_status":"closed","ping_status":"closed","sticky":false,"template":"","format":"standard","meta":{"_acf_changed":false,"footnotes":""},"categories":[1,3353],"tags":[],"class_list":["post-36345","post","type-post","status-publish","format-standard","has-post-thumbnail","hentry","category-noticias","category-gastronomia"],"acf":[],"yoast_head":"<!-- This site is optimized with the Yoast SEO plugin v27.4 - https:\/\/yoast.com\/product\/yoast-seo-wordpress\/ -->\n<title>La oferta Gastron\u00f3mica Navide\u00f1a en el Distrito Creativo &#8211; Poblenou Urban District<\/title>\n<meta name=\"robots\" content=\"index, follow, max-snippet:-1, max-image-preview:large, max-video-preview:-1\" \/>\n<link rel=\"canonical\" href=\"https:\/\/poblenouurbandistrict.com\/es\/loferta-gastronomica-nadalenca-al-districte-creatiu-2\/\" \/>\n<meta property=\"og:locale\" content=\"es_ES\" \/>\n<meta property=\"og:type\" content=\"article\" \/>\n<meta property=\"og:title\" content=\"La oferta Gastron\u00f3mica Navide\u00f1a en el Distrito Creativo &#8211; Poblenou Urban District\" \/>\n<meta property=\"og:description\" content=\"En \u00e9poca navide\u00f1a todo el mundo tiene ganas de compartir con los suyos. Uno de los platos fuertes, nunca mejor... M\u00e1s \u2192\" \/>\n<meta property=\"og:url\" content=\"https:\/\/poblenouurbandistrict.com\/es\/loferta-gastronomica-nadalenca-al-districte-creatiu-2\/\" \/>\n<meta property=\"og:site_name\" content=\"Poblenou Urban District\" \/>\n<meta property=\"article:published_time\" content=\"2022-12-22T08:49:08+00:00\" \/>\n<meta property=\"article:modified_time\" content=\"2022-12-22T08:50:41+00:00\" \/>\n<meta property=\"og:image\" content=\"https:\/\/poblenouurbandistrict.com\/wp-content\/uploads\/2022\/12\/jed-owen-egg6wcsjfte-unsplash-1100x732-1.jpg\" \/>\n\t<meta property=\"og:image:width\" content=\"1100\" \/>\n\t<meta property=\"og:image:height\" content=\"732\" \/>\n\t<meta property=\"og:image:type\" content=\"image\/jpeg\" \/>\n<meta name=\"author\" content=\"pnud\" \/>\n<meta name=\"twitter:card\" content=\"summary_large_image\" \/>\n<meta name=\"twitter:label1\" content=\"Escrito por\" \/>\n\t<meta name=\"twitter:data1\" content=\"pnud\" \/>\n\t<meta name=\"twitter:label2\" content=\"Tiempo de lectura\" \/>\n\t<meta name=\"twitter:data2\" content=\"5 minutos\" \/>\n<script type=\"application\/ld+json\" class=\"yoast-schema-graph\">{\"@context\":\"https:\\\/\\\/schema.org\",\"@graph\":[{\"@type\":\"Article\",\"@id\":\"https:\\\/\\\/poblenouurbandistrict.com\\\/loferta-gastronomica-nadalenca-al-districte-creatiu-2\\\/#article\",\"isPartOf\":{\"@id\":\"https:\\\/\\\/poblenouurbandistrict.com\\\/loferta-gastronomica-nadalenca-al-districte-creatiu-2\\\/\"},\"author\":{\"name\":\"pnud\",\"@id\":\"https:\\\/\\\/poblenouurbandistrict.com\\\/#\\\/schema\\\/person\\\/980a2cf34b399d5218205730acd54a7e\"},\"headline\":\"La oferta Gastron\u00f3mica Navide\u00f1a en el Distrito Creativo\",\"datePublished\":\"2022-12-22T08:49:08+00:00\",\"dateModified\":\"2022-12-22T08:50:41+00:00\",\"mainEntityOfPage\":{\"@id\":\"https:\\\/\\\/poblenouurbandistrict.com\\\/loferta-gastronomica-nadalenca-al-districte-creatiu-2\\\/\"},\"wordCount\":1805,\"image\":{\"@id\":\"https:\\\/\\\/poblenouurbandistrict.com\\\/loferta-gastronomica-nadalenca-al-districte-creatiu-2\\\/#primaryimage\"},\"thumbnailUrl\":\"https:\\\/\\\/media.poblenouurbandistrict.com\\\/2022\\\/12\\\/25055448\\\/jed-owen-egg6wcsjfte-unsplash-1100x732-1.jpg\",\"articleSection\":[\"Est\u00e1 pasando\",\"Gastronom\u00eda\"],\"inLanguage\":\"es\"},{\"@type\":\"WebPage\",\"@id\":\"https:\\\/\\\/poblenouurbandistrict.com\\\/es\\\/loferta-gastronomica-nadalenca-al-districte-creatiu-2\\\/\",\"url\":\"https:\\\/\\\/poblenouurbandistrict.com\\\/es\\\/loferta-gastronomica-nadalenca-al-districte-creatiu-2\\\/\",\"name\":\"La oferta Gastron\u00f3mica Navide\u00f1a en el Distrito Creativo &#8211; Poblenou Urban District\",\"isPartOf\":{\"@id\":\"https:\\\/\\\/poblenouurbandistrict.com\\\/es\\\/#website\"},\"primaryImageOfPage\":{\"@id\":\"https:\\\/\\\/poblenouurbandistrict.com\\\/es\\\/loferta-gastronomica-nadalenca-al-districte-creatiu-2\\\/#primaryimage\"},\"image\":{\"@id\":\"https:\\\/\\\/poblenouurbandistrict.com\\\/loferta-gastronomica-nadalenca-al-districte-creatiu-2\\\/#primaryimage\"},\"thumbnailUrl\":\"https:\\\/\\\/media.poblenouurbandistrict.com\\\/2022\\\/12\\\/25055448\\\/jed-owen-egg6wcsjfte-unsplash-1100x732-1.jpg\",\"datePublished\":\"2022-12-22T08:49:08+00:00\",\"dateModified\":\"2022-12-22T08:50:41+00:00\",\"author\":{\"@id\":\"https:\\\/\\\/poblenouurbandistrict.com\\\/#\\\/schema\\\/person\\\/980a2cf34b399d5218205730acd54a7e\"},\"breadcrumb\":{\"@id\":\"https:\\\/\\\/poblenouurbandistrict.com\\\/es\\\/loferta-gastronomica-nadalenca-al-districte-creatiu-2\\\/#breadcrumb\"},\"inLanguage\":\"es\",\"potentialAction\":[{\"@type\":\"ReadAction\",\"target\":[[\"https:\\\/\\\/poblenouurbandistrict.com\\\/es\\\/loferta-gastronomica-nadalenca-al-districte-creatiu-2\\\/\"]]}]},{\"@type\":\"ImageObject\",\"inLanguage\":\"es\",\"@id\":\"https:\\\/\\\/poblenouurbandistrict.com\\\/es\\\/loferta-gastronomica-nadalenca-al-districte-creatiu-2\\\/#primaryimage\",\"url\":\"https:\\\/\\\/media.poblenouurbandistrict.com\\\/2022\\\/12\\\/25055448\\\/jed-owen-egg6wcsjfte-unsplash-1100x732-1.jpg\",\"contentUrl\":\"https:\\\/\\\/media.poblenouurbandistrict.com\\\/2022\\\/12\\\/25055448\\\/jed-owen-egg6wcsjfte-unsplash-1100x732-1.jpg\",\"width\":1100,\"height\":732},{\"@type\":\"BreadcrumbList\",\"@id\":\"https:\\\/\\\/poblenouurbandistrict.com\\\/es\\\/loferta-gastronomica-nadalenca-al-districte-creatiu-2\\\/#breadcrumb\",\"itemListElement\":[{\"@type\":\"ListItem\",\"position\":1,\"name\":\"Home\",\"item\":\"https:\\\/\\\/poblenouurbandistrict.com\\\/es\\\/\"},{\"@type\":\"ListItem\",\"position\":2,\"name\":\"L&#8217;Oferta Gastron\u00f2mica Nadalenca al Districte Creatiu\"}]},{\"@type\":\"WebSite\",\"@id\":\"https:\\\/\\\/poblenouurbandistrict.com\\\/es\\\/#website\",\"url\":\"https:\\\/\\\/poblenouurbandistrict.com\\\/es\\\/\",\"name\":\"Poblenou Urban District\",\"description\":\"Comunidad Creativa\",\"potentialAction\":[{\"@type\":\"SearchAction\",\"target\":{\"@type\":\"EntryPoint\",\"urlTemplate\":\"https:\\\/\\\/poblenouurbandistrict.com\\\/es\\\/?s={search_term_string}\"},\"query-input\":{\"@type\":\"PropertyValueSpecification\",\"valueRequired\":true,\"valueName\":\"search_term_string\"}}],\"inLanguage\":\"es\"},{\"@type\":\"Person\",\"@id\":\"https:\\\/\\\/poblenouurbandistrict.com\\\/#\\\/schema\\\/person\\\/980a2cf34b399d5218205730acd54a7e\",\"name\":\"pnud\",\"image\":{\"@type\":\"ImageObject\",\"inLanguage\":\"es\",\"@id\":\"https:\\\/\\\/secure.gravatar.com\\\/avatar\\\/67146597b405ee077a24e519f75c3e2031736596d6ce35af3a34c122c93d0d7b?s=96&d=retro&r=g\",\"url\":\"https:\\\/\\\/secure.gravatar.com\\\/avatar\\\/67146597b405ee077a24e519f75c3e2031736596d6ce35af3a34c122c93d0d7b?s=96&d=retro&r=g\",\"contentUrl\":\"https:\\\/\\\/secure.gravatar.com\\\/avatar\\\/67146597b405ee077a24e519f75c3e2031736596d6ce35af3a34c122c93d0d7b?s=96&d=retro&r=g\",\"caption\":\"pnud\"}}]}<\/script>\n<!-- \/ Yoast SEO plugin. -->","yoast_head_json":{"title":"La oferta Gastron\u00f3mica Navide\u00f1a en el Distrito Creativo &#8211; Poblenou Urban District","robots":{"index":"index","follow":"follow","max-snippet":"max-snippet:-1","max-image-preview":"max-image-preview:large","max-video-preview":"max-video-preview:-1"},"canonical":"https:\/\/poblenouurbandistrict.com\/es\/loferta-gastronomica-nadalenca-al-districte-creatiu-2\/","og_locale":"es_ES","og_type":"article","og_title":"La oferta Gastron\u00f3mica Navide\u00f1a en el Distrito Creativo &#8211; Poblenou Urban District","og_description":"En \u00e9poca navide\u00f1a todo el mundo tiene ganas de compartir con los suyos. Uno de los platos fuertes, nunca mejor... M\u00e1s \u2192","og_url":"https:\/\/poblenouurbandistrict.com\/es\/loferta-gastronomica-nadalenca-al-districte-creatiu-2\/","og_site_name":"Poblenou Urban District","article_published_time":"2022-12-22T08:49:08+00:00","article_modified_time":"2022-12-22T08:50:41+00:00","og_image":[{"width":1100,"height":732,"url":"https:\/\/poblenouurbandistrict.com\/wp-content\/uploads\/2022\/12\/jed-owen-egg6wcsjfte-unsplash-1100x732-1.jpg","type":"image\/jpeg"}],"author":"pnud","twitter_card":"summary_large_image","twitter_misc":{"Escrito por":"pnud","Tiempo de lectura":"5 minutos"},"schema":{"@context":"https:\/\/schema.org","@graph":[{"@type":"Article","@id":"https:\/\/poblenouurbandistrict.com\/loferta-gastronomica-nadalenca-al-districte-creatiu-2\/#article","isPartOf":{"@id":"https:\/\/poblenouurbandistrict.com\/loferta-gastronomica-nadalenca-al-districte-creatiu-2\/"},"author":{"name":"pnud","@id":"https:\/\/poblenouurbandistrict.com\/#\/schema\/person\/980a2cf34b399d5218205730acd54a7e"},"headline":"La oferta Gastron\u00f3mica Navide\u00f1a en el Distrito Creativo","datePublished":"2022-12-22T08:49:08+00:00","dateModified":"2022-12-22T08:50:41+00:00","mainEntityOfPage":{"@id":"https:\/\/poblenouurbandistrict.com\/loferta-gastronomica-nadalenca-al-districte-creatiu-2\/"},"wordCount":1805,"image":{"@id":"https:\/\/poblenouurbandistrict.com\/loferta-gastronomica-nadalenca-al-districte-creatiu-2\/#primaryimage"},"thumbnailUrl":"https:\/\/media.poblenouurbandistrict.com\/2022\/12\/25055448\/jed-owen-egg6wcsjfte-unsplash-1100x732-1.jpg","articleSection":["Est\u00e1 pasando","Gastronom\u00eda"],"inLanguage":"es"},{"@type":"WebPage","@id":"https:\/\/poblenouurbandistrict.com\/es\/loferta-gastronomica-nadalenca-al-districte-creatiu-2\/","url":"https:\/\/poblenouurbandistrict.com\/es\/loferta-gastronomica-nadalenca-al-districte-creatiu-2\/","name":"La oferta Gastron\u00f3mica Navide\u00f1a en el Distrito Creativo &#8211; Poblenou Urban District","isPartOf":{"@id":"https:\/\/poblenouurbandistrict.com\/es\/#website"},"primaryImageOfPage":{"@id":"https:\/\/poblenouurbandistrict.com\/es\/loferta-gastronomica-nadalenca-al-districte-creatiu-2\/#primaryimage"},"image":{"@id":"https:\/\/poblenouurbandistrict.com\/loferta-gastronomica-nadalenca-al-districte-creatiu-2\/#primaryimage"},"thumbnailUrl":"https:\/\/media.poblenouurbandistrict.com\/2022\/12\/25055448\/jed-owen-egg6wcsjfte-unsplash-1100x732-1.jpg","datePublished":"2022-12-22T08:49:08+00:00","dateModified":"2022-12-22T08:50:41+00:00","author":{"@id":"https:\/\/poblenouurbandistrict.com\/#\/schema\/person\/980a2cf34b399d5218205730acd54a7e"},"breadcrumb":{"@id":"https:\/\/poblenouurbandistrict.com\/es\/loferta-gastronomica-nadalenca-al-districte-creatiu-2\/#breadcrumb"},"inLanguage":"es","potentialAction":[{"@type":"ReadAction","target":[["https:\/\/poblenouurbandistrict.com\/es\/loferta-gastronomica-nadalenca-al-districte-creatiu-2\/"]]}]},{"@type":"ImageObject","inLanguage":"es","@id":"https:\/\/poblenouurbandistrict.com\/es\/loferta-gastronomica-nadalenca-al-districte-creatiu-2\/#primaryimage","url":"https:\/\/media.poblenouurbandistrict.com\/2022\/12\/25055448\/jed-owen-egg6wcsjfte-unsplash-1100x732-1.jpg","contentUrl":"https:\/\/media.poblenouurbandistrict.com\/2022\/12\/25055448\/jed-owen-egg6wcsjfte-unsplash-1100x732-1.jpg","width":1100,"height":732},{"@type":"BreadcrumbList","@id":"https:\/\/poblenouurbandistrict.com\/es\/loferta-gastronomica-nadalenca-al-districte-creatiu-2\/#breadcrumb","itemListElement":[{"@type":"ListItem","position":1,"name":"Home","item":"https:\/\/poblenouurbandistrict.com\/es\/"},{"@type":"ListItem","position":2,"name":"L&#8217;Oferta Gastron\u00f2mica Nadalenca al Districte Creatiu"}]},{"@type":"WebSite","@id":"https:\/\/poblenouurbandistrict.com\/es\/#website","url":"https:\/\/poblenouurbandistrict.com\/es\/","name":"Poblenou Urban District","description":"Comunidad Creativa","potentialAction":[{"@type":"SearchAction","target":{"@type":"EntryPoint","urlTemplate":"https:\/\/poblenouurbandistrict.com\/es\/?s={search_term_string}"},"query-input":{"@type":"PropertyValueSpecification","valueRequired":true,"valueName":"search_term_string"}}],"inLanguage":"es"},{"@type":"Person","@id":"https:\/\/poblenouurbandistrict.com\/#\/schema\/person\/980a2cf34b399d5218205730acd54a7e","name":"pnud","image":{"@type":"ImageObject","inLanguage":"es","@id":"https:\/\/secure.gravatar.com\/avatar\/67146597b405ee077a24e519f75c3e2031736596d6ce35af3a34c122c93d0d7b?s=96&d=retro&r=g","url":"https:\/\/secure.gravatar.com\/avatar\/67146597b405ee077a24e519f75c3e2031736596d6ce35af3a34c122c93d0d7b?s=96&d=retro&r=g","contentUrl":"https:\/\/secure.gravatar.com\/avatar\/67146597b405ee077a24e519f75c3e2031736596d6ce35af3a34c122c93d0d7b?s=96&d=retro&r=g","caption":"pnud"}}]}},"_links":{"self":[{"href":"https:\/\/poblenouurbandistrict.com\/es\/wp-json\/wp\/v2\/posts\/36345","targetHints":{"allow":["GET"]}}],"collection":[{"href":"https:\/\/poblenouurbandistrict.com\/es\/wp-json\/wp\/v2\/posts"}],"about":[{"href":"https:\/\/poblenouurbandistrict.com\/es\/wp-json\/wp\/v2\/types\/post"}],"author":[{"embeddable":true,"href":"https:\/\/poblenouurbandistrict.com\/es\/wp-json\/wp\/v2\/users\/5"}],"replies":[{"embeddable":true,"href":"https:\/\/poblenouurbandistrict.com\/es\/wp-json\/wp\/v2\/comments?post=36345"}],"version-history":[{"count":8,"href":"https:\/\/poblenouurbandistrict.com\/es\/wp-json\/wp\/v2\/posts\/36345\/revisions"}],"predecessor-version":[{"id":36386,"href":"https:\/\/poblenouurbandistrict.com\/es\/wp-json\/wp\/v2\/posts\/36345\/revisions\/36386"}],"wp:featuredmedia":[{"embeddable":true,"href":"https:\/\/poblenouurbandistrict.com\/es\/wp-json\/wp\/v2\/media\/36349"}],"wp:attachment":[{"href":"https:\/\/poblenouurbandistrict.com\/es\/wp-json\/wp\/v2\/media?parent=36345"}],"wp:term":[{"taxonomy":"category","embeddable":true,"href":"https:\/\/poblenouurbandistrict.com\/es\/wp-json\/wp\/v2\/categories?post=36345"},{"taxonomy":"post_tag","embeddable":true,"href":"https:\/\/poblenouurbandistrict.com\/es\/wp-json\/wp\/v2\/tags?post=36345"}],"curies":[{"name":"wp","href":"https:\/\/api.w.org\/{rel}","templated":true}]}}